{"id":4214,"date":"2025-02-03T14:25:10","date_gmt":"2025-02-03T14:25:10","guid":{"rendered":"https:\/\/www.aridane.org\/city\/?p=4214"},"modified":"2025-02-03T14:25:10","modified_gmt":"2025-02-03T14:25:10","slug":"javier-llamas-coordina-con-la-guardia-civil-la-modernizacion-del-cuartel-de-los-llanos-de-aridane","status":"publish","type":"post","link":"https:\/\/www.aridane.org\/city\/2025\/02\/03\/javier-llamas-coordina-con-la-guardia-civil-la-modernizacion-del-cuartel-de-los-llanos-de-aridane\/","title":{"rendered":"Javier Llamas coordina con la Guardia Civil la modernizaci\u00f3n del cuartel de Los Llanos de Aridane"},"content":{"rendered":"<p><em>Se estudi\u00f3 la ampliaci\u00f3n del \u00e1rea de custodia de detenidos (ACUDE), la mejora de la sala VioG\u00e9n y la adecuaci\u00f3n general de las instalaciones del cuartel<\/em><!--more--><\/p>\n<div id=\"v1forwardbody1\">\n<p>El alcalde de Los Llanos de Aridane, Javier Llamas, mantuvo este mi\u00e9rcoles, 29 de enero, una reuni\u00f3n de trabajo con representantes de la Guardia Civil para abordar la mejora de las instalaciones del cuartel en el municipio. En el encuentro participaron el coronel jefe de la Guardia Civil, \u00c1ngel Sanz; el capit\u00e1n jefe del cuerpo en La Palma, \u00c1ngel Cervero; el teniente del cuartel de Los Llanos, Miguel Extremera; adem\u00e1s de los arquitectos del Ayuntamiento y de la Guardia Civil. Tambi\u00e9n estuvo presente el consejero de Infraestructuras y Seguridad y Emergencias del Cabildo de La Palma, Darwin Rodr\u00edguez, cuyo departamento financiar\u00e1 las obras.<\/p>\n<p>El objetivo principal de esta reuni\u00f3n fue impulsar la modernizaci\u00f3n de las infraestructuras del cuartel, con especial \u00e9nfasis en la ampliaci\u00f3n del \u00e1rea de custodia de detenidos (ACUDE), com\u00fanmente conocidos como \u2018calabozos\u2019. Aridane solo cuenta con una celda, lo que obliga en algunos casos a trasladar a los detenidos a Santa Cruz de La Palma generando un gasto de recursos y tiempo para los agentes. \u201cLa creaci\u00f3n de tres espacios en el \u00e1rea ACUDE permitir\u00e1 reducir estos desplazamientos y mejorar la eficiencia del servicio, permitiendo que m\u00e1s efectivos permanezcan en el municipio\u201d, asegur\u00f3 el alcalde.<\/p>\n<p>Asimismo, dentro de las mejoras previstas, se incluye la optimizaci\u00f3n de la sala VioG\u00e9n, destinada a la atenci\u00f3n de v\u00edctimas de violencia de g\u00e9nero, dot\u00e1ndola de un mejor acceso para garantizar mayor privacidad y seguridad. Tambi\u00e9n se contempla una mejora general de las instalaciones, con la adecuaci\u00f3n de espacios de almacenamiento y dependencias.<\/p>\n<p>El alcalde, Javier Llamas, destaca que este proyecto es un paso m\u00e1s en el compromiso del Ayuntamiento por mejorar la seguridad en el municipio. \u201cDesde el primer momento hemos trabajado en estrecha colaboraci\u00f3n con la Guardia Civil y el Cabildo para incrementar el n\u00famero de efectivos en Los Llanos de Aridane. Estas mejoras en el cuartel van en esa direcci\u00f3n, facilitando su labor y permitiendo que puedan ofrecer un mejor servicio a nuestros vecinos\u201d, sostiene.<\/p>\n<p>Por su parte, el consejero de Infraestructuras y Seguridad y Emergencias del Cabildo de La Palma, Darwin Rodr\u00edguez, resalta la importancia de esta inversi\u00f3n para mejorar las condiciones de trabajo de los agentes y garantizar un servicio m\u00e1s eficiente. \u201cDesde el Cabildo Insular estamos comprometidos con dotar a Los Llanos de Aridane de infraestructuras adecuadas para reforzar la seguridad ciudadana. La modernizaci\u00f3n del cuartel de la Guardia Civil es una necesidad, siendo especialmente prioritario implementar unos calabozos que permitan optimizar el trabajo del personal, y estamos trabajando para que estas mejoras sean una realidad lo antes posible\u201d, afirm\u00f3.<\/p>\n<p>El Ayuntamiento, de la mano con el Cabildo, reafirma as\u00ed su apuesta por dotar a las fuerzas de seguridad de los recursos necesarios para garantizar unas condiciones \u00f3ptimas en su desempe\u00f1o y reforzar la seguridad en Los Llanos de Aridane.<\/p>\n<\/div>\n","protected":false},"excerpt":{"rendered":"<p>Se estudi\u00f3 la ampliaci\u00f3n del \u00e1rea de custodia de detenidos (ACUDE), la mejora de la sala VioG\u00e9n y la adecuaci\u00f3n general de las instalaciones del cuartel<\/p>\n","protected":false},"author":4,"featured_media":4215,"comment_status":"open","ping_status":"open","sticky":false,"template":"","format":"standard","meta":{"footnotes":""},"categories":[1],"tags":[],"class_list":["post-4214","post","type-post","status-publish","format-standard","has-post-thumbnail","hentry","category-sin-categoria"],"yoast_head":"<!-- This site is optimized with the Yoast SEO plugin v22.7 - https:\/\/yoast.com\/wordpress\/plugins\/seo\/ -->\n<title>Javier Llamas coordina con la Guardia Civil la modernizaci\u00f3n del cuartel de Los Llanos de Aridane - Ayuntamiento de Los Llanos de Aridane<\/title>\n<meta name=\"robots\" content=\"index, follow, max-snippet:-1, max-image-preview:large, max-video-preview:-1\" \/>\n<link rel=\"canonical\" href=\"https:\/\/www.aridane.org\/city\/2025\/02\/03\/javier-llamas-coordina-con-la-guardia-civil-la-modernizacion-del-cuartel-de-los-llanos-de-aridane\/\" \/>\n<meta property=\"og:locale\" content=\"es_ES\" \/>\n<meta property=\"og:type\" content=\"article\" \/>\n<meta property=\"og:title\" content=\"Javier Llamas coordina con la Guardia Civil la modernizaci\u00f3n del cuartel de Los Llanos de Aridane - Ayuntamiento de Los Llanos de Aridane\" \/>\n<meta property=\"og:description\" content=\"Se estudi\u00f3 la ampliaci\u00f3n del \u00e1rea de custodia de detenidos (ACUDE), la mejora de la sala VioG\u00e9n y la adecuaci\u00f3n general de las instalaciones del cuartel\" \/>\n<meta property=\"og:url\" content=\"https:\/\/www.aridane.org\/city\/2025\/02\/03\/javier-llamas-coordina-con-la-guardia-civil-la-modernizacion-del-cuartel-de-los-llanos-de-aridane\/\" \/>\n<meta property=\"og:site_name\" content=\"Ayuntamiento de Los Llanos de Aridane\" \/>\n<meta property=\"article:published_time\" content=\"2025-02-03T14:25:10+00:00\" \/>\n<meta property=\"og:image\" content=\"https:\/\/www.aridane.org\/city\/wp-content\/uploads\/2025\/02\/Guardia-Civil-scaled.jpeg\" \/>\n\t<meta property=\"og:image:width\" content=\"2560\" \/>\n\t<meta property=\"og:image:height\" content=\"1920\" \/>\n\t<meta property=\"og:image:type\" content=\"image\/jpeg\" \/>\n<meta name=\"author\" content=\"Corresponsal\" \/>\n<meta name=\"twitter:card\" content=\"summary_large_image\" \/>\n<meta name=\"twitter:label1\" content=\"Escrito por\" \/>\n\t<meta name=\"twitter:data1\" content=\"Corresponsal\" \/>\n\t<meta name=\"twitter:label2\" content=\"Tiempo de lectura\" \/>\n\t<meta name=\"twitter:data2\" content=\"3 minutos\" \/>\n<script type=\"application\/ld+json\" class=\"yoast-schema-graph\">{\"@context\":\"https:\/\/schema.org\",\"@graph\":[{\"@type\":\"WebPage\",\"@id\":\"https:\/\/www.aridane.org\/city\/2025\/02\/03\/javier-llamas-coordina-con-la-guardia-civil-la-modernizacion-del-cuartel-de-los-llanos-de-aridane\/\",\"url\":\"https:\/\/www.aridane.org\/city\/2025\/02\/03\/javier-llamas-coordina-con-la-guardia-civil-la-modernizacion-del-cuartel-de-los-llanos-de-aridane\/\",\"name\":\"Javier Llamas coordina con la Guardia Civil la modernizaci\u00f3n del cuartel de Los Llanos de Aridane - Ayuntamiento de Los Llanos de Aridane\",\"isPartOf\":{\"@id\":\"https:\/\/www.aridane.org\/city\/#website\"},\"primaryImageOfPage\":{\"@id\":\"https:\/\/www.aridane.org\/city\/2025\/02\/03\/javier-llamas-coordina-con-la-guardia-civil-la-modernizacion-del-cuartel-de-los-llanos-de-aridane\/#primaryimage\"},\"image\":{\"@id\":\"https:\/\/www.aridane.org\/city\/2025\/02\/03\/javier-llamas-coordina-con-la-guardia-civil-la-modernizacion-del-cuartel-de-los-llanos-de-aridane\/#primaryimage\"},\"thumbnailUrl\":\"https:\/\/www.aridane.org\/city\/wp-content\/uploads\/2025\/02\/Guardia-Civil-scaled.jpeg\",\"datePublished\":\"2025-02-03T14:25:10+00:00\",\"dateModified\":\"2025-02-03T14:25:10+00:00\",\"author\":{\"@id\":\"https:\/\/www.aridane.org\/city\/#\/schema\/person\/89ebd376b223dc94cc1dbcf200c8e6da\"},\"breadcrumb\":{\"@id\":\"https:\/\/www.aridane.org\/city\/2025\/02\/03\/javier-llamas-coordina-con-la-guardia-civil-la-modernizacion-del-cuartel-de-los-llanos-de-aridane\/#breadcrumb\"},\"inLanguage\":\"es\",\"potentialAction\":[{\"@type\":\"ReadAction\",\"target\":[\"https:\/\/www.aridane.org\/city\/2025\/02\/03\/javier-llamas-coordina-con-la-guardia-civil-la-modernizacion-del-cuartel-de-los-llanos-de-aridane\/\"]}]},{\"@type\":\"ImageObject\",\"inLanguage\":\"es\",\"@id\":\"https:\/\/www.aridane.org\/city\/2025\/02\/03\/javier-llamas-coordina-con-la-guardia-civil-la-modernizacion-del-cuartel-de-los-llanos-de-aridane\/#primaryimage\",\"url\":\"https:\/\/www.aridane.org\/city\/wp-content\/uploads\/2025\/02\/Guardia-Civil-scaled.jpeg\",\"contentUrl\":\"https:\/\/www.aridane.org\/city\/wp-content\/uploads\/2025\/02\/Guardia-Civil-scaled.jpeg\",\"width\":2560,\"height\":1920},{\"@type\":\"BreadcrumbList\",\"@id\":\"https:\/\/www.aridane.org\/city\/2025\/02\/03\/javier-llamas-coordina-con-la-guardia-civil-la-modernizacion-del-cuartel-de-los-llanos-de-aridane\/#breadcrumb\",\"itemListElement\":[{\"@type\":\"ListItem\",\"position\":1,\"name\":\"Portada\",\"item\":\"https:\/\/www.aridane.org\/city\/\"},{\"@type\":\"ListItem\",\"position\":2,\"name\":\"Javier Llamas coordina con la Guardia Civil la modernizaci\u00f3n del cuartel de Los Llanos de Aridane\"}]},{\"@type\":\"WebSite\",\"@id\":\"https:\/\/www.aridane.org\/city\/#website\",\"url\":\"https:\/\/www.aridane.org\/city\/\",\"name\":\"Ayuntamiento de Los Llanos de Aridane\",\"description\":\"\",\"potentialAction\":[{\"@type\":\"SearchAction\",\"target\":{\"@type\":\"EntryPoint\",\"urlTemplate\":\"https:\/\/www.aridane.org\/city\/?s={search_term_string}\"},\"query-input\":\"required name=search_term_string\"}],\"inLanguage\":\"es\"},{\"@type\":\"Person\",\"@id\":\"https:\/\/www.aridane.org\/city\/#\/schema\/person\/89ebd376b223dc94cc1dbcf200c8e6da\",\"name\":\"Corresponsal\",\"image\":{\"@type\":\"ImageObject\",\"inLanguage\":\"es\",\"@id\":\"https:\/\/www.aridane.org\/city\/#\/schema\/person\/image\/\",\"url\":\"https:\/\/secure.gravatar.com\/avatar\/1c476992411e4ccf153da63b2b2f5ea0bb4cb1c85f3ceab8512f04325ad5579c?s=96&d=mm&r=g\",\"contentUrl\":\"https:\/\/secure.gravatar.com\/avatar\/1c476992411e4ccf153da63b2b2f5ea0bb4cb1c85f3ceab8512f04325ad5579c?s=96&d=mm&r=g\",\"caption\":\"Corresponsal\"},\"url\":\"https:\/\/www.aridane.org\/city\/author\/corresponsal\/\"}]}<\/script>\n<!-- \/ Yoast SEO plugin. -->","yoast_head_json":{"title":"Javier Llamas coordina con la Guardia Civil la modernizaci\u00f3n del cuartel de Los Llanos de Aridane - Ayuntamiento de Los Llanos de Aridane","robots":{"index":"index","follow":"follow","max-snippet":"max-snippet:-1","max-image-preview":"max-image-preview:large","max-video-preview":"max-video-preview:-1"},"canonical":"https:\/\/www.aridane.org\/city\/2025\/02\/03\/javier-llamas-coordina-con-la-guardia-civil-la-modernizacion-del-cuartel-de-los-llanos-de-aridane\/","og_locale":"es_ES","og_type":"article","og_title":"Javier Llamas coordina con la Guardia Civil la modernizaci\u00f3n del cuartel de Los Llanos de Aridane - Ayuntamiento de Los Llanos de Aridane","og_description":"Se estudi\u00f3 la ampliaci\u00f3n del \u00e1rea de custodia de detenidos (ACUDE), la mejora de la sala VioG\u00e9n y la adecuaci\u00f3n general de las instalaciones del cuartel","og_url":"https:\/\/www.aridane.org\/city\/2025\/02\/03\/javier-llamas-coordina-con-la-guardia-civil-la-modernizacion-del-cuartel-de-los-llanos-de-aridane\/","og_site_name":"Ayuntamiento de Los Llanos de Aridane","article_published_time":"2025-02-03T14:25:10+00:00","og_image":[{"width":2560,"height":1920,"url":"https:\/\/www.aridane.org\/city\/wp-content\/uploads\/2025\/02\/Guardia-Civil-scaled.jpeg","type":"image\/jpeg"}],"author":"Corresponsal","twitter_card":"summary_large_image","twitter_misc":{"Escrito por":"Corresponsal","Tiempo de lectura":"3 minutos"},"schema":{"@context":"https:\/\/schema.org","@graph":[{"@type":"WebPage","@id":"https:\/\/www.aridane.org\/city\/2025\/02\/03\/javier-llamas-coordina-con-la-guardia-civil-la-modernizacion-del-cuartel-de-los-llanos-de-aridane\/","url":"https:\/\/www.aridane.org\/city\/2025\/02\/03\/javier-llamas-coordina-con-la-guardia-civil-la-modernizacion-del-cuartel-de-los-llanos-de-aridane\/","name":"Javier Llamas coordina con la Guardia Civil la modernizaci\u00f3n del cuartel de Los Llanos de Aridane - Ayuntamiento de Los Llanos de Aridane","isPartOf":{"@id":"https:\/\/www.aridane.org\/city\/#website"},"primaryImageOfPage":{"@id":"https:\/\/www.aridane.org\/city\/2025\/02\/03\/javier-llamas-coordina-con-la-guardia-civil-la-modernizacion-del-cuartel-de-los-llanos-de-aridane\/#primaryimage"},"image":{"@id":"https:\/\/www.aridane.org\/city\/2025\/02\/03\/javier-llamas-coordina-con-la-guardia-civil-la-modernizacion-del-cuartel-de-los-llanos-de-aridane\/#primaryimage"},"thumbnailUrl":"https:\/\/www.aridane.org\/city\/wp-content\/uploads\/2025\/02\/Guardia-Civil-scaled.jpeg","datePublished":"2025-02-03T14:25:10+00:00","dateModified":"2025-02-03T14:25:10+00:00","author":{"@id":"https:\/\/www.aridane.org\/city\/#\/schema\/person\/89ebd376b223dc94cc1dbcf200c8e6da"},"breadcrumb":{"@id":"https:\/\/www.aridane.org\/city\/2025\/02\/03\/javier-llamas-coordina-con-la-guardia-civil-la-modernizacion-del-cuartel-de-los-llanos-de-aridane\/#breadcrumb"},"inLanguage":"es","potentialAction":[{"@type":"ReadAction","target":["https:\/\/www.aridane.org\/city\/2025\/02\/03\/javier-llamas-coordina-con-la-guardia-civil-la-modernizacion-del-cuartel-de-los-llanos-de-aridane\/"]}]},{"@type":"ImageObject","inLanguage":"es","@id":"https:\/\/www.aridane.org\/city\/2025\/02\/03\/javier-llamas-coordina-con-la-guardia-civil-la-modernizacion-del-cuartel-de-los-llanos-de-aridane\/#primaryimage","url":"https:\/\/www.aridane.org\/city\/wp-content\/uploads\/2025\/02\/Guardia-Civil-scaled.jpeg","contentUrl":"https:\/\/www.aridane.org\/city\/wp-content\/uploads\/2025\/02\/Guardia-Civil-scaled.jpeg","width":2560,"height":1920},{"@type":"BreadcrumbList","@id":"https:\/\/www.aridane.org\/city\/2025\/02\/03\/javier-llamas-coordina-con-la-guardia-civil-la-modernizacion-del-cuartel-de-los-llanos-de-aridane\/#breadcrumb","itemListElement":[{"@type":"ListItem","position":1,"name":"Portada","item":"https:\/\/www.aridane.org\/city\/"},{"@type":"ListItem","position":2,"name":"Javier Llamas coordina con la Guardia Civil la modernizaci\u00f3n del cuartel de Los Llanos de Aridane"}]},{"@type":"WebSite","@id":"https:\/\/www.aridane.org\/city\/#website","url":"https:\/\/www.aridane.org\/city\/","name":"Ayuntamiento de Los Llanos de Aridane","description":"","potentialAction":[{"@type":"SearchAction","target":{"@type":"EntryPoint","urlTemplate":"https:\/\/www.aridane.org\/city\/?s={search_term_string}"},"query-input":"required name=search_term_string"}],"inLanguage":"es"},{"@type":"Person","@id":"https:\/\/www.aridane.org\/city\/#\/schema\/person\/89ebd376b223dc94cc1dbcf200c8e6da","name":"Corresponsal","image":{"@type":"ImageObject","inLanguage":"es","@id":"https:\/\/www.aridane.org\/city\/#\/schema\/person\/image\/","url":"https:\/\/secure.gravatar.com\/avatar\/1c476992411e4ccf153da63b2b2f5ea0bb4cb1c85f3ceab8512f04325ad5579c?s=96&d=mm&r=g","contentUrl":"https:\/\/secure.gravatar.com\/avatar\/1c476992411e4ccf153da63b2b2f5ea0bb4cb1c85f3ceab8512f04325ad5579c?s=96&d=mm&r=g","caption":"Corresponsal"},"url":"https:\/\/www.aridane.org\/city\/author\/corresponsal\/"}]}},"_links":{"self":[{"href":"https:\/\/www.aridane.org\/city\/wp-json\/wp\/v2\/posts\/4214","targetHints":{"allow":["GET"]}}],"collection":[{"href":"https:\/\/www.aridane.org\/city\/wp-json\/wp\/v2\/posts"}],"about":[{"href":"https:\/\/www.aridane.org\/city\/wp-json\/wp\/v2\/types\/post"}],"author":[{"embeddable":true,"href":"https:\/\/www.aridane.org\/city\/wp-json\/wp\/v2\/users\/4"}],"replies":[{"embeddable":true,"href":"https:\/\/www.aridane.org\/city\/wp-json\/wp\/v2\/comments?post=4214"}],"version-history":[{"count":1,"href":"https:\/\/www.aridane.org\/city\/wp-json\/wp\/v2\/posts\/4214\/revisions"}],"predecessor-version":[{"id":4216,"href":"https:\/\/www.aridane.org\/city\/wp-json\/wp\/v2\/posts\/4214\/revisions\/4216"}],"wp:featuredmedia":[{"embeddable":true,"href":"https:\/\/www.aridane.org\/city\/wp-json\/wp\/v2\/media\/4215"}],"wp:attachment":[{"href":"https:\/\/www.aridane.org\/city\/wp-json\/wp\/v2\/media?parent=4214"}],"wp:term":[{"taxonomy":"category","embeddable":true,"href":"https:\/\/www.aridane.org\/city\/wp-json\/wp\/v2\/categories?post=4214"},{"taxonomy":"post_tag","embeddable":true,"href":"https:\/\/www.aridane.org\/city\/wp-json\/wp\/v2\/tags?post=4214"}],"curies":[{"name":"wp","href":"https:\/\/api.w.org\/{rel}","templated":true}]}}