{"id":4217,"date":"2025-02-03T14:25:51","date_gmt":"2025-02-03T14:25:51","guid":{"rendered":"https:\/\/www.aridane.org\/city\/?p=4217"},"modified":"2025-02-03T14:25:51","modified_gmt":"2025-02-03T14:25:51","slug":"el-crosstraining-regresa-a-los-llanos-de-aridane-con-una-segunda-edicion-de-la-batalla-de-acero","status":"publish","type":"post","link":"https:\/\/www.aridane.org\/city\/2025\/02\/03\/el-crosstraining-regresa-a-los-llanos-de-aridane-con-una-segunda-edicion-de-la-batalla-de-acero\/","title":{"rendered":"El crosstraining regresa a Los Llanos de Aridane con una segunda edici\u00f3n de La Batalla de Acer\u00f3"},"content":{"rendered":"<p><em>Las inscripciones para esta segunda edici\u00f3n ya est\u00e1n abiertas<\/em><!--more--><\/p>\n<div id=\"v1forwardbody1\">\n<p>El Ayuntamiento de Los Llanos de Aridane se prepara para acoger la segunda edici\u00f3n de La Batalla de Acer\u00f3, que tendr\u00e1 lugar el pr\u00f3ximo 28 de junio.<\/p>\n<p>Tras el \u00e9xito de la primera edici\u00f3n, celebrada en noviembre pasado, la competici\u00f3n y el crosstraining se han consolidado como referentes en La Palma. Por ello, el Ayuntamiento contin\u00faa apostando por esta disciplina, que no solo moviliza a la comunidad local de deportistas, sino que tambi\u00e9n atrae a atletas de distintos rincones de Canarias.<\/p>\n<p>El teniente de alcalde y concejal de Deportes, V\u00edctor Gonz\u00e1lez, destaca la importancia de seguir promoviendo eventos que generen comunidad, fomenten los valores del deporte y dinamicen la econom\u00eda local.<\/p>\n<p>\u00abLa Batalla de Acer\u00f3 es un ejemplo de c\u00f3mo el deporte act\u00faa como motor de desarrollo para nuestro municipio\u00bb, se\u00f1ala. \u00abEstamos convencidos de que esta edici\u00f3n superar\u00e1 las expectativas y continuaremos trabajando para consolidar a\u00fan m\u00e1s a Los Llanos de Aridane como referente en la organizaci\u00f3n de eventos deportivos\u00bb, a\u00f1ade el concejal.<\/p>\n<p>En este sentido, el alcalde Javier Llamas conf\u00eda en que esta edici\u00f3n ser\u00e1 un nuevo \u00e9xito, tanto a nivel deportivo como en la dinamizaci\u00f3n econ\u00f3mica y social del municipio.<\/p>\n<p>\u00abEste tipo de eventos no solo llenan nuestras calles de vida, sino que tambi\u00e9n benefician a los comercios locales y al sector tur\u00edstico, al atraer atletas y visitantes que se alojan en nuestra isla. Tambi\u00e9n quiero resaltar el esfuerzo realizado por los organizadores de La Batalla de Acer\u00f3 para poner en valor nuestra cultura y nuestra historia benahoarita en cada prueba\u00bb, agrega el alcalde.<\/p>\n<p>El evento, que se celebrar\u00e1 el pr\u00f3ximo 28 de junio, tiene como objetivo seguir promoviendo la actividad deportiva y generar un impacto positivo en el municipio. Adem\u00e1s de desafiar a los deportistas con sus exigentes pruebas, cada edici\u00f3n hace menci\u00f3n a un acontecimiento relevante de la historia canaria.<\/p>\n<p>Las inscripciones, abiertas desde el 1 de febrero, cuentan con un total de 42 plazas distribuidas en las categor\u00edas RX, Intermedio, M\u00e1ster y Scaled.<\/p>\n<p>Con esta segunda edici\u00f3n de La Batalla de Acer\u00f3, el Ayuntamiento de Los Llanos de Aridane reafirma su compromiso con la promoci\u00f3n del deporte como herramienta de cohesi\u00f3n social y desarrollo econ\u00f3mico.<\/p>\n<\/div>\n","protected":false},"excerpt":{"rendered":"<p>Las inscripciones para esta segunda edici\u00f3n ya est\u00e1n abiertas<\/p>\n","protected":false},"author":4,"featured_media":4218,"comment_status":"open","ping_status":"open","sticky":false,"template":"","format":"standard","meta":{"footnotes":""},"categories":[1],"tags":[],"class_list":["post-4217","post","type-post","status-publish","format-standard","has-post-thumbnail","hentry","category-sin-categoria"],"yoast_head":"<!-- This site is optimized with the Yoast SEO plugin v22.7 - https:\/\/yoast.com\/wordpress\/plugins\/seo\/ -->\n<title>El crosstraining regresa a Los Llanos de Aridane con una segunda edici\u00f3n de La Batalla de Acer\u00f3 - Ayuntamiento de Los Llanos de Aridane<\/title>\n<meta name=\"robots\" content=\"index, follow, max-snippet:-1, max-image-preview:large, max-video-preview:-1\" \/>\n<link rel=\"canonical\" href=\"https:\/\/www.aridane.org\/city\/2025\/02\/03\/el-crosstraining-regresa-a-los-llanos-de-aridane-con-una-segunda-edicion-de-la-batalla-de-acero\/\" \/>\n<meta property=\"og:locale\" content=\"es_ES\" \/>\n<meta property=\"og:type\" content=\"article\" \/>\n<meta property=\"og:title\" content=\"El crosstraining regresa a Los Llanos de Aridane con una segunda edici\u00f3n de La Batalla de Acer\u00f3 - Ayuntamiento de Los Llanos de Aridane\" \/>\n<meta property=\"og:description\" content=\"Las inscripciones para esta segunda edici\u00f3n ya est\u00e1n abiertas\" \/>\n<meta property=\"og:url\" content=\"https:\/\/www.aridane.org\/city\/2025\/02\/03\/el-crosstraining-regresa-a-los-llanos-de-aridane-con-una-segunda-edicion-de-la-batalla-de-acero\/\" \/>\n<meta property=\"og:site_name\" content=\"Ayuntamiento de Los Llanos de Aridane\" \/>\n<meta property=\"article:published_time\" content=\"2025-02-03T14:25:51+00:00\" \/>\n<meta property=\"og:image\" content=\"https:\/\/www.aridane.org\/city\/wp-content\/uploads\/2025\/02\/La-Batalla-de-Acero-OK.jpeg\" \/>\n\t<meta property=\"og:image:width\" content=\"1080\" \/>\n\t<meta property=\"og:image:height\" content=\"881\" \/>\n\t<meta property=\"og:image:type\" content=\"image\/jpeg\" \/>\n<meta name=\"author\" content=\"Corresponsal\" \/>\n<meta name=\"twitter:card\" content=\"summary_large_image\" \/>\n<meta name=\"twitter:label1\" content=\"Escrito por\" \/>\n\t<meta name=\"twitter:data1\" content=\"Corresponsal\" \/>\n\t<meta name=\"twitter:label2\" content=\"Tiempo de lectura\" \/>\n\t<meta name=\"twitter:data2\" content=\"2 minutos\" \/>\n<script type=\"application\/ld+json\" class=\"yoast-schema-graph\">{\"@context\":\"https:\/\/schema.org\",\"@graph\":[{\"@type\":\"WebPage\",\"@id\":\"https:\/\/www.aridane.org\/city\/2025\/02\/03\/el-crosstraining-regresa-a-los-llanos-de-aridane-con-una-segunda-edicion-de-la-batalla-de-acero\/\",\"url\":\"https:\/\/www.aridane.org\/city\/2025\/02\/03\/el-crosstraining-regresa-a-los-llanos-de-aridane-con-una-segunda-edicion-de-la-batalla-de-acero\/\",\"name\":\"El crosstraining regresa a Los Llanos de Aridane con una segunda edici\u00f3n de La Batalla de Acer\u00f3 - Ayuntamiento de Los Llanos de Aridane\",\"isPartOf\":{\"@id\":\"https:\/\/www.aridane.org\/city\/#website\"},\"primaryImageOfPage\":{\"@id\":\"https:\/\/www.aridane.org\/city\/2025\/02\/03\/el-crosstraining-regresa-a-los-llanos-de-aridane-con-una-segunda-edicion-de-la-batalla-de-acero\/#primaryimage\"},\"image\":{\"@id\":\"https:\/\/www.aridane.org\/city\/2025\/02\/03\/el-crosstraining-regresa-a-los-llanos-de-aridane-con-una-segunda-edicion-de-la-batalla-de-acero\/#primaryimage\"},\"thumbnailUrl\":\"https:\/\/www.aridane.org\/city\/wp-content\/uploads\/2025\/02\/La-Batalla-de-Acero-OK.jpeg\",\"datePublished\":\"2025-02-03T14:25:51+00:00\",\"dateModified\":\"2025-02-03T14:25:51+00:00\",\"author\":{\"@id\":\"https:\/\/www.aridane.org\/city\/#\/schema\/person\/89ebd376b223dc94cc1dbcf200c8e6da\"},\"breadcrumb\":{\"@id\":\"https:\/\/www.aridane.org\/city\/2025\/02\/03\/el-crosstraining-regresa-a-los-llanos-de-aridane-con-una-segunda-edicion-de-la-batalla-de-acero\/#breadcrumb\"},\"inLanguage\":\"es\",\"potentialAction\":[{\"@type\":\"ReadAction\",\"target\":[\"https:\/\/www.aridane.org\/city\/2025\/02\/03\/el-crosstraining-regresa-a-los-llanos-de-aridane-con-una-segunda-edicion-de-la-batalla-de-acero\/\"]}]},{\"@type\":\"ImageObject\",\"inLanguage\":\"es\",\"@id\":\"https:\/\/www.aridane.org\/city\/2025\/02\/03\/el-crosstraining-regresa-a-los-llanos-de-aridane-con-una-segunda-edicion-de-la-batalla-de-acero\/#primaryimage\",\"url\":\"https:\/\/www.aridane.org\/city\/wp-content\/uploads\/2025\/02\/La-Batalla-de-Acero-OK.jpeg\",\"contentUrl\":\"https:\/\/www.aridane.org\/city\/wp-content\/uploads\/2025\/02\/La-Batalla-de-Acero-OK.jpeg\",\"width\":1080,\"height\":881},{\"@type\":\"BreadcrumbList\",\"@id\":\"https:\/\/www.aridane.org\/city\/2025\/02\/03\/el-crosstraining-regresa-a-los-llanos-de-aridane-con-una-segunda-edicion-de-la-batalla-de-acero\/#breadcrumb\",\"itemListElement\":[{\"@type\":\"ListItem\",\"position\":1,\"name\":\"Portada\",\"item\":\"https:\/\/www.aridane.org\/city\/\"},{\"@type\":\"ListItem\",\"position\":2,\"name\":\"El crosstraining regresa a Los Llanos de Aridane con una segunda edici\u00f3n de La Batalla de Acer\u00f3\"}]},{\"@type\":\"WebSite\",\"@id\":\"https:\/\/www.aridane.org\/city\/#website\",\"url\":\"https:\/\/www.aridane.org\/city\/\",\"name\":\"Ayuntamiento de Los Llanos de Aridane\",\"description\":\"\",\"potentialAction\":[{\"@type\":\"SearchAction\",\"target\":{\"@type\":\"EntryPoint\",\"urlTemplate\":\"https:\/\/www.aridane.org\/city\/?s={search_term_string}\"},\"query-input\":\"required name=search_term_string\"}],\"inLanguage\":\"es\"},{\"@type\":\"Person\",\"@id\":\"https:\/\/www.aridane.org\/city\/#\/schema\/person\/89ebd376b223dc94cc1dbcf200c8e6da\",\"name\":\"Corresponsal\",\"image\":{\"@type\":\"ImageObject\",\"inLanguage\":\"es\",\"@id\":\"https:\/\/www.aridane.org\/city\/#\/schema\/person\/image\/\",\"url\":\"https:\/\/secure.gravatar.com\/avatar\/1c476992411e4ccf153da63b2b2f5ea0bb4cb1c85f3ceab8512f04325ad5579c?s=96&d=mm&r=g\",\"contentUrl\":\"https:\/\/secure.gravatar.com\/avatar\/1c476992411e4ccf153da63b2b2f5ea0bb4cb1c85f3ceab8512f04325ad5579c?s=96&d=mm&r=g\",\"caption\":\"Corresponsal\"},\"url\":\"https:\/\/www.aridane.org\/city\/author\/corresponsal\/\"}]}<\/script>\n<!-- \/ Yoast SEO plugin. -->","yoast_head_json":{"title":"El crosstraining regresa a Los Llanos de Aridane con una segunda edici\u00f3n de La Batalla de Acer\u00f3 - Ayuntamiento de Los Llanos de Aridane","robots":{"index":"index","follow":"follow","max-snippet":"max-snippet:-1","max-image-preview":"max-image-preview:large","max-video-preview":"max-video-preview:-1"},"canonical":"https:\/\/www.aridane.org\/city\/2025\/02\/03\/el-crosstraining-regresa-a-los-llanos-de-aridane-con-una-segunda-edicion-de-la-batalla-de-acero\/","og_locale":"es_ES","og_type":"article","og_title":"El crosstraining regresa a Los Llanos de Aridane con una segunda edici\u00f3n de La Batalla de Acer\u00f3 - Ayuntamiento de Los Llanos de Aridane","og_description":"Las inscripciones para esta segunda edici\u00f3n ya est\u00e1n abiertas","og_url":"https:\/\/www.aridane.org\/city\/2025\/02\/03\/el-crosstraining-regresa-a-los-llanos-de-aridane-con-una-segunda-edicion-de-la-batalla-de-acero\/","og_site_name":"Ayuntamiento de Los Llanos de Aridane","article_published_time":"2025-02-03T14:25:51+00:00","og_image":[{"width":1080,"height":881,"url":"https:\/\/www.aridane.org\/city\/wp-content\/uploads\/2025\/02\/La-Batalla-de-Acero-OK.jpeg","type":"image\/jpeg"}],"author":"Corresponsal","twitter_card":"summary_large_image","twitter_misc":{"Escrito por":"Corresponsal","Tiempo de lectura":"2 minutos"},"schema":{"@context":"https:\/\/schema.org","@graph":[{"@type":"WebPage","@id":"https:\/\/www.aridane.org\/city\/2025\/02\/03\/el-crosstraining-regresa-a-los-llanos-de-aridane-con-una-segunda-edicion-de-la-batalla-de-acero\/","url":"https:\/\/www.aridane.org\/city\/2025\/02\/03\/el-crosstraining-regresa-a-los-llanos-de-aridane-con-una-segunda-edicion-de-la-batalla-de-acero\/","name":"El crosstraining regresa a Los Llanos de Aridane con una segunda edici\u00f3n de La Batalla de Acer\u00f3 - Ayuntamiento de Los Llanos de Aridane","isPartOf":{"@id":"https:\/\/www.aridane.org\/city\/#website"},"primaryImageOfPage":{"@id":"https:\/\/www.aridane.org\/city\/2025\/02\/03\/el-crosstraining-regresa-a-los-llanos-de-aridane-con-una-segunda-edicion-de-la-batalla-de-acero\/#primaryimage"},"image":{"@id":"https:\/\/www.aridane.org\/city\/2025\/02\/03\/el-crosstraining-regresa-a-los-llanos-de-aridane-con-una-segunda-edicion-de-la-batalla-de-acero\/#primaryimage"},"thumbnailUrl":"https:\/\/www.aridane.org\/city\/wp-content\/uploads\/2025\/02\/La-Batalla-de-Acero-OK.jpeg","datePublished":"2025-02-03T14:25:51+00:00","dateModified":"2025-02-03T14:25:51+00:00","author":{"@id":"https:\/\/www.aridane.org\/city\/#\/schema\/person\/89ebd376b223dc94cc1dbcf200c8e6da"},"breadcrumb":{"@id":"https:\/\/www.aridane.org\/city\/2025\/02\/03\/el-crosstraining-regresa-a-los-llanos-de-aridane-con-una-segunda-edicion-de-la-batalla-de-acero\/#breadcrumb"},"inLanguage":"es","potentialAction":[{"@type":"ReadAction","target":["https:\/\/www.aridane.org\/city\/2025\/02\/03\/el-crosstraining-regresa-a-los-llanos-de-aridane-con-una-segunda-edicion-de-la-batalla-de-acero\/"]}]},{"@type":"ImageObject","inLanguage":"es","@id":"https:\/\/www.aridane.org\/city\/2025\/02\/03\/el-crosstraining-regresa-a-los-llanos-de-aridane-con-una-segunda-edicion-de-la-batalla-de-acero\/#primaryimage","url":"https:\/\/www.aridane.org\/city\/wp-content\/uploads\/2025\/02\/La-Batalla-de-Acero-OK.jpeg","contentUrl":"https:\/\/www.aridane.org\/city\/wp-content\/uploads\/2025\/02\/La-Batalla-de-Acero-OK.jpeg","width":1080,"height":881},{"@type":"BreadcrumbList","@id":"https:\/\/www.aridane.org\/city\/2025\/02\/03\/el-crosstraining-regresa-a-los-llanos-de-aridane-con-una-segunda-edicion-de-la-batalla-de-acero\/#breadcrumb","itemListElement":[{"@type":"ListItem","position":1,"name":"Portada","item":"https:\/\/www.aridane.org\/city\/"},{"@type":"ListItem","position":2,"name":"El crosstraining regresa a Los Llanos de Aridane con una segunda edici\u00f3n de La Batalla de Acer\u00f3"}]},{"@type":"WebSite","@id":"https:\/\/www.aridane.org\/city\/#website","url":"https:\/\/www.aridane.org\/city\/","name":"Ayuntamiento de Los Llanos de Aridane","description":"","potentialAction":[{"@type":"SearchAction","target":{"@type":"EntryPoint","urlTemplate":"https:\/\/www.aridane.org\/city\/?s={search_term_string}"},"query-input":"required name=search_term_string"}],"inLanguage":"es"},{"@type":"Person","@id":"https:\/\/www.aridane.org\/city\/#\/schema\/person\/89ebd376b223dc94cc1dbcf200c8e6da","name":"Corresponsal","image":{"@type":"ImageObject","inLanguage":"es","@id":"https:\/\/www.aridane.org\/city\/#\/schema\/person\/image\/","url":"https:\/\/secure.gravatar.com\/avatar\/1c476992411e4ccf153da63b2b2f5ea0bb4cb1c85f3ceab8512f04325ad5579c?s=96&d=mm&r=g","contentUrl":"https:\/\/secure.gravatar.com\/avatar\/1c476992411e4ccf153da63b2b2f5ea0bb4cb1c85f3ceab8512f04325ad5579c?s=96&d=mm&r=g","caption":"Corresponsal"},"url":"https:\/\/www.aridane.org\/city\/author\/corresponsal\/"}]}},"_links":{"self":[{"href":"https:\/\/www.aridane.org\/city\/wp-json\/wp\/v2\/posts\/4217","targetHints":{"allow":["GET"]}}],"collection":[{"href":"https:\/\/www.aridane.org\/city\/wp-json\/wp\/v2\/posts"}],"about":[{"href":"https:\/\/www.aridane.org\/city\/wp-json\/wp\/v2\/types\/post"}],"author":[{"embeddable":true,"href":"https:\/\/www.aridane.org\/city\/wp-json\/wp\/v2\/users\/4"}],"replies":[{"embeddable":true,"href":"https:\/\/www.aridane.org\/city\/wp-json\/wp\/v2\/comments?post=4217"}],"version-history":[{"count":1,"href":"https:\/\/www.aridane.org\/city\/wp-json\/wp\/v2\/posts\/4217\/revisions"}],"predecessor-version":[{"id":4219,"href":"https:\/\/www.aridane.org\/city\/wp-json\/wp\/v2\/posts\/4217\/revisions\/4219"}],"wp:featuredmedia":[{"embeddable":true,"href":"https:\/\/www.aridane.org\/city\/wp-json\/wp\/v2\/media\/4218"}],"wp:attachment":[{"href":"https:\/\/www.aridane.org\/city\/wp-json\/wp\/v2\/media?parent=4217"}],"wp:term":[{"taxonomy":"category","embeddable":true,"href":"https:\/\/www.aridane.org\/city\/wp-json\/wp\/v2\/categories?post=4217"},{"taxonomy":"post_tag","embeddable":true,"href":"https:\/\/www.aridane.org\/city\/wp-json\/wp\/v2\/tags?post=4217"}],"curies":[{"name":"wp","href":"https:\/\/api.w.org\/{rel}","templated":true}]}}