{"id":4221,"date":"2025-02-04T14:31:49","date_gmt":"2025-02-04T14:31:49","guid":{"rendered":"https:\/\/www.aridane.org\/city\/?p=4221"},"modified":"2025-02-04T14:31:49","modified_gmt":"2025-02-04T14:31:49","slug":"los-llanos-de-aridane-rinde-homenaje-al-funk-el-soul-y-el-jazz-de-los-anos-70-con-un-concierto-este-viernes","status":"publish","type":"post","link":"https:\/\/www.aridane.org\/city\/2025\/02\/04\/los-llanos-de-aridane-rinde-homenaje-al-funk-el-soul-y-el-jazz-de-los-anos-70-con-un-concierto-este-viernes\/","title":{"rendered":"Los Llanos de Aridane rinde homenaje al funk, el soul y el jazz de los a\u00f1os 70 con un concierto este viernes"},"content":{"rendered":"<p><em>El objetivo del Ayuntamiento es acercar diferentes estilos musicales a la ciudadan\u00eda y personas visitantes mediante una programaci\u00f3n cultural diversa<\/em><!--more--><\/p>\n<div id=\"v1forwardbody1\">\n<p>El Ayuntamiento de Los Llanos de Aridane celebra el concierto de\u00a0<em>La Plaza A 3 Motown Quintet<\/em>, que tendr\u00e1 lugar el pr\u00f3ximo viernes, 7 de febrero, a las 20:00 horas en la Plaza de Espa\u00f1a.<\/p>\n<p>Este proyecto musical, nacido en La Palma, re\u00fane a talentosos m\u00fasicos palmeros, tinerfe\u00f1os y alemanes en un espect\u00e1culo que rinde homenaje a la emblem\u00e1tica m\u00fasica\u00a0<em>motown\u00a0<\/em>de los a\u00f1os 70. Con un estilo propio, la banda ofrece un recorrido por el funk, el soul y el jazz, revisitando temas ic\u00f3nicos de artistas como Stevie Wonder, Toto y Herbie Hancock, entre otros.<\/p>\n<p>El quinteto est\u00e1 formado por Juan Lorenzo (percusi\u00f3n), Jurgen Wust (voz y piano), Airam Rodr\u00edguez (bajo), Dominik Behringer (bater\u00eda) y Marcos Torres (guitarra), quienes pondr\u00e1n sobre el escenario toda su energ\u00eda y pasi\u00f3n por la m\u00fasica.<\/p>\n<p>La concejala de Cultura, Marlene Gonz\u00e1lez, sostiene que este concierto es una muestra m\u00e1s del compromiso del Ayuntamiento por ofrecer una programaci\u00f3n cultural diversa y de calidad, acercando diferentes estilos musicales a la ciudadan\u00eda y personas visitantes. \u201cInvitamos a todos y a todas a disfrutar de esta propuesta que llenar\u00e1 de ritmo y buen ambiente nuestra Plaza de Espa\u00f1a\u201d, a\u00f1ade.<\/p>\n<p>Este evento, enmarcado dentro de la programaci\u00f3n cultural del Ayuntamiento de Los Llanos de Aridane, reafirma el compromiso del municipio con la difusi\u00f3n y promoci\u00f3n de la m\u00fasica en vivo y del talento isle\u00f1o.<\/p>\n<\/div>\n","protected":false},"excerpt":{"rendered":"<p>El objetivo del Ayuntamiento es acercar diferentes estilos musicales a la ciudadan\u00eda y personas visitantes mediante una programaci\u00f3n cultural diversa<\/p>\n","protected":false},"author":4,"featured_media":4223,"comment_status":"open","ping_status":"open","sticky":false,"template":"","format":"standard","meta":{"footnotes":""},"categories":[1],"tags":[],"class_list":["post-4221","post","type-post","status-publish","format-standard","has-post-thumbnail","hentry","category-sin-categoria"],"yoast_head":"<!-- This site is optimized with the Yoast SEO plugin v22.7 - https:\/\/yoast.com\/wordpress\/plugins\/seo\/ -->\n<title>Los Llanos de Aridane rinde homenaje al funk, el soul y el jazz de los a\u00f1os 70 con un concierto este viernes - Ayuntamiento de Los Llanos de Aridane<\/title>\n<meta name=\"robots\" content=\"index, follow, max-snippet:-1, max-image-preview:large, max-video-preview:-1\" \/>\n<link rel=\"canonical\" href=\"https:\/\/www.aridane.org\/city\/2025\/02\/04\/los-llanos-de-aridane-rinde-homenaje-al-funk-el-soul-y-el-jazz-de-los-anos-70-con-un-concierto-este-viernes\/\" \/>\n<meta property=\"og:locale\" content=\"es_ES\" \/>\n<meta property=\"og:type\" content=\"article\" \/>\n<meta property=\"og:title\" content=\"Los Llanos de Aridane rinde homenaje al funk, el soul y el jazz de los a\u00f1os 70 con un concierto este viernes - Ayuntamiento de Los Llanos de Aridane\" \/>\n<meta property=\"og:description\" content=\"El objetivo del Ayuntamiento es acercar diferentes estilos musicales a la ciudadan\u00eda y personas visitantes mediante una programaci\u00f3n cultural diversa\" \/>\n<meta property=\"og:url\" content=\"https:\/\/www.aridane.org\/city\/2025\/02\/04\/los-llanos-de-aridane-rinde-homenaje-al-funk-el-soul-y-el-jazz-de-los-anos-70-con-un-concierto-este-viernes\/\" \/>\n<meta property=\"og:site_name\" content=\"Ayuntamiento de Los Llanos de Aridane\" \/>\n<meta property=\"article:published_time\" content=\"2025-02-04T14:31:49+00:00\" \/>\n<meta property=\"og:image\" content=\"https:\/\/www.aridane.org\/city\/wp-content\/uploads\/2025\/02\/La-Plaza-A-3-Motown-Quinet.jpg\" \/>\n\t<meta property=\"og:image:width\" content=\"960\" \/>\n\t<meta property=\"og:image:height\" content=\"960\" \/>\n\t<meta property=\"og:image:type\" content=\"image\/jpeg\" \/>\n<meta name=\"author\" content=\"Corresponsal\" \/>\n<meta name=\"twitter:card\" content=\"summary_large_image\" \/>\n<meta name=\"twitter:label1\" content=\"Escrito por\" \/>\n\t<meta name=\"twitter:data1\" content=\"Corresponsal\" \/>\n\t<meta name=\"twitter:label2\" content=\"Tiempo de lectura\" \/>\n\t<meta name=\"twitter:data2\" content=\"2 minutos\" \/>\n<script type=\"application\/ld+json\" class=\"yoast-schema-graph\">{\"@context\":\"https:\/\/schema.org\",\"@graph\":[{\"@type\":\"WebPage\",\"@id\":\"https:\/\/www.aridane.org\/city\/2025\/02\/04\/los-llanos-de-aridane-rinde-homenaje-al-funk-el-soul-y-el-jazz-de-los-anos-70-con-un-concierto-este-viernes\/\",\"url\":\"https:\/\/www.aridane.org\/city\/2025\/02\/04\/los-llanos-de-aridane-rinde-homenaje-al-funk-el-soul-y-el-jazz-de-los-anos-70-con-un-concierto-este-viernes\/\",\"name\":\"Los Llanos de Aridane rinde homenaje al funk, el soul y el jazz de los a\u00f1os 70 con un concierto este viernes - Ayuntamiento de Los Llanos de Aridane\",\"isPartOf\":{\"@id\":\"https:\/\/www.aridane.org\/city\/#website\"},\"primaryImageOfPage\":{\"@id\":\"https:\/\/www.aridane.org\/city\/2025\/02\/04\/los-llanos-de-aridane-rinde-homenaje-al-funk-el-soul-y-el-jazz-de-los-anos-70-con-un-concierto-este-viernes\/#primaryimage\"},\"image\":{\"@id\":\"https:\/\/www.aridane.org\/city\/2025\/02\/04\/los-llanos-de-aridane-rinde-homenaje-al-funk-el-soul-y-el-jazz-de-los-anos-70-con-un-concierto-este-viernes\/#primaryimage\"},\"thumbnailUrl\":\"https:\/\/www.aridane.org\/city\/wp-content\/uploads\/2025\/02\/La-Plaza-A-3-Motown-Quinet.jpg\",\"datePublished\":\"2025-02-04T14:31:49+00:00\",\"dateModified\":\"2025-02-04T14:31:49+00:00\",\"author\":{\"@id\":\"https:\/\/www.aridane.org\/city\/#\/schema\/person\/89ebd376b223dc94cc1dbcf200c8e6da\"},\"breadcrumb\":{\"@id\":\"https:\/\/www.aridane.org\/city\/2025\/02\/04\/los-llanos-de-aridane-rinde-homenaje-al-funk-el-soul-y-el-jazz-de-los-anos-70-con-un-concierto-este-viernes\/#breadcrumb\"},\"inLanguage\":\"es\",\"potentialAction\":[{\"@type\":\"ReadAction\",\"target\":[\"https:\/\/www.aridane.org\/city\/2025\/02\/04\/los-llanos-de-aridane-rinde-homenaje-al-funk-el-soul-y-el-jazz-de-los-anos-70-con-un-concierto-este-viernes\/\"]}]},{\"@type\":\"ImageObject\",\"inLanguage\":\"es\",\"@id\":\"https:\/\/www.aridane.org\/city\/2025\/02\/04\/los-llanos-de-aridane-rinde-homenaje-al-funk-el-soul-y-el-jazz-de-los-anos-70-con-un-concierto-este-viernes\/#primaryimage\",\"url\":\"https:\/\/www.aridane.org\/city\/wp-content\/uploads\/2025\/02\/La-Plaza-A-3-Motown-Quinet.jpg\",\"contentUrl\":\"https:\/\/www.aridane.org\/city\/wp-content\/uploads\/2025\/02\/La-Plaza-A-3-Motown-Quinet.jpg\",\"width\":960,\"height\":960},{\"@type\":\"BreadcrumbList\",\"@id\":\"https:\/\/www.aridane.org\/city\/2025\/02\/04\/los-llanos-de-aridane-rinde-homenaje-al-funk-el-soul-y-el-jazz-de-los-anos-70-con-un-concierto-este-viernes\/#breadcrumb\",\"itemListElement\":[{\"@type\":\"ListItem\",\"position\":1,\"name\":\"Portada\",\"item\":\"https:\/\/www.aridane.org\/city\/\"},{\"@type\":\"ListItem\",\"position\":2,\"name\":\"Los Llanos de Aridane rinde homenaje al funk, el soul y el jazz de los a\u00f1os 70 con un concierto este viernes\"}]},{\"@type\":\"WebSite\",\"@id\":\"https:\/\/www.aridane.org\/city\/#website\",\"url\":\"https:\/\/www.aridane.org\/city\/\",\"name\":\"Ayuntamiento de Los Llanos de Aridane\",\"description\":\"\",\"potentialAction\":[{\"@type\":\"SearchAction\",\"target\":{\"@type\":\"EntryPoint\",\"urlTemplate\":\"https:\/\/www.aridane.org\/city\/?s={search_term_string}\"},\"query-input\":\"required name=search_term_string\"}],\"inLanguage\":\"es\"},{\"@type\":\"Person\",\"@id\":\"https:\/\/www.aridane.org\/city\/#\/schema\/person\/89ebd376b223dc94cc1dbcf200c8e6da\",\"name\":\"Corresponsal\",\"image\":{\"@type\":\"ImageObject\",\"inLanguage\":\"es\",\"@id\":\"https:\/\/www.aridane.org\/city\/#\/schema\/person\/image\/\",\"url\":\"https:\/\/secure.gravatar.com\/avatar\/1c476992411e4ccf153da63b2b2f5ea0bb4cb1c85f3ceab8512f04325ad5579c?s=96&d=mm&r=g\",\"contentUrl\":\"https:\/\/secure.gravatar.com\/avatar\/1c476992411e4ccf153da63b2b2f5ea0bb4cb1c85f3ceab8512f04325ad5579c?s=96&d=mm&r=g\",\"caption\":\"Corresponsal\"},\"url\":\"https:\/\/www.aridane.org\/city\/author\/corresponsal\/\"}]}<\/script>\n<!-- \/ Yoast SEO plugin. -->","yoast_head_json":{"title":"Los Llanos de Aridane rinde homenaje al funk, el soul y el jazz de los a\u00f1os 70 con un concierto este viernes - Ayuntamiento de Los Llanos de Aridane","robots":{"index":"index","follow":"follow","max-snippet":"max-snippet:-1","max-image-preview":"max-image-preview:large","max-video-preview":"max-video-preview:-1"},"canonical":"https:\/\/www.aridane.org\/city\/2025\/02\/04\/los-llanos-de-aridane-rinde-homenaje-al-funk-el-soul-y-el-jazz-de-los-anos-70-con-un-concierto-este-viernes\/","og_locale":"es_ES","og_type":"article","og_title":"Los Llanos de Aridane rinde homenaje al funk, el soul y el jazz de los a\u00f1os 70 con un concierto este viernes - Ayuntamiento de Los Llanos de Aridane","og_description":"El objetivo del Ayuntamiento es acercar diferentes estilos musicales a la ciudadan\u00eda y personas visitantes mediante una programaci\u00f3n cultural diversa","og_url":"https:\/\/www.aridane.org\/city\/2025\/02\/04\/los-llanos-de-aridane-rinde-homenaje-al-funk-el-soul-y-el-jazz-de-los-anos-70-con-un-concierto-este-viernes\/","og_site_name":"Ayuntamiento de Los Llanos de Aridane","article_published_time":"2025-02-04T14:31:49+00:00","og_image":[{"width":960,"height":960,"url":"https:\/\/www.aridane.org\/city\/wp-content\/uploads\/2025\/02\/La-Plaza-A-3-Motown-Quinet.jpg","type":"image\/jpeg"}],"author":"Corresponsal","twitter_card":"summary_large_image","twitter_misc":{"Escrito por":"Corresponsal","Tiempo de lectura":"2 minutos"},"schema":{"@context":"https:\/\/schema.org","@graph":[{"@type":"WebPage","@id":"https:\/\/www.aridane.org\/city\/2025\/02\/04\/los-llanos-de-aridane-rinde-homenaje-al-funk-el-soul-y-el-jazz-de-los-anos-70-con-un-concierto-este-viernes\/","url":"https:\/\/www.aridane.org\/city\/2025\/02\/04\/los-llanos-de-aridane-rinde-homenaje-al-funk-el-soul-y-el-jazz-de-los-anos-70-con-un-concierto-este-viernes\/","name":"Los Llanos de Aridane rinde homenaje al funk, el soul y el jazz de los a\u00f1os 70 con un concierto este viernes - Ayuntamiento de Los Llanos de Aridane","isPartOf":{"@id":"https:\/\/www.aridane.org\/city\/#website"},"primaryImageOfPage":{"@id":"https:\/\/www.aridane.org\/city\/2025\/02\/04\/los-llanos-de-aridane-rinde-homenaje-al-funk-el-soul-y-el-jazz-de-los-anos-70-con-un-concierto-este-viernes\/#primaryimage"},"image":{"@id":"https:\/\/www.aridane.org\/city\/2025\/02\/04\/los-llanos-de-aridane-rinde-homenaje-al-funk-el-soul-y-el-jazz-de-los-anos-70-con-un-concierto-este-viernes\/#primaryimage"},"thumbnailUrl":"https:\/\/www.aridane.org\/city\/wp-content\/uploads\/2025\/02\/La-Plaza-A-3-Motown-Quinet.jpg","datePublished":"2025-02-04T14:31:49+00:00","dateModified":"2025-02-04T14:31:49+00:00","author":{"@id":"https:\/\/www.aridane.org\/city\/#\/schema\/person\/89ebd376b223dc94cc1dbcf200c8e6da"},"breadcrumb":{"@id":"https:\/\/www.aridane.org\/city\/2025\/02\/04\/los-llanos-de-aridane-rinde-homenaje-al-funk-el-soul-y-el-jazz-de-los-anos-70-con-un-concierto-este-viernes\/#breadcrumb"},"inLanguage":"es","potentialAction":[{"@type":"ReadAction","target":["https:\/\/www.aridane.org\/city\/2025\/02\/04\/los-llanos-de-aridane-rinde-homenaje-al-funk-el-soul-y-el-jazz-de-los-anos-70-con-un-concierto-este-viernes\/"]}]},{"@type":"ImageObject","inLanguage":"es","@id":"https:\/\/www.aridane.org\/city\/2025\/02\/04\/los-llanos-de-aridane-rinde-homenaje-al-funk-el-soul-y-el-jazz-de-los-anos-70-con-un-concierto-este-viernes\/#primaryimage","url":"https:\/\/www.aridane.org\/city\/wp-content\/uploads\/2025\/02\/La-Plaza-A-3-Motown-Quinet.jpg","contentUrl":"https:\/\/www.aridane.org\/city\/wp-content\/uploads\/2025\/02\/La-Plaza-A-3-Motown-Quinet.jpg","width":960,"height":960},{"@type":"BreadcrumbList","@id":"https:\/\/www.aridane.org\/city\/2025\/02\/04\/los-llanos-de-aridane-rinde-homenaje-al-funk-el-soul-y-el-jazz-de-los-anos-70-con-un-concierto-este-viernes\/#breadcrumb","itemListElement":[{"@type":"ListItem","position":1,"name":"Portada","item":"https:\/\/www.aridane.org\/city\/"},{"@type":"ListItem","position":2,"name":"Los Llanos de Aridane rinde homenaje al funk, el soul y el jazz de los a\u00f1os 70 con un concierto este viernes"}]},{"@type":"WebSite","@id":"https:\/\/www.aridane.org\/city\/#website","url":"https:\/\/www.aridane.org\/city\/","name":"Ayuntamiento de Los Llanos de Aridane","description":"","potentialAction":[{"@type":"SearchAction","target":{"@type":"EntryPoint","urlTemplate":"https:\/\/www.aridane.org\/city\/?s={search_term_string}"},"query-input":"required name=search_term_string"}],"inLanguage":"es"},{"@type":"Person","@id":"https:\/\/www.aridane.org\/city\/#\/schema\/person\/89ebd376b223dc94cc1dbcf200c8e6da","name":"Corresponsal","image":{"@type":"ImageObject","inLanguage":"es","@id":"https:\/\/www.aridane.org\/city\/#\/schema\/person\/image\/","url":"https:\/\/secure.gravatar.com\/avatar\/1c476992411e4ccf153da63b2b2f5ea0bb4cb1c85f3ceab8512f04325ad5579c?s=96&d=mm&r=g","contentUrl":"https:\/\/secure.gravatar.com\/avatar\/1c476992411e4ccf153da63b2b2f5ea0bb4cb1c85f3ceab8512f04325ad5579c?s=96&d=mm&r=g","caption":"Corresponsal"},"url":"https:\/\/www.aridane.org\/city\/author\/corresponsal\/"}]}},"_links":{"self":[{"href":"https:\/\/www.aridane.org\/city\/wp-json\/wp\/v2\/posts\/4221","targetHints":{"allow":["GET"]}}],"collection":[{"href":"https:\/\/www.aridane.org\/city\/wp-json\/wp\/v2\/posts"}],"about":[{"href":"https:\/\/www.aridane.org\/city\/wp-json\/wp\/v2\/types\/post"}],"author":[{"embeddable":true,"href":"https:\/\/www.aridane.org\/city\/wp-json\/wp\/v2\/users\/4"}],"replies":[{"embeddable":true,"href":"https:\/\/www.aridane.org\/city\/wp-json\/wp\/v2\/comments?post=4221"}],"version-history":[{"count":1,"href":"https:\/\/www.aridane.org\/city\/wp-json\/wp\/v2\/posts\/4221\/revisions"}],"predecessor-version":[{"id":4224,"href":"https:\/\/www.aridane.org\/city\/wp-json\/wp\/v2\/posts\/4221\/revisions\/4224"}],"wp:featuredmedia":[{"embeddable":true,"href":"https:\/\/www.aridane.org\/city\/wp-json\/wp\/v2\/media\/4223"}],"wp:attachment":[{"href":"https:\/\/www.aridane.org\/city\/wp-json\/wp\/v2\/media?parent=4221"}],"wp:term":[{"taxonomy":"category","embeddable":true,"href":"https:\/\/www.aridane.org\/city\/wp-json\/wp\/v2\/categories?post=4221"},{"taxonomy":"post_tag","embeddable":true,"href":"https:\/\/www.aridane.org\/city\/wp-json\/wp\/v2\/tags?post=4221"}],"curies":[{"name":"wp","href":"https:\/\/api.w.org\/{rel}","templated":true}]}}