{"id":4226,"date":"2025-02-05T12:02:10","date_gmt":"2025-02-05T12:02:10","guid":{"rendered":"https:\/\/www.aridane.org\/city\/?p=4226"},"modified":"2025-02-05T12:02:10","modified_gmt":"2025-02-05T12:02:10","slug":"los-llanos-de-aridane-abre-la-convocatoria-para-elegir-a-su-mujer-destacada-2025","status":"publish","type":"post","link":"https:\/\/www.aridane.org\/city\/2025\/02\/05\/los-llanos-de-aridane-abre-la-convocatoria-para-elegir-a-su-mujer-destacada-2025\/","title":{"rendered":"Los Llanos de Aridane abre la convocatoria para elegir a su Mujer Destacada 2025"},"content":{"rendered":"<p><em>Las candidaturas pueden presentarse hasta el 28 de febrero de 2025 de forma presencial en el Ayuntamiento o v\u00eda sede electr\u00f3nica municipal<\/em><!--more--><\/p>\n<div id=\"v1forwardbody1\">\n<p>El Ayuntamiento de Los Llanos de Aridane abre el plazo de presentaci\u00f3n de candidaturas para la edici\u00f3n 2025 del Premio Mujer Destacada, un galard\u00f3n que reconoce la labor y el compromiso de mujeres que han contribuido a la igualdad de g\u00e9nero en diferentes \u00e1mbitos de la sociedad. La entrega del premio tendr\u00e1 lugar el pr\u00f3ximo 21 de marzo en un acto institucional.<\/p>\n<p>La concejala de Igualdad, Idaira P\u00e9rez, destaca la importancia de este reconocimiento a la hora de visibilizar a aquellas mujeres que, con su esfuerzo y dedicaci\u00f3n, \u201chan abierto caminos y han sido referentes en la lucha por la igualdad real\u201d. \u201cEs fundamental reconocer su trabajo y seguir avanzando hacia una sociedad m\u00e1s justa\u201d, sostiene<\/p>\n<p>Por su parte, el alcalde Javier Llamas sostiene que \u201cLos Llanos de Aridane sigue apostando por el reconocimiento de las mujeres que han marcado la diferencia en nuestro municipio\u201d. Asimismo, el alcalde invita a la ciudadan\u00eda a presentar candidaturas para \u201cdar visibilidad a historias inspiradoras que merecen ser contadas y celebradas\u201d.<\/p>\n<h2><strong>Bases de la convocatoria<\/strong><\/h2>\n<p>El Premio Mujer Destacada reconoce a aquellas mujeres que, con su trayectoria personal o profesional, han realizado aportaciones relevantes en favor de la igualdad de g\u00e9nero.<\/p>\n<p>Las candidatas deben ser mujeres mayores de 18 a\u00f1os nacidas o residentes en Los Llanos de Aridane. Las candidaturas pueden presentarse a t\u00edtulo individual, as\u00ed como mediante asociaciones de mujeres o entidades no beneficiarias del premio.<\/p>\n<p>Las candidaturas podr\u00e1n presentarse hasta el 28 de febrero de 2025, incluyendo una memoria justificativa de los m\u00e9ritos de la candidata, su curr\u00edculum vitae y, en el caso de entidades, una memoria del proyecto o actividad desarrollada. Estas podr\u00e1n registrarse de manera presencial en el Ayuntamiento o a trav\u00e9s de la sede electr\u00f3nica municipal (<a href=\"https:\/\/eadmin.aridane.org\/publico\/edictos\/2025000019\" target=\"_blank\" rel=\"noopener noreferrer\">https:\/\/eadmin.aridane.org\/publico\/edictos\/2025000019<\/a>).<\/p>\n<\/div>\n","protected":false},"excerpt":{"rendered":"<p>Las candidaturas pueden presentarse hasta el 28 de febrero de 2025 de forma presencial en el Ayuntamiento o v\u00eda sede electr\u00f3nica municipal<\/p>\n","protected":false},"author":4,"featured_media":4227,"comment_status":"open","ping_status":"open","sticky":false,"template":"","format":"standard","meta":{"footnotes":""},"categories":[1],"tags":[],"class_list":["post-4226","post","type-post","status-publish","format-standard","has-post-thumbnail","hentry","category-sin-categoria"],"yoast_head":"<!-- This site is optimized with the Yoast SEO plugin v22.7 - https:\/\/yoast.com\/wordpress\/plugins\/seo\/ -->\n<title>Los Llanos de Aridane abre la convocatoria para elegir a su Mujer Destacada 2025 - Ayuntamiento de Los Llanos de Aridane<\/title>\n<meta name=\"robots\" content=\"index, follow, max-snippet:-1, max-image-preview:large, max-video-preview:-1\" \/>\n<link rel=\"canonical\" href=\"https:\/\/www.aridane.org\/city\/2025\/02\/05\/los-llanos-de-aridane-abre-la-convocatoria-para-elegir-a-su-mujer-destacada-2025\/\" \/>\n<meta property=\"og:locale\" content=\"es_ES\" \/>\n<meta property=\"og:type\" content=\"article\" \/>\n<meta property=\"og:title\" content=\"Los Llanos de Aridane abre la convocatoria para elegir a su Mujer Destacada 2025 - Ayuntamiento de Los Llanos de Aridane\" \/>\n<meta property=\"og:description\" content=\"Las candidaturas pueden presentarse hasta el 28 de febrero de 2025 de forma presencial en el Ayuntamiento o v\u00eda sede electr\u00f3nica municipal\" \/>\n<meta property=\"og:url\" content=\"https:\/\/www.aridane.org\/city\/2025\/02\/05\/los-llanos-de-aridane-abre-la-convocatoria-para-elegir-a-su-mujer-destacada-2025\/\" \/>\n<meta property=\"og:site_name\" content=\"Ayuntamiento de Los Llanos de Aridane\" \/>\n<meta property=\"article:published_time\" content=\"2025-02-05T12:02:10+00:00\" \/>\n<meta property=\"og:image\" content=\"https:\/\/www.aridane.org\/city\/wp-content\/uploads\/2025\/02\/Mujer-Destacada-2025.jpeg\" \/>\n\t<meta property=\"og:image:width\" content=\"2048\" \/>\n\t<meta property=\"og:image:height\" content=\"1536\" \/>\n\t<meta property=\"og:image:type\" content=\"image\/jpeg\" \/>\n<meta name=\"author\" content=\"Corresponsal\" \/>\n<meta name=\"twitter:card\" content=\"summary_large_image\" \/>\n<meta name=\"twitter:label1\" content=\"Escrito por\" \/>\n\t<meta name=\"twitter:data1\" content=\"Corresponsal\" \/>\n\t<meta name=\"twitter:label2\" content=\"Tiempo de lectura\" \/>\n\t<meta name=\"twitter:data2\" content=\"2 minutos\" \/>\n<script type=\"application\/ld+json\" class=\"yoast-schema-graph\">{\"@context\":\"https:\/\/schema.org\",\"@graph\":[{\"@type\":\"WebPage\",\"@id\":\"https:\/\/www.aridane.org\/city\/2025\/02\/05\/los-llanos-de-aridane-abre-la-convocatoria-para-elegir-a-su-mujer-destacada-2025\/\",\"url\":\"https:\/\/www.aridane.org\/city\/2025\/02\/05\/los-llanos-de-aridane-abre-la-convocatoria-para-elegir-a-su-mujer-destacada-2025\/\",\"name\":\"Los Llanos de Aridane abre la convocatoria para elegir a su Mujer Destacada 2025 - Ayuntamiento de Los Llanos de Aridane\",\"isPartOf\":{\"@id\":\"https:\/\/www.aridane.org\/city\/#website\"},\"primaryImageOfPage\":{\"@id\":\"https:\/\/www.aridane.org\/city\/2025\/02\/05\/los-llanos-de-aridane-abre-la-convocatoria-para-elegir-a-su-mujer-destacada-2025\/#primaryimage\"},\"image\":{\"@id\":\"https:\/\/www.aridane.org\/city\/2025\/02\/05\/los-llanos-de-aridane-abre-la-convocatoria-para-elegir-a-su-mujer-destacada-2025\/#primaryimage\"},\"thumbnailUrl\":\"https:\/\/www.aridane.org\/city\/wp-content\/uploads\/2025\/02\/Mujer-Destacada-2025.jpeg\",\"datePublished\":\"2025-02-05T12:02:10+00:00\",\"dateModified\":\"2025-02-05T12:02:10+00:00\",\"author\":{\"@id\":\"https:\/\/www.aridane.org\/city\/#\/schema\/person\/89ebd376b223dc94cc1dbcf200c8e6da\"},\"breadcrumb\":{\"@id\":\"https:\/\/www.aridane.org\/city\/2025\/02\/05\/los-llanos-de-aridane-abre-la-convocatoria-para-elegir-a-su-mujer-destacada-2025\/#breadcrumb\"},\"inLanguage\":\"es\",\"potentialAction\":[{\"@type\":\"ReadAction\",\"target\":[\"https:\/\/www.aridane.org\/city\/2025\/02\/05\/los-llanos-de-aridane-abre-la-convocatoria-para-elegir-a-su-mujer-destacada-2025\/\"]}]},{\"@type\":\"ImageObject\",\"inLanguage\":\"es\",\"@id\":\"https:\/\/www.aridane.org\/city\/2025\/02\/05\/los-llanos-de-aridane-abre-la-convocatoria-para-elegir-a-su-mujer-destacada-2025\/#primaryimage\",\"url\":\"https:\/\/www.aridane.org\/city\/wp-content\/uploads\/2025\/02\/Mujer-Destacada-2025.jpeg\",\"contentUrl\":\"https:\/\/www.aridane.org\/city\/wp-content\/uploads\/2025\/02\/Mujer-Destacada-2025.jpeg\",\"width\":2048,\"height\":1536},{\"@type\":\"BreadcrumbList\",\"@id\":\"https:\/\/www.aridane.org\/city\/2025\/02\/05\/los-llanos-de-aridane-abre-la-convocatoria-para-elegir-a-su-mujer-destacada-2025\/#breadcrumb\",\"itemListElement\":[{\"@type\":\"ListItem\",\"position\":1,\"name\":\"Portada\",\"item\":\"https:\/\/www.aridane.org\/city\/\"},{\"@type\":\"ListItem\",\"position\":2,\"name\":\"Los Llanos de Aridane abre la convocatoria para elegir a su Mujer Destacada 2025\"}]},{\"@type\":\"WebSite\",\"@id\":\"https:\/\/www.aridane.org\/city\/#website\",\"url\":\"https:\/\/www.aridane.org\/city\/\",\"name\":\"Ayuntamiento de Los Llanos de Aridane\",\"description\":\"\",\"potentialAction\":[{\"@type\":\"SearchAction\",\"target\":{\"@type\":\"EntryPoint\",\"urlTemplate\":\"https:\/\/www.aridane.org\/city\/?s={search_term_string}\"},\"query-input\":\"required name=search_term_string\"}],\"inLanguage\":\"es\"},{\"@type\":\"Person\",\"@id\":\"https:\/\/www.aridane.org\/city\/#\/schema\/person\/89ebd376b223dc94cc1dbcf200c8e6da\",\"name\":\"Corresponsal\",\"image\":{\"@type\":\"ImageObject\",\"inLanguage\":\"es\",\"@id\":\"https:\/\/www.aridane.org\/city\/#\/schema\/person\/image\/\",\"url\":\"https:\/\/secure.gravatar.com\/avatar\/1c476992411e4ccf153da63b2b2f5ea0bb4cb1c85f3ceab8512f04325ad5579c?s=96&d=mm&r=g\",\"contentUrl\":\"https:\/\/secure.gravatar.com\/avatar\/1c476992411e4ccf153da63b2b2f5ea0bb4cb1c85f3ceab8512f04325ad5579c?s=96&d=mm&r=g\",\"caption\":\"Corresponsal\"},\"url\":\"https:\/\/www.aridane.org\/city\/author\/corresponsal\/\"}]}<\/script>\n<!-- \/ Yoast SEO plugin. -->","yoast_head_json":{"title":"Los Llanos de Aridane abre la convocatoria para elegir a su Mujer Destacada 2025 - Ayuntamiento de Los Llanos de Aridane","robots":{"index":"index","follow":"follow","max-snippet":"max-snippet:-1","max-image-preview":"max-image-preview:large","max-video-preview":"max-video-preview:-1"},"canonical":"https:\/\/www.aridane.org\/city\/2025\/02\/05\/los-llanos-de-aridane-abre-la-convocatoria-para-elegir-a-su-mujer-destacada-2025\/","og_locale":"es_ES","og_type":"article","og_title":"Los Llanos de Aridane abre la convocatoria para elegir a su Mujer Destacada 2025 - Ayuntamiento de Los Llanos de Aridane","og_description":"Las candidaturas pueden presentarse hasta el 28 de febrero de 2025 de forma presencial en el Ayuntamiento o v\u00eda sede electr\u00f3nica municipal","og_url":"https:\/\/www.aridane.org\/city\/2025\/02\/05\/los-llanos-de-aridane-abre-la-convocatoria-para-elegir-a-su-mujer-destacada-2025\/","og_site_name":"Ayuntamiento de Los Llanos de Aridane","article_published_time":"2025-02-05T12:02:10+00:00","og_image":[{"width":2048,"height":1536,"url":"https:\/\/www.aridane.org\/city\/wp-content\/uploads\/2025\/02\/Mujer-Destacada-2025.jpeg","type":"image\/jpeg"}],"author":"Corresponsal","twitter_card":"summary_large_image","twitter_misc":{"Escrito por":"Corresponsal","Tiempo de lectura":"2 minutos"},"schema":{"@context":"https:\/\/schema.org","@graph":[{"@type":"WebPage","@id":"https:\/\/www.aridane.org\/city\/2025\/02\/05\/los-llanos-de-aridane-abre-la-convocatoria-para-elegir-a-su-mujer-destacada-2025\/","url":"https:\/\/www.aridane.org\/city\/2025\/02\/05\/los-llanos-de-aridane-abre-la-convocatoria-para-elegir-a-su-mujer-destacada-2025\/","name":"Los Llanos de Aridane abre la convocatoria para elegir a su Mujer Destacada 2025 - Ayuntamiento de Los Llanos de Aridane","isPartOf":{"@id":"https:\/\/www.aridane.org\/city\/#website"},"primaryImageOfPage":{"@id":"https:\/\/www.aridane.org\/city\/2025\/02\/05\/los-llanos-de-aridane-abre-la-convocatoria-para-elegir-a-su-mujer-destacada-2025\/#primaryimage"},"image":{"@id":"https:\/\/www.aridane.org\/city\/2025\/02\/05\/los-llanos-de-aridane-abre-la-convocatoria-para-elegir-a-su-mujer-destacada-2025\/#primaryimage"},"thumbnailUrl":"https:\/\/www.aridane.org\/city\/wp-content\/uploads\/2025\/02\/Mujer-Destacada-2025.jpeg","datePublished":"2025-02-05T12:02:10+00:00","dateModified":"2025-02-05T12:02:10+00:00","author":{"@id":"https:\/\/www.aridane.org\/city\/#\/schema\/person\/89ebd376b223dc94cc1dbcf200c8e6da"},"breadcrumb":{"@id":"https:\/\/www.aridane.org\/city\/2025\/02\/05\/los-llanos-de-aridane-abre-la-convocatoria-para-elegir-a-su-mujer-destacada-2025\/#breadcrumb"},"inLanguage":"es","potentialAction":[{"@type":"ReadAction","target":["https:\/\/www.aridane.org\/city\/2025\/02\/05\/los-llanos-de-aridane-abre-la-convocatoria-para-elegir-a-su-mujer-destacada-2025\/"]}]},{"@type":"ImageObject","inLanguage":"es","@id":"https:\/\/www.aridane.org\/city\/2025\/02\/05\/los-llanos-de-aridane-abre-la-convocatoria-para-elegir-a-su-mujer-destacada-2025\/#primaryimage","url":"https:\/\/www.aridane.org\/city\/wp-content\/uploads\/2025\/02\/Mujer-Destacada-2025.jpeg","contentUrl":"https:\/\/www.aridane.org\/city\/wp-content\/uploads\/2025\/02\/Mujer-Destacada-2025.jpeg","width":2048,"height":1536},{"@type":"BreadcrumbList","@id":"https:\/\/www.aridane.org\/city\/2025\/02\/05\/los-llanos-de-aridane-abre-la-convocatoria-para-elegir-a-su-mujer-destacada-2025\/#breadcrumb","itemListElement":[{"@type":"ListItem","position":1,"name":"Portada","item":"https:\/\/www.aridane.org\/city\/"},{"@type":"ListItem","position":2,"name":"Los Llanos de Aridane abre la convocatoria para elegir a su Mujer Destacada 2025"}]},{"@type":"WebSite","@id":"https:\/\/www.aridane.org\/city\/#website","url":"https:\/\/www.aridane.org\/city\/","name":"Ayuntamiento de Los Llanos de Aridane","description":"","potentialAction":[{"@type":"SearchAction","target":{"@type":"EntryPoint","urlTemplate":"https:\/\/www.aridane.org\/city\/?s={search_term_string}"},"query-input":"required name=search_term_string"}],"inLanguage":"es"},{"@type":"Person","@id":"https:\/\/www.aridane.org\/city\/#\/schema\/person\/89ebd376b223dc94cc1dbcf200c8e6da","name":"Corresponsal","image":{"@type":"ImageObject","inLanguage":"es","@id":"https:\/\/www.aridane.org\/city\/#\/schema\/person\/image\/","url":"https:\/\/secure.gravatar.com\/avatar\/1c476992411e4ccf153da63b2b2f5ea0bb4cb1c85f3ceab8512f04325ad5579c?s=96&d=mm&r=g","contentUrl":"https:\/\/secure.gravatar.com\/avatar\/1c476992411e4ccf153da63b2b2f5ea0bb4cb1c85f3ceab8512f04325ad5579c?s=96&d=mm&r=g","caption":"Corresponsal"},"url":"https:\/\/www.aridane.org\/city\/author\/corresponsal\/"}]}},"_links":{"self":[{"href":"https:\/\/www.aridane.org\/city\/wp-json\/wp\/v2\/posts\/4226","targetHints":{"allow":["GET"]}}],"collection":[{"href":"https:\/\/www.aridane.org\/city\/wp-json\/wp\/v2\/posts"}],"about":[{"href":"https:\/\/www.aridane.org\/city\/wp-json\/wp\/v2\/types\/post"}],"author":[{"embeddable":true,"href":"https:\/\/www.aridane.org\/city\/wp-json\/wp\/v2\/users\/4"}],"replies":[{"embeddable":true,"href":"https:\/\/www.aridane.org\/city\/wp-json\/wp\/v2\/comments?post=4226"}],"version-history":[{"count":1,"href":"https:\/\/www.aridane.org\/city\/wp-json\/wp\/v2\/posts\/4226\/revisions"}],"predecessor-version":[{"id":4228,"href":"https:\/\/www.aridane.org\/city\/wp-json\/wp\/v2\/posts\/4226\/revisions\/4228"}],"wp:featuredmedia":[{"embeddable":true,"href":"https:\/\/www.aridane.org\/city\/wp-json\/wp\/v2\/media\/4227"}],"wp:attachment":[{"href":"https:\/\/www.aridane.org\/city\/wp-json\/wp\/v2\/media?parent=4226"}],"wp:term":[{"taxonomy":"category","embeddable":true,"href":"https:\/\/www.aridane.org\/city\/wp-json\/wp\/v2\/categories?post=4226"},{"taxonomy":"post_tag","embeddable":true,"href":"https:\/\/www.aridane.org\/city\/wp-json\/wp\/v2\/tags?post=4226"}],"curies":[{"name":"wp","href":"https:\/\/api.w.org\/{rel}","templated":true}]}}