{"id":4550,"date":"2025-07-16T08:04:02","date_gmt":"2025-07-16T08:04:02","guid":{"rendered":"https:\/\/www.aridane.org\/city\/?p=4550"},"modified":"2025-07-16T08:04:02","modified_gmt":"2025-07-16T08:04:02","slug":"el-ayuntamiento-acondiciona-el-colegio-de-puerto-naos-para-su-reapertura","status":"publish","type":"post","link":"https:\/\/www.aridane.org\/city\/2025\/07\/16\/el-ayuntamiento-acondiciona-el-colegio-de-puerto-naos-para-su-reapertura\/","title":{"rendered":"El Ayuntamiento acondiciona el colegio de Puerto Naos para su reapertura"},"content":{"rendered":"<p><em>En las pr\u00f3ximas semanas se convocar\u00e1 una reuni\u00f3n con las familias para informar sobre la reapertura<\/em><!--more--><\/p>\n<p>El Ayuntamiento de Los Llanos de Aridane trabaja para que el alumnado del CEIP Milagros Acosta Garc\u00eda, en Puerto Naos, regrese a sus aulas en el pr\u00f3ximo curso escolar. Las actuaciones, que se desarrollan en coordinaci\u00f3n con la Consejer\u00eda de Educaci\u00f3n del Gobierno de Canarias y con el visto bueno del Peinpal, permitir\u00e1n que el centro educativo vuelva a abrir sus puertas tras m\u00e1s de dos a\u00f1os cerrado.<\/p>\n<p>El alcalde, Javier Llamas, asegura que recuperar la actividad escolar en Puerto Naos es un paso clave para devolver la normalidad a esta zona del municipio. \u201cEstamos volcando todos los recursos necesarios para garantizar que los ni\u00f1os y ni\u00f1as puedan volver a su colegio en septiembre con todas las garant\u00edas\u201d, se\u00f1ala, agradeciendo adem\u00e1s la labor que han realizado los bomberos de Falck y los t\u00e9cnicos de Alerta Volc\u00e1n desde la erupci\u00f3n, ya que en el colegio se instal\u00f3 el centro de control de gases de Puerto Naos.<\/p>\n<h2><strong>Mejorando los colegios<\/strong><\/h2>\n<p>Desde el Consistorio se ejecutan obras de mejora y adecuaci\u00f3n de las instalaciones con el objetivo de que el centro re\u00fana las condiciones \u00f3ptimas para su reapertura.<\/p>\n<p>En este sentido, el concejal de Obras, Jos\u00e9 Mar\u00eda Rivera, explica que se est\u00e1n llevando a cabo intervenciones en diferentes centros educativos del municipio, como cada verano, pero que en el caso de Puerto Naos se han intensificado los trabajos para poner a punto unas instalaciones que llevan cerradas desde la erupci\u00f3n. \u201cSe trata de un esfuerzo conjunto y prioritario\u201d, sostiene.<\/p>\n<p>Adem\u00e1s, en las pr\u00f3ximas semanas el Ayuntamiento convocar\u00e1 una reuni\u00f3n informativa en Puerto Naos con las familias y la comunidad educativa para trasladar de primera mano la evoluci\u00f3n de los trabajos y los detalles de la vuelta al centro escolar.<\/p>\n","protected":false},"excerpt":{"rendered":"<p>En las pr\u00f3ximas semanas se convocar\u00e1 una reuni\u00f3n con las familias para informar sobre la reapertura<\/p>\n","protected":false},"author":4,"featured_media":4551,"comment_status":"open","ping_status":"open","sticky":false,"template":"","format":"standard","meta":{"footnotes":""},"categories":[1],"tags":[],"class_list":["post-4550","post","type-post","status-publish","format-standard","has-post-thumbnail","hentry","category-sin-categoria"],"yoast_head":"<!-- This site is optimized with the Yoast SEO plugin v22.7 - https:\/\/yoast.com\/wordpress\/plugins\/seo\/ -->\n<title>El Ayuntamiento acondiciona el colegio de Puerto Naos para su reapertura - Ayuntamiento de Los Llanos de Aridane<\/title>\n<meta name=\"robots\" content=\"index, follow, max-snippet:-1, max-image-preview:large, max-video-preview:-1\" \/>\n<link rel=\"canonical\" href=\"https:\/\/www.aridane.org\/city\/2025\/07\/16\/el-ayuntamiento-acondiciona-el-colegio-de-puerto-naos-para-su-reapertura\/\" \/>\n<meta property=\"og:locale\" content=\"es_ES\" \/>\n<meta property=\"og:type\" content=\"article\" \/>\n<meta property=\"og:title\" content=\"El Ayuntamiento acondiciona el colegio de Puerto Naos para su reapertura - Ayuntamiento de Los Llanos de Aridane\" \/>\n<meta property=\"og:description\" content=\"En las pr\u00f3ximas semanas se convocar\u00e1 una reuni\u00f3n con las familias para informar sobre la reapertura\" \/>\n<meta property=\"og:url\" content=\"https:\/\/www.aridane.org\/city\/2025\/07\/16\/el-ayuntamiento-acondiciona-el-colegio-de-puerto-naos-para-su-reapertura\/\" \/>\n<meta property=\"og:site_name\" content=\"Ayuntamiento de Los Llanos de Aridane\" \/>\n<meta property=\"article:published_time\" content=\"2025-07-16T08:04:02+00:00\" \/>\n<meta property=\"og:image\" content=\"https:\/\/www.aridane.org\/city\/wp-content\/uploads\/2025\/07\/Colegio-PTO-Naos.jpeg\" \/>\n\t<meta property=\"og:image:width\" content=\"1536\" \/>\n\t<meta property=\"og:image:height\" content=\"2048\" \/>\n\t<meta property=\"og:image:type\" content=\"image\/jpeg\" \/>\n<meta name=\"author\" content=\"Corresponsal\" \/>\n<meta name=\"twitter:card\" content=\"summary_large_image\" \/>\n<meta name=\"twitter:label1\" content=\"Escrito por\" \/>\n\t<meta name=\"twitter:data1\" content=\"Corresponsal\" \/>\n\t<meta name=\"twitter:label2\" content=\"Tiempo de lectura\" \/>\n\t<meta name=\"twitter:data2\" content=\"2 minutos\" \/>\n<script type=\"application\/ld+json\" class=\"yoast-schema-graph\">{\"@context\":\"https:\/\/schema.org\",\"@graph\":[{\"@type\":\"WebPage\",\"@id\":\"https:\/\/www.aridane.org\/city\/2025\/07\/16\/el-ayuntamiento-acondiciona-el-colegio-de-puerto-naos-para-su-reapertura\/\",\"url\":\"https:\/\/www.aridane.org\/city\/2025\/07\/16\/el-ayuntamiento-acondiciona-el-colegio-de-puerto-naos-para-su-reapertura\/\",\"name\":\"El Ayuntamiento acondiciona el colegio de Puerto Naos para su reapertura - Ayuntamiento de Los Llanos de Aridane\",\"isPartOf\":{\"@id\":\"https:\/\/www.aridane.org\/city\/#website\"},\"primaryImageOfPage\":{\"@id\":\"https:\/\/www.aridane.org\/city\/2025\/07\/16\/el-ayuntamiento-acondiciona-el-colegio-de-puerto-naos-para-su-reapertura\/#primaryimage\"},\"image\":{\"@id\":\"https:\/\/www.aridane.org\/city\/2025\/07\/16\/el-ayuntamiento-acondiciona-el-colegio-de-puerto-naos-para-su-reapertura\/#primaryimage\"},\"thumbnailUrl\":\"https:\/\/www.aridane.org\/city\/wp-content\/uploads\/2025\/07\/Colegio-PTO-Naos.jpeg\",\"datePublished\":\"2025-07-16T08:04:02+00:00\",\"dateModified\":\"2025-07-16T08:04:02+00:00\",\"author\":{\"@id\":\"https:\/\/www.aridane.org\/city\/#\/schema\/person\/89ebd376b223dc94cc1dbcf200c8e6da\"},\"breadcrumb\":{\"@id\":\"https:\/\/www.aridane.org\/city\/2025\/07\/16\/el-ayuntamiento-acondiciona-el-colegio-de-puerto-naos-para-su-reapertura\/#breadcrumb\"},\"inLanguage\":\"es\",\"potentialAction\":[{\"@type\":\"ReadAction\",\"target\":[\"https:\/\/www.aridane.org\/city\/2025\/07\/16\/el-ayuntamiento-acondiciona-el-colegio-de-puerto-naos-para-su-reapertura\/\"]}]},{\"@type\":\"ImageObject\",\"inLanguage\":\"es\",\"@id\":\"https:\/\/www.aridane.org\/city\/2025\/07\/16\/el-ayuntamiento-acondiciona-el-colegio-de-puerto-naos-para-su-reapertura\/#primaryimage\",\"url\":\"https:\/\/www.aridane.org\/city\/wp-content\/uploads\/2025\/07\/Colegio-PTO-Naos.jpeg\",\"contentUrl\":\"https:\/\/www.aridane.org\/city\/wp-content\/uploads\/2025\/07\/Colegio-PTO-Naos.jpeg\",\"width\":1536,\"height\":2048},{\"@type\":\"BreadcrumbList\",\"@id\":\"https:\/\/www.aridane.org\/city\/2025\/07\/16\/el-ayuntamiento-acondiciona-el-colegio-de-puerto-naos-para-su-reapertura\/#breadcrumb\",\"itemListElement\":[{\"@type\":\"ListItem\",\"position\":1,\"name\":\"Portada\",\"item\":\"https:\/\/www.aridane.org\/city\/\"},{\"@type\":\"ListItem\",\"position\":2,\"name\":\"El Ayuntamiento acondiciona el colegio de Puerto Naos para su reapertura\"}]},{\"@type\":\"WebSite\",\"@id\":\"https:\/\/www.aridane.org\/city\/#website\",\"url\":\"https:\/\/www.aridane.org\/city\/\",\"name\":\"Ayuntamiento de Los Llanos de Aridane\",\"description\":\"\",\"potentialAction\":[{\"@type\":\"SearchAction\",\"target\":{\"@type\":\"EntryPoint\",\"urlTemplate\":\"https:\/\/www.aridane.org\/city\/?s={search_term_string}\"},\"query-input\":\"required name=search_term_string\"}],\"inLanguage\":\"es\"},{\"@type\":\"Person\",\"@id\":\"https:\/\/www.aridane.org\/city\/#\/schema\/person\/89ebd376b223dc94cc1dbcf200c8e6da\",\"name\":\"Corresponsal\",\"image\":{\"@type\":\"ImageObject\",\"inLanguage\":\"es\",\"@id\":\"https:\/\/www.aridane.org\/city\/#\/schema\/person\/image\/\",\"url\":\"https:\/\/secure.gravatar.com\/avatar\/1c476992411e4ccf153da63b2b2f5ea0bb4cb1c85f3ceab8512f04325ad5579c?s=96&d=mm&r=g\",\"contentUrl\":\"https:\/\/secure.gravatar.com\/avatar\/1c476992411e4ccf153da63b2b2f5ea0bb4cb1c85f3ceab8512f04325ad5579c?s=96&d=mm&r=g\",\"caption\":\"Corresponsal\"},\"url\":\"https:\/\/www.aridane.org\/city\/author\/corresponsal\/\"}]}<\/script>\n<!-- \/ Yoast SEO plugin. -->","yoast_head_json":{"title":"El Ayuntamiento acondiciona el colegio de Puerto Naos para su reapertura - Ayuntamiento de Los Llanos de Aridane","robots":{"index":"index","follow":"follow","max-snippet":"max-snippet:-1","max-image-preview":"max-image-preview:large","max-video-preview":"max-video-preview:-1"},"canonical":"https:\/\/www.aridane.org\/city\/2025\/07\/16\/el-ayuntamiento-acondiciona-el-colegio-de-puerto-naos-para-su-reapertura\/","og_locale":"es_ES","og_type":"article","og_title":"El Ayuntamiento acondiciona el colegio de Puerto Naos para su reapertura - Ayuntamiento de Los Llanos de Aridane","og_description":"En las pr\u00f3ximas semanas se convocar\u00e1 una reuni\u00f3n con las familias para informar sobre la reapertura","og_url":"https:\/\/www.aridane.org\/city\/2025\/07\/16\/el-ayuntamiento-acondiciona-el-colegio-de-puerto-naos-para-su-reapertura\/","og_site_name":"Ayuntamiento de Los Llanos de Aridane","article_published_time":"2025-07-16T08:04:02+00:00","og_image":[{"width":1536,"height":2048,"url":"https:\/\/www.aridane.org\/city\/wp-content\/uploads\/2025\/07\/Colegio-PTO-Naos.jpeg","type":"image\/jpeg"}],"author":"Corresponsal","twitter_card":"summary_large_image","twitter_misc":{"Escrito por":"Corresponsal","Tiempo de lectura":"2 minutos"},"schema":{"@context":"https:\/\/schema.org","@graph":[{"@type":"WebPage","@id":"https:\/\/www.aridane.org\/city\/2025\/07\/16\/el-ayuntamiento-acondiciona-el-colegio-de-puerto-naos-para-su-reapertura\/","url":"https:\/\/www.aridane.org\/city\/2025\/07\/16\/el-ayuntamiento-acondiciona-el-colegio-de-puerto-naos-para-su-reapertura\/","name":"El Ayuntamiento acondiciona el colegio de Puerto Naos para su reapertura - Ayuntamiento de Los Llanos de Aridane","isPartOf":{"@id":"https:\/\/www.aridane.org\/city\/#website"},"primaryImageOfPage":{"@id":"https:\/\/www.aridane.org\/city\/2025\/07\/16\/el-ayuntamiento-acondiciona-el-colegio-de-puerto-naos-para-su-reapertura\/#primaryimage"},"image":{"@id":"https:\/\/www.aridane.org\/city\/2025\/07\/16\/el-ayuntamiento-acondiciona-el-colegio-de-puerto-naos-para-su-reapertura\/#primaryimage"},"thumbnailUrl":"https:\/\/www.aridane.org\/city\/wp-content\/uploads\/2025\/07\/Colegio-PTO-Naos.jpeg","datePublished":"2025-07-16T08:04:02+00:00","dateModified":"2025-07-16T08:04:02+00:00","author":{"@id":"https:\/\/www.aridane.org\/city\/#\/schema\/person\/89ebd376b223dc94cc1dbcf200c8e6da"},"breadcrumb":{"@id":"https:\/\/www.aridane.org\/city\/2025\/07\/16\/el-ayuntamiento-acondiciona-el-colegio-de-puerto-naos-para-su-reapertura\/#breadcrumb"},"inLanguage":"es","potentialAction":[{"@type":"ReadAction","target":["https:\/\/www.aridane.org\/city\/2025\/07\/16\/el-ayuntamiento-acondiciona-el-colegio-de-puerto-naos-para-su-reapertura\/"]}]},{"@type":"ImageObject","inLanguage":"es","@id":"https:\/\/www.aridane.org\/city\/2025\/07\/16\/el-ayuntamiento-acondiciona-el-colegio-de-puerto-naos-para-su-reapertura\/#primaryimage","url":"https:\/\/www.aridane.org\/city\/wp-content\/uploads\/2025\/07\/Colegio-PTO-Naos.jpeg","contentUrl":"https:\/\/www.aridane.org\/city\/wp-content\/uploads\/2025\/07\/Colegio-PTO-Naos.jpeg","width":1536,"height":2048},{"@type":"BreadcrumbList","@id":"https:\/\/www.aridane.org\/city\/2025\/07\/16\/el-ayuntamiento-acondiciona-el-colegio-de-puerto-naos-para-su-reapertura\/#breadcrumb","itemListElement":[{"@type":"ListItem","position":1,"name":"Portada","item":"https:\/\/www.aridane.org\/city\/"},{"@type":"ListItem","position":2,"name":"El Ayuntamiento acondiciona el colegio de Puerto Naos para su reapertura"}]},{"@type":"WebSite","@id":"https:\/\/www.aridane.org\/city\/#website","url":"https:\/\/www.aridane.org\/city\/","name":"Ayuntamiento de Los Llanos de Aridane","description":"","potentialAction":[{"@type":"SearchAction","target":{"@type":"EntryPoint","urlTemplate":"https:\/\/www.aridane.org\/city\/?s={search_term_string}"},"query-input":"required name=search_term_string"}],"inLanguage":"es"},{"@type":"Person","@id":"https:\/\/www.aridane.org\/city\/#\/schema\/person\/89ebd376b223dc94cc1dbcf200c8e6da","name":"Corresponsal","image":{"@type":"ImageObject","inLanguage":"es","@id":"https:\/\/www.aridane.org\/city\/#\/schema\/person\/image\/","url":"https:\/\/secure.gravatar.com\/avatar\/1c476992411e4ccf153da63b2b2f5ea0bb4cb1c85f3ceab8512f04325ad5579c?s=96&d=mm&r=g","contentUrl":"https:\/\/secure.gravatar.com\/avatar\/1c476992411e4ccf153da63b2b2f5ea0bb4cb1c85f3ceab8512f04325ad5579c?s=96&d=mm&r=g","caption":"Corresponsal"},"url":"https:\/\/www.aridane.org\/city\/author\/corresponsal\/"}]}},"_links":{"self":[{"href":"https:\/\/www.aridane.org\/city\/wp-json\/wp\/v2\/posts\/4550","targetHints":{"allow":["GET"]}}],"collection":[{"href":"https:\/\/www.aridane.org\/city\/wp-json\/wp\/v2\/posts"}],"about":[{"href":"https:\/\/www.aridane.org\/city\/wp-json\/wp\/v2\/types\/post"}],"author":[{"embeddable":true,"href":"https:\/\/www.aridane.org\/city\/wp-json\/wp\/v2\/users\/4"}],"replies":[{"embeddable":true,"href":"https:\/\/www.aridane.org\/city\/wp-json\/wp\/v2\/comments?post=4550"}],"version-history":[{"count":1,"href":"https:\/\/www.aridane.org\/city\/wp-json\/wp\/v2\/posts\/4550\/revisions"}],"predecessor-version":[{"id":4552,"href":"https:\/\/www.aridane.org\/city\/wp-json\/wp\/v2\/posts\/4550\/revisions\/4552"}],"wp:featuredmedia":[{"embeddable":true,"href":"https:\/\/www.aridane.org\/city\/wp-json\/wp\/v2\/media\/4551"}],"wp:attachment":[{"href":"https:\/\/www.aridane.org\/city\/wp-json\/wp\/v2\/media?parent=4550"}],"wp:term":[{"taxonomy":"category","embeddable":true,"href":"https:\/\/www.aridane.org\/city\/wp-json\/wp\/v2\/categories?post=4550"},{"taxonomy":"post_tag","embeddable":true,"href":"https:\/\/www.aridane.org\/city\/wp-json\/wp\/v2\/tags?post=4550"}],"curies":[{"name":"wp","href":"https:\/\/api.w.org\/{rel}","templated":true}]}}