{"id":4553,"date":"2025-07-11T08:05:12","date_gmt":"2025-07-11T08:05:12","guid":{"rendered":"https:\/\/www.aridane.org\/city\/?p=4553"},"modified":"2025-07-16T08:06:37","modified_gmt":"2025-07-16T08:06:37","slug":"los-llanos-de-aridane-colabora-con-el-estado-para-acelerar-la-reconstruccion","status":"publish","type":"post","link":"https:\/\/www.aridane.org\/city\/2025\/07\/11\/los-llanos-de-aridane-colabora-con-el-estado-para-acelerar-la-reconstruccion\/","title":{"rendered":"Los Llanos de Aridane colabora con el Estado para acelerar la reconstrucci\u00f3n"},"content":{"rendered":"<p><em>El alcalde, Javier Llamas, valora el esfuerzo t\u00e9cnico y de auditor\u00eda hecho el personal municipal para impulsar la reconstrucci\u00f3n post-volc\u00e1n<\/em><!--more--><\/p>\n<p>El Ayuntamiento de Los Llanos de Aridane remiti\u00f3 este martes, 8 de julio, al Ministerio de Pol\u00edtica Territorial el segundo convenio para la reconstrucci\u00f3n post-volc\u00e1n, valorado en 65 millones de euros. Los fondos se destinar\u00e1n a nuevas urbanizaciones, redes viarias y equipamientos p\u00fablicos en las zonas afectadas por la erupci\u00f3n.<\/p>\n<p>El alcalde, Javier Llamas, recuerda que en diciembre de 2022 el Consistorio firm\u00f3 un primer convenio con el Estado por 24 millones de euros. \u201cEse primer documento apenas contempla diez caminos afectados por la lava, cuando la realidad muestra un da\u00f1o mucho mayor. A lo largo del \u00faltimo a\u00f1o hacemos un enorme esfuerzo t\u00e9cnico y de auditor\u00eda para identificar todas las infraestructuras afectadas\u201d, se\u00f1ala.<\/p>\n<p>Este segundo convenio incluye m\u00e1s de 70 caminos, as\u00ed como intervenciones clave como el mirador de Monta\u00f1a Cogote, un parque infantil en Los Campitos, la plaza y sede vecinal de Todoque, dotaciones vinculadas al sendero GR-130, los equipamientos del Callej\u00f3n de La Gata y el nuevo campo de f\u00fatbol de La Laguna.<\/p>\n<p>El compromiso inicial del Estado establece que el Gobierno de Espa\u00f1a financia el 50% del coste de las obras de reconstrucci\u00f3n de titularidad municipal, permitiendo incluso su mejora. El Ayuntamiento, sin capacidad para asumir el 50% restante, alcanza un acuerdo con el Cabildo de La Palma y el Gobierno de Canarias para que cada uno aporte un 25%. Gracias a esta colaboraci\u00f3n, se garantiza la ejecuci\u00f3n del 100% de las actuaciones previstas.<\/p>\n<p>El alcalde defiende que la reconstrucci\u00f3n \u201ces un proceso vivo\u201d, que se actualiza a medida que se recuperan las infraestructuras da\u00f1adas por la erupci\u00f3n.<\/p>\n<p>\u201cSeguimos trabajando de la mano con el Cabildo de La Palma y el Gobierno de Espa\u00f1a para que nuestros vecinos y vecinas recuperen sus proyectos de vida. El a\u00f1o pasado dijimos que agilizar\u00edamos la reconstrucci\u00f3n, y cumplimos\u201d, a\u00f1ade Llamas.<\/p>\n<h2><strong>Tres grandes bloques de actuaci\u00f3n<\/strong><\/h2>\n<p>El convenio se articula en tres grandes l\u00edneas de inversi\u00f3n. La primera, dotada con m\u00e1s de 20,5 millones de euros, se centra en la ejecuci\u00f3n de redes viarias en enclaves como Camino La Aldea, Camino Ca\u00f1a\u00f1a, Camino El Pedregal o el Callej\u00f3n de La Gata.<\/p>\n<p>La segunda l\u00ednea, destinada a dotaciones p\u00fablicas, moviliza m\u00e1s de 29 millones de euros. Contempla intervenciones como la plaza y sede vecinal de Todoque, el nuevo campo de f\u00fatbol de La Laguna, \u00e1reas recreativas en la zona de Los Campitos y miradores en enclaves estrat\u00e9gicos de la ladera.<\/p>\n<p>La tercera l\u00ednea incluye actuaciones complementarias por m\u00e1s de 16 millones de euros, destinadas a culminar la recuperaci\u00f3n del viario en zonas como Las Carmonas, El Calvario, Camino Lujana o Pampillo.<\/p>\n<p>Con este nuevo env\u00edo, el Ayuntamiento reafirma su compromiso con una reconstrucci\u00f3n integral, segura y ordenada, orientada a garantizar el derecho a una vivienda digna, la conectividad entre barrios y la dotaci\u00f3n de espacios p\u00fablicos accesibles y modernos.<\/p>\n<p>El documento se suma al primer convenio ya firmado y en ejecuci\u00f3n, y representa un nuevo paso firme hacia la transformaci\u00f3n de Los Llanos de Aridane.<\/p>\n","protected":false},"excerpt":{"rendered":"<p>El alcalde, Javier Llamas, valora el esfuerzo t\u00e9cnico y de auditor\u00eda hecho el personal municipal para impulsar la reconstrucci\u00f3n post-volc\u00e1n<\/p>\n","protected":false},"author":4,"featured_media":4554,"comment_status":"open","ping_status":"open","sticky":false,"template":"","format":"standard","meta":{"footnotes":""},"categories":[1],"tags":[],"class_list":["post-4553","post","type-post","status-publish","format-standard","has-post-thumbnail","hentry","category-sin-categoria"],"yoast_head":"<!-- This site is optimized with the Yoast SEO plugin v22.7 - https:\/\/yoast.com\/wordpress\/plugins\/seo\/ -->\n<title>Los Llanos de Aridane colabora con el Estado para acelerar la reconstrucci\u00f3n - Ayuntamiento de Los Llanos de Aridane<\/title>\n<meta name=\"robots\" content=\"index, follow, max-snippet:-1, max-image-preview:large, max-video-preview:-1\" \/>\n<link rel=\"canonical\" href=\"https:\/\/www.aridane.org\/city\/2025\/07\/11\/los-llanos-de-aridane-colabora-con-el-estado-para-acelerar-la-reconstruccion\/\" \/>\n<meta property=\"og:locale\" content=\"es_ES\" \/>\n<meta property=\"og:type\" content=\"article\" \/>\n<meta property=\"og:title\" content=\"Los Llanos de Aridane colabora con el Estado para acelerar la reconstrucci\u00f3n - Ayuntamiento de Los Llanos de Aridane\" \/>\n<meta property=\"og:description\" content=\"El alcalde, Javier Llamas, valora el esfuerzo t\u00e9cnico y de auditor\u00eda hecho el personal municipal para impulsar la reconstrucci\u00f3n post-volc\u00e1n\" \/>\n<meta property=\"og:url\" content=\"https:\/\/www.aridane.org\/city\/2025\/07\/11\/los-llanos-de-aridane-colabora-con-el-estado-para-acelerar-la-reconstruccion\/\" \/>\n<meta property=\"og:site_name\" content=\"Ayuntamiento de Los Llanos de Aridane\" \/>\n<meta property=\"article:published_time\" content=\"2025-07-11T08:05:12+00:00\" \/>\n<meta property=\"article:modified_time\" content=\"2025-07-16T08:06:37+00:00\" \/>\n<meta property=\"og:image\" content=\"https:\/\/www.aridane.org\/city\/wp-content\/uploads\/2025\/07\/Reconstruccion-1-1-scaled.jpeg\" \/>\n\t<meta property=\"og:image:width\" content=\"2560\" \/>\n\t<meta property=\"og:image:height\" content=\"1919\" \/>\n\t<meta property=\"og:image:type\" content=\"image\/jpeg\" \/>\n<meta name=\"author\" content=\"Corresponsal\" \/>\n<meta name=\"twitter:card\" content=\"summary_large_image\" \/>\n<meta name=\"twitter:label1\" content=\"Escrito por\" \/>\n\t<meta name=\"twitter:data1\" content=\"Corresponsal\" \/>\n\t<meta name=\"twitter:label2\" content=\"Tiempo de lectura\" \/>\n\t<meta name=\"twitter:data2\" content=\"3 minutos\" \/>\n<script type=\"application\/ld+json\" class=\"yoast-schema-graph\">{\"@context\":\"https:\/\/schema.org\",\"@graph\":[{\"@type\":\"WebPage\",\"@id\":\"https:\/\/www.aridane.org\/city\/2025\/07\/11\/los-llanos-de-aridane-colabora-con-el-estado-para-acelerar-la-reconstruccion\/\",\"url\":\"https:\/\/www.aridane.org\/city\/2025\/07\/11\/los-llanos-de-aridane-colabora-con-el-estado-para-acelerar-la-reconstruccion\/\",\"name\":\"Los Llanos de Aridane colabora con el Estado para acelerar la reconstrucci\u00f3n - Ayuntamiento de Los Llanos de Aridane\",\"isPartOf\":{\"@id\":\"https:\/\/www.aridane.org\/city\/#website\"},\"primaryImageOfPage\":{\"@id\":\"https:\/\/www.aridane.org\/city\/2025\/07\/11\/los-llanos-de-aridane-colabora-con-el-estado-para-acelerar-la-reconstruccion\/#primaryimage\"},\"image\":{\"@id\":\"https:\/\/www.aridane.org\/city\/2025\/07\/11\/los-llanos-de-aridane-colabora-con-el-estado-para-acelerar-la-reconstruccion\/#primaryimage\"},\"thumbnailUrl\":\"https:\/\/www.aridane.org\/city\/wp-content\/uploads\/2025\/07\/Reconstruccion-1-1-scaled.jpeg\",\"datePublished\":\"2025-07-11T08:05:12+00:00\",\"dateModified\":\"2025-07-16T08:06:37+00:00\",\"author\":{\"@id\":\"https:\/\/www.aridane.org\/city\/#\/schema\/person\/89ebd376b223dc94cc1dbcf200c8e6da\"},\"breadcrumb\":{\"@id\":\"https:\/\/www.aridane.org\/city\/2025\/07\/11\/los-llanos-de-aridane-colabora-con-el-estado-para-acelerar-la-reconstruccion\/#breadcrumb\"},\"inLanguage\":\"es\",\"potentialAction\":[{\"@type\":\"ReadAction\",\"target\":[\"https:\/\/www.aridane.org\/city\/2025\/07\/11\/los-llanos-de-aridane-colabora-con-el-estado-para-acelerar-la-reconstruccion\/\"]}]},{\"@type\":\"ImageObject\",\"inLanguage\":\"es\",\"@id\":\"https:\/\/www.aridane.org\/city\/2025\/07\/11\/los-llanos-de-aridane-colabora-con-el-estado-para-acelerar-la-reconstruccion\/#primaryimage\",\"url\":\"https:\/\/www.aridane.org\/city\/wp-content\/uploads\/2025\/07\/Reconstruccion-1-1-scaled.jpeg\",\"contentUrl\":\"https:\/\/www.aridane.org\/city\/wp-content\/uploads\/2025\/07\/Reconstruccion-1-1-scaled.jpeg\",\"width\":2560,\"height\":1919},{\"@type\":\"BreadcrumbList\",\"@id\":\"https:\/\/www.aridane.org\/city\/2025\/07\/11\/los-llanos-de-aridane-colabora-con-el-estado-para-acelerar-la-reconstruccion\/#breadcrumb\",\"itemListElement\":[{\"@type\":\"ListItem\",\"position\":1,\"name\":\"Portada\",\"item\":\"https:\/\/www.aridane.org\/city\/\"},{\"@type\":\"ListItem\",\"position\":2,\"name\":\"Los Llanos de Aridane colabora con el Estado para acelerar la reconstrucci\u00f3n\"}]},{\"@type\":\"WebSite\",\"@id\":\"https:\/\/www.aridane.org\/city\/#website\",\"url\":\"https:\/\/www.aridane.org\/city\/\",\"name\":\"Ayuntamiento de Los Llanos de Aridane\",\"description\":\"\",\"potentialAction\":[{\"@type\":\"SearchAction\",\"target\":{\"@type\":\"EntryPoint\",\"urlTemplate\":\"https:\/\/www.aridane.org\/city\/?s={search_term_string}\"},\"query-input\":\"required name=search_term_string\"}],\"inLanguage\":\"es\"},{\"@type\":\"Person\",\"@id\":\"https:\/\/www.aridane.org\/city\/#\/schema\/person\/89ebd376b223dc94cc1dbcf200c8e6da\",\"name\":\"Corresponsal\",\"image\":{\"@type\":\"ImageObject\",\"inLanguage\":\"es\",\"@id\":\"https:\/\/www.aridane.org\/city\/#\/schema\/person\/image\/\",\"url\":\"https:\/\/secure.gravatar.com\/avatar\/1c476992411e4ccf153da63b2b2f5ea0bb4cb1c85f3ceab8512f04325ad5579c?s=96&d=mm&r=g\",\"contentUrl\":\"https:\/\/secure.gravatar.com\/avatar\/1c476992411e4ccf153da63b2b2f5ea0bb4cb1c85f3ceab8512f04325ad5579c?s=96&d=mm&r=g\",\"caption\":\"Corresponsal\"},\"url\":\"https:\/\/www.aridane.org\/city\/author\/corresponsal\/\"}]}<\/script>\n<!-- \/ Yoast SEO plugin. -->","yoast_head_json":{"title":"Los Llanos de Aridane colabora con el Estado para acelerar la reconstrucci\u00f3n - Ayuntamiento de Los Llanos de Aridane","robots":{"index":"index","follow":"follow","max-snippet":"max-snippet:-1","max-image-preview":"max-image-preview:large","max-video-preview":"max-video-preview:-1"},"canonical":"https:\/\/www.aridane.org\/city\/2025\/07\/11\/los-llanos-de-aridane-colabora-con-el-estado-para-acelerar-la-reconstruccion\/","og_locale":"es_ES","og_type":"article","og_title":"Los Llanos de Aridane colabora con el Estado para acelerar la reconstrucci\u00f3n - Ayuntamiento de Los Llanos de Aridane","og_description":"El alcalde, Javier Llamas, valora el esfuerzo t\u00e9cnico y de auditor\u00eda hecho el personal municipal para impulsar la reconstrucci\u00f3n post-volc\u00e1n","og_url":"https:\/\/www.aridane.org\/city\/2025\/07\/11\/los-llanos-de-aridane-colabora-con-el-estado-para-acelerar-la-reconstruccion\/","og_site_name":"Ayuntamiento de Los Llanos de Aridane","article_published_time":"2025-07-11T08:05:12+00:00","article_modified_time":"2025-07-16T08:06:37+00:00","og_image":[{"width":2560,"height":1919,"url":"https:\/\/www.aridane.org\/city\/wp-content\/uploads\/2025\/07\/Reconstruccion-1-1-scaled.jpeg","type":"image\/jpeg"}],"author":"Corresponsal","twitter_card":"summary_large_image","twitter_misc":{"Escrito por":"Corresponsal","Tiempo de lectura":"3 minutos"},"schema":{"@context":"https:\/\/schema.org","@graph":[{"@type":"WebPage","@id":"https:\/\/www.aridane.org\/city\/2025\/07\/11\/los-llanos-de-aridane-colabora-con-el-estado-para-acelerar-la-reconstruccion\/","url":"https:\/\/www.aridane.org\/city\/2025\/07\/11\/los-llanos-de-aridane-colabora-con-el-estado-para-acelerar-la-reconstruccion\/","name":"Los Llanos de Aridane colabora con el Estado para acelerar la reconstrucci\u00f3n - Ayuntamiento de Los Llanos de Aridane","isPartOf":{"@id":"https:\/\/www.aridane.org\/city\/#website"},"primaryImageOfPage":{"@id":"https:\/\/www.aridane.org\/city\/2025\/07\/11\/los-llanos-de-aridane-colabora-con-el-estado-para-acelerar-la-reconstruccion\/#primaryimage"},"image":{"@id":"https:\/\/www.aridane.org\/city\/2025\/07\/11\/los-llanos-de-aridane-colabora-con-el-estado-para-acelerar-la-reconstruccion\/#primaryimage"},"thumbnailUrl":"https:\/\/www.aridane.org\/city\/wp-content\/uploads\/2025\/07\/Reconstruccion-1-1-scaled.jpeg","datePublished":"2025-07-11T08:05:12+00:00","dateModified":"2025-07-16T08:06:37+00:00","author":{"@id":"https:\/\/www.aridane.org\/city\/#\/schema\/person\/89ebd376b223dc94cc1dbcf200c8e6da"},"breadcrumb":{"@id":"https:\/\/www.aridane.org\/city\/2025\/07\/11\/los-llanos-de-aridane-colabora-con-el-estado-para-acelerar-la-reconstruccion\/#breadcrumb"},"inLanguage":"es","potentialAction":[{"@type":"ReadAction","target":["https:\/\/www.aridane.org\/city\/2025\/07\/11\/los-llanos-de-aridane-colabora-con-el-estado-para-acelerar-la-reconstruccion\/"]}]},{"@type":"ImageObject","inLanguage":"es","@id":"https:\/\/www.aridane.org\/city\/2025\/07\/11\/los-llanos-de-aridane-colabora-con-el-estado-para-acelerar-la-reconstruccion\/#primaryimage","url":"https:\/\/www.aridane.org\/city\/wp-content\/uploads\/2025\/07\/Reconstruccion-1-1-scaled.jpeg","contentUrl":"https:\/\/www.aridane.org\/city\/wp-content\/uploads\/2025\/07\/Reconstruccion-1-1-scaled.jpeg","width":2560,"height":1919},{"@type":"BreadcrumbList","@id":"https:\/\/www.aridane.org\/city\/2025\/07\/11\/los-llanos-de-aridane-colabora-con-el-estado-para-acelerar-la-reconstruccion\/#breadcrumb","itemListElement":[{"@type":"ListItem","position":1,"name":"Portada","item":"https:\/\/www.aridane.org\/city\/"},{"@type":"ListItem","position":2,"name":"Los Llanos de Aridane colabora con el Estado para acelerar la reconstrucci\u00f3n"}]},{"@type":"WebSite","@id":"https:\/\/www.aridane.org\/city\/#website","url":"https:\/\/www.aridane.org\/city\/","name":"Ayuntamiento de Los Llanos de Aridane","description":"","potentialAction":[{"@type":"SearchAction","target":{"@type":"EntryPoint","urlTemplate":"https:\/\/www.aridane.org\/city\/?s={search_term_string}"},"query-input":"required name=search_term_string"}],"inLanguage":"es"},{"@type":"Person","@id":"https:\/\/www.aridane.org\/city\/#\/schema\/person\/89ebd376b223dc94cc1dbcf200c8e6da","name":"Corresponsal","image":{"@type":"ImageObject","inLanguage":"es","@id":"https:\/\/www.aridane.org\/city\/#\/schema\/person\/image\/","url":"https:\/\/secure.gravatar.com\/avatar\/1c476992411e4ccf153da63b2b2f5ea0bb4cb1c85f3ceab8512f04325ad5579c?s=96&d=mm&r=g","contentUrl":"https:\/\/secure.gravatar.com\/avatar\/1c476992411e4ccf153da63b2b2f5ea0bb4cb1c85f3ceab8512f04325ad5579c?s=96&d=mm&r=g","caption":"Corresponsal"},"url":"https:\/\/www.aridane.org\/city\/author\/corresponsal\/"}]}},"_links":{"self":[{"href":"https:\/\/www.aridane.org\/city\/wp-json\/wp\/v2\/posts\/4553","targetHints":{"allow":["GET"]}}],"collection":[{"href":"https:\/\/www.aridane.org\/city\/wp-json\/wp\/v2\/posts"}],"about":[{"href":"https:\/\/www.aridane.org\/city\/wp-json\/wp\/v2\/types\/post"}],"author":[{"embeddable":true,"href":"https:\/\/www.aridane.org\/city\/wp-json\/wp\/v2\/users\/4"}],"replies":[{"embeddable":true,"href":"https:\/\/www.aridane.org\/city\/wp-json\/wp\/v2\/comments?post=4553"}],"version-history":[{"count":1,"href":"https:\/\/www.aridane.org\/city\/wp-json\/wp\/v2\/posts\/4553\/revisions"}],"predecessor-version":[{"id":4555,"href":"https:\/\/www.aridane.org\/city\/wp-json\/wp\/v2\/posts\/4553\/revisions\/4555"}],"wp:featuredmedia":[{"embeddable":true,"href":"https:\/\/www.aridane.org\/city\/wp-json\/wp\/v2\/media\/4554"}],"wp:attachment":[{"href":"https:\/\/www.aridane.org\/city\/wp-json\/wp\/v2\/media?parent=4553"}],"wp:term":[{"taxonomy":"category","embeddable":true,"href":"https:\/\/www.aridane.org\/city\/wp-json\/wp\/v2\/categories?post=4553"},{"taxonomy":"post_tag","embeddable":true,"href":"https:\/\/www.aridane.org\/city\/wp-json\/wp\/v2\/tags?post=4553"}],"curies":[{"name":"wp","href":"https:\/\/api.w.org\/{rel}","templated":true}]}}