{"id":4556,"date":"2025-07-09T08:06:57","date_gmt":"2025-07-09T08:06:57","guid":{"rendered":"https:\/\/www.aridane.org\/city\/?p=4556"},"modified":"2025-07-16T08:07:49","modified_gmt":"2025-07-16T08:07:49","slug":"los-llanos-de-aridane-acerca-los-tramites-de-extranjeria-con-una-oficina-temporal-este-viernes","status":"publish","type":"post","link":"https:\/\/www.aridane.org\/city\/2025\/07\/09\/los-llanos-de-aridane-acerca-los-tramites-de-extranjeria-con-una-oficina-temporal-este-viernes\/","title":{"rendered":"Los Llanos de Aridane acerca los tr\u00e1mites de Extranjer\u00eda con una oficina temporal este viernes"},"content":{"rendered":"<p><em>La jornada de atenci\u00f3n tendr\u00e1 lugar en horario de 09:00 a 13:00 horas, en las instalaciones municipales de Servicios Sociales<\/em><!--more--><\/p>\n<div id=\"v1v1forwardbody1\">\n<p>El Ayuntamiento de Los Llanos de Aridane habilita una oficina de Extranjer\u00eda en la oficina de Servicios Sociales para acercar estos servicios a la ciudadan\u00eda del municipio, ofreciendo as\u00ed una atenci\u00f3n directa y cercana sin necesidad de desplazamientos.<\/p>\n<p>La primera jornada de atenci\u00f3n tendr\u00e1 lugar el viernes, 11 de julio, en horario de 09:00 a 13:00 horas, en las instalaciones municipales de Servicios Sociales. Para poder ser atendido es imprescindible solicitar cita previa llamando al 922 42 55 21. Habr\u00e1 m\u00e1s fechas disponibles para los siguientes meses.<\/p>\n<p>La concejala de Servicios Sociales, Idaira P\u00e9rez, explica que se habilita esta oficina debido a la demanda de las personas extranjeras que residen en Los Llanos de Aridane. \u201cFacilitar este tipo de tr\u00e1mites evita desplazamientos y permite resolver muchas gestiones de forma m\u00e1s r\u00e1pida y cercana, especialmente para aquellas personas con mayores dificultades de movilidad o acceso digital\u201d, se\u00f1ala.<\/p>\n<p>Durante la jornada, se podr\u00e1n realizar consultas de expedientes, solicitudes de residencias iniciales y renovaciones, reagrupaci\u00f3n familiar, as\u00ed como la obtenci\u00f3n del Certificado Digital y Cl@ve Permanente para la realizaci\u00f3n de gestiones online.<\/p>\n<p>El Ayuntamiento de Los Llanos de Aridane contin\u00faa as\u00ed reforzando su compromiso con la atenci\u00f3n social, acercando los servicios administrativos a la realidad diaria de los vecinos y vecinas del municipio.<\/p>\n<\/div>\n","protected":false},"excerpt":{"rendered":"<p>La jornada de atenci\u00f3n tendr\u00e1 lugar en horario de 09:00 a 13:00 horas, en las instalaciones municipales de Servicios Sociales<\/p>\n","protected":false},"author":4,"featured_media":4557,"comment_status":"open","ping_status":"open","sticky":false,"template":"","format":"standard","meta":{"footnotes":""},"categories":[1],"tags":[],"class_list":["post-4556","post","type-post","status-publish","format-standard","has-post-thumbnail","hentry","category-sin-categoria"],"yoast_head":"<!-- This site is optimized with the Yoast SEO plugin v22.7 - https:\/\/yoast.com\/wordpress\/plugins\/seo\/ -->\n<title>Los Llanos de Aridane acerca los tr\u00e1mites de Extranjer\u00eda con una oficina temporal este viernes - Ayuntamiento de Los Llanos de Aridane<\/title>\n<meta name=\"robots\" content=\"index, follow, max-snippet:-1, max-image-preview:large, max-video-preview:-1\" \/>\n<link rel=\"canonical\" href=\"https:\/\/www.aridane.org\/city\/2025\/07\/09\/los-llanos-de-aridane-acerca-los-tramites-de-extranjeria-con-una-oficina-temporal-este-viernes\/\" \/>\n<meta property=\"og:locale\" content=\"es_ES\" \/>\n<meta property=\"og:type\" content=\"article\" \/>\n<meta property=\"og:title\" content=\"Los Llanos de Aridane acerca los tr\u00e1mites de Extranjer\u00eda con una oficina temporal este viernes - Ayuntamiento de Los Llanos de Aridane\" \/>\n<meta property=\"og:description\" content=\"La jornada de atenci\u00f3n tendr\u00e1 lugar en horario de 09:00 a 13:00 horas, en las instalaciones municipales de Servicios Sociales\" \/>\n<meta property=\"og:url\" content=\"https:\/\/www.aridane.org\/city\/2025\/07\/09\/los-llanos-de-aridane-acerca-los-tramites-de-extranjeria-con-una-oficina-temporal-este-viernes\/\" \/>\n<meta property=\"og:site_name\" content=\"Ayuntamiento de Los Llanos de Aridane\" \/>\n<meta property=\"article:published_time\" content=\"2025-07-09T08:06:57+00:00\" \/>\n<meta property=\"article:modified_time\" content=\"2025-07-16T08:07:49+00:00\" \/>\n<meta property=\"og:image\" content=\"https:\/\/www.aridane.org\/city\/wp-content\/uploads\/2025\/07\/Edificio-Servicios-Sociales-LosLlanos.jpeg\" \/>\n\t<meta property=\"og:image:width\" content=\"900\" \/>\n\t<meta property=\"og:image:height\" content=\"675\" \/>\n\t<meta property=\"og:image:type\" content=\"image\/jpeg\" \/>\n<meta name=\"author\" content=\"Corresponsal\" \/>\n<meta name=\"twitter:card\" content=\"summary_large_image\" \/>\n<meta name=\"twitter:label1\" content=\"Escrito por\" \/>\n\t<meta name=\"twitter:data1\" content=\"Corresponsal\" \/>\n\t<meta name=\"twitter:label2\" content=\"Tiempo de lectura\" \/>\n\t<meta name=\"twitter:data2\" content=\"2 minutos\" \/>\n<script type=\"application\/ld+json\" class=\"yoast-schema-graph\">{\"@context\":\"https:\/\/schema.org\",\"@graph\":[{\"@type\":\"WebPage\",\"@id\":\"https:\/\/www.aridane.org\/city\/2025\/07\/09\/los-llanos-de-aridane-acerca-los-tramites-de-extranjeria-con-una-oficina-temporal-este-viernes\/\",\"url\":\"https:\/\/www.aridane.org\/city\/2025\/07\/09\/los-llanos-de-aridane-acerca-los-tramites-de-extranjeria-con-una-oficina-temporal-este-viernes\/\",\"name\":\"Los Llanos de Aridane acerca los tr\u00e1mites de Extranjer\u00eda con una oficina temporal este viernes - Ayuntamiento de Los Llanos de Aridane\",\"isPartOf\":{\"@id\":\"https:\/\/www.aridane.org\/city\/#website\"},\"primaryImageOfPage\":{\"@id\":\"https:\/\/www.aridane.org\/city\/2025\/07\/09\/los-llanos-de-aridane-acerca-los-tramites-de-extranjeria-con-una-oficina-temporal-este-viernes\/#primaryimage\"},\"image\":{\"@id\":\"https:\/\/www.aridane.org\/city\/2025\/07\/09\/los-llanos-de-aridane-acerca-los-tramites-de-extranjeria-con-una-oficina-temporal-este-viernes\/#primaryimage\"},\"thumbnailUrl\":\"https:\/\/www.aridane.org\/city\/wp-content\/uploads\/2025\/07\/Edificio-Servicios-Sociales-LosLlanos.jpeg\",\"datePublished\":\"2025-07-09T08:06:57+00:00\",\"dateModified\":\"2025-07-16T08:07:49+00:00\",\"author\":{\"@id\":\"https:\/\/www.aridane.org\/city\/#\/schema\/person\/89ebd376b223dc94cc1dbcf200c8e6da\"},\"breadcrumb\":{\"@id\":\"https:\/\/www.aridane.org\/city\/2025\/07\/09\/los-llanos-de-aridane-acerca-los-tramites-de-extranjeria-con-una-oficina-temporal-este-viernes\/#breadcrumb\"},\"inLanguage\":\"es\",\"potentialAction\":[{\"@type\":\"ReadAction\",\"target\":[\"https:\/\/www.aridane.org\/city\/2025\/07\/09\/los-llanos-de-aridane-acerca-los-tramites-de-extranjeria-con-una-oficina-temporal-este-viernes\/\"]}]},{\"@type\":\"ImageObject\",\"inLanguage\":\"es\",\"@id\":\"https:\/\/www.aridane.org\/city\/2025\/07\/09\/los-llanos-de-aridane-acerca-los-tramites-de-extranjeria-con-una-oficina-temporal-este-viernes\/#primaryimage\",\"url\":\"https:\/\/www.aridane.org\/city\/wp-content\/uploads\/2025\/07\/Edificio-Servicios-Sociales-LosLlanos.jpeg\",\"contentUrl\":\"https:\/\/www.aridane.org\/city\/wp-content\/uploads\/2025\/07\/Edificio-Servicios-Sociales-LosLlanos.jpeg\",\"width\":900,\"height\":675},{\"@type\":\"BreadcrumbList\",\"@id\":\"https:\/\/www.aridane.org\/city\/2025\/07\/09\/los-llanos-de-aridane-acerca-los-tramites-de-extranjeria-con-una-oficina-temporal-este-viernes\/#breadcrumb\",\"itemListElement\":[{\"@type\":\"ListItem\",\"position\":1,\"name\":\"Portada\",\"item\":\"https:\/\/www.aridane.org\/city\/\"},{\"@type\":\"ListItem\",\"position\":2,\"name\":\"Los Llanos de Aridane acerca los tr\u00e1mites de Extranjer\u00eda con una oficina temporal este viernes\"}]},{\"@type\":\"WebSite\",\"@id\":\"https:\/\/www.aridane.org\/city\/#website\",\"url\":\"https:\/\/www.aridane.org\/city\/\",\"name\":\"Ayuntamiento de Los Llanos de Aridane\",\"description\":\"\",\"potentialAction\":[{\"@type\":\"SearchAction\",\"target\":{\"@type\":\"EntryPoint\",\"urlTemplate\":\"https:\/\/www.aridane.org\/city\/?s={search_term_string}\"},\"query-input\":\"required name=search_term_string\"}],\"inLanguage\":\"es\"},{\"@type\":\"Person\",\"@id\":\"https:\/\/www.aridane.org\/city\/#\/schema\/person\/89ebd376b223dc94cc1dbcf200c8e6da\",\"name\":\"Corresponsal\",\"image\":{\"@type\":\"ImageObject\",\"inLanguage\":\"es\",\"@id\":\"https:\/\/www.aridane.org\/city\/#\/schema\/person\/image\/\",\"url\":\"https:\/\/secure.gravatar.com\/avatar\/1c476992411e4ccf153da63b2b2f5ea0bb4cb1c85f3ceab8512f04325ad5579c?s=96&d=mm&r=g\",\"contentUrl\":\"https:\/\/secure.gravatar.com\/avatar\/1c476992411e4ccf153da63b2b2f5ea0bb4cb1c85f3ceab8512f04325ad5579c?s=96&d=mm&r=g\",\"caption\":\"Corresponsal\"},\"url\":\"https:\/\/www.aridane.org\/city\/author\/corresponsal\/\"}]}<\/script>\n<!-- \/ Yoast SEO plugin. -->","yoast_head_json":{"title":"Los Llanos de Aridane acerca los tr\u00e1mites de Extranjer\u00eda con una oficina temporal este viernes - Ayuntamiento de Los Llanos de Aridane","robots":{"index":"index","follow":"follow","max-snippet":"max-snippet:-1","max-image-preview":"max-image-preview:large","max-video-preview":"max-video-preview:-1"},"canonical":"https:\/\/www.aridane.org\/city\/2025\/07\/09\/los-llanos-de-aridane-acerca-los-tramites-de-extranjeria-con-una-oficina-temporal-este-viernes\/","og_locale":"es_ES","og_type":"article","og_title":"Los Llanos de Aridane acerca los tr\u00e1mites de Extranjer\u00eda con una oficina temporal este viernes - Ayuntamiento de Los Llanos de Aridane","og_description":"La jornada de atenci\u00f3n tendr\u00e1 lugar en horario de 09:00 a 13:00 horas, en las instalaciones municipales de Servicios Sociales","og_url":"https:\/\/www.aridane.org\/city\/2025\/07\/09\/los-llanos-de-aridane-acerca-los-tramites-de-extranjeria-con-una-oficina-temporal-este-viernes\/","og_site_name":"Ayuntamiento de Los Llanos de Aridane","article_published_time":"2025-07-09T08:06:57+00:00","article_modified_time":"2025-07-16T08:07:49+00:00","og_image":[{"width":900,"height":675,"url":"https:\/\/www.aridane.org\/city\/wp-content\/uploads\/2025\/07\/Edificio-Servicios-Sociales-LosLlanos.jpeg","type":"image\/jpeg"}],"author":"Corresponsal","twitter_card":"summary_large_image","twitter_misc":{"Escrito por":"Corresponsal","Tiempo de lectura":"2 minutos"},"schema":{"@context":"https:\/\/schema.org","@graph":[{"@type":"WebPage","@id":"https:\/\/www.aridane.org\/city\/2025\/07\/09\/los-llanos-de-aridane-acerca-los-tramites-de-extranjeria-con-una-oficina-temporal-este-viernes\/","url":"https:\/\/www.aridane.org\/city\/2025\/07\/09\/los-llanos-de-aridane-acerca-los-tramites-de-extranjeria-con-una-oficina-temporal-este-viernes\/","name":"Los Llanos de Aridane acerca los tr\u00e1mites de Extranjer\u00eda con una oficina temporal este viernes - Ayuntamiento de Los Llanos de Aridane","isPartOf":{"@id":"https:\/\/www.aridane.org\/city\/#website"},"primaryImageOfPage":{"@id":"https:\/\/www.aridane.org\/city\/2025\/07\/09\/los-llanos-de-aridane-acerca-los-tramites-de-extranjeria-con-una-oficina-temporal-este-viernes\/#primaryimage"},"image":{"@id":"https:\/\/www.aridane.org\/city\/2025\/07\/09\/los-llanos-de-aridane-acerca-los-tramites-de-extranjeria-con-una-oficina-temporal-este-viernes\/#primaryimage"},"thumbnailUrl":"https:\/\/www.aridane.org\/city\/wp-content\/uploads\/2025\/07\/Edificio-Servicios-Sociales-LosLlanos.jpeg","datePublished":"2025-07-09T08:06:57+00:00","dateModified":"2025-07-16T08:07:49+00:00","author":{"@id":"https:\/\/www.aridane.org\/city\/#\/schema\/person\/89ebd376b223dc94cc1dbcf200c8e6da"},"breadcrumb":{"@id":"https:\/\/www.aridane.org\/city\/2025\/07\/09\/los-llanos-de-aridane-acerca-los-tramites-de-extranjeria-con-una-oficina-temporal-este-viernes\/#breadcrumb"},"inLanguage":"es","potentialAction":[{"@type":"ReadAction","target":["https:\/\/www.aridane.org\/city\/2025\/07\/09\/los-llanos-de-aridane-acerca-los-tramites-de-extranjeria-con-una-oficina-temporal-este-viernes\/"]}]},{"@type":"ImageObject","inLanguage":"es","@id":"https:\/\/www.aridane.org\/city\/2025\/07\/09\/los-llanos-de-aridane-acerca-los-tramites-de-extranjeria-con-una-oficina-temporal-este-viernes\/#primaryimage","url":"https:\/\/www.aridane.org\/city\/wp-content\/uploads\/2025\/07\/Edificio-Servicios-Sociales-LosLlanos.jpeg","contentUrl":"https:\/\/www.aridane.org\/city\/wp-content\/uploads\/2025\/07\/Edificio-Servicios-Sociales-LosLlanos.jpeg","width":900,"height":675},{"@type":"BreadcrumbList","@id":"https:\/\/www.aridane.org\/city\/2025\/07\/09\/los-llanos-de-aridane-acerca-los-tramites-de-extranjeria-con-una-oficina-temporal-este-viernes\/#breadcrumb","itemListElement":[{"@type":"ListItem","position":1,"name":"Portada","item":"https:\/\/www.aridane.org\/city\/"},{"@type":"ListItem","position":2,"name":"Los Llanos de Aridane acerca los tr\u00e1mites de Extranjer\u00eda con una oficina temporal este viernes"}]},{"@type":"WebSite","@id":"https:\/\/www.aridane.org\/city\/#website","url":"https:\/\/www.aridane.org\/city\/","name":"Ayuntamiento de Los Llanos de Aridane","description":"","potentialAction":[{"@type":"SearchAction","target":{"@type":"EntryPoint","urlTemplate":"https:\/\/www.aridane.org\/city\/?s={search_term_string}"},"query-input":"required name=search_term_string"}],"inLanguage":"es"},{"@type":"Person","@id":"https:\/\/www.aridane.org\/city\/#\/schema\/person\/89ebd376b223dc94cc1dbcf200c8e6da","name":"Corresponsal","image":{"@type":"ImageObject","inLanguage":"es","@id":"https:\/\/www.aridane.org\/city\/#\/schema\/person\/image\/","url":"https:\/\/secure.gravatar.com\/avatar\/1c476992411e4ccf153da63b2b2f5ea0bb4cb1c85f3ceab8512f04325ad5579c?s=96&d=mm&r=g","contentUrl":"https:\/\/secure.gravatar.com\/avatar\/1c476992411e4ccf153da63b2b2f5ea0bb4cb1c85f3ceab8512f04325ad5579c?s=96&d=mm&r=g","caption":"Corresponsal"},"url":"https:\/\/www.aridane.org\/city\/author\/corresponsal\/"}]}},"_links":{"self":[{"href":"https:\/\/www.aridane.org\/city\/wp-json\/wp\/v2\/posts\/4556","targetHints":{"allow":["GET"]}}],"collection":[{"href":"https:\/\/www.aridane.org\/city\/wp-json\/wp\/v2\/posts"}],"about":[{"href":"https:\/\/www.aridane.org\/city\/wp-json\/wp\/v2\/types\/post"}],"author":[{"embeddable":true,"href":"https:\/\/www.aridane.org\/city\/wp-json\/wp\/v2\/users\/4"}],"replies":[{"embeddable":true,"href":"https:\/\/www.aridane.org\/city\/wp-json\/wp\/v2\/comments?post=4556"}],"version-history":[{"count":1,"href":"https:\/\/www.aridane.org\/city\/wp-json\/wp\/v2\/posts\/4556\/revisions"}],"predecessor-version":[{"id":4558,"href":"https:\/\/www.aridane.org\/city\/wp-json\/wp\/v2\/posts\/4556\/revisions\/4558"}],"wp:featuredmedia":[{"embeddable":true,"href":"https:\/\/www.aridane.org\/city\/wp-json\/wp\/v2\/media\/4557"}],"wp:attachment":[{"href":"https:\/\/www.aridane.org\/city\/wp-json\/wp\/v2\/media?parent=4556"}],"wp:term":[{"taxonomy":"category","embeddable":true,"href":"https:\/\/www.aridane.org\/city\/wp-json\/wp\/v2\/categories?post=4556"},{"taxonomy":"post_tag","embeddable":true,"href":"https:\/\/www.aridane.org\/city\/wp-json\/wp\/v2\/tags?post=4556"}],"curies":[{"name":"wp","href":"https:\/\/api.w.org\/{rel}","templated":true}]}}