{"id":4559,"date":"2025-07-07T08:08:55","date_gmt":"2025-07-07T08:08:55","guid":{"rendered":"https:\/\/www.aridane.org\/city\/?p=4559"},"modified":"2025-07-16T08:09:05","modified_gmt":"2025-07-16T08:09:05","slug":"los-llanos-de-aridane-lanza-nuevas-ayudas-para-asociaciones-vecinales","status":"publish","type":"post","link":"https:\/\/www.aridane.org\/city\/2025\/07\/07\/los-llanos-de-aridane-lanza-nuevas-ayudas-para-asociaciones-vecinales\/","title":{"rendered":"Los Llanos de Aridane lanza nuevas ayudas para asociaciones vecinales\u00a0"},"content":{"rendered":"<p><em>La convocatoria, dotada con 50.000 euros, apoya iniciativas sin \u00e1nimo de lucro\u00a0<\/em><!--more--><\/p>\n<div id=\"v1forwardbody1\">\n<p>El Ayuntamiento de Los Llanos de Aridane lanza una nueva convocatoria de ayudas econ\u00f3micas para asociaciones de vecinos del municipio sin \u00e1nimo de lucro, con el fin de fomentar la convivencia ciudadana. La ayuda total asciende a 50.000 euros.<\/p>\n<p>Los proyectos deber\u00e1n ejecutarse \u00edntegramente en el municipio entre el 1 de enero y el 31 de diciembre de 2025, y solo se aceptar\u00e1 una propuesta por entidad. No hay l\u00edmite econ\u00f3mico por beneficiario, pero solo se subvencionar\u00e1n gastos directamente vinculados al proyecto. Quedan excluidas celebraciones, comidas y actos privados fuera del \u00e1mbito p\u00fablico o festivo tradicional.<\/p>\n<p>El concejal de Participaci\u00f3n Ciudadana, Ar\u00f3n Le\u00f3n, subraya la importancia de esta l\u00ednea de apoyo a las asociaciones vecinales y el compromiso del Consistorio con el tejido asociativo. \u201cApostamos por un modelo de municipio donde la implicaci\u00f3n ciudadana sea protagonista en la mejora del d\u00eda a d\u00eda en nuestros n\u00facleos urbanos y rurales\u201d, afirma.<\/p>\n<p>Por su parte, el alcalde, Javier Llamas, destaca que esta convocatoria refleja el compromiso del Ayuntamiento con una participaci\u00f3n ciudadana real y activa. \u201cQueremos que las asociaciones de vecinos sigan siendo un motor de dinamizaci\u00f3n social en todos los barrios, promoviendo actividades que generen cohesi\u00f3n, pertenencia y mejora del entorno en el que vivimos\u201d, se\u00f1ala.<\/p>\n<p>Las solicitudes se valorar\u00e1n por concurrencia competitiva y podr\u00e1n presentarse hasta el 29 de julio en el registro del Ayuntamiento o por medios electr\u00f3nicos oficiales.<\/p>\n<p>La documentaci\u00f3n obligatoria incluye el proyecto, certificados fiscales y registrales, memoria de actividades y dem\u00e1s requisitos especificados en las bases. En caso de que la solicitud presentada est\u00e9 incompleta, se conceder\u00e1 un plazo adicional de diez d\u00edas h\u00e1biles para subsanar. Si no se corrige en dicho plazo, se entender\u00e1 que la entidad desiste de su solicitud.<\/p>\n<\/div>\n","protected":false},"excerpt":{"rendered":"<p>La convocatoria, dotada con 50.000 euros, apoya iniciativas sin \u00e1nimo de lucro\u00a0<\/p>\n","protected":false},"author":4,"featured_media":4560,"comment_status":"open","ping_status":"open","sticky":false,"template":"","format":"standard","meta":{"footnotes":""},"categories":[1],"tags":[],"class_list":["post-4559","post","type-post","status-publish","format-standard","has-post-thumbnail","hentry","category-sin-categoria"],"yoast_head":"<!-- This site is optimized with the Yoast SEO plugin v22.7 - https:\/\/yoast.com\/wordpress\/plugins\/seo\/ -->\n<title>Los Llanos de Aridane lanza nuevas ayudas para asociaciones vecinales\u00a0 - Ayuntamiento de Los Llanos de Aridane<\/title>\n<meta name=\"robots\" content=\"index, follow, max-snippet:-1, max-image-preview:large, max-video-preview:-1\" \/>\n<link rel=\"canonical\" href=\"https:\/\/www.aridane.org\/city\/2025\/07\/07\/los-llanos-de-aridane-lanza-nuevas-ayudas-para-asociaciones-vecinales\/\" \/>\n<meta property=\"og:locale\" content=\"es_ES\" \/>\n<meta property=\"og:type\" content=\"article\" \/>\n<meta property=\"og:title\" content=\"Los Llanos de Aridane lanza nuevas ayudas para asociaciones vecinales\u00a0 - Ayuntamiento de Los Llanos de Aridane\" \/>\n<meta property=\"og:description\" content=\"La convocatoria, dotada con 50.000 euros, apoya iniciativas sin \u00e1nimo de lucro\u00a0\" \/>\n<meta property=\"og:url\" content=\"https:\/\/www.aridane.org\/city\/2025\/07\/07\/los-llanos-de-aridane-lanza-nuevas-ayudas-para-asociaciones-vecinales\/\" \/>\n<meta property=\"og:site_name\" content=\"Ayuntamiento de Los Llanos de Aridane\" \/>\n<meta property=\"article:published_time\" content=\"2025-07-07T08:08:55+00:00\" \/>\n<meta property=\"article:modified_time\" content=\"2025-07-16T08:09:05+00:00\" \/>\n<meta property=\"og:image\" content=\"https:\/\/www.aridane.org\/city\/wp-content\/uploads\/2025\/07\/Ayudas-asociaciones-vecinales-scaled.jpeg\" \/>\n\t<meta property=\"og:image:width\" content=\"2560\" \/>\n\t<meta property=\"og:image:height\" content=\"1921\" \/>\n\t<meta property=\"og:image:type\" content=\"image\/jpeg\" \/>\n<meta name=\"author\" content=\"Corresponsal\" \/>\n<meta name=\"twitter:card\" content=\"summary_large_image\" \/>\n<meta name=\"twitter:label1\" content=\"Escrito por\" \/>\n\t<meta name=\"twitter:data1\" content=\"Corresponsal\" \/>\n\t<meta name=\"twitter:label2\" content=\"Tiempo de lectura\" \/>\n\t<meta name=\"twitter:data2\" content=\"2 minutos\" \/>\n<script type=\"application\/ld+json\" class=\"yoast-schema-graph\">{\"@context\":\"https:\/\/schema.org\",\"@graph\":[{\"@type\":\"WebPage\",\"@id\":\"https:\/\/www.aridane.org\/city\/2025\/07\/07\/los-llanos-de-aridane-lanza-nuevas-ayudas-para-asociaciones-vecinales\/\",\"url\":\"https:\/\/www.aridane.org\/city\/2025\/07\/07\/los-llanos-de-aridane-lanza-nuevas-ayudas-para-asociaciones-vecinales\/\",\"name\":\"Los Llanos de Aridane lanza nuevas ayudas para asociaciones vecinales\u00a0 - Ayuntamiento de Los Llanos de Aridane\",\"isPartOf\":{\"@id\":\"https:\/\/www.aridane.org\/city\/#website\"},\"primaryImageOfPage\":{\"@id\":\"https:\/\/www.aridane.org\/city\/2025\/07\/07\/los-llanos-de-aridane-lanza-nuevas-ayudas-para-asociaciones-vecinales\/#primaryimage\"},\"image\":{\"@id\":\"https:\/\/www.aridane.org\/city\/2025\/07\/07\/los-llanos-de-aridane-lanza-nuevas-ayudas-para-asociaciones-vecinales\/#primaryimage\"},\"thumbnailUrl\":\"https:\/\/www.aridane.org\/city\/wp-content\/uploads\/2025\/07\/Ayudas-asociaciones-vecinales-scaled.jpeg\",\"datePublished\":\"2025-07-07T08:08:55+00:00\",\"dateModified\":\"2025-07-16T08:09:05+00:00\",\"author\":{\"@id\":\"https:\/\/www.aridane.org\/city\/#\/schema\/person\/89ebd376b223dc94cc1dbcf200c8e6da\"},\"breadcrumb\":{\"@id\":\"https:\/\/www.aridane.org\/city\/2025\/07\/07\/los-llanos-de-aridane-lanza-nuevas-ayudas-para-asociaciones-vecinales\/#breadcrumb\"},\"inLanguage\":\"es\",\"potentialAction\":[{\"@type\":\"ReadAction\",\"target\":[\"https:\/\/www.aridane.org\/city\/2025\/07\/07\/los-llanos-de-aridane-lanza-nuevas-ayudas-para-asociaciones-vecinales\/\"]}]},{\"@type\":\"ImageObject\",\"inLanguage\":\"es\",\"@id\":\"https:\/\/www.aridane.org\/city\/2025\/07\/07\/los-llanos-de-aridane-lanza-nuevas-ayudas-para-asociaciones-vecinales\/#primaryimage\",\"url\":\"https:\/\/www.aridane.org\/city\/wp-content\/uploads\/2025\/07\/Ayudas-asociaciones-vecinales-scaled.jpeg\",\"contentUrl\":\"https:\/\/www.aridane.org\/city\/wp-content\/uploads\/2025\/07\/Ayudas-asociaciones-vecinales-scaled.jpeg\",\"width\":2560,\"height\":1921},{\"@type\":\"BreadcrumbList\",\"@id\":\"https:\/\/www.aridane.org\/city\/2025\/07\/07\/los-llanos-de-aridane-lanza-nuevas-ayudas-para-asociaciones-vecinales\/#breadcrumb\",\"itemListElement\":[{\"@type\":\"ListItem\",\"position\":1,\"name\":\"Portada\",\"item\":\"https:\/\/www.aridane.org\/city\/\"},{\"@type\":\"ListItem\",\"position\":2,\"name\":\"Los Llanos de Aridane lanza nuevas ayudas para asociaciones vecinales\u00a0\"}]},{\"@type\":\"WebSite\",\"@id\":\"https:\/\/www.aridane.org\/city\/#website\",\"url\":\"https:\/\/www.aridane.org\/city\/\",\"name\":\"Ayuntamiento de Los Llanos de Aridane\",\"description\":\"\",\"potentialAction\":[{\"@type\":\"SearchAction\",\"target\":{\"@type\":\"EntryPoint\",\"urlTemplate\":\"https:\/\/www.aridane.org\/city\/?s={search_term_string}\"},\"query-input\":\"required name=search_term_string\"}],\"inLanguage\":\"es\"},{\"@type\":\"Person\",\"@id\":\"https:\/\/www.aridane.org\/city\/#\/schema\/person\/89ebd376b223dc94cc1dbcf200c8e6da\",\"name\":\"Corresponsal\",\"image\":{\"@type\":\"ImageObject\",\"inLanguage\":\"es\",\"@id\":\"https:\/\/www.aridane.org\/city\/#\/schema\/person\/image\/\",\"url\":\"https:\/\/secure.gravatar.com\/avatar\/1c476992411e4ccf153da63b2b2f5ea0bb4cb1c85f3ceab8512f04325ad5579c?s=96&d=mm&r=g\",\"contentUrl\":\"https:\/\/secure.gravatar.com\/avatar\/1c476992411e4ccf153da63b2b2f5ea0bb4cb1c85f3ceab8512f04325ad5579c?s=96&d=mm&r=g\",\"caption\":\"Corresponsal\"},\"url\":\"https:\/\/www.aridane.org\/city\/author\/corresponsal\/\"}]}<\/script>\n<!-- \/ Yoast SEO plugin. -->","yoast_head_json":{"title":"Los Llanos de Aridane lanza nuevas ayudas para asociaciones vecinales\u00a0 - Ayuntamiento de Los Llanos de Aridane","robots":{"index":"index","follow":"follow","max-snippet":"max-snippet:-1","max-image-preview":"max-image-preview:large","max-video-preview":"max-video-preview:-1"},"canonical":"https:\/\/www.aridane.org\/city\/2025\/07\/07\/los-llanos-de-aridane-lanza-nuevas-ayudas-para-asociaciones-vecinales\/","og_locale":"es_ES","og_type":"article","og_title":"Los Llanos de Aridane lanza nuevas ayudas para asociaciones vecinales\u00a0 - Ayuntamiento de Los Llanos de Aridane","og_description":"La convocatoria, dotada con 50.000 euros, apoya iniciativas sin \u00e1nimo de lucro\u00a0","og_url":"https:\/\/www.aridane.org\/city\/2025\/07\/07\/los-llanos-de-aridane-lanza-nuevas-ayudas-para-asociaciones-vecinales\/","og_site_name":"Ayuntamiento de Los Llanos de Aridane","article_published_time":"2025-07-07T08:08:55+00:00","article_modified_time":"2025-07-16T08:09:05+00:00","og_image":[{"width":2560,"height":1921,"url":"https:\/\/www.aridane.org\/city\/wp-content\/uploads\/2025\/07\/Ayudas-asociaciones-vecinales-scaled.jpeg","type":"image\/jpeg"}],"author":"Corresponsal","twitter_card":"summary_large_image","twitter_misc":{"Escrito por":"Corresponsal","Tiempo de lectura":"2 minutos"},"schema":{"@context":"https:\/\/schema.org","@graph":[{"@type":"WebPage","@id":"https:\/\/www.aridane.org\/city\/2025\/07\/07\/los-llanos-de-aridane-lanza-nuevas-ayudas-para-asociaciones-vecinales\/","url":"https:\/\/www.aridane.org\/city\/2025\/07\/07\/los-llanos-de-aridane-lanza-nuevas-ayudas-para-asociaciones-vecinales\/","name":"Los Llanos de Aridane lanza nuevas ayudas para asociaciones vecinales\u00a0 - Ayuntamiento de Los Llanos de Aridane","isPartOf":{"@id":"https:\/\/www.aridane.org\/city\/#website"},"primaryImageOfPage":{"@id":"https:\/\/www.aridane.org\/city\/2025\/07\/07\/los-llanos-de-aridane-lanza-nuevas-ayudas-para-asociaciones-vecinales\/#primaryimage"},"image":{"@id":"https:\/\/www.aridane.org\/city\/2025\/07\/07\/los-llanos-de-aridane-lanza-nuevas-ayudas-para-asociaciones-vecinales\/#primaryimage"},"thumbnailUrl":"https:\/\/www.aridane.org\/city\/wp-content\/uploads\/2025\/07\/Ayudas-asociaciones-vecinales-scaled.jpeg","datePublished":"2025-07-07T08:08:55+00:00","dateModified":"2025-07-16T08:09:05+00:00","author":{"@id":"https:\/\/www.aridane.org\/city\/#\/schema\/person\/89ebd376b223dc94cc1dbcf200c8e6da"},"breadcrumb":{"@id":"https:\/\/www.aridane.org\/city\/2025\/07\/07\/los-llanos-de-aridane-lanza-nuevas-ayudas-para-asociaciones-vecinales\/#breadcrumb"},"inLanguage":"es","potentialAction":[{"@type":"ReadAction","target":["https:\/\/www.aridane.org\/city\/2025\/07\/07\/los-llanos-de-aridane-lanza-nuevas-ayudas-para-asociaciones-vecinales\/"]}]},{"@type":"ImageObject","inLanguage":"es","@id":"https:\/\/www.aridane.org\/city\/2025\/07\/07\/los-llanos-de-aridane-lanza-nuevas-ayudas-para-asociaciones-vecinales\/#primaryimage","url":"https:\/\/www.aridane.org\/city\/wp-content\/uploads\/2025\/07\/Ayudas-asociaciones-vecinales-scaled.jpeg","contentUrl":"https:\/\/www.aridane.org\/city\/wp-content\/uploads\/2025\/07\/Ayudas-asociaciones-vecinales-scaled.jpeg","width":2560,"height":1921},{"@type":"BreadcrumbList","@id":"https:\/\/www.aridane.org\/city\/2025\/07\/07\/los-llanos-de-aridane-lanza-nuevas-ayudas-para-asociaciones-vecinales\/#breadcrumb","itemListElement":[{"@type":"ListItem","position":1,"name":"Portada","item":"https:\/\/www.aridane.org\/city\/"},{"@type":"ListItem","position":2,"name":"Los Llanos de Aridane lanza nuevas ayudas para asociaciones vecinales\u00a0"}]},{"@type":"WebSite","@id":"https:\/\/www.aridane.org\/city\/#website","url":"https:\/\/www.aridane.org\/city\/","name":"Ayuntamiento de Los Llanos de Aridane","description":"","potentialAction":[{"@type":"SearchAction","target":{"@type":"EntryPoint","urlTemplate":"https:\/\/www.aridane.org\/city\/?s={search_term_string}"},"query-input":"required name=search_term_string"}],"inLanguage":"es"},{"@type":"Person","@id":"https:\/\/www.aridane.org\/city\/#\/schema\/person\/89ebd376b223dc94cc1dbcf200c8e6da","name":"Corresponsal","image":{"@type":"ImageObject","inLanguage":"es","@id":"https:\/\/www.aridane.org\/city\/#\/schema\/person\/image\/","url":"https:\/\/secure.gravatar.com\/avatar\/1c476992411e4ccf153da63b2b2f5ea0bb4cb1c85f3ceab8512f04325ad5579c?s=96&d=mm&r=g","contentUrl":"https:\/\/secure.gravatar.com\/avatar\/1c476992411e4ccf153da63b2b2f5ea0bb4cb1c85f3ceab8512f04325ad5579c?s=96&d=mm&r=g","caption":"Corresponsal"},"url":"https:\/\/www.aridane.org\/city\/author\/corresponsal\/"}]}},"_links":{"self":[{"href":"https:\/\/www.aridane.org\/city\/wp-json\/wp\/v2\/posts\/4559","targetHints":{"allow":["GET"]}}],"collection":[{"href":"https:\/\/www.aridane.org\/city\/wp-json\/wp\/v2\/posts"}],"about":[{"href":"https:\/\/www.aridane.org\/city\/wp-json\/wp\/v2\/types\/post"}],"author":[{"embeddable":true,"href":"https:\/\/www.aridane.org\/city\/wp-json\/wp\/v2\/users\/4"}],"replies":[{"embeddable":true,"href":"https:\/\/www.aridane.org\/city\/wp-json\/wp\/v2\/comments?post=4559"}],"version-history":[{"count":1,"href":"https:\/\/www.aridane.org\/city\/wp-json\/wp\/v2\/posts\/4559\/revisions"}],"predecessor-version":[{"id":4561,"href":"https:\/\/www.aridane.org\/city\/wp-json\/wp\/v2\/posts\/4559\/revisions\/4561"}],"wp:featuredmedia":[{"embeddable":true,"href":"https:\/\/www.aridane.org\/city\/wp-json\/wp\/v2\/media\/4560"}],"wp:attachment":[{"href":"https:\/\/www.aridane.org\/city\/wp-json\/wp\/v2\/media?parent=4559"}],"wp:term":[{"taxonomy":"category","embeddable":true,"href":"https:\/\/www.aridane.org\/city\/wp-json\/wp\/v2\/categories?post=4559"},{"taxonomy":"post_tag","embeddable":true,"href":"https:\/\/www.aridane.org\/city\/wp-json\/wp\/v2\/tags?post=4559"}],"curies":[{"name":"wp","href":"https:\/\/api.w.org\/{rel}","templated":true}]}}