{"id":4562,"date":"2025-07-04T08:09:22","date_gmt":"2025-07-04T08:09:22","guid":{"rendered":"https:\/\/www.aridane.org\/city\/?p=4562"},"modified":"2025-07-16T08:10:30","modified_gmt":"2025-07-16T08:10:30","slug":"el-remo-se-ilumina-gracias-a-la-colaboracion-entre-ayuntamiento-cabildo-y-reserva-de-la-biosfera","status":"publish","type":"post","link":"https:\/\/www.aridane.org\/city\/2025\/07\/04\/el-remo-se-ilumina-gracias-a-la-colaboracion-entre-ayuntamiento-cabildo-y-reserva-de-la-biosfera\/","title":{"rendered":"El Remo se ilumina gracias a la colaboraci\u00f3n entre Ayuntamiento, Cabildo y Reserva de la Biosfera"},"content":{"rendered":"<p><em>\u201cEn un enclave costero como este, con personas que viven en \u00e9l los 365 d\u00edas del a\u00f1o, contar con luz no es un lujo, es un derecho b\u00e1sico y esencial\u201d, afirma el alcalde, Javier Llamas<\/em><!--more--><\/p>\n<div id=\"v1forwardbody1\">\n<p>El Ayuntamiento de Los Llanos de Aridane, junto al Cabildo de La Palma y la Reserva Mundial de la Biosfera, hace realidad una demanda hist\u00f3rica de El Remo: llevar la luz a sus calles.<\/p>\n<p>Dicha instalaci\u00f3n, inaugurada en la noche del jueves, 3 de julio, marca un antes y un despu\u00e9s para sus vecinos y vecinas. \u201cUn momento hist\u00f3rico\u201d, afirm\u00f3 el alcalde, Javier Llamas, al tratarse de una actuaci\u00f3n \u201cmuy demandada por la ciudadan\u00eda\u201d.<\/p>\n<p>El alcalde asegur\u00f3 que El Remo recibe mucho m\u00e1s que un alumbrado: \u201cRecibe dignidad, seguridad y calidez. En un enclave costero como este, con personas que viven en \u00e9l los 365 d\u00edas del a\u00f1o, contar con luz no es un lujo, es un derecho b\u00e1sico y esencial. Este encendido refleja el compromiso del Ayuntamiento y del Cabildo con todos los barrios del municipio, sin excepci\u00f3n\u201d.<\/p>\n<p>En esta l\u00ednea, el presidente del Cabildo de La Palma, Sergio Rodr\u00edguez, destac\u00f3 que esta intervenci\u00f3n forma parte de un conjunto de actuaciones orientadas a mejorar la calidad de vida en los diferentes n\u00facleos de la isla. \u201cTambi\u00e9n hemos llevado luz a la carretera que conecta Puerto Naos y Charco Verde. Son inversiones que refuerzan la seguridad y la movilidad del territorio y, sobre todo, aportan calidad de vida a quienes viven y visitan estos lugares\u201d, se\u00f1al\u00f3.<\/p>\n<p>Por su parte, el director ejecutivo de la Reserva Mundial de la Biosfera de La Palma, Alfonso Montes de Oca, recuerda que esta actuaci\u00f3n forma parte de un paquete de m\u00e1s de 140 proyectos ejecutados en toda la isla gracias a la financiaci\u00f3n del Ministerio para la Transici\u00f3n Ecol\u00f3gica y el Reto Demogr\u00e1fico, a trav\u00e9s del Organismo Aut\u00f3nomo de Parques Nacionales. \u201cEste proyecto demuestra que los fondos pueden llegar a donde realmente se necesitan. Adem\u00e1s, m\u00e1s del 80% de las licitaciones vinculadas a estos fondos han sido ejecutadas por empresas locales, a las que agradecemos su profesionalidad y cumplimiento en plazo\u201d, a\u00f1adi\u00f3.<\/p>\n<p>El encendido del alumbrado se ha realizado de manera provisional, pero la iluminaci\u00f3n permanecer\u00e1 activa de forma continua mientras se completa la conexi\u00f3n definitiva a la red. En total, se han instalado 76 puntos de luz con tecnolog\u00eda led, que no solo mejoran la seguridad y la habitabilidad del entorno, sino que convierten a El Remo en un barrio m\u00e1s acogedor y energ\u00e9ticamente eficiente. Los vecinos y las vecinas disfrutar\u00e1n de un ahorro en la factura de la luz superior al 70% respecto a luminarias tradicionales.<\/p>\n<\/div>\n","protected":false},"excerpt":{"rendered":"<p>\u201cEn un enclave costero como este, con personas que viven en \u00e9l los 365 d\u00edas del a\u00f1o, contar con luz no es un lujo, es un derecho b\u00e1sico y esencial\u201d, afirma el alcalde, Javier Llamas<\/p>\n","protected":false},"author":4,"featured_media":4563,"comment_status":"open","ping_status":"open","sticky":false,"template":"","format":"standard","meta":{"footnotes":""},"categories":[1],"tags":[],"class_list":["post-4562","post","type-post","status-publish","format-standard","has-post-thumbnail","hentry","category-sin-categoria"],"yoast_head":"<!-- This site is optimized with the Yoast SEO plugin v22.7 - https:\/\/yoast.com\/wordpress\/plugins\/seo\/ -->\n<title>El Remo se ilumina gracias a la colaboraci\u00f3n entre Ayuntamiento, Cabildo y Reserva de la Biosfera - Ayuntamiento de Los Llanos de Aridane<\/title>\n<meta name=\"robots\" content=\"index, follow, max-snippet:-1, max-image-preview:large, max-video-preview:-1\" \/>\n<link rel=\"canonical\" href=\"https:\/\/www.aridane.org\/city\/2025\/07\/04\/el-remo-se-ilumina-gracias-a-la-colaboracion-entre-ayuntamiento-cabildo-y-reserva-de-la-biosfera\/\" \/>\n<meta property=\"og:locale\" content=\"es_ES\" \/>\n<meta property=\"og:type\" content=\"article\" \/>\n<meta property=\"og:title\" content=\"El Remo se ilumina gracias a la colaboraci\u00f3n entre Ayuntamiento, Cabildo y Reserva de la Biosfera - Ayuntamiento de Los Llanos de Aridane\" \/>\n<meta property=\"og:description\" content=\"\u201cEn un enclave costero como este, con personas que viven en \u00e9l los 365 d\u00edas del a\u00f1o, contar con luz no es un lujo, es un derecho b\u00e1sico y esencial\u201d, afirma el alcalde, Javier Llamas\" \/>\n<meta property=\"og:url\" content=\"https:\/\/www.aridane.org\/city\/2025\/07\/04\/el-remo-se-ilumina-gracias-a-la-colaboracion-entre-ayuntamiento-cabildo-y-reserva-de-la-biosfera\/\" \/>\n<meta property=\"og:site_name\" content=\"Ayuntamiento de Los Llanos de Aridane\" \/>\n<meta property=\"article:published_time\" content=\"2025-07-04T08:09:22+00:00\" \/>\n<meta property=\"article:modified_time\" content=\"2025-07-16T08:10:30+00:00\" \/>\n<meta property=\"og:image\" content=\"https:\/\/www.aridane.org\/city\/wp-content\/uploads\/2025\/07\/Luz-en-el-remo-scaled.jpeg\" \/>\n\t<meta property=\"og:image:width\" content=\"1920\" \/>\n\t<meta property=\"og:image:height\" content=\"2560\" \/>\n\t<meta property=\"og:image:type\" content=\"image\/jpeg\" \/>\n<meta name=\"author\" content=\"Corresponsal\" \/>\n<meta name=\"twitter:card\" content=\"summary_large_image\" \/>\n<meta name=\"twitter:label1\" content=\"Escrito por\" \/>\n\t<meta name=\"twitter:data1\" content=\"Corresponsal\" \/>\n\t<meta name=\"twitter:label2\" content=\"Tiempo de lectura\" \/>\n\t<meta name=\"twitter:data2\" content=\"3 minutos\" \/>\n<script type=\"application\/ld+json\" class=\"yoast-schema-graph\">{\"@context\":\"https:\/\/schema.org\",\"@graph\":[{\"@type\":\"WebPage\",\"@id\":\"https:\/\/www.aridane.org\/city\/2025\/07\/04\/el-remo-se-ilumina-gracias-a-la-colaboracion-entre-ayuntamiento-cabildo-y-reserva-de-la-biosfera\/\",\"url\":\"https:\/\/www.aridane.org\/city\/2025\/07\/04\/el-remo-se-ilumina-gracias-a-la-colaboracion-entre-ayuntamiento-cabildo-y-reserva-de-la-biosfera\/\",\"name\":\"El Remo se ilumina gracias a la colaboraci\u00f3n entre Ayuntamiento, Cabildo y Reserva de la Biosfera - Ayuntamiento de Los Llanos de Aridane\",\"isPartOf\":{\"@id\":\"https:\/\/www.aridane.org\/city\/#website\"},\"primaryImageOfPage\":{\"@id\":\"https:\/\/www.aridane.org\/city\/2025\/07\/04\/el-remo-se-ilumina-gracias-a-la-colaboracion-entre-ayuntamiento-cabildo-y-reserva-de-la-biosfera\/#primaryimage\"},\"image\":{\"@id\":\"https:\/\/www.aridane.org\/city\/2025\/07\/04\/el-remo-se-ilumina-gracias-a-la-colaboracion-entre-ayuntamiento-cabildo-y-reserva-de-la-biosfera\/#primaryimage\"},\"thumbnailUrl\":\"https:\/\/www.aridane.org\/city\/wp-content\/uploads\/2025\/07\/Luz-en-el-remo-scaled.jpeg\",\"datePublished\":\"2025-07-04T08:09:22+00:00\",\"dateModified\":\"2025-07-16T08:10:30+00:00\",\"author\":{\"@id\":\"https:\/\/www.aridane.org\/city\/#\/schema\/person\/89ebd376b223dc94cc1dbcf200c8e6da\"},\"breadcrumb\":{\"@id\":\"https:\/\/www.aridane.org\/city\/2025\/07\/04\/el-remo-se-ilumina-gracias-a-la-colaboracion-entre-ayuntamiento-cabildo-y-reserva-de-la-biosfera\/#breadcrumb\"},\"inLanguage\":\"es\",\"potentialAction\":[{\"@type\":\"ReadAction\",\"target\":[\"https:\/\/www.aridane.org\/city\/2025\/07\/04\/el-remo-se-ilumina-gracias-a-la-colaboracion-entre-ayuntamiento-cabildo-y-reserva-de-la-biosfera\/\"]}]},{\"@type\":\"ImageObject\",\"inLanguage\":\"es\",\"@id\":\"https:\/\/www.aridane.org\/city\/2025\/07\/04\/el-remo-se-ilumina-gracias-a-la-colaboracion-entre-ayuntamiento-cabildo-y-reserva-de-la-biosfera\/#primaryimage\",\"url\":\"https:\/\/www.aridane.org\/city\/wp-content\/uploads\/2025\/07\/Luz-en-el-remo-scaled.jpeg\",\"contentUrl\":\"https:\/\/www.aridane.org\/city\/wp-content\/uploads\/2025\/07\/Luz-en-el-remo-scaled.jpeg\",\"width\":1920,\"height\":2560},{\"@type\":\"BreadcrumbList\",\"@id\":\"https:\/\/www.aridane.org\/city\/2025\/07\/04\/el-remo-se-ilumina-gracias-a-la-colaboracion-entre-ayuntamiento-cabildo-y-reserva-de-la-biosfera\/#breadcrumb\",\"itemListElement\":[{\"@type\":\"ListItem\",\"position\":1,\"name\":\"Portada\",\"item\":\"https:\/\/www.aridane.org\/city\/\"},{\"@type\":\"ListItem\",\"position\":2,\"name\":\"El Remo se ilumina gracias a la colaboraci\u00f3n entre Ayuntamiento, Cabildo y Reserva de la Biosfera\"}]},{\"@type\":\"WebSite\",\"@id\":\"https:\/\/www.aridane.org\/city\/#website\",\"url\":\"https:\/\/www.aridane.org\/city\/\",\"name\":\"Ayuntamiento de Los Llanos de Aridane\",\"description\":\"\",\"potentialAction\":[{\"@type\":\"SearchAction\",\"target\":{\"@type\":\"EntryPoint\",\"urlTemplate\":\"https:\/\/www.aridane.org\/city\/?s={search_term_string}\"},\"query-input\":\"required name=search_term_string\"}],\"inLanguage\":\"es\"},{\"@type\":\"Person\",\"@id\":\"https:\/\/www.aridane.org\/city\/#\/schema\/person\/89ebd376b223dc94cc1dbcf200c8e6da\",\"name\":\"Corresponsal\",\"image\":{\"@type\":\"ImageObject\",\"inLanguage\":\"es\",\"@id\":\"https:\/\/www.aridane.org\/city\/#\/schema\/person\/image\/\",\"url\":\"https:\/\/secure.gravatar.com\/avatar\/1c476992411e4ccf153da63b2b2f5ea0bb4cb1c85f3ceab8512f04325ad5579c?s=96&d=mm&r=g\",\"contentUrl\":\"https:\/\/secure.gravatar.com\/avatar\/1c476992411e4ccf153da63b2b2f5ea0bb4cb1c85f3ceab8512f04325ad5579c?s=96&d=mm&r=g\",\"caption\":\"Corresponsal\"},\"url\":\"https:\/\/www.aridane.org\/city\/author\/corresponsal\/\"}]}<\/script>\n<!-- \/ Yoast SEO plugin. -->","yoast_head_json":{"title":"El Remo se ilumina gracias a la colaboraci\u00f3n entre Ayuntamiento, Cabildo y Reserva de la Biosfera - Ayuntamiento de Los Llanos de Aridane","robots":{"index":"index","follow":"follow","max-snippet":"max-snippet:-1","max-image-preview":"max-image-preview:large","max-video-preview":"max-video-preview:-1"},"canonical":"https:\/\/www.aridane.org\/city\/2025\/07\/04\/el-remo-se-ilumina-gracias-a-la-colaboracion-entre-ayuntamiento-cabildo-y-reserva-de-la-biosfera\/","og_locale":"es_ES","og_type":"article","og_title":"El Remo se ilumina gracias a la colaboraci\u00f3n entre Ayuntamiento, Cabildo y Reserva de la Biosfera - Ayuntamiento de Los Llanos de Aridane","og_description":"\u201cEn un enclave costero como este, con personas que viven en \u00e9l los 365 d\u00edas del a\u00f1o, contar con luz no es un lujo, es un derecho b\u00e1sico y esencial\u201d, afirma el alcalde, Javier Llamas","og_url":"https:\/\/www.aridane.org\/city\/2025\/07\/04\/el-remo-se-ilumina-gracias-a-la-colaboracion-entre-ayuntamiento-cabildo-y-reserva-de-la-biosfera\/","og_site_name":"Ayuntamiento de Los Llanos de Aridane","article_published_time":"2025-07-04T08:09:22+00:00","article_modified_time":"2025-07-16T08:10:30+00:00","og_image":[{"width":1920,"height":2560,"url":"https:\/\/www.aridane.org\/city\/wp-content\/uploads\/2025\/07\/Luz-en-el-remo-scaled.jpeg","type":"image\/jpeg"}],"author":"Corresponsal","twitter_card":"summary_large_image","twitter_misc":{"Escrito por":"Corresponsal","Tiempo de lectura":"3 minutos"},"schema":{"@context":"https:\/\/schema.org","@graph":[{"@type":"WebPage","@id":"https:\/\/www.aridane.org\/city\/2025\/07\/04\/el-remo-se-ilumina-gracias-a-la-colaboracion-entre-ayuntamiento-cabildo-y-reserva-de-la-biosfera\/","url":"https:\/\/www.aridane.org\/city\/2025\/07\/04\/el-remo-se-ilumina-gracias-a-la-colaboracion-entre-ayuntamiento-cabildo-y-reserva-de-la-biosfera\/","name":"El Remo se ilumina gracias a la colaboraci\u00f3n entre Ayuntamiento, Cabildo y Reserva de la Biosfera - Ayuntamiento de Los Llanos de Aridane","isPartOf":{"@id":"https:\/\/www.aridane.org\/city\/#website"},"primaryImageOfPage":{"@id":"https:\/\/www.aridane.org\/city\/2025\/07\/04\/el-remo-se-ilumina-gracias-a-la-colaboracion-entre-ayuntamiento-cabildo-y-reserva-de-la-biosfera\/#primaryimage"},"image":{"@id":"https:\/\/www.aridane.org\/city\/2025\/07\/04\/el-remo-se-ilumina-gracias-a-la-colaboracion-entre-ayuntamiento-cabildo-y-reserva-de-la-biosfera\/#primaryimage"},"thumbnailUrl":"https:\/\/www.aridane.org\/city\/wp-content\/uploads\/2025\/07\/Luz-en-el-remo-scaled.jpeg","datePublished":"2025-07-04T08:09:22+00:00","dateModified":"2025-07-16T08:10:30+00:00","author":{"@id":"https:\/\/www.aridane.org\/city\/#\/schema\/person\/89ebd376b223dc94cc1dbcf200c8e6da"},"breadcrumb":{"@id":"https:\/\/www.aridane.org\/city\/2025\/07\/04\/el-remo-se-ilumina-gracias-a-la-colaboracion-entre-ayuntamiento-cabildo-y-reserva-de-la-biosfera\/#breadcrumb"},"inLanguage":"es","potentialAction":[{"@type":"ReadAction","target":["https:\/\/www.aridane.org\/city\/2025\/07\/04\/el-remo-se-ilumina-gracias-a-la-colaboracion-entre-ayuntamiento-cabildo-y-reserva-de-la-biosfera\/"]}]},{"@type":"ImageObject","inLanguage":"es","@id":"https:\/\/www.aridane.org\/city\/2025\/07\/04\/el-remo-se-ilumina-gracias-a-la-colaboracion-entre-ayuntamiento-cabildo-y-reserva-de-la-biosfera\/#primaryimage","url":"https:\/\/www.aridane.org\/city\/wp-content\/uploads\/2025\/07\/Luz-en-el-remo-scaled.jpeg","contentUrl":"https:\/\/www.aridane.org\/city\/wp-content\/uploads\/2025\/07\/Luz-en-el-remo-scaled.jpeg","width":1920,"height":2560},{"@type":"BreadcrumbList","@id":"https:\/\/www.aridane.org\/city\/2025\/07\/04\/el-remo-se-ilumina-gracias-a-la-colaboracion-entre-ayuntamiento-cabildo-y-reserva-de-la-biosfera\/#breadcrumb","itemListElement":[{"@type":"ListItem","position":1,"name":"Portada","item":"https:\/\/www.aridane.org\/city\/"},{"@type":"ListItem","position":2,"name":"El Remo se ilumina gracias a la colaboraci\u00f3n entre Ayuntamiento, Cabildo y Reserva de la Biosfera"}]},{"@type":"WebSite","@id":"https:\/\/www.aridane.org\/city\/#website","url":"https:\/\/www.aridane.org\/city\/","name":"Ayuntamiento de Los Llanos de Aridane","description":"","potentialAction":[{"@type":"SearchAction","target":{"@type":"EntryPoint","urlTemplate":"https:\/\/www.aridane.org\/city\/?s={search_term_string}"},"query-input":"required name=search_term_string"}],"inLanguage":"es"},{"@type":"Person","@id":"https:\/\/www.aridane.org\/city\/#\/schema\/person\/89ebd376b223dc94cc1dbcf200c8e6da","name":"Corresponsal","image":{"@type":"ImageObject","inLanguage":"es","@id":"https:\/\/www.aridane.org\/city\/#\/schema\/person\/image\/","url":"https:\/\/secure.gravatar.com\/avatar\/1c476992411e4ccf153da63b2b2f5ea0bb4cb1c85f3ceab8512f04325ad5579c?s=96&d=mm&r=g","contentUrl":"https:\/\/secure.gravatar.com\/avatar\/1c476992411e4ccf153da63b2b2f5ea0bb4cb1c85f3ceab8512f04325ad5579c?s=96&d=mm&r=g","caption":"Corresponsal"},"url":"https:\/\/www.aridane.org\/city\/author\/corresponsal\/"}]}},"_links":{"self":[{"href":"https:\/\/www.aridane.org\/city\/wp-json\/wp\/v2\/posts\/4562","targetHints":{"allow":["GET"]}}],"collection":[{"href":"https:\/\/www.aridane.org\/city\/wp-json\/wp\/v2\/posts"}],"about":[{"href":"https:\/\/www.aridane.org\/city\/wp-json\/wp\/v2\/types\/post"}],"author":[{"embeddable":true,"href":"https:\/\/www.aridane.org\/city\/wp-json\/wp\/v2\/users\/4"}],"replies":[{"embeddable":true,"href":"https:\/\/www.aridane.org\/city\/wp-json\/wp\/v2\/comments?post=4562"}],"version-history":[{"count":1,"href":"https:\/\/www.aridane.org\/city\/wp-json\/wp\/v2\/posts\/4562\/revisions"}],"predecessor-version":[{"id":4564,"href":"https:\/\/www.aridane.org\/city\/wp-json\/wp\/v2\/posts\/4562\/revisions\/4564"}],"wp:featuredmedia":[{"embeddable":true,"href":"https:\/\/www.aridane.org\/city\/wp-json\/wp\/v2\/media\/4563"}],"wp:attachment":[{"href":"https:\/\/www.aridane.org\/city\/wp-json\/wp\/v2\/media?parent=4562"}],"wp:term":[{"taxonomy":"category","embeddable":true,"href":"https:\/\/www.aridane.org\/city\/wp-json\/wp\/v2\/categories?post=4562"},{"taxonomy":"post_tag","embeddable":true,"href":"https:\/\/www.aridane.org\/city\/wp-json\/wp\/v2\/tags?post=4562"}],"curies":[{"name":"wp","href":"https:\/\/api.w.org\/{rel}","templated":true}]}}