{"id":4565,"date":"2025-07-03T08:10:50","date_gmt":"2025-07-03T08:10:50","guid":{"rendered":"https:\/\/www.aridane.org\/city\/?p=4565"},"modified":"2025-07-16T08:12:07","modified_gmt":"2025-07-16T08:12:07","slug":"los-llanos-de-aridane-reabre-la-oficina-de-turismo-de-puerto-naos-con-nueva-imagen-y-atencion-personalizada","status":"publish","type":"post","link":"https:\/\/www.aridane.org\/city\/2025\/07\/03\/los-llanos-de-aridane-reabre-la-oficina-de-turismo-de-puerto-naos-con-nueva-imagen-y-atencion-personalizada\/","title":{"rendered":"Los Llanos de Aridane reabre la Oficina de Turismo de Puerto Naos con nueva imagen y atenci\u00f3n personalizada"},"content":{"rendered":"<p><em>La oficina abre de lunes a viernes de 10:30 a 17:30 horas, y los s\u00e1bados, domingos y festivos de 10:30 a 14:30 horas<\/em><!--more--><\/p>\n<div id=\"v1forwardbody1\">\n<p>El Ayuntamiento de Los Llanos de Aridane reabre la Oficina de Turismo de Puerto Naos, que vuelve a estar en funcionamiento con una imagen totalmente renovada. El espacio incorpora la nueva identidad visual del municipio,\u00a0<em>Los Llanos, La Palma viva<\/em>, como parte de la estrategia del Plan de Sostenibilidad Tur\u00edstica.<\/p>\n<p>El alcalde Javier Llamas destaca que esta actuaci\u00f3n refleja el compromiso del Ayuntamiento con la recuperaci\u00f3n integral de Puerto Naos.<\/p>\n<p>\u201cCada vez hay m\u00e1s viviendas abiertas, m\u00e1s locales en funcionamiento y m\u00e1s comercios atendiendo al p\u00fablico. Poco a poco Puerto Naos vuelve a moverse, y esta oficina es una herramienta fundamental para canalizar la llegada de visitantes y potenciar el valor de nuestra costa\u201d, explica.<\/p>\n<p>Por su parte, la concejala de Turismo, Inmaculada Fern\u00e1ndez, subraya la importancia de seguir dando pasos en este enclave costero. \u201cPuerto Naos est\u00e1 recuperando su pulso con la reapertura de negocios y la celebraci\u00f3n de eventos deportivos como el Triatl\u00f3n, la Nao Race o La Fura en agosto. Esta oficina ser\u00e1 un punto clave para reforzar esa din\u00e1mica positiva\u201d, se\u00f1ala.<\/p>\n<p>Adem\u00e1s, la concejala agradece al Centro de Iniciativas y Turismo (CIT) Insular La Palma la cesi\u00f3n del espacio para la instalaci\u00f3n de esta oficina. \u201cQueremos reconocer la colaboraci\u00f3n del CIT, que ha permitido reactivar este punto de atenci\u00f3n tur\u00edstica en un lugar estrat\u00e9gico. Su implicaci\u00f3n es un ejemplo del trabajo conjunto que necesitamos para seguir avanzando\u201d, apunta.<\/p>\n<h2><strong>Horarios\u00a0<\/strong><\/h2>\n<p>La oficina abre de lunes a viernes de 10:30 a 17:30 horas, y los s\u00e1bados, domingos y festivos de 10:30 a 14:30 horas, permaneciendo cerrada \u00fanicamente los d\u00edas 25 de diciembre y 1 de enero.<\/p>\n<p>En este espacio se ofrece atenci\u00f3n personalizada a visitantes y residentes, distribuci\u00f3n de material promocional, recogida de estad\u00edsticas, apoyo en redes sociales y coordinaci\u00f3n con agentes tur\u00edsticos locales.<\/p>\n<p>Desde el Ayuntamiento se recuerda que todas estas acciones forman parte de un proceso planificado y constante de recuperaci\u00f3n para que Puerto Naos vuelva a ser un referente tur\u00edstico en La Palma.<\/p>\n<\/div>\n","protected":false},"excerpt":{"rendered":"<p>La oficina abre de lunes a viernes de 10:30 a 17:30 horas, y los s\u00e1bados, domingos y festivos de 10:30 a 14:30 horas<\/p>\n","protected":false},"author":4,"featured_media":4566,"comment_status":"open","ping_status":"open","sticky":false,"template":"","format":"standard","meta":{"footnotes":""},"categories":[1],"tags":[],"class_list":["post-4565","post","type-post","status-publish","format-standard","has-post-thumbnail","hentry","category-sin-categoria"],"yoast_head":"<!-- This site is optimized with the Yoast SEO plugin v22.7 - https:\/\/yoast.com\/wordpress\/plugins\/seo\/ -->\n<title>Los Llanos de Aridane reabre la Oficina de Turismo de Puerto Naos con nueva imagen y atenci\u00f3n personalizada - Ayuntamiento de Los Llanos de Aridane<\/title>\n<meta name=\"robots\" content=\"index, follow, max-snippet:-1, max-image-preview:large, max-video-preview:-1\" \/>\n<link rel=\"canonical\" href=\"https:\/\/www.aridane.org\/city\/2025\/07\/03\/los-llanos-de-aridane-reabre-la-oficina-de-turismo-de-puerto-naos-con-nueva-imagen-y-atencion-personalizada\/\" \/>\n<meta property=\"og:locale\" content=\"es_ES\" \/>\n<meta property=\"og:type\" content=\"article\" \/>\n<meta property=\"og:title\" content=\"Los Llanos de Aridane reabre la Oficina de Turismo de Puerto Naos con nueva imagen y atenci\u00f3n personalizada - Ayuntamiento de Los Llanos de Aridane\" \/>\n<meta property=\"og:description\" content=\"La oficina abre de lunes a viernes de 10:30 a 17:30 horas, y los s\u00e1bados, domingos y festivos de 10:30 a 14:30 horas\" \/>\n<meta property=\"og:url\" content=\"https:\/\/www.aridane.org\/city\/2025\/07\/03\/los-llanos-de-aridane-reabre-la-oficina-de-turismo-de-puerto-naos-con-nueva-imagen-y-atencion-personalizada\/\" \/>\n<meta property=\"og:site_name\" content=\"Ayuntamiento de Los Llanos de Aridane\" \/>\n<meta property=\"article:published_time\" content=\"2025-07-03T08:10:50+00:00\" \/>\n<meta property=\"article:modified_time\" content=\"2025-07-16T08:12:07+00:00\" \/>\n<meta property=\"og:image\" content=\"https:\/\/www.aridane.org\/city\/wp-content\/uploads\/2025\/07\/Ofina-de-turismo-de-PN-scaled.jpeg\" \/>\n\t<meta property=\"og:image:width\" content=\"1920\" \/>\n\t<meta property=\"og:image:height\" content=\"2560\" \/>\n\t<meta property=\"og:image:type\" content=\"image\/jpeg\" \/>\n<meta name=\"author\" content=\"Corresponsal\" \/>\n<meta name=\"twitter:card\" content=\"summary_large_image\" \/>\n<meta name=\"twitter:label1\" content=\"Escrito por\" \/>\n\t<meta name=\"twitter:data1\" content=\"Corresponsal\" \/>\n\t<meta name=\"twitter:label2\" content=\"Tiempo de lectura\" \/>\n\t<meta name=\"twitter:data2\" content=\"2 minutos\" \/>\n<script type=\"application\/ld+json\" class=\"yoast-schema-graph\">{\"@context\":\"https:\/\/schema.org\",\"@graph\":[{\"@type\":\"WebPage\",\"@id\":\"https:\/\/www.aridane.org\/city\/2025\/07\/03\/los-llanos-de-aridane-reabre-la-oficina-de-turismo-de-puerto-naos-con-nueva-imagen-y-atencion-personalizada\/\",\"url\":\"https:\/\/www.aridane.org\/city\/2025\/07\/03\/los-llanos-de-aridane-reabre-la-oficina-de-turismo-de-puerto-naos-con-nueva-imagen-y-atencion-personalizada\/\",\"name\":\"Los Llanos de Aridane reabre la Oficina de Turismo de Puerto Naos con nueva imagen y atenci\u00f3n personalizada - Ayuntamiento de Los Llanos de Aridane\",\"isPartOf\":{\"@id\":\"https:\/\/www.aridane.org\/city\/#website\"},\"primaryImageOfPage\":{\"@id\":\"https:\/\/www.aridane.org\/city\/2025\/07\/03\/los-llanos-de-aridane-reabre-la-oficina-de-turismo-de-puerto-naos-con-nueva-imagen-y-atencion-personalizada\/#primaryimage\"},\"image\":{\"@id\":\"https:\/\/www.aridane.org\/city\/2025\/07\/03\/los-llanos-de-aridane-reabre-la-oficina-de-turismo-de-puerto-naos-con-nueva-imagen-y-atencion-personalizada\/#primaryimage\"},\"thumbnailUrl\":\"https:\/\/www.aridane.org\/city\/wp-content\/uploads\/2025\/07\/Ofina-de-turismo-de-PN-scaled.jpeg\",\"datePublished\":\"2025-07-03T08:10:50+00:00\",\"dateModified\":\"2025-07-16T08:12:07+00:00\",\"author\":{\"@id\":\"https:\/\/www.aridane.org\/city\/#\/schema\/person\/89ebd376b223dc94cc1dbcf200c8e6da\"},\"breadcrumb\":{\"@id\":\"https:\/\/www.aridane.org\/city\/2025\/07\/03\/los-llanos-de-aridane-reabre-la-oficina-de-turismo-de-puerto-naos-con-nueva-imagen-y-atencion-personalizada\/#breadcrumb\"},\"inLanguage\":\"es\",\"potentialAction\":[{\"@type\":\"ReadAction\",\"target\":[\"https:\/\/www.aridane.org\/city\/2025\/07\/03\/los-llanos-de-aridane-reabre-la-oficina-de-turismo-de-puerto-naos-con-nueva-imagen-y-atencion-personalizada\/\"]}]},{\"@type\":\"ImageObject\",\"inLanguage\":\"es\",\"@id\":\"https:\/\/www.aridane.org\/city\/2025\/07\/03\/los-llanos-de-aridane-reabre-la-oficina-de-turismo-de-puerto-naos-con-nueva-imagen-y-atencion-personalizada\/#primaryimage\",\"url\":\"https:\/\/www.aridane.org\/city\/wp-content\/uploads\/2025\/07\/Ofina-de-turismo-de-PN-scaled.jpeg\",\"contentUrl\":\"https:\/\/www.aridane.org\/city\/wp-content\/uploads\/2025\/07\/Ofina-de-turismo-de-PN-scaled.jpeg\",\"width\":1920,\"height\":2560},{\"@type\":\"BreadcrumbList\",\"@id\":\"https:\/\/www.aridane.org\/city\/2025\/07\/03\/los-llanos-de-aridane-reabre-la-oficina-de-turismo-de-puerto-naos-con-nueva-imagen-y-atencion-personalizada\/#breadcrumb\",\"itemListElement\":[{\"@type\":\"ListItem\",\"position\":1,\"name\":\"Portada\",\"item\":\"https:\/\/www.aridane.org\/city\/\"},{\"@type\":\"ListItem\",\"position\":2,\"name\":\"Los Llanos de Aridane reabre la Oficina de Turismo de Puerto Naos con nueva imagen y atenci\u00f3n personalizada\"}]},{\"@type\":\"WebSite\",\"@id\":\"https:\/\/www.aridane.org\/city\/#website\",\"url\":\"https:\/\/www.aridane.org\/city\/\",\"name\":\"Ayuntamiento de Los Llanos de Aridane\",\"description\":\"\",\"potentialAction\":[{\"@type\":\"SearchAction\",\"target\":{\"@type\":\"EntryPoint\",\"urlTemplate\":\"https:\/\/www.aridane.org\/city\/?s={search_term_string}\"},\"query-input\":\"required name=search_term_string\"}],\"inLanguage\":\"es\"},{\"@type\":\"Person\",\"@id\":\"https:\/\/www.aridane.org\/city\/#\/schema\/person\/89ebd376b223dc94cc1dbcf200c8e6da\",\"name\":\"Corresponsal\",\"image\":{\"@type\":\"ImageObject\",\"inLanguage\":\"es\",\"@id\":\"https:\/\/www.aridane.org\/city\/#\/schema\/person\/image\/\",\"url\":\"https:\/\/secure.gravatar.com\/avatar\/1c476992411e4ccf153da63b2b2f5ea0bb4cb1c85f3ceab8512f04325ad5579c?s=96&d=mm&r=g\",\"contentUrl\":\"https:\/\/secure.gravatar.com\/avatar\/1c476992411e4ccf153da63b2b2f5ea0bb4cb1c85f3ceab8512f04325ad5579c?s=96&d=mm&r=g\",\"caption\":\"Corresponsal\"},\"url\":\"https:\/\/www.aridane.org\/city\/author\/corresponsal\/\"}]}<\/script>\n<!-- \/ Yoast SEO plugin. -->","yoast_head_json":{"title":"Los Llanos de Aridane reabre la Oficina de Turismo de Puerto Naos con nueva imagen y atenci\u00f3n personalizada - Ayuntamiento de Los Llanos de Aridane","robots":{"index":"index","follow":"follow","max-snippet":"max-snippet:-1","max-image-preview":"max-image-preview:large","max-video-preview":"max-video-preview:-1"},"canonical":"https:\/\/www.aridane.org\/city\/2025\/07\/03\/los-llanos-de-aridane-reabre-la-oficina-de-turismo-de-puerto-naos-con-nueva-imagen-y-atencion-personalizada\/","og_locale":"es_ES","og_type":"article","og_title":"Los Llanos de Aridane reabre la Oficina de Turismo de Puerto Naos con nueva imagen y atenci\u00f3n personalizada - Ayuntamiento de Los Llanos de Aridane","og_description":"La oficina abre de lunes a viernes de 10:30 a 17:30 horas, y los s\u00e1bados, domingos y festivos de 10:30 a 14:30 horas","og_url":"https:\/\/www.aridane.org\/city\/2025\/07\/03\/los-llanos-de-aridane-reabre-la-oficina-de-turismo-de-puerto-naos-con-nueva-imagen-y-atencion-personalizada\/","og_site_name":"Ayuntamiento de Los Llanos de Aridane","article_published_time":"2025-07-03T08:10:50+00:00","article_modified_time":"2025-07-16T08:12:07+00:00","og_image":[{"width":1920,"height":2560,"url":"https:\/\/www.aridane.org\/city\/wp-content\/uploads\/2025\/07\/Ofina-de-turismo-de-PN-scaled.jpeg","type":"image\/jpeg"}],"author":"Corresponsal","twitter_card":"summary_large_image","twitter_misc":{"Escrito por":"Corresponsal","Tiempo de lectura":"2 minutos"},"schema":{"@context":"https:\/\/schema.org","@graph":[{"@type":"WebPage","@id":"https:\/\/www.aridane.org\/city\/2025\/07\/03\/los-llanos-de-aridane-reabre-la-oficina-de-turismo-de-puerto-naos-con-nueva-imagen-y-atencion-personalizada\/","url":"https:\/\/www.aridane.org\/city\/2025\/07\/03\/los-llanos-de-aridane-reabre-la-oficina-de-turismo-de-puerto-naos-con-nueva-imagen-y-atencion-personalizada\/","name":"Los Llanos de Aridane reabre la Oficina de Turismo de Puerto Naos con nueva imagen y atenci\u00f3n personalizada - Ayuntamiento de Los Llanos de Aridane","isPartOf":{"@id":"https:\/\/www.aridane.org\/city\/#website"},"primaryImageOfPage":{"@id":"https:\/\/www.aridane.org\/city\/2025\/07\/03\/los-llanos-de-aridane-reabre-la-oficina-de-turismo-de-puerto-naos-con-nueva-imagen-y-atencion-personalizada\/#primaryimage"},"image":{"@id":"https:\/\/www.aridane.org\/city\/2025\/07\/03\/los-llanos-de-aridane-reabre-la-oficina-de-turismo-de-puerto-naos-con-nueva-imagen-y-atencion-personalizada\/#primaryimage"},"thumbnailUrl":"https:\/\/www.aridane.org\/city\/wp-content\/uploads\/2025\/07\/Ofina-de-turismo-de-PN-scaled.jpeg","datePublished":"2025-07-03T08:10:50+00:00","dateModified":"2025-07-16T08:12:07+00:00","author":{"@id":"https:\/\/www.aridane.org\/city\/#\/schema\/person\/89ebd376b223dc94cc1dbcf200c8e6da"},"breadcrumb":{"@id":"https:\/\/www.aridane.org\/city\/2025\/07\/03\/los-llanos-de-aridane-reabre-la-oficina-de-turismo-de-puerto-naos-con-nueva-imagen-y-atencion-personalizada\/#breadcrumb"},"inLanguage":"es","potentialAction":[{"@type":"ReadAction","target":["https:\/\/www.aridane.org\/city\/2025\/07\/03\/los-llanos-de-aridane-reabre-la-oficina-de-turismo-de-puerto-naos-con-nueva-imagen-y-atencion-personalizada\/"]}]},{"@type":"ImageObject","inLanguage":"es","@id":"https:\/\/www.aridane.org\/city\/2025\/07\/03\/los-llanos-de-aridane-reabre-la-oficina-de-turismo-de-puerto-naos-con-nueva-imagen-y-atencion-personalizada\/#primaryimage","url":"https:\/\/www.aridane.org\/city\/wp-content\/uploads\/2025\/07\/Ofina-de-turismo-de-PN-scaled.jpeg","contentUrl":"https:\/\/www.aridane.org\/city\/wp-content\/uploads\/2025\/07\/Ofina-de-turismo-de-PN-scaled.jpeg","width":1920,"height":2560},{"@type":"BreadcrumbList","@id":"https:\/\/www.aridane.org\/city\/2025\/07\/03\/los-llanos-de-aridane-reabre-la-oficina-de-turismo-de-puerto-naos-con-nueva-imagen-y-atencion-personalizada\/#breadcrumb","itemListElement":[{"@type":"ListItem","position":1,"name":"Portada","item":"https:\/\/www.aridane.org\/city\/"},{"@type":"ListItem","position":2,"name":"Los Llanos de Aridane reabre la Oficina de Turismo de Puerto Naos con nueva imagen y atenci\u00f3n personalizada"}]},{"@type":"WebSite","@id":"https:\/\/www.aridane.org\/city\/#website","url":"https:\/\/www.aridane.org\/city\/","name":"Ayuntamiento de Los Llanos de Aridane","description":"","potentialAction":[{"@type":"SearchAction","target":{"@type":"EntryPoint","urlTemplate":"https:\/\/www.aridane.org\/city\/?s={search_term_string}"},"query-input":"required name=search_term_string"}],"inLanguage":"es"},{"@type":"Person","@id":"https:\/\/www.aridane.org\/city\/#\/schema\/person\/89ebd376b223dc94cc1dbcf200c8e6da","name":"Corresponsal","image":{"@type":"ImageObject","inLanguage":"es","@id":"https:\/\/www.aridane.org\/city\/#\/schema\/person\/image\/","url":"https:\/\/secure.gravatar.com\/avatar\/1c476992411e4ccf153da63b2b2f5ea0bb4cb1c85f3ceab8512f04325ad5579c?s=96&d=mm&r=g","contentUrl":"https:\/\/secure.gravatar.com\/avatar\/1c476992411e4ccf153da63b2b2f5ea0bb4cb1c85f3ceab8512f04325ad5579c?s=96&d=mm&r=g","caption":"Corresponsal"},"url":"https:\/\/www.aridane.org\/city\/author\/corresponsal\/"}]}},"_links":{"self":[{"href":"https:\/\/www.aridane.org\/city\/wp-json\/wp\/v2\/posts\/4565","targetHints":{"allow":["GET"]}}],"collection":[{"href":"https:\/\/www.aridane.org\/city\/wp-json\/wp\/v2\/posts"}],"about":[{"href":"https:\/\/www.aridane.org\/city\/wp-json\/wp\/v2\/types\/post"}],"author":[{"embeddable":true,"href":"https:\/\/www.aridane.org\/city\/wp-json\/wp\/v2\/users\/4"}],"replies":[{"embeddable":true,"href":"https:\/\/www.aridane.org\/city\/wp-json\/wp\/v2\/comments?post=4565"}],"version-history":[{"count":1,"href":"https:\/\/www.aridane.org\/city\/wp-json\/wp\/v2\/posts\/4565\/revisions"}],"predecessor-version":[{"id":4567,"href":"https:\/\/www.aridane.org\/city\/wp-json\/wp\/v2\/posts\/4565\/revisions\/4567"}],"wp:featuredmedia":[{"embeddable":true,"href":"https:\/\/www.aridane.org\/city\/wp-json\/wp\/v2\/media\/4566"}],"wp:attachment":[{"href":"https:\/\/www.aridane.org\/city\/wp-json\/wp\/v2\/media?parent=4565"}],"wp:term":[{"taxonomy":"category","embeddable":true,"href":"https:\/\/www.aridane.org\/city\/wp-json\/wp\/v2\/categories?post=4565"},{"taxonomy":"post_tag","embeddable":true,"href":"https:\/\/www.aridane.org\/city\/wp-json\/wp\/v2\/tags?post=4565"}],"curies":[{"name":"wp","href":"https:\/\/api.w.org\/{rel}","templated":true}]}}