{"id":4568,"date":"2025-07-03T08:00:30","date_gmt":"2025-07-03T08:00:30","guid":{"rendered":"https:\/\/www.aridane.org\/city\/?p=4568"},"modified":"2025-07-16T08:13:17","modified_gmt":"2025-07-16T08:13:17","slug":"los-llanos-de-aridane-activa-las-ayudas-para-el-alumnado-que-cursa-estudios-fuera-de-la-isla","status":"publish","type":"post","link":"https:\/\/www.aridane.org\/city\/2025\/07\/03\/los-llanos-de-aridane-activa-las-ayudas-para-el-alumnado-que-cursa-estudios-fuera-de-la-isla\/","title":{"rendered":"Los Llanos de Aridane activa las ayudas para el alumnado que cursa estudios fuera de la isla\u00a0"},"content":{"rendered":"<p><em>El periodo de solicitud estar\u00e1 abierto durante todo el mes de julio<\/em><!--more--><\/p>\n<div id=\"v1forwardbody1\">\n<p>El Ayuntamiento de Los Llanos de Aridane abre el plazo de solicitud de las ayudas al desplazamiento correspondientes al curso acad\u00e9mico 2024\/2025, dirigidas al alumnado que cursa estudios fuera de La Palma. La convocatoria est\u00e1 dotada con 100.000 euros y busca aliviar el esfuerzo econ\u00f3mico que supone para muchas familias el traslado y la estancia de sus hijos e hijas en otras islas o la pen\u00ednsula.<\/p>\n<p>El periodo de solicitud permanecer\u00e1 abierto durante todo el mes de julio y las personas interesadas podr\u00e1n hacerlo de forma telem\u00e1tica a trav\u00e9s de la sede electr\u00f3nica municipal o de manera presencial en la Oficina de Atenci\u00f3n al Ciudadano y el Centro de Informaci\u00f3n Juvenil.<\/p>\n<p>El alcalde, Javier Llamas, asegura que esta convocatoria refleja nuestro compromiso con la educaci\u00f3n como motor de futuro. \u201cQueremos que ning\u00fan joven de Los Llanos de Aridane se quede sin estudiar por razones econ\u00f3micas, y por eso movilizamos recursos para apoyar a las familias que m\u00e1s lo necesitan\u201d, se\u00f1ala, recordando que desde el Ayuntamiento \u201cse est\u00e1 peleando para que la juventud pueda seguir form\u00e1ndose en el Los Llanos de Aridane, ya sea en el futuro centro de formaci\u00f3n profesional o a trav\u00e9s de un grado de la Universidad de La Laguna\u201d.<\/p>\n<p>Por su parte, el concejal de Educaci\u00f3n, Eduardo P\u00e9rez, se\u00f1ala que la educaci\u00f3n no puede depender del lugar en el que se nace. \u201cCon estas ayudas, seguimos trabajando para garantizar que el alumnado del municipio tenga acceso a estudios que no se imparten en La Palma y que el coste del desplazamiento sea un obst\u00e1culo\u201d, apunta.<\/p>\n<p>Las personas solicitantes deben estar empadronadas en el municipio con una antig\u00fcedad m\u00ednima de un a\u00f1o, estar matriculadas en el curso 2024\/2025 en centros p\u00fablicos ubicados fuera de la isla, y acreditar que los estudios no pueden cursarse en ning\u00fan centro de La Palma. En el caso del alumnado universitario, deber\u00e1n estar matriculados en al menos 30 cr\u00e9ditos, salvo justificaci\u00f3n expresa.<\/p>\n<\/div>\n","protected":false},"excerpt":{"rendered":"<p>El periodo de solicitud estar\u00e1 abierto durante todo el mes de julio<\/p>\n","protected":false},"author":4,"featured_media":4569,"comment_status":"open","ping_status":"open","sticky":false,"template":"","format":"standard","meta":{"footnotes":""},"categories":[1],"tags":[],"class_list":["post-4568","post","type-post","status-publish","format-standard","has-post-thumbnail","hentry","category-sin-categoria"],"yoast_head":"<!-- This site is optimized with the Yoast SEO plugin v22.7 - https:\/\/yoast.com\/wordpress\/plugins\/seo\/ -->\n<title>Los Llanos de Aridane activa las ayudas para el alumnado que cursa estudios fuera de la isla\u00a0 - Ayuntamiento de Los Llanos de Aridane<\/title>\n<meta name=\"robots\" content=\"index, follow, max-snippet:-1, max-image-preview:large, max-video-preview:-1\" \/>\n<link rel=\"canonical\" href=\"https:\/\/www.aridane.org\/city\/2025\/07\/03\/los-llanos-de-aridane-activa-las-ayudas-para-el-alumnado-que-cursa-estudios-fuera-de-la-isla\/\" \/>\n<meta property=\"og:locale\" content=\"es_ES\" \/>\n<meta property=\"og:type\" content=\"article\" \/>\n<meta property=\"og:title\" content=\"Los Llanos de Aridane activa las ayudas para el alumnado que cursa estudios fuera de la isla\u00a0 - Ayuntamiento de Los Llanos de Aridane\" \/>\n<meta property=\"og:description\" content=\"El periodo de solicitud estar\u00e1 abierto durante todo el mes de julio\" \/>\n<meta property=\"og:url\" content=\"https:\/\/www.aridane.org\/city\/2025\/07\/03\/los-llanos-de-aridane-activa-las-ayudas-para-el-alumnado-que-cursa-estudios-fuera-de-la-isla\/\" \/>\n<meta property=\"og:site_name\" content=\"Ayuntamiento de Los Llanos de Aridane\" \/>\n<meta property=\"article:published_time\" content=\"2025-07-03T08:00:30+00:00\" \/>\n<meta property=\"article:modified_time\" content=\"2025-07-16T08:13:17+00:00\" \/>\n<meta property=\"og:image\" content=\"https:\/\/www.aridane.org\/city\/wp-content\/uploads\/2025\/07\/Casa-de-la-Cultura.jpg\" \/>\n\t<meta property=\"og:image:width\" content=\"1500\" \/>\n\t<meta property=\"og:image:height\" content=\"1001\" \/>\n\t<meta property=\"og:image:type\" content=\"image\/jpeg\" \/>\n<meta name=\"author\" content=\"Corresponsal\" \/>\n<meta name=\"twitter:card\" content=\"summary_large_image\" \/>\n<meta name=\"twitter:label1\" content=\"Escrito por\" \/>\n\t<meta name=\"twitter:data1\" content=\"Corresponsal\" \/>\n\t<meta name=\"twitter:label2\" content=\"Tiempo de lectura\" \/>\n\t<meta name=\"twitter:data2\" content=\"2 minutos\" \/>\n<script type=\"application\/ld+json\" class=\"yoast-schema-graph\">{\"@context\":\"https:\/\/schema.org\",\"@graph\":[{\"@type\":\"WebPage\",\"@id\":\"https:\/\/www.aridane.org\/city\/2025\/07\/03\/los-llanos-de-aridane-activa-las-ayudas-para-el-alumnado-que-cursa-estudios-fuera-de-la-isla\/\",\"url\":\"https:\/\/www.aridane.org\/city\/2025\/07\/03\/los-llanos-de-aridane-activa-las-ayudas-para-el-alumnado-que-cursa-estudios-fuera-de-la-isla\/\",\"name\":\"Los Llanos de Aridane activa las ayudas para el alumnado que cursa estudios fuera de la isla\u00a0 - Ayuntamiento de Los Llanos de Aridane\",\"isPartOf\":{\"@id\":\"https:\/\/www.aridane.org\/city\/#website\"},\"primaryImageOfPage\":{\"@id\":\"https:\/\/www.aridane.org\/city\/2025\/07\/03\/los-llanos-de-aridane-activa-las-ayudas-para-el-alumnado-que-cursa-estudios-fuera-de-la-isla\/#primaryimage\"},\"image\":{\"@id\":\"https:\/\/www.aridane.org\/city\/2025\/07\/03\/los-llanos-de-aridane-activa-las-ayudas-para-el-alumnado-que-cursa-estudios-fuera-de-la-isla\/#primaryimage\"},\"thumbnailUrl\":\"https:\/\/www.aridane.org\/city\/wp-content\/uploads\/2025\/07\/Casa-de-la-Cultura.jpg\",\"datePublished\":\"2025-07-03T08:00:30+00:00\",\"dateModified\":\"2025-07-16T08:13:17+00:00\",\"author\":{\"@id\":\"https:\/\/www.aridane.org\/city\/#\/schema\/person\/89ebd376b223dc94cc1dbcf200c8e6da\"},\"breadcrumb\":{\"@id\":\"https:\/\/www.aridane.org\/city\/2025\/07\/03\/los-llanos-de-aridane-activa-las-ayudas-para-el-alumnado-que-cursa-estudios-fuera-de-la-isla\/#breadcrumb\"},\"inLanguage\":\"es\",\"potentialAction\":[{\"@type\":\"ReadAction\",\"target\":[\"https:\/\/www.aridane.org\/city\/2025\/07\/03\/los-llanos-de-aridane-activa-las-ayudas-para-el-alumnado-que-cursa-estudios-fuera-de-la-isla\/\"]}]},{\"@type\":\"ImageObject\",\"inLanguage\":\"es\",\"@id\":\"https:\/\/www.aridane.org\/city\/2025\/07\/03\/los-llanos-de-aridane-activa-las-ayudas-para-el-alumnado-que-cursa-estudios-fuera-de-la-isla\/#primaryimage\",\"url\":\"https:\/\/www.aridane.org\/city\/wp-content\/uploads\/2025\/07\/Casa-de-la-Cultura.jpg\",\"contentUrl\":\"https:\/\/www.aridane.org\/city\/wp-content\/uploads\/2025\/07\/Casa-de-la-Cultura.jpg\",\"width\":1500,\"height\":1001},{\"@type\":\"BreadcrumbList\",\"@id\":\"https:\/\/www.aridane.org\/city\/2025\/07\/03\/los-llanos-de-aridane-activa-las-ayudas-para-el-alumnado-que-cursa-estudios-fuera-de-la-isla\/#breadcrumb\",\"itemListElement\":[{\"@type\":\"ListItem\",\"position\":1,\"name\":\"Portada\",\"item\":\"https:\/\/www.aridane.org\/city\/\"},{\"@type\":\"ListItem\",\"position\":2,\"name\":\"Los Llanos de Aridane activa las ayudas para el alumnado que cursa estudios fuera de la isla\u00a0\"}]},{\"@type\":\"WebSite\",\"@id\":\"https:\/\/www.aridane.org\/city\/#website\",\"url\":\"https:\/\/www.aridane.org\/city\/\",\"name\":\"Ayuntamiento de Los Llanos de Aridane\",\"description\":\"\",\"potentialAction\":[{\"@type\":\"SearchAction\",\"target\":{\"@type\":\"EntryPoint\",\"urlTemplate\":\"https:\/\/www.aridane.org\/city\/?s={search_term_string}\"},\"query-input\":\"required name=search_term_string\"}],\"inLanguage\":\"es\"},{\"@type\":\"Person\",\"@id\":\"https:\/\/www.aridane.org\/city\/#\/schema\/person\/89ebd376b223dc94cc1dbcf200c8e6da\",\"name\":\"Corresponsal\",\"image\":{\"@type\":\"ImageObject\",\"inLanguage\":\"es\",\"@id\":\"https:\/\/www.aridane.org\/city\/#\/schema\/person\/image\/\",\"url\":\"https:\/\/secure.gravatar.com\/avatar\/1c476992411e4ccf153da63b2b2f5ea0bb4cb1c85f3ceab8512f04325ad5579c?s=96&d=mm&r=g\",\"contentUrl\":\"https:\/\/secure.gravatar.com\/avatar\/1c476992411e4ccf153da63b2b2f5ea0bb4cb1c85f3ceab8512f04325ad5579c?s=96&d=mm&r=g\",\"caption\":\"Corresponsal\"},\"url\":\"https:\/\/www.aridane.org\/city\/author\/corresponsal\/\"}]}<\/script>\n<!-- \/ Yoast SEO plugin. -->","yoast_head_json":{"title":"Los Llanos de Aridane activa las ayudas para el alumnado que cursa estudios fuera de la isla\u00a0 - Ayuntamiento de Los Llanos de Aridane","robots":{"index":"index","follow":"follow","max-snippet":"max-snippet:-1","max-image-preview":"max-image-preview:large","max-video-preview":"max-video-preview:-1"},"canonical":"https:\/\/www.aridane.org\/city\/2025\/07\/03\/los-llanos-de-aridane-activa-las-ayudas-para-el-alumnado-que-cursa-estudios-fuera-de-la-isla\/","og_locale":"es_ES","og_type":"article","og_title":"Los Llanos de Aridane activa las ayudas para el alumnado que cursa estudios fuera de la isla\u00a0 - Ayuntamiento de Los Llanos de Aridane","og_description":"El periodo de solicitud estar\u00e1 abierto durante todo el mes de julio","og_url":"https:\/\/www.aridane.org\/city\/2025\/07\/03\/los-llanos-de-aridane-activa-las-ayudas-para-el-alumnado-que-cursa-estudios-fuera-de-la-isla\/","og_site_name":"Ayuntamiento de Los Llanos de Aridane","article_published_time":"2025-07-03T08:00:30+00:00","article_modified_time":"2025-07-16T08:13:17+00:00","og_image":[{"width":1500,"height":1001,"url":"https:\/\/www.aridane.org\/city\/wp-content\/uploads\/2025\/07\/Casa-de-la-Cultura.jpg","type":"image\/jpeg"}],"author":"Corresponsal","twitter_card":"summary_large_image","twitter_misc":{"Escrito por":"Corresponsal","Tiempo de lectura":"2 minutos"},"schema":{"@context":"https:\/\/schema.org","@graph":[{"@type":"WebPage","@id":"https:\/\/www.aridane.org\/city\/2025\/07\/03\/los-llanos-de-aridane-activa-las-ayudas-para-el-alumnado-que-cursa-estudios-fuera-de-la-isla\/","url":"https:\/\/www.aridane.org\/city\/2025\/07\/03\/los-llanos-de-aridane-activa-las-ayudas-para-el-alumnado-que-cursa-estudios-fuera-de-la-isla\/","name":"Los Llanos de Aridane activa las ayudas para el alumnado que cursa estudios fuera de la isla\u00a0 - Ayuntamiento de Los Llanos de Aridane","isPartOf":{"@id":"https:\/\/www.aridane.org\/city\/#website"},"primaryImageOfPage":{"@id":"https:\/\/www.aridane.org\/city\/2025\/07\/03\/los-llanos-de-aridane-activa-las-ayudas-para-el-alumnado-que-cursa-estudios-fuera-de-la-isla\/#primaryimage"},"image":{"@id":"https:\/\/www.aridane.org\/city\/2025\/07\/03\/los-llanos-de-aridane-activa-las-ayudas-para-el-alumnado-que-cursa-estudios-fuera-de-la-isla\/#primaryimage"},"thumbnailUrl":"https:\/\/www.aridane.org\/city\/wp-content\/uploads\/2025\/07\/Casa-de-la-Cultura.jpg","datePublished":"2025-07-03T08:00:30+00:00","dateModified":"2025-07-16T08:13:17+00:00","author":{"@id":"https:\/\/www.aridane.org\/city\/#\/schema\/person\/89ebd376b223dc94cc1dbcf200c8e6da"},"breadcrumb":{"@id":"https:\/\/www.aridane.org\/city\/2025\/07\/03\/los-llanos-de-aridane-activa-las-ayudas-para-el-alumnado-que-cursa-estudios-fuera-de-la-isla\/#breadcrumb"},"inLanguage":"es","potentialAction":[{"@type":"ReadAction","target":["https:\/\/www.aridane.org\/city\/2025\/07\/03\/los-llanos-de-aridane-activa-las-ayudas-para-el-alumnado-que-cursa-estudios-fuera-de-la-isla\/"]}]},{"@type":"ImageObject","inLanguage":"es","@id":"https:\/\/www.aridane.org\/city\/2025\/07\/03\/los-llanos-de-aridane-activa-las-ayudas-para-el-alumnado-que-cursa-estudios-fuera-de-la-isla\/#primaryimage","url":"https:\/\/www.aridane.org\/city\/wp-content\/uploads\/2025\/07\/Casa-de-la-Cultura.jpg","contentUrl":"https:\/\/www.aridane.org\/city\/wp-content\/uploads\/2025\/07\/Casa-de-la-Cultura.jpg","width":1500,"height":1001},{"@type":"BreadcrumbList","@id":"https:\/\/www.aridane.org\/city\/2025\/07\/03\/los-llanos-de-aridane-activa-las-ayudas-para-el-alumnado-que-cursa-estudios-fuera-de-la-isla\/#breadcrumb","itemListElement":[{"@type":"ListItem","position":1,"name":"Portada","item":"https:\/\/www.aridane.org\/city\/"},{"@type":"ListItem","position":2,"name":"Los Llanos de Aridane activa las ayudas para el alumnado que cursa estudios fuera de la isla\u00a0"}]},{"@type":"WebSite","@id":"https:\/\/www.aridane.org\/city\/#website","url":"https:\/\/www.aridane.org\/city\/","name":"Ayuntamiento de Los Llanos de Aridane","description":"","potentialAction":[{"@type":"SearchAction","target":{"@type":"EntryPoint","urlTemplate":"https:\/\/www.aridane.org\/city\/?s={search_term_string}"},"query-input":"required name=search_term_string"}],"inLanguage":"es"},{"@type":"Person","@id":"https:\/\/www.aridane.org\/city\/#\/schema\/person\/89ebd376b223dc94cc1dbcf200c8e6da","name":"Corresponsal","image":{"@type":"ImageObject","inLanguage":"es","@id":"https:\/\/www.aridane.org\/city\/#\/schema\/person\/image\/","url":"https:\/\/secure.gravatar.com\/avatar\/1c476992411e4ccf153da63b2b2f5ea0bb4cb1c85f3ceab8512f04325ad5579c?s=96&d=mm&r=g","contentUrl":"https:\/\/secure.gravatar.com\/avatar\/1c476992411e4ccf153da63b2b2f5ea0bb4cb1c85f3ceab8512f04325ad5579c?s=96&d=mm&r=g","caption":"Corresponsal"},"url":"https:\/\/www.aridane.org\/city\/author\/corresponsal\/"}]}},"_links":{"self":[{"href":"https:\/\/www.aridane.org\/city\/wp-json\/wp\/v2\/posts\/4568","targetHints":{"allow":["GET"]}}],"collection":[{"href":"https:\/\/www.aridane.org\/city\/wp-json\/wp\/v2\/posts"}],"about":[{"href":"https:\/\/www.aridane.org\/city\/wp-json\/wp\/v2\/types\/post"}],"author":[{"embeddable":true,"href":"https:\/\/www.aridane.org\/city\/wp-json\/wp\/v2\/users\/4"}],"replies":[{"embeddable":true,"href":"https:\/\/www.aridane.org\/city\/wp-json\/wp\/v2\/comments?post=4568"}],"version-history":[{"count":2,"href":"https:\/\/www.aridane.org\/city\/wp-json\/wp\/v2\/posts\/4568\/revisions"}],"predecessor-version":[{"id":4571,"href":"https:\/\/www.aridane.org\/city\/wp-json\/wp\/v2\/posts\/4568\/revisions\/4571"}],"wp:featuredmedia":[{"embeddable":true,"href":"https:\/\/www.aridane.org\/city\/wp-json\/wp\/v2\/media\/4569"}],"wp:attachment":[{"href":"https:\/\/www.aridane.org\/city\/wp-json\/wp\/v2\/media?parent=4568"}],"wp:term":[{"taxonomy":"category","embeddable":true,"href":"https:\/\/www.aridane.org\/city\/wp-json\/wp\/v2\/categories?post=4568"},{"taxonomy":"post_tag","embeddable":true,"href":"https:\/\/www.aridane.org\/city\/wp-json\/wp\/v2\/tags?post=4568"}],"curies":[{"name":"wp","href":"https:\/\/api.w.org\/{rel}","templated":true}]}}