{"id":4572,"date":"2025-06-30T08:13:46","date_gmt":"2025-06-30T08:13:46","guid":{"rendered":"https:\/\/www.aridane.org\/city\/?p=4572"},"modified":"2025-07-16T08:14:54","modified_gmt":"2025-07-16T08:14:54","slug":"los-llanos-de-aridane-combina-deporte-de-alto-rendimiento-e-inclusividad-en-la-batalla-de-acero","status":"publish","type":"post","link":"https:\/\/www.aridane.org\/city\/2025\/06\/30\/los-llanos-de-aridane-combina-deporte-de-alto-rendimiento-e-inclusividad-en-la-batalla-de-acero\/","title":{"rendered":"Los Llanos de Aridane combina deporte de alto rendimiento e inclusividad en la Batalla de Acer\u00f3\u00a0"},"content":{"rendered":"<p><em>Dos referentes internacional del CrossFit adaptado compitieron en la m\u00e1xima categor\u00eda<\/em><!--more--><\/p>\n<p>El Ayuntamiento de Los Llanos de Aridane acogi\u00f3 este s\u00e1bado la segunda edici\u00f3n de la Batalla de Acero, una competici\u00f3n de crosstraining que volvi\u00f3 a situar al municipio como referencia del deporte en Canarias. El evento ha demostrado que es posible unir el m\u00e1ximo nivel competitivo con la inclusi\u00f3n real de personas con distintas capacidades.<\/p>\n<p>Durante m\u00e1s de doce horas, se sucedieron pruebas de gran exigencia f\u00edsica en las que participaron decenas de equipos procedentes de todos los rincones del archipi\u00e9lago.<\/p>\n<p>Uno de los momentos m\u00e1s significativos de la jornada lleg\u00f3 con la tanda de inclusi\u00f3n, impulsada por DXS y Atletas Sin Fronteras. Atletas locales con capacidades f\u00edsicas y funcionales demostraron, con esfuerzo y compa\u00f1erismo, que no hay barreras cuando existe preparaci\u00f3n, voluntad y apoyo colectivo.<\/p>\n<p>El evento tambi\u00e9n rindi\u00f3 homenaje a dos referentes internacionales del CrossFit adaptado: Xabi Osa y Fran Recuerda. Ambos compitieron en la categor\u00eda RX, la m\u00e1xima del campeonato, formando equipo junto a la palmera Janet Gonz\u00e1lez.<\/p>\n<p>En el apartado competitivo, el equipo Ycocrom se alz\u00f3 con la victoria en RX. En la categor\u00eda +105, el primer puesto fue para Crow Team. En Intermedio venci\u00f3 For Quality Team y en Scaled el equipo Tete que Fulete logr\u00f3 la primera posici\u00f3n.<\/p>\n<p>Con una gran acogida por parte del p\u00fablico y una alta participaci\u00f3n de boxes de toda Canarias, la Batalla de Acero 2025 se consolida como una cita que trasciende lo meramente deportivo: un encuentro donde la inclusi\u00f3n, el alto rendimiento y la emoci\u00f3n conviven sobre el mismo terreno de juego.<\/p>\n","protected":false},"excerpt":{"rendered":"<p>Dos referentes internacional del CrossFit adaptado compitieron en la m\u00e1xima categor\u00eda<\/p>\n","protected":false},"author":4,"featured_media":4573,"comment_status":"open","ping_status":"open","sticky":false,"template":"","format":"standard","meta":{"footnotes":""},"categories":[1],"tags":[],"class_list":["post-4572","post","type-post","status-publish","format-standard","has-post-thumbnail","hentry","category-sin-categoria"],"yoast_head":"<!-- This site is optimized with the Yoast SEO plugin v22.7 - https:\/\/yoast.com\/wordpress\/plugins\/seo\/ -->\n<title>Los Llanos de Aridane combina deporte de alto rendimiento e inclusividad en la Batalla de Acer\u00f3\u00a0 - Ayuntamiento de Los Llanos de Aridane<\/title>\n<meta name=\"robots\" content=\"index, follow, max-snippet:-1, max-image-preview:large, max-video-preview:-1\" \/>\n<link rel=\"canonical\" href=\"https:\/\/www.aridane.org\/city\/2025\/06\/30\/los-llanos-de-aridane-combina-deporte-de-alto-rendimiento-e-inclusividad-en-la-batalla-de-acero\/\" \/>\n<meta property=\"og:locale\" content=\"es_ES\" \/>\n<meta property=\"og:type\" content=\"article\" \/>\n<meta property=\"og:title\" content=\"Los Llanos de Aridane combina deporte de alto rendimiento e inclusividad en la Batalla de Acer\u00f3\u00a0 - Ayuntamiento de Los Llanos de Aridane\" \/>\n<meta property=\"og:description\" content=\"Dos referentes internacional del CrossFit adaptado compitieron en la m\u00e1xima categor\u00eda\" \/>\n<meta property=\"og:url\" content=\"https:\/\/www.aridane.org\/city\/2025\/06\/30\/los-llanos-de-aridane-combina-deporte-de-alto-rendimiento-e-inclusividad-en-la-batalla-de-acero\/\" \/>\n<meta property=\"og:site_name\" content=\"Ayuntamiento de Los Llanos de Aridane\" \/>\n<meta property=\"article:published_time\" content=\"2025-06-30T08:13:46+00:00\" \/>\n<meta property=\"article:modified_time\" content=\"2025-07-16T08:14:54+00:00\" \/>\n<meta property=\"og:image\" content=\"https:\/\/www.aridane.org\/city\/wp-content\/uploads\/2025\/07\/Batalla-Acero-2-2025.jpeg\" \/>\n\t<meta property=\"og:image:width\" content=\"2048\" \/>\n\t<meta property=\"og:image:height\" content=\"1365\" \/>\n\t<meta property=\"og:image:type\" content=\"image\/jpeg\" \/>\n<meta name=\"author\" content=\"Corresponsal\" \/>\n<meta name=\"twitter:card\" content=\"summary_large_image\" \/>\n<meta name=\"twitter:label1\" content=\"Escrito por\" \/>\n\t<meta name=\"twitter:data1\" content=\"Corresponsal\" \/>\n\t<meta name=\"twitter:label2\" content=\"Tiempo de lectura\" \/>\n\t<meta name=\"twitter:data2\" content=\"2 minutos\" \/>\n<script type=\"application\/ld+json\" class=\"yoast-schema-graph\">{\"@context\":\"https:\/\/schema.org\",\"@graph\":[{\"@type\":\"WebPage\",\"@id\":\"https:\/\/www.aridane.org\/city\/2025\/06\/30\/los-llanos-de-aridane-combina-deporte-de-alto-rendimiento-e-inclusividad-en-la-batalla-de-acero\/\",\"url\":\"https:\/\/www.aridane.org\/city\/2025\/06\/30\/los-llanos-de-aridane-combina-deporte-de-alto-rendimiento-e-inclusividad-en-la-batalla-de-acero\/\",\"name\":\"Los Llanos de Aridane combina deporte de alto rendimiento e inclusividad en la Batalla de Acer\u00f3\u00a0 - Ayuntamiento de Los Llanos de Aridane\",\"isPartOf\":{\"@id\":\"https:\/\/www.aridane.org\/city\/#website\"},\"primaryImageOfPage\":{\"@id\":\"https:\/\/www.aridane.org\/city\/2025\/06\/30\/los-llanos-de-aridane-combina-deporte-de-alto-rendimiento-e-inclusividad-en-la-batalla-de-acero\/#primaryimage\"},\"image\":{\"@id\":\"https:\/\/www.aridane.org\/city\/2025\/06\/30\/los-llanos-de-aridane-combina-deporte-de-alto-rendimiento-e-inclusividad-en-la-batalla-de-acero\/#primaryimage\"},\"thumbnailUrl\":\"https:\/\/www.aridane.org\/city\/wp-content\/uploads\/2025\/07\/Batalla-Acero-2-2025.jpeg\",\"datePublished\":\"2025-06-30T08:13:46+00:00\",\"dateModified\":\"2025-07-16T08:14:54+00:00\",\"author\":{\"@id\":\"https:\/\/www.aridane.org\/city\/#\/schema\/person\/89ebd376b223dc94cc1dbcf200c8e6da\"},\"breadcrumb\":{\"@id\":\"https:\/\/www.aridane.org\/city\/2025\/06\/30\/los-llanos-de-aridane-combina-deporte-de-alto-rendimiento-e-inclusividad-en-la-batalla-de-acero\/#breadcrumb\"},\"inLanguage\":\"es\",\"potentialAction\":[{\"@type\":\"ReadAction\",\"target\":[\"https:\/\/www.aridane.org\/city\/2025\/06\/30\/los-llanos-de-aridane-combina-deporte-de-alto-rendimiento-e-inclusividad-en-la-batalla-de-acero\/\"]}]},{\"@type\":\"ImageObject\",\"inLanguage\":\"es\",\"@id\":\"https:\/\/www.aridane.org\/city\/2025\/06\/30\/los-llanos-de-aridane-combina-deporte-de-alto-rendimiento-e-inclusividad-en-la-batalla-de-acero\/#primaryimage\",\"url\":\"https:\/\/www.aridane.org\/city\/wp-content\/uploads\/2025\/07\/Batalla-Acero-2-2025.jpeg\",\"contentUrl\":\"https:\/\/www.aridane.org\/city\/wp-content\/uploads\/2025\/07\/Batalla-Acero-2-2025.jpeg\",\"width\":2048,\"height\":1365},{\"@type\":\"BreadcrumbList\",\"@id\":\"https:\/\/www.aridane.org\/city\/2025\/06\/30\/los-llanos-de-aridane-combina-deporte-de-alto-rendimiento-e-inclusividad-en-la-batalla-de-acero\/#breadcrumb\",\"itemListElement\":[{\"@type\":\"ListItem\",\"position\":1,\"name\":\"Portada\",\"item\":\"https:\/\/www.aridane.org\/city\/\"},{\"@type\":\"ListItem\",\"position\":2,\"name\":\"Los Llanos de Aridane combina deporte de alto rendimiento e inclusividad en la Batalla de Acer\u00f3\u00a0\"}]},{\"@type\":\"WebSite\",\"@id\":\"https:\/\/www.aridane.org\/city\/#website\",\"url\":\"https:\/\/www.aridane.org\/city\/\",\"name\":\"Ayuntamiento de Los Llanos de Aridane\",\"description\":\"\",\"potentialAction\":[{\"@type\":\"SearchAction\",\"target\":{\"@type\":\"EntryPoint\",\"urlTemplate\":\"https:\/\/www.aridane.org\/city\/?s={search_term_string}\"},\"query-input\":\"required name=search_term_string\"}],\"inLanguage\":\"es\"},{\"@type\":\"Person\",\"@id\":\"https:\/\/www.aridane.org\/city\/#\/schema\/person\/89ebd376b223dc94cc1dbcf200c8e6da\",\"name\":\"Corresponsal\",\"image\":{\"@type\":\"ImageObject\",\"inLanguage\":\"es\",\"@id\":\"https:\/\/www.aridane.org\/city\/#\/schema\/person\/image\/\",\"url\":\"https:\/\/secure.gravatar.com\/avatar\/1c476992411e4ccf153da63b2b2f5ea0bb4cb1c85f3ceab8512f04325ad5579c?s=96&d=mm&r=g\",\"contentUrl\":\"https:\/\/secure.gravatar.com\/avatar\/1c476992411e4ccf153da63b2b2f5ea0bb4cb1c85f3ceab8512f04325ad5579c?s=96&d=mm&r=g\",\"caption\":\"Corresponsal\"},\"url\":\"https:\/\/www.aridane.org\/city\/author\/corresponsal\/\"}]}<\/script>\n<!-- \/ Yoast SEO plugin. -->","yoast_head_json":{"title":"Los Llanos de Aridane combina deporte de alto rendimiento e inclusividad en la Batalla de Acer\u00f3\u00a0 - Ayuntamiento de Los Llanos de Aridane","robots":{"index":"index","follow":"follow","max-snippet":"max-snippet:-1","max-image-preview":"max-image-preview:large","max-video-preview":"max-video-preview:-1"},"canonical":"https:\/\/www.aridane.org\/city\/2025\/06\/30\/los-llanos-de-aridane-combina-deporte-de-alto-rendimiento-e-inclusividad-en-la-batalla-de-acero\/","og_locale":"es_ES","og_type":"article","og_title":"Los Llanos de Aridane combina deporte de alto rendimiento e inclusividad en la Batalla de Acer\u00f3\u00a0 - Ayuntamiento de Los Llanos de Aridane","og_description":"Dos referentes internacional del CrossFit adaptado compitieron en la m\u00e1xima categor\u00eda","og_url":"https:\/\/www.aridane.org\/city\/2025\/06\/30\/los-llanos-de-aridane-combina-deporte-de-alto-rendimiento-e-inclusividad-en-la-batalla-de-acero\/","og_site_name":"Ayuntamiento de Los Llanos de Aridane","article_published_time":"2025-06-30T08:13:46+00:00","article_modified_time":"2025-07-16T08:14:54+00:00","og_image":[{"width":2048,"height":1365,"url":"https:\/\/www.aridane.org\/city\/wp-content\/uploads\/2025\/07\/Batalla-Acero-2-2025.jpeg","type":"image\/jpeg"}],"author":"Corresponsal","twitter_card":"summary_large_image","twitter_misc":{"Escrito por":"Corresponsal","Tiempo de lectura":"2 minutos"},"schema":{"@context":"https:\/\/schema.org","@graph":[{"@type":"WebPage","@id":"https:\/\/www.aridane.org\/city\/2025\/06\/30\/los-llanos-de-aridane-combina-deporte-de-alto-rendimiento-e-inclusividad-en-la-batalla-de-acero\/","url":"https:\/\/www.aridane.org\/city\/2025\/06\/30\/los-llanos-de-aridane-combina-deporte-de-alto-rendimiento-e-inclusividad-en-la-batalla-de-acero\/","name":"Los Llanos de Aridane combina deporte de alto rendimiento e inclusividad en la Batalla de Acer\u00f3\u00a0 - Ayuntamiento de Los Llanos de Aridane","isPartOf":{"@id":"https:\/\/www.aridane.org\/city\/#website"},"primaryImageOfPage":{"@id":"https:\/\/www.aridane.org\/city\/2025\/06\/30\/los-llanos-de-aridane-combina-deporte-de-alto-rendimiento-e-inclusividad-en-la-batalla-de-acero\/#primaryimage"},"image":{"@id":"https:\/\/www.aridane.org\/city\/2025\/06\/30\/los-llanos-de-aridane-combina-deporte-de-alto-rendimiento-e-inclusividad-en-la-batalla-de-acero\/#primaryimage"},"thumbnailUrl":"https:\/\/www.aridane.org\/city\/wp-content\/uploads\/2025\/07\/Batalla-Acero-2-2025.jpeg","datePublished":"2025-06-30T08:13:46+00:00","dateModified":"2025-07-16T08:14:54+00:00","author":{"@id":"https:\/\/www.aridane.org\/city\/#\/schema\/person\/89ebd376b223dc94cc1dbcf200c8e6da"},"breadcrumb":{"@id":"https:\/\/www.aridane.org\/city\/2025\/06\/30\/los-llanos-de-aridane-combina-deporte-de-alto-rendimiento-e-inclusividad-en-la-batalla-de-acero\/#breadcrumb"},"inLanguage":"es","potentialAction":[{"@type":"ReadAction","target":["https:\/\/www.aridane.org\/city\/2025\/06\/30\/los-llanos-de-aridane-combina-deporte-de-alto-rendimiento-e-inclusividad-en-la-batalla-de-acero\/"]}]},{"@type":"ImageObject","inLanguage":"es","@id":"https:\/\/www.aridane.org\/city\/2025\/06\/30\/los-llanos-de-aridane-combina-deporte-de-alto-rendimiento-e-inclusividad-en-la-batalla-de-acero\/#primaryimage","url":"https:\/\/www.aridane.org\/city\/wp-content\/uploads\/2025\/07\/Batalla-Acero-2-2025.jpeg","contentUrl":"https:\/\/www.aridane.org\/city\/wp-content\/uploads\/2025\/07\/Batalla-Acero-2-2025.jpeg","width":2048,"height":1365},{"@type":"BreadcrumbList","@id":"https:\/\/www.aridane.org\/city\/2025\/06\/30\/los-llanos-de-aridane-combina-deporte-de-alto-rendimiento-e-inclusividad-en-la-batalla-de-acero\/#breadcrumb","itemListElement":[{"@type":"ListItem","position":1,"name":"Portada","item":"https:\/\/www.aridane.org\/city\/"},{"@type":"ListItem","position":2,"name":"Los Llanos de Aridane combina deporte de alto rendimiento e inclusividad en la Batalla de Acer\u00f3\u00a0"}]},{"@type":"WebSite","@id":"https:\/\/www.aridane.org\/city\/#website","url":"https:\/\/www.aridane.org\/city\/","name":"Ayuntamiento de Los Llanos de Aridane","description":"","potentialAction":[{"@type":"SearchAction","target":{"@type":"EntryPoint","urlTemplate":"https:\/\/www.aridane.org\/city\/?s={search_term_string}"},"query-input":"required name=search_term_string"}],"inLanguage":"es"},{"@type":"Person","@id":"https:\/\/www.aridane.org\/city\/#\/schema\/person\/89ebd376b223dc94cc1dbcf200c8e6da","name":"Corresponsal","image":{"@type":"ImageObject","inLanguage":"es","@id":"https:\/\/www.aridane.org\/city\/#\/schema\/person\/image\/","url":"https:\/\/secure.gravatar.com\/avatar\/1c476992411e4ccf153da63b2b2f5ea0bb4cb1c85f3ceab8512f04325ad5579c?s=96&d=mm&r=g","contentUrl":"https:\/\/secure.gravatar.com\/avatar\/1c476992411e4ccf153da63b2b2f5ea0bb4cb1c85f3ceab8512f04325ad5579c?s=96&d=mm&r=g","caption":"Corresponsal"},"url":"https:\/\/www.aridane.org\/city\/author\/corresponsal\/"}]}},"_links":{"self":[{"href":"https:\/\/www.aridane.org\/city\/wp-json\/wp\/v2\/posts\/4572","targetHints":{"allow":["GET"]}}],"collection":[{"href":"https:\/\/www.aridane.org\/city\/wp-json\/wp\/v2\/posts"}],"about":[{"href":"https:\/\/www.aridane.org\/city\/wp-json\/wp\/v2\/types\/post"}],"author":[{"embeddable":true,"href":"https:\/\/www.aridane.org\/city\/wp-json\/wp\/v2\/users\/4"}],"replies":[{"embeddable":true,"href":"https:\/\/www.aridane.org\/city\/wp-json\/wp\/v2\/comments?post=4572"}],"version-history":[{"count":1,"href":"https:\/\/www.aridane.org\/city\/wp-json\/wp\/v2\/posts\/4572\/revisions"}],"predecessor-version":[{"id":4574,"href":"https:\/\/www.aridane.org\/city\/wp-json\/wp\/v2\/posts\/4572\/revisions\/4574"}],"wp:featuredmedia":[{"embeddable":true,"href":"https:\/\/www.aridane.org\/city\/wp-json\/wp\/v2\/media\/4573"}],"wp:attachment":[{"href":"https:\/\/www.aridane.org\/city\/wp-json\/wp\/v2\/media?parent=4572"}],"wp:term":[{"taxonomy":"category","embeddable":true,"href":"https:\/\/www.aridane.org\/city\/wp-json\/wp\/v2\/categories?post=4572"},{"taxonomy":"post_tag","embeddable":true,"href":"https:\/\/www.aridane.org\/city\/wp-json\/wp\/v2\/tags?post=4572"}],"curies":[{"name":"wp","href":"https:\/\/api.w.org\/{rel}","templated":true}]}}