{"id":4575,"date":"2025-06-30T08:15:15","date_gmt":"2025-06-30T08:15:15","guid":{"rendered":"https:\/\/www.aridane.org\/city\/?p=4575"},"modified":"2025-07-16T08:16:19","modified_gmt":"2025-07-16T08:16:19","slug":"los-llanos-convierte-los-vehiculos-abandonados-del-municipio-en-material-didactico-para-los-institutos","status":"publish","type":"post","link":"https:\/\/www.aridane.org\/city\/2025\/06\/30\/los-llanos-convierte-los-vehiculos-abandonados-del-municipio-en-material-didactico-para-los-institutos\/","title":{"rendered":"Los Llanos convierte los veh\u00edculos abandonados del municipio en material did\u00e1ctico para los institutos"},"content":{"rendered":"<p><em>El Ayuntamiento acaba de formalizar la entrega de siete veh\u00edculos al IES Jos\u00e9 Mar\u00eda P\u00e9rez Pulido y pronto har\u00e1 lo propio con el Centro Educativo de Villa de Mazo<\/em><!--more--><\/p>\n<div id=\"v1forwardbody1\">\n<p>El Ayuntamiento de Los Llanos de Aridane hace entrega al IES Jos\u00e9 Mar\u00eda P\u00e9rez Pulido de seis coches y una moto retirados de la v\u00eda p\u00fablica. Estos veh\u00edculos, que formaban parte del plan municipal de recogida de autom\u00f3viles abandonados, se utilizar\u00e1n como material did\u00e1ctico en los ciclos formativos de automoci\u00f3n del centro.<\/p>\n<p>El concejal de Servicios Municipales, Rubens D\u00edaz, destaca que esta iniciativa permite dar una segunda vida a estos veh\u00edculos. \u201cEn lugar de convertirse en residuos, ahora servir\u00e1n para que el alumnado aprenda y practique con coches reales. Es una forma \u00fatil y responsable de aplicar la econom\u00eda circular\u201d, explica, recordando que tambi\u00e9n colaborar\u00e1n con el Centro Educativo de Villa de Mazo.<\/p>\n<p>Por su parte, el alcalde, Javier Llamas, agradece el trabajo de la Polic\u00eda Local, que detecta y tramita la retirada de los veh\u00edculos abandonados en Los Llanos de Aridane. \u201cSin su colaboraci\u00f3n, este tipo de actuaciones no ser\u00edan posibles. Esta coordinaci\u00f3n entre \u00e1reas es fundamental para seguir liberando espacio p\u00fablico y mejorando la imagen del municipio\u201d, se\u00f1ala.<\/p>\n<p>Desde el Ayuntamiento se recuerda a la ciudadan\u00eda que abandonar un coche en la v\u00eda p\u00fablica no s\u00f3lo est\u00e1 prohibido, sino que genera problemas de ocupaci\u00f3n, deterioro urbano e insalubridad.<\/p>\n<p>Por ello, se recomienda a los propietarios que no vayan a seguir utilizando su veh\u00edculo que contacten con el Consistorio, donde se les explicar\u00e1 c\u00f3mo darlo de baja correctamente y entregarlo a un centro autorizado para su descontaminaci\u00f3n y reciclaje.<\/p>\n<p>Esta acci\u00f3n forma parte de un plan municipal que ya ha permitido retirar m\u00e1s de 150 veh\u00edculos abandonados en Los Llanos de Aridane durante el \u00faltimo a\u00f1o.<\/p>\n<\/div>\n","protected":false},"excerpt":{"rendered":"<p>El Ayuntamiento acaba de formalizar la entrega de siete veh\u00edculos al IES Jos\u00e9 Mar\u00eda P\u00e9rez Pulido y pronto har\u00e1 lo propio con el Centro Educativo de Villa de Mazo<\/p>\n","protected":false},"author":4,"featured_media":4576,"comment_status":"open","ping_status":"open","sticky":false,"template":"","format":"standard","meta":{"footnotes":""},"categories":[1],"tags":[],"class_list":["post-4575","post","type-post","status-publish","format-standard","has-post-thumbnail","hentry","category-sin-categoria"],"yoast_head":"<!-- This site is optimized with the Yoast SEO plugin v22.7 - https:\/\/yoast.com\/wordpress\/plugins\/seo\/ -->\n<title>Los Llanos convierte los veh\u00edculos abandonados del municipio en material did\u00e1ctico para los institutos - Ayuntamiento de Los Llanos de Aridane<\/title>\n<meta name=\"robots\" content=\"index, follow, max-snippet:-1, max-image-preview:large, max-video-preview:-1\" \/>\n<link rel=\"canonical\" href=\"https:\/\/www.aridane.org\/city\/2025\/06\/30\/los-llanos-convierte-los-vehiculos-abandonados-del-municipio-en-material-didactico-para-los-institutos\/\" \/>\n<meta property=\"og:locale\" content=\"es_ES\" \/>\n<meta property=\"og:type\" content=\"article\" \/>\n<meta property=\"og:title\" content=\"Los Llanos convierte los veh\u00edculos abandonados del municipio en material did\u00e1ctico para los institutos - Ayuntamiento de Los Llanos de Aridane\" \/>\n<meta property=\"og:description\" content=\"El Ayuntamiento acaba de formalizar la entrega de siete veh\u00edculos al IES Jos\u00e9 Mar\u00eda P\u00e9rez Pulido y pronto har\u00e1 lo propio con el Centro Educativo de Villa de Mazo\" \/>\n<meta property=\"og:url\" content=\"https:\/\/www.aridane.org\/city\/2025\/06\/30\/los-llanos-convierte-los-vehiculos-abandonados-del-municipio-en-material-didactico-para-los-institutos\/\" \/>\n<meta property=\"og:site_name\" content=\"Ayuntamiento de Los Llanos de Aridane\" \/>\n<meta property=\"article:published_time\" content=\"2025-06-30T08:15:15+00:00\" \/>\n<meta property=\"article:modified_time\" content=\"2025-07-16T08:16:19+00:00\" \/>\n<meta property=\"og:image\" content=\"https:\/\/www.aridane.org\/city\/wp-content\/uploads\/2025\/07\/Economia-circular-Los-Llanos-scaled.jpeg\" \/>\n\t<meta property=\"og:image:width\" content=\"2560\" \/>\n\t<meta property=\"og:image:height\" content=\"1920\" \/>\n\t<meta property=\"og:image:type\" content=\"image\/jpeg\" \/>\n<meta name=\"author\" content=\"Corresponsal\" \/>\n<meta name=\"twitter:card\" content=\"summary_large_image\" \/>\n<meta name=\"twitter:label1\" content=\"Escrito por\" \/>\n\t<meta name=\"twitter:data1\" content=\"Corresponsal\" \/>\n\t<meta name=\"twitter:label2\" content=\"Tiempo de lectura\" \/>\n\t<meta name=\"twitter:data2\" content=\"2 minutos\" \/>\n<script type=\"application\/ld+json\" class=\"yoast-schema-graph\">{\"@context\":\"https:\/\/schema.org\",\"@graph\":[{\"@type\":\"WebPage\",\"@id\":\"https:\/\/www.aridane.org\/city\/2025\/06\/30\/los-llanos-convierte-los-vehiculos-abandonados-del-municipio-en-material-didactico-para-los-institutos\/\",\"url\":\"https:\/\/www.aridane.org\/city\/2025\/06\/30\/los-llanos-convierte-los-vehiculos-abandonados-del-municipio-en-material-didactico-para-los-institutos\/\",\"name\":\"Los Llanos convierte los veh\u00edculos abandonados del municipio en material did\u00e1ctico para los institutos - Ayuntamiento de Los Llanos de Aridane\",\"isPartOf\":{\"@id\":\"https:\/\/www.aridane.org\/city\/#website\"},\"primaryImageOfPage\":{\"@id\":\"https:\/\/www.aridane.org\/city\/2025\/06\/30\/los-llanos-convierte-los-vehiculos-abandonados-del-municipio-en-material-didactico-para-los-institutos\/#primaryimage\"},\"image\":{\"@id\":\"https:\/\/www.aridane.org\/city\/2025\/06\/30\/los-llanos-convierte-los-vehiculos-abandonados-del-municipio-en-material-didactico-para-los-institutos\/#primaryimage\"},\"thumbnailUrl\":\"https:\/\/www.aridane.org\/city\/wp-content\/uploads\/2025\/07\/Economia-circular-Los-Llanos-scaled.jpeg\",\"datePublished\":\"2025-06-30T08:15:15+00:00\",\"dateModified\":\"2025-07-16T08:16:19+00:00\",\"author\":{\"@id\":\"https:\/\/www.aridane.org\/city\/#\/schema\/person\/89ebd376b223dc94cc1dbcf200c8e6da\"},\"breadcrumb\":{\"@id\":\"https:\/\/www.aridane.org\/city\/2025\/06\/30\/los-llanos-convierte-los-vehiculos-abandonados-del-municipio-en-material-didactico-para-los-institutos\/#breadcrumb\"},\"inLanguage\":\"es\",\"potentialAction\":[{\"@type\":\"ReadAction\",\"target\":[\"https:\/\/www.aridane.org\/city\/2025\/06\/30\/los-llanos-convierte-los-vehiculos-abandonados-del-municipio-en-material-didactico-para-los-institutos\/\"]}]},{\"@type\":\"ImageObject\",\"inLanguage\":\"es\",\"@id\":\"https:\/\/www.aridane.org\/city\/2025\/06\/30\/los-llanos-convierte-los-vehiculos-abandonados-del-municipio-en-material-didactico-para-los-institutos\/#primaryimage\",\"url\":\"https:\/\/www.aridane.org\/city\/wp-content\/uploads\/2025\/07\/Economia-circular-Los-Llanos-scaled.jpeg\",\"contentUrl\":\"https:\/\/www.aridane.org\/city\/wp-content\/uploads\/2025\/07\/Economia-circular-Los-Llanos-scaled.jpeg\",\"width\":2560,\"height\":1920},{\"@type\":\"BreadcrumbList\",\"@id\":\"https:\/\/www.aridane.org\/city\/2025\/06\/30\/los-llanos-convierte-los-vehiculos-abandonados-del-municipio-en-material-didactico-para-los-institutos\/#breadcrumb\",\"itemListElement\":[{\"@type\":\"ListItem\",\"position\":1,\"name\":\"Portada\",\"item\":\"https:\/\/www.aridane.org\/city\/\"},{\"@type\":\"ListItem\",\"position\":2,\"name\":\"Los Llanos convierte los veh\u00edculos abandonados del municipio en material did\u00e1ctico para los institutos\"}]},{\"@type\":\"WebSite\",\"@id\":\"https:\/\/www.aridane.org\/city\/#website\",\"url\":\"https:\/\/www.aridane.org\/city\/\",\"name\":\"Ayuntamiento de Los Llanos de Aridane\",\"description\":\"\",\"potentialAction\":[{\"@type\":\"SearchAction\",\"target\":{\"@type\":\"EntryPoint\",\"urlTemplate\":\"https:\/\/www.aridane.org\/city\/?s={search_term_string}\"},\"query-input\":\"required name=search_term_string\"}],\"inLanguage\":\"es\"},{\"@type\":\"Person\",\"@id\":\"https:\/\/www.aridane.org\/city\/#\/schema\/person\/89ebd376b223dc94cc1dbcf200c8e6da\",\"name\":\"Corresponsal\",\"image\":{\"@type\":\"ImageObject\",\"inLanguage\":\"es\",\"@id\":\"https:\/\/www.aridane.org\/city\/#\/schema\/person\/image\/\",\"url\":\"https:\/\/secure.gravatar.com\/avatar\/1c476992411e4ccf153da63b2b2f5ea0bb4cb1c85f3ceab8512f04325ad5579c?s=96&d=mm&r=g\",\"contentUrl\":\"https:\/\/secure.gravatar.com\/avatar\/1c476992411e4ccf153da63b2b2f5ea0bb4cb1c85f3ceab8512f04325ad5579c?s=96&d=mm&r=g\",\"caption\":\"Corresponsal\"},\"url\":\"https:\/\/www.aridane.org\/city\/author\/corresponsal\/\"}]}<\/script>\n<!-- \/ Yoast SEO plugin. -->","yoast_head_json":{"title":"Los Llanos convierte los veh\u00edculos abandonados del municipio en material did\u00e1ctico para los institutos - Ayuntamiento de Los Llanos de Aridane","robots":{"index":"index","follow":"follow","max-snippet":"max-snippet:-1","max-image-preview":"max-image-preview:large","max-video-preview":"max-video-preview:-1"},"canonical":"https:\/\/www.aridane.org\/city\/2025\/06\/30\/los-llanos-convierte-los-vehiculos-abandonados-del-municipio-en-material-didactico-para-los-institutos\/","og_locale":"es_ES","og_type":"article","og_title":"Los Llanos convierte los veh\u00edculos abandonados del municipio en material did\u00e1ctico para los institutos - Ayuntamiento de Los Llanos de Aridane","og_description":"El Ayuntamiento acaba de formalizar la entrega de siete veh\u00edculos al IES Jos\u00e9 Mar\u00eda P\u00e9rez Pulido y pronto har\u00e1 lo propio con el Centro Educativo de Villa de Mazo","og_url":"https:\/\/www.aridane.org\/city\/2025\/06\/30\/los-llanos-convierte-los-vehiculos-abandonados-del-municipio-en-material-didactico-para-los-institutos\/","og_site_name":"Ayuntamiento de Los Llanos de Aridane","article_published_time":"2025-06-30T08:15:15+00:00","article_modified_time":"2025-07-16T08:16:19+00:00","og_image":[{"width":2560,"height":1920,"url":"https:\/\/www.aridane.org\/city\/wp-content\/uploads\/2025\/07\/Economia-circular-Los-Llanos-scaled.jpeg","type":"image\/jpeg"}],"author":"Corresponsal","twitter_card":"summary_large_image","twitter_misc":{"Escrito por":"Corresponsal","Tiempo de lectura":"2 minutos"},"schema":{"@context":"https:\/\/schema.org","@graph":[{"@type":"WebPage","@id":"https:\/\/www.aridane.org\/city\/2025\/06\/30\/los-llanos-convierte-los-vehiculos-abandonados-del-municipio-en-material-didactico-para-los-institutos\/","url":"https:\/\/www.aridane.org\/city\/2025\/06\/30\/los-llanos-convierte-los-vehiculos-abandonados-del-municipio-en-material-didactico-para-los-institutos\/","name":"Los Llanos convierte los veh\u00edculos abandonados del municipio en material did\u00e1ctico para los institutos - Ayuntamiento de Los Llanos de Aridane","isPartOf":{"@id":"https:\/\/www.aridane.org\/city\/#website"},"primaryImageOfPage":{"@id":"https:\/\/www.aridane.org\/city\/2025\/06\/30\/los-llanos-convierte-los-vehiculos-abandonados-del-municipio-en-material-didactico-para-los-institutos\/#primaryimage"},"image":{"@id":"https:\/\/www.aridane.org\/city\/2025\/06\/30\/los-llanos-convierte-los-vehiculos-abandonados-del-municipio-en-material-didactico-para-los-institutos\/#primaryimage"},"thumbnailUrl":"https:\/\/www.aridane.org\/city\/wp-content\/uploads\/2025\/07\/Economia-circular-Los-Llanos-scaled.jpeg","datePublished":"2025-06-30T08:15:15+00:00","dateModified":"2025-07-16T08:16:19+00:00","author":{"@id":"https:\/\/www.aridane.org\/city\/#\/schema\/person\/89ebd376b223dc94cc1dbcf200c8e6da"},"breadcrumb":{"@id":"https:\/\/www.aridane.org\/city\/2025\/06\/30\/los-llanos-convierte-los-vehiculos-abandonados-del-municipio-en-material-didactico-para-los-institutos\/#breadcrumb"},"inLanguage":"es","potentialAction":[{"@type":"ReadAction","target":["https:\/\/www.aridane.org\/city\/2025\/06\/30\/los-llanos-convierte-los-vehiculos-abandonados-del-municipio-en-material-didactico-para-los-institutos\/"]}]},{"@type":"ImageObject","inLanguage":"es","@id":"https:\/\/www.aridane.org\/city\/2025\/06\/30\/los-llanos-convierte-los-vehiculos-abandonados-del-municipio-en-material-didactico-para-los-institutos\/#primaryimage","url":"https:\/\/www.aridane.org\/city\/wp-content\/uploads\/2025\/07\/Economia-circular-Los-Llanos-scaled.jpeg","contentUrl":"https:\/\/www.aridane.org\/city\/wp-content\/uploads\/2025\/07\/Economia-circular-Los-Llanos-scaled.jpeg","width":2560,"height":1920},{"@type":"BreadcrumbList","@id":"https:\/\/www.aridane.org\/city\/2025\/06\/30\/los-llanos-convierte-los-vehiculos-abandonados-del-municipio-en-material-didactico-para-los-institutos\/#breadcrumb","itemListElement":[{"@type":"ListItem","position":1,"name":"Portada","item":"https:\/\/www.aridane.org\/city\/"},{"@type":"ListItem","position":2,"name":"Los Llanos convierte los veh\u00edculos abandonados del municipio en material did\u00e1ctico para los institutos"}]},{"@type":"WebSite","@id":"https:\/\/www.aridane.org\/city\/#website","url":"https:\/\/www.aridane.org\/city\/","name":"Ayuntamiento de Los Llanos de Aridane","description":"","potentialAction":[{"@type":"SearchAction","target":{"@type":"EntryPoint","urlTemplate":"https:\/\/www.aridane.org\/city\/?s={search_term_string}"},"query-input":"required name=search_term_string"}],"inLanguage":"es"},{"@type":"Person","@id":"https:\/\/www.aridane.org\/city\/#\/schema\/person\/89ebd376b223dc94cc1dbcf200c8e6da","name":"Corresponsal","image":{"@type":"ImageObject","inLanguage":"es","@id":"https:\/\/www.aridane.org\/city\/#\/schema\/person\/image\/","url":"https:\/\/secure.gravatar.com\/avatar\/1c476992411e4ccf153da63b2b2f5ea0bb4cb1c85f3ceab8512f04325ad5579c?s=96&d=mm&r=g","contentUrl":"https:\/\/secure.gravatar.com\/avatar\/1c476992411e4ccf153da63b2b2f5ea0bb4cb1c85f3ceab8512f04325ad5579c?s=96&d=mm&r=g","caption":"Corresponsal"},"url":"https:\/\/www.aridane.org\/city\/author\/corresponsal\/"}]}},"_links":{"self":[{"href":"https:\/\/www.aridane.org\/city\/wp-json\/wp\/v2\/posts\/4575","targetHints":{"allow":["GET"]}}],"collection":[{"href":"https:\/\/www.aridane.org\/city\/wp-json\/wp\/v2\/posts"}],"about":[{"href":"https:\/\/www.aridane.org\/city\/wp-json\/wp\/v2\/types\/post"}],"author":[{"embeddable":true,"href":"https:\/\/www.aridane.org\/city\/wp-json\/wp\/v2\/users\/4"}],"replies":[{"embeddable":true,"href":"https:\/\/www.aridane.org\/city\/wp-json\/wp\/v2\/comments?post=4575"}],"version-history":[{"count":1,"href":"https:\/\/www.aridane.org\/city\/wp-json\/wp\/v2\/posts\/4575\/revisions"}],"predecessor-version":[{"id":4577,"href":"https:\/\/www.aridane.org\/city\/wp-json\/wp\/v2\/posts\/4575\/revisions\/4577"}],"wp:featuredmedia":[{"embeddable":true,"href":"https:\/\/www.aridane.org\/city\/wp-json\/wp\/v2\/media\/4576"}],"wp:attachment":[{"href":"https:\/\/www.aridane.org\/city\/wp-json\/wp\/v2\/media?parent=4575"}],"wp:term":[{"taxonomy":"category","embeddable":true,"href":"https:\/\/www.aridane.org\/city\/wp-json\/wp\/v2\/categories?post=4575"},{"taxonomy":"post_tag","embeddable":true,"href":"https:\/\/www.aridane.org\/city\/wp-json\/wp\/v2\/tags?post=4575"}],"curies":[{"name":"wp","href":"https:\/\/api.w.org\/{rel}","templated":true}]}}