{"id":4578,"date":"2025-06-30T08:16:27","date_gmt":"2025-06-30T08:16:27","guid":{"rendered":"https:\/\/www.aridane.org\/city\/?p=4578"},"modified":"2025-07-16T08:18:08","modified_gmt":"2025-07-16T08:18:08","slug":"los-llanos-de-aridane-honra-a-la-patrona-con-carreras-de-caballos-y-el-estreno-del-campeonato-turf-2025","status":"publish","type":"post","link":"https:\/\/www.aridane.org\/city\/2025\/06\/30\/los-llanos-de-aridane-honra-a-la-patrona-con-carreras-de-caballos-y-el-estreno-del-campeonato-turf-2025\/","title":{"rendered":"Los Llanos de Aridane honra a La Patrona con carreras de caballos y el estreno del Campeonato Turf 2025"},"content":{"rendered":"<p><em>La primera ronda del campeonato re\u00fane a 16 caballos de La Palma, Tenerife y Gran Canaria<\/em><!--more--><\/p>\n<div id=\"v1forwardbody1\">\n<p>El Ayuntamiento de Los Llanos de Aridane organiza este mi\u00e9rcoles, 2 de julio, las tradicionales carreras de caballo de las Fiestas en honor a Nuestra Se\u00f1ora de Los Remedios. Esta edici\u00f3n, que comienza a las 18:00 horas, cuenta con una novedad destacada: las pruebas forman parte de la I Edici\u00f3n del Campeonato Turf Los Llanos-Tazacorte 2025.<\/p>\n<p>El alcalde de Los Llanos de Aridane, Javier Llamas, destaca que esta cita es uno de los acontecimientos m\u00e1s simb\u00f3licos de las fiestas patronales. \u201cUna tradici\u00f3n que une a aficionados, vecinos y vecinas alrededor de un espect\u00e1culo deportivo muy arraigado en la isla\u201d, apunta.<\/p>\n<p>En este sentido, el concejal de Deportes, V\u00edctor Gonz\u00e1lez, se\u00f1ala que la inclusi\u00f3n de las carreras en la I edici\u00f3n del Campeonato Turf refuerza la importancia de esta prueba, en la que se re\u00fanen familias de toda la isla. \u201cAgradecemos a todas las personas que colaboran en la organizaci\u00f3n del evento su implicaci\u00f3n y compromiso\u201d, a\u00f1ade.<\/p>\n<p>La primera ronda del campeonato reunir\u00e1 a 16 caballos de La Palma, Tenerife y Gran Canaria, que compiten sobre una distancia de 1.600 metros en la Avenida Carlos Francisco Lorenzo Navarro.<\/p>\n<p>El programa incluye ocho enfrentamientos: Mammur contra Prince de Galles, Crayon contra Grisol, Rebellious Spirit contra Don Sancho, Farinelli contra Nirmali, Herring Island contra Love Festival, Young General contra Sea Dream, Fitero contra Team Inmemorial y Wall Game contra Roncesvalles. La primera carrera acoger\u00e1, adem\u00e1s, la III edici\u00f3n del Gran Trofeo Don Carmelo.<\/p>\n<\/div>\n","protected":false},"excerpt":{"rendered":"<p>La primera ronda del campeonato re\u00fane a 16 caballos de La Palma, Tenerife y Gran Canaria<\/p>\n","protected":false},"author":4,"featured_media":4579,"comment_status":"open","ping_status":"open","sticky":false,"template":"","format":"standard","meta":{"footnotes":""},"categories":[1],"tags":[],"class_list":["post-4578","post","type-post","status-publish","format-standard","has-post-thumbnail","hentry","category-sin-categoria"],"yoast_head":"<!-- This site is optimized with the Yoast SEO plugin v22.7 - https:\/\/yoast.com\/wordpress\/plugins\/seo\/ -->\n<title>Los Llanos de Aridane honra a La Patrona con carreras de caballos y el estreno del Campeonato Turf 2025 - Ayuntamiento de Los Llanos de Aridane<\/title>\n<meta name=\"robots\" content=\"index, follow, max-snippet:-1, max-image-preview:large, max-video-preview:-1\" \/>\n<link rel=\"canonical\" href=\"https:\/\/www.aridane.org\/city\/2025\/06\/30\/los-llanos-de-aridane-honra-a-la-patrona-con-carreras-de-caballos-y-el-estreno-del-campeonato-turf-2025\/\" \/>\n<meta property=\"og:locale\" content=\"es_ES\" \/>\n<meta property=\"og:type\" content=\"article\" \/>\n<meta property=\"og:title\" content=\"Los Llanos de Aridane honra a La Patrona con carreras de caballos y el estreno del Campeonato Turf 2025 - Ayuntamiento de Los Llanos de Aridane\" \/>\n<meta property=\"og:description\" content=\"La primera ronda del campeonato re\u00fane a 16 caballos de La Palma, Tenerife y Gran Canaria\" \/>\n<meta property=\"og:url\" content=\"https:\/\/www.aridane.org\/city\/2025\/06\/30\/los-llanos-de-aridane-honra-a-la-patrona-con-carreras-de-caballos-y-el-estreno-del-campeonato-turf-2025\/\" \/>\n<meta property=\"og:site_name\" content=\"Ayuntamiento de Los Llanos de Aridane\" \/>\n<meta property=\"article:published_time\" content=\"2025-06-30T08:16:27+00:00\" \/>\n<meta property=\"article:modified_time\" content=\"2025-07-16T08:18:08+00:00\" \/>\n<meta property=\"og:image\" content=\"https:\/\/www.aridane.org\/city\/wp-content\/uploads\/2025\/07\/Patrona.jpg\" \/>\n\t<meta property=\"og:image:width\" content=\"670\" \/>\n\t<meta property=\"og:image:height\" content=\"447\" \/>\n\t<meta property=\"og:image:type\" content=\"image\/jpeg\" \/>\n<meta name=\"author\" content=\"Corresponsal\" \/>\n<meta name=\"twitter:card\" content=\"summary_large_image\" \/>\n<meta name=\"twitter:label1\" content=\"Escrito por\" \/>\n\t<meta name=\"twitter:data1\" content=\"Corresponsal\" \/>\n\t<meta name=\"twitter:label2\" content=\"Tiempo de lectura\" \/>\n\t<meta name=\"twitter:data2\" content=\"2 minutos\" \/>\n<script type=\"application\/ld+json\" class=\"yoast-schema-graph\">{\"@context\":\"https:\/\/schema.org\",\"@graph\":[{\"@type\":\"WebPage\",\"@id\":\"https:\/\/www.aridane.org\/city\/2025\/06\/30\/los-llanos-de-aridane-honra-a-la-patrona-con-carreras-de-caballos-y-el-estreno-del-campeonato-turf-2025\/\",\"url\":\"https:\/\/www.aridane.org\/city\/2025\/06\/30\/los-llanos-de-aridane-honra-a-la-patrona-con-carreras-de-caballos-y-el-estreno-del-campeonato-turf-2025\/\",\"name\":\"Los Llanos de Aridane honra a La Patrona con carreras de caballos y el estreno del Campeonato Turf 2025 - Ayuntamiento de Los Llanos de Aridane\",\"isPartOf\":{\"@id\":\"https:\/\/www.aridane.org\/city\/#website\"},\"primaryImageOfPage\":{\"@id\":\"https:\/\/www.aridane.org\/city\/2025\/06\/30\/los-llanos-de-aridane-honra-a-la-patrona-con-carreras-de-caballos-y-el-estreno-del-campeonato-turf-2025\/#primaryimage\"},\"image\":{\"@id\":\"https:\/\/www.aridane.org\/city\/2025\/06\/30\/los-llanos-de-aridane-honra-a-la-patrona-con-carreras-de-caballos-y-el-estreno-del-campeonato-turf-2025\/#primaryimage\"},\"thumbnailUrl\":\"https:\/\/www.aridane.org\/city\/wp-content\/uploads\/2025\/07\/Patrona.jpg\",\"datePublished\":\"2025-06-30T08:16:27+00:00\",\"dateModified\":\"2025-07-16T08:18:08+00:00\",\"author\":{\"@id\":\"https:\/\/www.aridane.org\/city\/#\/schema\/person\/89ebd376b223dc94cc1dbcf200c8e6da\"},\"breadcrumb\":{\"@id\":\"https:\/\/www.aridane.org\/city\/2025\/06\/30\/los-llanos-de-aridane-honra-a-la-patrona-con-carreras-de-caballos-y-el-estreno-del-campeonato-turf-2025\/#breadcrumb\"},\"inLanguage\":\"es\",\"potentialAction\":[{\"@type\":\"ReadAction\",\"target\":[\"https:\/\/www.aridane.org\/city\/2025\/06\/30\/los-llanos-de-aridane-honra-a-la-patrona-con-carreras-de-caballos-y-el-estreno-del-campeonato-turf-2025\/\"]}]},{\"@type\":\"ImageObject\",\"inLanguage\":\"es\",\"@id\":\"https:\/\/www.aridane.org\/city\/2025\/06\/30\/los-llanos-de-aridane-honra-a-la-patrona-con-carreras-de-caballos-y-el-estreno-del-campeonato-turf-2025\/#primaryimage\",\"url\":\"https:\/\/www.aridane.org\/city\/wp-content\/uploads\/2025\/07\/Patrona.jpg\",\"contentUrl\":\"https:\/\/www.aridane.org\/city\/wp-content\/uploads\/2025\/07\/Patrona.jpg\",\"width\":670,\"height\":447},{\"@type\":\"BreadcrumbList\",\"@id\":\"https:\/\/www.aridane.org\/city\/2025\/06\/30\/los-llanos-de-aridane-honra-a-la-patrona-con-carreras-de-caballos-y-el-estreno-del-campeonato-turf-2025\/#breadcrumb\",\"itemListElement\":[{\"@type\":\"ListItem\",\"position\":1,\"name\":\"Portada\",\"item\":\"https:\/\/www.aridane.org\/city\/\"},{\"@type\":\"ListItem\",\"position\":2,\"name\":\"Los Llanos de Aridane honra a La Patrona con carreras de caballos y el estreno del Campeonato Turf 2025\"}]},{\"@type\":\"WebSite\",\"@id\":\"https:\/\/www.aridane.org\/city\/#website\",\"url\":\"https:\/\/www.aridane.org\/city\/\",\"name\":\"Ayuntamiento de Los Llanos de Aridane\",\"description\":\"\",\"potentialAction\":[{\"@type\":\"SearchAction\",\"target\":{\"@type\":\"EntryPoint\",\"urlTemplate\":\"https:\/\/www.aridane.org\/city\/?s={search_term_string}\"},\"query-input\":\"required name=search_term_string\"}],\"inLanguage\":\"es\"},{\"@type\":\"Person\",\"@id\":\"https:\/\/www.aridane.org\/city\/#\/schema\/person\/89ebd376b223dc94cc1dbcf200c8e6da\",\"name\":\"Corresponsal\",\"image\":{\"@type\":\"ImageObject\",\"inLanguage\":\"es\",\"@id\":\"https:\/\/www.aridane.org\/city\/#\/schema\/person\/image\/\",\"url\":\"https:\/\/secure.gravatar.com\/avatar\/1c476992411e4ccf153da63b2b2f5ea0bb4cb1c85f3ceab8512f04325ad5579c?s=96&d=mm&r=g\",\"contentUrl\":\"https:\/\/secure.gravatar.com\/avatar\/1c476992411e4ccf153da63b2b2f5ea0bb4cb1c85f3ceab8512f04325ad5579c?s=96&d=mm&r=g\",\"caption\":\"Corresponsal\"},\"url\":\"https:\/\/www.aridane.org\/city\/author\/corresponsal\/\"}]}<\/script>\n<!-- \/ Yoast SEO plugin. -->","yoast_head_json":{"title":"Los Llanos de Aridane honra a La Patrona con carreras de caballos y el estreno del Campeonato Turf 2025 - Ayuntamiento de Los Llanos de Aridane","robots":{"index":"index","follow":"follow","max-snippet":"max-snippet:-1","max-image-preview":"max-image-preview:large","max-video-preview":"max-video-preview:-1"},"canonical":"https:\/\/www.aridane.org\/city\/2025\/06\/30\/los-llanos-de-aridane-honra-a-la-patrona-con-carreras-de-caballos-y-el-estreno-del-campeonato-turf-2025\/","og_locale":"es_ES","og_type":"article","og_title":"Los Llanos de Aridane honra a La Patrona con carreras de caballos y el estreno del Campeonato Turf 2025 - Ayuntamiento de Los Llanos de Aridane","og_description":"La primera ronda del campeonato re\u00fane a 16 caballos de La Palma, Tenerife y Gran Canaria","og_url":"https:\/\/www.aridane.org\/city\/2025\/06\/30\/los-llanos-de-aridane-honra-a-la-patrona-con-carreras-de-caballos-y-el-estreno-del-campeonato-turf-2025\/","og_site_name":"Ayuntamiento de Los Llanos de Aridane","article_published_time":"2025-06-30T08:16:27+00:00","article_modified_time":"2025-07-16T08:18:08+00:00","og_image":[{"width":670,"height":447,"url":"https:\/\/www.aridane.org\/city\/wp-content\/uploads\/2025\/07\/Patrona.jpg","type":"image\/jpeg"}],"author":"Corresponsal","twitter_card":"summary_large_image","twitter_misc":{"Escrito por":"Corresponsal","Tiempo de lectura":"2 minutos"},"schema":{"@context":"https:\/\/schema.org","@graph":[{"@type":"WebPage","@id":"https:\/\/www.aridane.org\/city\/2025\/06\/30\/los-llanos-de-aridane-honra-a-la-patrona-con-carreras-de-caballos-y-el-estreno-del-campeonato-turf-2025\/","url":"https:\/\/www.aridane.org\/city\/2025\/06\/30\/los-llanos-de-aridane-honra-a-la-patrona-con-carreras-de-caballos-y-el-estreno-del-campeonato-turf-2025\/","name":"Los Llanos de Aridane honra a La Patrona con carreras de caballos y el estreno del Campeonato Turf 2025 - Ayuntamiento de Los Llanos de Aridane","isPartOf":{"@id":"https:\/\/www.aridane.org\/city\/#website"},"primaryImageOfPage":{"@id":"https:\/\/www.aridane.org\/city\/2025\/06\/30\/los-llanos-de-aridane-honra-a-la-patrona-con-carreras-de-caballos-y-el-estreno-del-campeonato-turf-2025\/#primaryimage"},"image":{"@id":"https:\/\/www.aridane.org\/city\/2025\/06\/30\/los-llanos-de-aridane-honra-a-la-patrona-con-carreras-de-caballos-y-el-estreno-del-campeonato-turf-2025\/#primaryimage"},"thumbnailUrl":"https:\/\/www.aridane.org\/city\/wp-content\/uploads\/2025\/07\/Patrona.jpg","datePublished":"2025-06-30T08:16:27+00:00","dateModified":"2025-07-16T08:18:08+00:00","author":{"@id":"https:\/\/www.aridane.org\/city\/#\/schema\/person\/89ebd376b223dc94cc1dbcf200c8e6da"},"breadcrumb":{"@id":"https:\/\/www.aridane.org\/city\/2025\/06\/30\/los-llanos-de-aridane-honra-a-la-patrona-con-carreras-de-caballos-y-el-estreno-del-campeonato-turf-2025\/#breadcrumb"},"inLanguage":"es","potentialAction":[{"@type":"ReadAction","target":["https:\/\/www.aridane.org\/city\/2025\/06\/30\/los-llanos-de-aridane-honra-a-la-patrona-con-carreras-de-caballos-y-el-estreno-del-campeonato-turf-2025\/"]}]},{"@type":"ImageObject","inLanguage":"es","@id":"https:\/\/www.aridane.org\/city\/2025\/06\/30\/los-llanos-de-aridane-honra-a-la-patrona-con-carreras-de-caballos-y-el-estreno-del-campeonato-turf-2025\/#primaryimage","url":"https:\/\/www.aridane.org\/city\/wp-content\/uploads\/2025\/07\/Patrona.jpg","contentUrl":"https:\/\/www.aridane.org\/city\/wp-content\/uploads\/2025\/07\/Patrona.jpg","width":670,"height":447},{"@type":"BreadcrumbList","@id":"https:\/\/www.aridane.org\/city\/2025\/06\/30\/los-llanos-de-aridane-honra-a-la-patrona-con-carreras-de-caballos-y-el-estreno-del-campeonato-turf-2025\/#breadcrumb","itemListElement":[{"@type":"ListItem","position":1,"name":"Portada","item":"https:\/\/www.aridane.org\/city\/"},{"@type":"ListItem","position":2,"name":"Los Llanos de Aridane honra a La Patrona con carreras de caballos y el estreno del Campeonato Turf 2025"}]},{"@type":"WebSite","@id":"https:\/\/www.aridane.org\/city\/#website","url":"https:\/\/www.aridane.org\/city\/","name":"Ayuntamiento de Los Llanos de Aridane","description":"","potentialAction":[{"@type":"SearchAction","target":{"@type":"EntryPoint","urlTemplate":"https:\/\/www.aridane.org\/city\/?s={search_term_string}"},"query-input":"required name=search_term_string"}],"inLanguage":"es"},{"@type":"Person","@id":"https:\/\/www.aridane.org\/city\/#\/schema\/person\/89ebd376b223dc94cc1dbcf200c8e6da","name":"Corresponsal","image":{"@type":"ImageObject","inLanguage":"es","@id":"https:\/\/www.aridane.org\/city\/#\/schema\/person\/image\/","url":"https:\/\/secure.gravatar.com\/avatar\/1c476992411e4ccf153da63b2b2f5ea0bb4cb1c85f3ceab8512f04325ad5579c?s=96&d=mm&r=g","contentUrl":"https:\/\/secure.gravatar.com\/avatar\/1c476992411e4ccf153da63b2b2f5ea0bb4cb1c85f3ceab8512f04325ad5579c?s=96&d=mm&r=g","caption":"Corresponsal"},"url":"https:\/\/www.aridane.org\/city\/author\/corresponsal\/"}]}},"_links":{"self":[{"href":"https:\/\/www.aridane.org\/city\/wp-json\/wp\/v2\/posts\/4578","targetHints":{"allow":["GET"]}}],"collection":[{"href":"https:\/\/www.aridane.org\/city\/wp-json\/wp\/v2\/posts"}],"about":[{"href":"https:\/\/www.aridane.org\/city\/wp-json\/wp\/v2\/types\/post"}],"author":[{"embeddable":true,"href":"https:\/\/www.aridane.org\/city\/wp-json\/wp\/v2\/users\/4"}],"replies":[{"embeddable":true,"href":"https:\/\/www.aridane.org\/city\/wp-json\/wp\/v2\/comments?post=4578"}],"version-history":[{"count":1,"href":"https:\/\/www.aridane.org\/city\/wp-json\/wp\/v2\/posts\/4578\/revisions"}],"predecessor-version":[{"id":4580,"href":"https:\/\/www.aridane.org\/city\/wp-json\/wp\/v2\/posts\/4578\/revisions\/4580"}],"wp:featuredmedia":[{"embeddable":true,"href":"https:\/\/www.aridane.org\/city\/wp-json\/wp\/v2\/media\/4579"}],"wp:attachment":[{"href":"https:\/\/www.aridane.org\/city\/wp-json\/wp\/v2\/media?parent=4578"}],"wp:term":[{"taxonomy":"category","embeddable":true,"href":"https:\/\/www.aridane.org\/city\/wp-json\/wp\/v2\/categories?post=4578"},{"taxonomy":"post_tag","embeddable":true,"href":"https:\/\/www.aridane.org\/city\/wp-json\/wp\/v2\/tags?post=4578"}],"curies":[{"name":"wp","href":"https:\/\/api.w.org\/{rel}","templated":true}]}}