{"id":4584,"date":"2025-06-26T08:19:33","date_gmt":"2025-06-26T08:19:33","guid":{"rendered":"https:\/\/www.aridane.org\/city\/?p=4584"},"modified":"2025-07-16T08:20:29","modified_gmt":"2025-07-16T08:20:29","slug":"el-ayuntamiento-promueve-un-gran-corredor-verde-en-el-barranco-de-tenisca-para-transformar-la-ciudad","status":"publish","type":"post","link":"https:\/\/www.aridane.org\/city\/2025\/06\/26\/el-ayuntamiento-promueve-un-gran-corredor-verde-en-el-barranco-de-tenisca-para-transformar-la-ciudad\/","title":{"rendered":"El Ayuntamiento promueve un gran corredor verde en el barranco de Tenisca para transformar la ciudad"},"content":{"rendered":"<p><em>El Consistorio aspira a captar una inversi\u00f3n de 2,8 millones de euros a trav\u00e9s de las Fundaci\u00f3n Biodiversidad, cofinanciada con fondos FEDER<\/em><!--more--><\/p>\n<div id=\"v1forwardbody1\">\n<p>El Ayuntamiento de Los Llanos de Aridane, en su compromiso por construir un municipio m\u00e1s sostenible y conectado, impulsa un gran corredor verde en el barranco de Tenisca, priorizando su adecuada canalizaci\u00f3n. La instituci\u00f3n opta a una subvenci\u00f3n de fondos europeos de 2,8 millones de euros para hacerlo realidad.<\/p>\n<p>La propuesta presentada a la convocatoria de subvenciones de la Fundaci\u00f3n Biodiversidad, cofinanciada por el Fondo Europeo de Desarrollo Regional (FEDER), plantea la creaci\u00f3n de un gran parque urbano que conecte el centro del municipio con los barrios de El Roque y Triana, as\u00ed como con el Parque Cultural Islas Canarias, llamado a convertirse en un edificio de referencia para la cultura y el ocio en el archipi\u00e9lago.<\/p>\n<p>El alcalde, Javier Llamas, explica que el compromiso del grupo de gobierno es convertir el barranco de Tenisca en un gran punto de encuentro, tanto para la ciudadan\u00eda como para la ciudad. De ah\u00ed, a\u00f1ade, la importancia de acudir a fondos europeos como los FEDER con proyectos consolidados.<\/p>\n<p>\u201cAl final, es nuestra manera de acceder a fondos que ser\u00edan imposibles de asumir con recursos propios. Esto es clave para construir el municipio que queremos\u201d, apunta el alcalde.<\/p>\n<p>Por su parte, el concejal de Medio Ambiente y Movilidad, Ar\u00f3n Le\u00f3n, detalla que la propuesta persigue dos grandes objetivos: por un lado, desarrollar un recorrido accesible, reforestado, con zonas de sombra y espacios de uso ciudadano y, por otro, conectar los barrios aleda\u00f1os al barranco con el centro de la ciudad.<\/p>\n<p>\u201cEl barranco deja de ser una barrera y se convierte en un conector ecol\u00f3gico entre nuestros barrios, as\u00ed como en un gran corredor verde para hacer de Los Llanos de Aridane un municipio mejor\u201d, a\u00f1ade el concejal.<\/p>\n<h2><strong>Sobre el proyecto<\/strong><\/h2>\n<p>La propuesta presentada a Europa se articula en torno a la recuperaci\u00f3n del barranco de Tenisca como eje ecol\u00f3gico, cultural y social del municipio.<\/p>\n<p>Incluye la creaci\u00f3n de un recorrido circular accesible que una la ciudad con el cauce, integrando pasarelas de madera elevadas, zonas de sombra, puntos de agua, senderos peatonales, carriles bici y espacios de estancia y observaci\u00f3n.<\/p>\n<p>Tambi\u00e9n se contemplan actuaciones como la restauraci\u00f3n del ecosistema con vegetaci\u00f3n aut\u00f3ctona, la eliminaci\u00f3n de especies invasoras, la canalizaci\u00f3n del cauce con vegetaci\u00f3n de ribera y el aprovechamiento de laderas y huertas degradadas para crear zonas de descanso y miradores. Adem\u00e1s, se prev\u00e9 la reorganizaci\u00f3n del \u201cespacio libre de los eucaliptos\u201d del Parque Conrado Hern\u00e1ndez, con p\u00e9rgolas, barbacoas y un anillo perimetral peatonal y ciclista.<\/p>\n<p>El \u00e1rea prioritaria de intervenci\u00f3n, con una superficie aproximada de 9.000 m\u00b2, se sit\u00faa en la entrada del municipio por la calle Sansof\u00e9, una zona de gran tr\u00e1nsito con mezcla de usos residenciales, comerciales, educativos y culturales.<\/p>\n<\/div>\n","protected":false},"excerpt":{"rendered":"<p>El Consistorio aspira a captar una inversi\u00f3n de 2,8 millones de euros a trav\u00e9s de las Fundaci\u00f3n Biodiversidad, cofinanciada con fondos FEDER<\/p>\n","protected":false},"author":4,"featured_media":4585,"comment_status":"open","ping_status":"open","sticky":false,"template":"","format":"standard","meta":{"footnotes":""},"categories":[1],"tags":[],"class_list":["post-4584","post","type-post","status-publish","format-standard","has-post-thumbnail","hentry","category-sin-categoria"],"yoast_head":"<!-- This site is optimized with the Yoast SEO plugin v22.7 - https:\/\/yoast.com\/wordpress\/plugins\/seo\/ -->\n<title>El Ayuntamiento promueve un gran corredor verde en el barranco de Tenisca para transformar la ciudad - Ayuntamiento de Los Llanos de Aridane<\/title>\n<meta name=\"robots\" content=\"index, follow, max-snippet:-1, max-image-preview:large, max-video-preview:-1\" \/>\n<link rel=\"canonical\" href=\"https:\/\/www.aridane.org\/city\/2025\/06\/26\/el-ayuntamiento-promueve-un-gran-corredor-verde-en-el-barranco-de-tenisca-para-transformar-la-ciudad\/\" \/>\n<meta property=\"og:locale\" content=\"es_ES\" \/>\n<meta property=\"og:type\" content=\"article\" \/>\n<meta property=\"og:title\" content=\"El Ayuntamiento promueve un gran corredor verde en el barranco de Tenisca para transformar la ciudad - Ayuntamiento de Los Llanos de Aridane\" \/>\n<meta property=\"og:description\" content=\"El Consistorio aspira a captar una inversi\u00f3n de 2,8 millones de euros a trav\u00e9s de las Fundaci\u00f3n Biodiversidad, cofinanciada con fondos FEDER\" \/>\n<meta property=\"og:url\" content=\"https:\/\/www.aridane.org\/city\/2025\/06\/26\/el-ayuntamiento-promueve-un-gran-corredor-verde-en-el-barranco-de-tenisca-para-transformar-la-ciudad\/\" \/>\n<meta property=\"og:site_name\" content=\"Ayuntamiento de Los Llanos de Aridane\" \/>\n<meta property=\"article:published_time\" content=\"2025-06-26T08:19:33+00:00\" \/>\n<meta property=\"article:modified_time\" content=\"2025-07-16T08:20:29+00:00\" \/>\n<meta property=\"og:image\" content=\"https:\/\/www.aridane.org\/city\/wp-content\/uploads\/2025\/07\/Corredor-Verde-scaled.jpeg\" \/>\n\t<meta property=\"og:image:width\" content=\"2560\" \/>\n\t<meta property=\"og:image:height\" content=\"1920\" \/>\n\t<meta property=\"og:image:type\" content=\"image\/jpeg\" \/>\n<meta name=\"author\" content=\"Corresponsal\" \/>\n<meta name=\"twitter:card\" content=\"summary_large_image\" \/>\n<meta name=\"twitter:label1\" content=\"Escrito por\" \/>\n\t<meta name=\"twitter:data1\" content=\"Corresponsal\" \/>\n\t<meta name=\"twitter:label2\" content=\"Tiempo de lectura\" \/>\n\t<meta name=\"twitter:data2\" content=\"3 minutos\" \/>\n<script type=\"application\/ld+json\" class=\"yoast-schema-graph\">{\"@context\":\"https:\/\/schema.org\",\"@graph\":[{\"@type\":\"WebPage\",\"@id\":\"https:\/\/www.aridane.org\/city\/2025\/06\/26\/el-ayuntamiento-promueve-un-gran-corredor-verde-en-el-barranco-de-tenisca-para-transformar-la-ciudad\/\",\"url\":\"https:\/\/www.aridane.org\/city\/2025\/06\/26\/el-ayuntamiento-promueve-un-gran-corredor-verde-en-el-barranco-de-tenisca-para-transformar-la-ciudad\/\",\"name\":\"El Ayuntamiento promueve un gran corredor verde en el barranco de Tenisca para transformar la ciudad - Ayuntamiento de Los Llanos de Aridane\",\"isPartOf\":{\"@id\":\"https:\/\/www.aridane.org\/city\/#website\"},\"primaryImageOfPage\":{\"@id\":\"https:\/\/www.aridane.org\/city\/2025\/06\/26\/el-ayuntamiento-promueve-un-gran-corredor-verde-en-el-barranco-de-tenisca-para-transformar-la-ciudad\/#primaryimage\"},\"image\":{\"@id\":\"https:\/\/www.aridane.org\/city\/2025\/06\/26\/el-ayuntamiento-promueve-un-gran-corredor-verde-en-el-barranco-de-tenisca-para-transformar-la-ciudad\/#primaryimage\"},\"thumbnailUrl\":\"https:\/\/www.aridane.org\/city\/wp-content\/uploads\/2025\/07\/Corredor-Verde-scaled.jpeg\",\"datePublished\":\"2025-06-26T08:19:33+00:00\",\"dateModified\":\"2025-07-16T08:20:29+00:00\",\"author\":{\"@id\":\"https:\/\/www.aridane.org\/city\/#\/schema\/person\/89ebd376b223dc94cc1dbcf200c8e6da\"},\"breadcrumb\":{\"@id\":\"https:\/\/www.aridane.org\/city\/2025\/06\/26\/el-ayuntamiento-promueve-un-gran-corredor-verde-en-el-barranco-de-tenisca-para-transformar-la-ciudad\/#breadcrumb\"},\"inLanguage\":\"es\",\"potentialAction\":[{\"@type\":\"ReadAction\",\"target\":[\"https:\/\/www.aridane.org\/city\/2025\/06\/26\/el-ayuntamiento-promueve-un-gran-corredor-verde-en-el-barranco-de-tenisca-para-transformar-la-ciudad\/\"]}]},{\"@type\":\"ImageObject\",\"inLanguage\":\"es\",\"@id\":\"https:\/\/www.aridane.org\/city\/2025\/06\/26\/el-ayuntamiento-promueve-un-gran-corredor-verde-en-el-barranco-de-tenisca-para-transformar-la-ciudad\/#primaryimage\",\"url\":\"https:\/\/www.aridane.org\/city\/wp-content\/uploads\/2025\/07\/Corredor-Verde-scaled.jpeg\",\"contentUrl\":\"https:\/\/www.aridane.org\/city\/wp-content\/uploads\/2025\/07\/Corredor-Verde-scaled.jpeg\",\"width\":2560,\"height\":1920},{\"@type\":\"BreadcrumbList\",\"@id\":\"https:\/\/www.aridane.org\/city\/2025\/06\/26\/el-ayuntamiento-promueve-un-gran-corredor-verde-en-el-barranco-de-tenisca-para-transformar-la-ciudad\/#breadcrumb\",\"itemListElement\":[{\"@type\":\"ListItem\",\"position\":1,\"name\":\"Portada\",\"item\":\"https:\/\/www.aridane.org\/city\/\"},{\"@type\":\"ListItem\",\"position\":2,\"name\":\"El Ayuntamiento promueve un gran corredor verde en el barranco de Tenisca para transformar la ciudad\"}]},{\"@type\":\"WebSite\",\"@id\":\"https:\/\/www.aridane.org\/city\/#website\",\"url\":\"https:\/\/www.aridane.org\/city\/\",\"name\":\"Ayuntamiento de Los Llanos de Aridane\",\"description\":\"\",\"potentialAction\":[{\"@type\":\"SearchAction\",\"target\":{\"@type\":\"EntryPoint\",\"urlTemplate\":\"https:\/\/www.aridane.org\/city\/?s={search_term_string}\"},\"query-input\":\"required name=search_term_string\"}],\"inLanguage\":\"es\"},{\"@type\":\"Person\",\"@id\":\"https:\/\/www.aridane.org\/city\/#\/schema\/person\/89ebd376b223dc94cc1dbcf200c8e6da\",\"name\":\"Corresponsal\",\"image\":{\"@type\":\"ImageObject\",\"inLanguage\":\"es\",\"@id\":\"https:\/\/www.aridane.org\/city\/#\/schema\/person\/image\/\",\"url\":\"https:\/\/secure.gravatar.com\/avatar\/1c476992411e4ccf153da63b2b2f5ea0bb4cb1c85f3ceab8512f04325ad5579c?s=96&d=mm&r=g\",\"contentUrl\":\"https:\/\/secure.gravatar.com\/avatar\/1c476992411e4ccf153da63b2b2f5ea0bb4cb1c85f3ceab8512f04325ad5579c?s=96&d=mm&r=g\",\"caption\":\"Corresponsal\"},\"url\":\"https:\/\/www.aridane.org\/city\/author\/corresponsal\/\"}]}<\/script>\n<!-- \/ Yoast SEO plugin. -->","yoast_head_json":{"title":"El Ayuntamiento promueve un gran corredor verde en el barranco de Tenisca para transformar la ciudad - Ayuntamiento de Los Llanos de Aridane","robots":{"index":"index","follow":"follow","max-snippet":"max-snippet:-1","max-image-preview":"max-image-preview:large","max-video-preview":"max-video-preview:-1"},"canonical":"https:\/\/www.aridane.org\/city\/2025\/06\/26\/el-ayuntamiento-promueve-un-gran-corredor-verde-en-el-barranco-de-tenisca-para-transformar-la-ciudad\/","og_locale":"es_ES","og_type":"article","og_title":"El Ayuntamiento promueve un gran corredor verde en el barranco de Tenisca para transformar la ciudad - Ayuntamiento de Los Llanos de Aridane","og_description":"El Consistorio aspira a captar una inversi\u00f3n de 2,8 millones de euros a trav\u00e9s de las Fundaci\u00f3n Biodiversidad, cofinanciada con fondos FEDER","og_url":"https:\/\/www.aridane.org\/city\/2025\/06\/26\/el-ayuntamiento-promueve-un-gran-corredor-verde-en-el-barranco-de-tenisca-para-transformar-la-ciudad\/","og_site_name":"Ayuntamiento de Los Llanos de Aridane","article_published_time":"2025-06-26T08:19:33+00:00","article_modified_time":"2025-07-16T08:20:29+00:00","og_image":[{"width":2560,"height":1920,"url":"https:\/\/www.aridane.org\/city\/wp-content\/uploads\/2025\/07\/Corredor-Verde-scaled.jpeg","type":"image\/jpeg"}],"author":"Corresponsal","twitter_card":"summary_large_image","twitter_misc":{"Escrito por":"Corresponsal","Tiempo de lectura":"3 minutos"},"schema":{"@context":"https:\/\/schema.org","@graph":[{"@type":"WebPage","@id":"https:\/\/www.aridane.org\/city\/2025\/06\/26\/el-ayuntamiento-promueve-un-gran-corredor-verde-en-el-barranco-de-tenisca-para-transformar-la-ciudad\/","url":"https:\/\/www.aridane.org\/city\/2025\/06\/26\/el-ayuntamiento-promueve-un-gran-corredor-verde-en-el-barranco-de-tenisca-para-transformar-la-ciudad\/","name":"El Ayuntamiento promueve un gran corredor verde en el barranco de Tenisca para transformar la ciudad - Ayuntamiento de Los Llanos de Aridane","isPartOf":{"@id":"https:\/\/www.aridane.org\/city\/#website"},"primaryImageOfPage":{"@id":"https:\/\/www.aridane.org\/city\/2025\/06\/26\/el-ayuntamiento-promueve-un-gran-corredor-verde-en-el-barranco-de-tenisca-para-transformar-la-ciudad\/#primaryimage"},"image":{"@id":"https:\/\/www.aridane.org\/city\/2025\/06\/26\/el-ayuntamiento-promueve-un-gran-corredor-verde-en-el-barranco-de-tenisca-para-transformar-la-ciudad\/#primaryimage"},"thumbnailUrl":"https:\/\/www.aridane.org\/city\/wp-content\/uploads\/2025\/07\/Corredor-Verde-scaled.jpeg","datePublished":"2025-06-26T08:19:33+00:00","dateModified":"2025-07-16T08:20:29+00:00","author":{"@id":"https:\/\/www.aridane.org\/city\/#\/schema\/person\/89ebd376b223dc94cc1dbcf200c8e6da"},"breadcrumb":{"@id":"https:\/\/www.aridane.org\/city\/2025\/06\/26\/el-ayuntamiento-promueve-un-gran-corredor-verde-en-el-barranco-de-tenisca-para-transformar-la-ciudad\/#breadcrumb"},"inLanguage":"es","potentialAction":[{"@type":"ReadAction","target":["https:\/\/www.aridane.org\/city\/2025\/06\/26\/el-ayuntamiento-promueve-un-gran-corredor-verde-en-el-barranco-de-tenisca-para-transformar-la-ciudad\/"]}]},{"@type":"ImageObject","inLanguage":"es","@id":"https:\/\/www.aridane.org\/city\/2025\/06\/26\/el-ayuntamiento-promueve-un-gran-corredor-verde-en-el-barranco-de-tenisca-para-transformar-la-ciudad\/#primaryimage","url":"https:\/\/www.aridane.org\/city\/wp-content\/uploads\/2025\/07\/Corredor-Verde-scaled.jpeg","contentUrl":"https:\/\/www.aridane.org\/city\/wp-content\/uploads\/2025\/07\/Corredor-Verde-scaled.jpeg","width":2560,"height":1920},{"@type":"BreadcrumbList","@id":"https:\/\/www.aridane.org\/city\/2025\/06\/26\/el-ayuntamiento-promueve-un-gran-corredor-verde-en-el-barranco-de-tenisca-para-transformar-la-ciudad\/#breadcrumb","itemListElement":[{"@type":"ListItem","position":1,"name":"Portada","item":"https:\/\/www.aridane.org\/city\/"},{"@type":"ListItem","position":2,"name":"El Ayuntamiento promueve un gran corredor verde en el barranco de Tenisca para transformar la ciudad"}]},{"@type":"WebSite","@id":"https:\/\/www.aridane.org\/city\/#website","url":"https:\/\/www.aridane.org\/city\/","name":"Ayuntamiento de Los Llanos de Aridane","description":"","potentialAction":[{"@type":"SearchAction","target":{"@type":"EntryPoint","urlTemplate":"https:\/\/www.aridane.org\/city\/?s={search_term_string}"},"query-input":"required name=search_term_string"}],"inLanguage":"es"},{"@type":"Person","@id":"https:\/\/www.aridane.org\/city\/#\/schema\/person\/89ebd376b223dc94cc1dbcf200c8e6da","name":"Corresponsal","image":{"@type":"ImageObject","inLanguage":"es","@id":"https:\/\/www.aridane.org\/city\/#\/schema\/person\/image\/","url":"https:\/\/secure.gravatar.com\/avatar\/1c476992411e4ccf153da63b2b2f5ea0bb4cb1c85f3ceab8512f04325ad5579c?s=96&d=mm&r=g","contentUrl":"https:\/\/secure.gravatar.com\/avatar\/1c476992411e4ccf153da63b2b2f5ea0bb4cb1c85f3ceab8512f04325ad5579c?s=96&d=mm&r=g","caption":"Corresponsal"},"url":"https:\/\/www.aridane.org\/city\/author\/corresponsal\/"}]}},"_links":{"self":[{"href":"https:\/\/www.aridane.org\/city\/wp-json\/wp\/v2\/posts\/4584","targetHints":{"allow":["GET"]}}],"collection":[{"href":"https:\/\/www.aridane.org\/city\/wp-json\/wp\/v2\/posts"}],"about":[{"href":"https:\/\/www.aridane.org\/city\/wp-json\/wp\/v2\/types\/post"}],"author":[{"embeddable":true,"href":"https:\/\/www.aridane.org\/city\/wp-json\/wp\/v2\/users\/4"}],"replies":[{"embeddable":true,"href":"https:\/\/www.aridane.org\/city\/wp-json\/wp\/v2\/comments?post=4584"}],"version-history":[{"count":1,"href":"https:\/\/www.aridane.org\/city\/wp-json\/wp\/v2\/posts\/4584\/revisions"}],"predecessor-version":[{"id":4586,"href":"https:\/\/www.aridane.org\/city\/wp-json\/wp\/v2\/posts\/4584\/revisions\/4586"}],"wp:featuredmedia":[{"embeddable":true,"href":"https:\/\/www.aridane.org\/city\/wp-json\/wp\/v2\/media\/4585"}],"wp:attachment":[{"href":"https:\/\/www.aridane.org\/city\/wp-json\/wp\/v2\/media?parent=4584"}],"wp:term":[{"taxonomy":"category","embeddable":true,"href":"https:\/\/www.aridane.org\/city\/wp-json\/wp\/v2\/categories?post=4584"},{"taxonomy":"post_tag","embeddable":true,"href":"https:\/\/www.aridane.org\/city\/wp-json\/wp\/v2\/tags?post=4584"}],"curies":[{"name":"wp","href":"https:\/\/api.w.org\/{rel}","templated":true}]}}