{"id":4587,"date":"2025-06-26T08:20:47","date_gmt":"2025-06-26T08:20:47","guid":{"rendered":"https:\/\/www.aridane.org\/city\/?p=4587"},"modified":"2025-07-16T08:22:00","modified_gmt":"2025-07-16T08:22:00","slug":"los-llanos-de-aridane-acoge-el-tradicional-torneo-de-ajedrez-fiestas-de-la-patrona-2025","status":"publish","type":"post","link":"https:\/\/www.aridane.org\/city\/2025\/06\/26\/los-llanos-de-aridane-acoge-el-tradicional-torneo-de-ajedrez-fiestas-de-la-patrona-2025\/","title":{"rendered":"Los Llanos de Aridane acoge el tradicional Torneo de Ajedrez Fiestas de La Patrona 2025"},"content":{"rendered":"<p><em>El torneo es valedero para ELO FIDE R\u00e1pido y ofrece premios para todas las categor\u00edas<\/em><!--more--><\/p>\n<p>El Parque Antonio G\u00f3mez Felipe acoge este fin de semana el Torneo de Ajedrez Fiestas de La Patrona 2025, una cita incluida en el Circuito Canario de Ajedrez Activo y que reunir\u00e1 en el municipio a destacados jugadores y jugadoras de todas las edades.<\/p>\n<p>La competici\u00f3n, organizada por el Club de Ajedrez Isla Bonita en colaboraci\u00f3n con el Ayuntamiento de Los Llanos de Aridane, el Cabildo Insular de La Palma, el Centro Insular de Ajedrez de La Palma, la Federaci\u00f3n Canaria de Ajedrez y la Direcci\u00f3n General de Deportes del Gobierno de Canarias, se desarrolla en dos jornadas: el s\u00e1bado 28 de junio a las 17:00 y el domingo 29 de junio a las 10:00, con partidas en sistema suizo a nueve rondas y un ritmo de 10 minutos + 5 segundos por movimiento.<\/p>\n<p>El concejal de Deportes de Los Llanos de Aridane, V\u00edctor Gonz\u00e1lez, destaca que este torneo es una cita ineludible en las Fiestas Patronales de Nuestra Se\u00f1ora de Los Remedios. \u201cAdem\u00e1s, refuerza nuestro compromiso con la promoci\u00f3n del deporte para todas las edades, acercando el ajedrez a toda la comunidad, tal como hace durante todo el a\u00f1o el Club de Ajedrez Isla Bonita\u201d, se\u00f1ala.<\/p>\n<p>En este sentido, el consejero de Deportes del Cabildo de La Palma, Yurguen Hern\u00e1ndez, se\u00f1ala que \u201cla celebraci\u00f3n de este torneo consolida a La Palma como referente para la pr\u00e1ctica del ajedrez y contribuye a visibilizar un deporte que desarrolla capacidades como la estrategia, la toma de decisiones y la concentraci\u00f3n\u201d.<\/p>\n<p>Por su parte, el presidente de la Federaci\u00f3n Canaria de Ajedrez, Jos\u00e9 Carlos Mart\u00edn, asegura que este evento refleja la importancia de continuar fortaleciendo el ajedrez en todas las islas. \u201cEspecialmente en espacios donde la cantera y la participaci\u00f3n de todas las edades hacen que nuestro deporte crezca y siga ganando relevancia\u201d, sostiene.<\/p>\n<p>Asimismo, el presidente del Club de Ajedrez Isla Bonita, Felipe Ramos, sostiene que \u201cel Torneo de Ajedrez Fiestas de La Patrona es una cita que une tradici\u00f3n, competici\u00f3n e inclusi\u00f3n, donde todas las personas encuentran un lugar para participar, compartir y disfrutar del ajedrez\u201d.<\/p>\n<p>El torneo es valedero para ELO FIDE R\u00e1pido y ofrece premios para todas las categor\u00edas, con una dotaci\u00f3n de 300 euros para el primer clasificado general y otros galardones para veteranos, categor\u00eda femenina, jugadores del club y diferentes franjas de edad.<\/p>\n","protected":false},"excerpt":{"rendered":"<p>El torneo es valedero para ELO FIDE R\u00e1pido y ofrece premios para todas las categor\u00edas<\/p>\n","protected":false},"author":4,"featured_media":4588,"comment_status":"open","ping_status":"open","sticky":false,"template":"","format":"standard","meta":{"footnotes":""},"categories":[1],"tags":[],"class_list":["post-4587","post","type-post","status-publish","format-standard","has-post-thumbnail","hentry","category-sin-categoria"],"yoast_head":"<!-- This site is optimized with the Yoast SEO plugin v22.7 - https:\/\/yoast.com\/wordpress\/plugins\/seo\/ -->\n<title>Los Llanos de Aridane acoge el tradicional Torneo de Ajedrez Fiestas de La Patrona 2025 - Ayuntamiento de Los Llanos de Aridane<\/title>\n<meta name=\"robots\" content=\"index, follow, max-snippet:-1, max-image-preview:large, max-video-preview:-1\" \/>\n<link rel=\"canonical\" href=\"https:\/\/www.aridane.org\/city\/2025\/06\/26\/los-llanos-de-aridane-acoge-el-tradicional-torneo-de-ajedrez-fiestas-de-la-patrona-2025\/\" \/>\n<meta property=\"og:locale\" content=\"es_ES\" \/>\n<meta property=\"og:type\" content=\"article\" \/>\n<meta property=\"og:title\" content=\"Los Llanos de Aridane acoge el tradicional Torneo de Ajedrez Fiestas de La Patrona 2025 - Ayuntamiento de Los Llanos de Aridane\" \/>\n<meta property=\"og:description\" content=\"El torneo es valedero para ELO FIDE R\u00e1pido y ofrece premios para todas las categor\u00edas\" \/>\n<meta property=\"og:url\" content=\"https:\/\/www.aridane.org\/city\/2025\/06\/26\/los-llanos-de-aridane-acoge-el-tradicional-torneo-de-ajedrez-fiestas-de-la-patrona-2025\/\" \/>\n<meta property=\"og:site_name\" content=\"Ayuntamiento de Los Llanos de Aridane\" \/>\n<meta property=\"article:published_time\" content=\"2025-06-26T08:20:47+00:00\" \/>\n<meta property=\"article:modified_time\" content=\"2025-07-16T08:22:00+00:00\" \/>\n<meta property=\"og:image\" content=\"https:\/\/www.aridane.org\/city\/wp-content\/uploads\/2025\/07\/Ajedrez-Patrona-scaled.jpeg\" \/>\n\t<meta property=\"og:image:width\" content=\"2560\" \/>\n\t<meta property=\"og:image:height\" content=\"1920\" \/>\n\t<meta property=\"og:image:type\" content=\"image\/jpeg\" \/>\n<meta name=\"author\" content=\"Corresponsal\" \/>\n<meta name=\"twitter:card\" content=\"summary_large_image\" \/>\n<meta name=\"twitter:label1\" content=\"Escrito por\" \/>\n\t<meta name=\"twitter:data1\" content=\"Corresponsal\" \/>\n\t<meta name=\"twitter:label2\" content=\"Tiempo de lectura\" \/>\n\t<meta name=\"twitter:data2\" content=\"3 minutos\" \/>\n<script type=\"application\/ld+json\" class=\"yoast-schema-graph\">{\"@context\":\"https:\/\/schema.org\",\"@graph\":[{\"@type\":\"WebPage\",\"@id\":\"https:\/\/www.aridane.org\/city\/2025\/06\/26\/los-llanos-de-aridane-acoge-el-tradicional-torneo-de-ajedrez-fiestas-de-la-patrona-2025\/\",\"url\":\"https:\/\/www.aridane.org\/city\/2025\/06\/26\/los-llanos-de-aridane-acoge-el-tradicional-torneo-de-ajedrez-fiestas-de-la-patrona-2025\/\",\"name\":\"Los Llanos de Aridane acoge el tradicional Torneo de Ajedrez Fiestas de La Patrona 2025 - Ayuntamiento de Los Llanos de Aridane\",\"isPartOf\":{\"@id\":\"https:\/\/www.aridane.org\/city\/#website\"},\"primaryImageOfPage\":{\"@id\":\"https:\/\/www.aridane.org\/city\/2025\/06\/26\/los-llanos-de-aridane-acoge-el-tradicional-torneo-de-ajedrez-fiestas-de-la-patrona-2025\/#primaryimage\"},\"image\":{\"@id\":\"https:\/\/www.aridane.org\/city\/2025\/06\/26\/los-llanos-de-aridane-acoge-el-tradicional-torneo-de-ajedrez-fiestas-de-la-patrona-2025\/#primaryimage\"},\"thumbnailUrl\":\"https:\/\/www.aridane.org\/city\/wp-content\/uploads\/2025\/07\/Ajedrez-Patrona-scaled.jpeg\",\"datePublished\":\"2025-06-26T08:20:47+00:00\",\"dateModified\":\"2025-07-16T08:22:00+00:00\",\"author\":{\"@id\":\"https:\/\/www.aridane.org\/city\/#\/schema\/person\/89ebd376b223dc94cc1dbcf200c8e6da\"},\"breadcrumb\":{\"@id\":\"https:\/\/www.aridane.org\/city\/2025\/06\/26\/los-llanos-de-aridane-acoge-el-tradicional-torneo-de-ajedrez-fiestas-de-la-patrona-2025\/#breadcrumb\"},\"inLanguage\":\"es\",\"potentialAction\":[{\"@type\":\"ReadAction\",\"target\":[\"https:\/\/www.aridane.org\/city\/2025\/06\/26\/los-llanos-de-aridane-acoge-el-tradicional-torneo-de-ajedrez-fiestas-de-la-patrona-2025\/\"]}]},{\"@type\":\"ImageObject\",\"inLanguage\":\"es\",\"@id\":\"https:\/\/www.aridane.org\/city\/2025\/06\/26\/los-llanos-de-aridane-acoge-el-tradicional-torneo-de-ajedrez-fiestas-de-la-patrona-2025\/#primaryimage\",\"url\":\"https:\/\/www.aridane.org\/city\/wp-content\/uploads\/2025\/07\/Ajedrez-Patrona-scaled.jpeg\",\"contentUrl\":\"https:\/\/www.aridane.org\/city\/wp-content\/uploads\/2025\/07\/Ajedrez-Patrona-scaled.jpeg\",\"width\":2560,\"height\":1920},{\"@type\":\"BreadcrumbList\",\"@id\":\"https:\/\/www.aridane.org\/city\/2025\/06\/26\/los-llanos-de-aridane-acoge-el-tradicional-torneo-de-ajedrez-fiestas-de-la-patrona-2025\/#breadcrumb\",\"itemListElement\":[{\"@type\":\"ListItem\",\"position\":1,\"name\":\"Portada\",\"item\":\"https:\/\/www.aridane.org\/city\/\"},{\"@type\":\"ListItem\",\"position\":2,\"name\":\"Los Llanos de Aridane acoge el tradicional Torneo de Ajedrez Fiestas de La Patrona 2025\"}]},{\"@type\":\"WebSite\",\"@id\":\"https:\/\/www.aridane.org\/city\/#website\",\"url\":\"https:\/\/www.aridane.org\/city\/\",\"name\":\"Ayuntamiento de Los Llanos de Aridane\",\"description\":\"\",\"potentialAction\":[{\"@type\":\"SearchAction\",\"target\":{\"@type\":\"EntryPoint\",\"urlTemplate\":\"https:\/\/www.aridane.org\/city\/?s={search_term_string}\"},\"query-input\":\"required name=search_term_string\"}],\"inLanguage\":\"es\"},{\"@type\":\"Person\",\"@id\":\"https:\/\/www.aridane.org\/city\/#\/schema\/person\/89ebd376b223dc94cc1dbcf200c8e6da\",\"name\":\"Corresponsal\",\"image\":{\"@type\":\"ImageObject\",\"inLanguage\":\"es\",\"@id\":\"https:\/\/www.aridane.org\/city\/#\/schema\/person\/image\/\",\"url\":\"https:\/\/secure.gravatar.com\/avatar\/1c476992411e4ccf153da63b2b2f5ea0bb4cb1c85f3ceab8512f04325ad5579c?s=96&d=mm&r=g\",\"contentUrl\":\"https:\/\/secure.gravatar.com\/avatar\/1c476992411e4ccf153da63b2b2f5ea0bb4cb1c85f3ceab8512f04325ad5579c?s=96&d=mm&r=g\",\"caption\":\"Corresponsal\"},\"url\":\"https:\/\/www.aridane.org\/city\/author\/corresponsal\/\"}]}<\/script>\n<!-- \/ Yoast SEO plugin. -->","yoast_head_json":{"title":"Los Llanos de Aridane acoge el tradicional Torneo de Ajedrez Fiestas de La Patrona 2025 - Ayuntamiento de Los Llanos de Aridane","robots":{"index":"index","follow":"follow","max-snippet":"max-snippet:-1","max-image-preview":"max-image-preview:large","max-video-preview":"max-video-preview:-1"},"canonical":"https:\/\/www.aridane.org\/city\/2025\/06\/26\/los-llanos-de-aridane-acoge-el-tradicional-torneo-de-ajedrez-fiestas-de-la-patrona-2025\/","og_locale":"es_ES","og_type":"article","og_title":"Los Llanos de Aridane acoge el tradicional Torneo de Ajedrez Fiestas de La Patrona 2025 - Ayuntamiento de Los Llanos de Aridane","og_description":"El torneo es valedero para ELO FIDE R\u00e1pido y ofrece premios para todas las categor\u00edas","og_url":"https:\/\/www.aridane.org\/city\/2025\/06\/26\/los-llanos-de-aridane-acoge-el-tradicional-torneo-de-ajedrez-fiestas-de-la-patrona-2025\/","og_site_name":"Ayuntamiento de Los Llanos de Aridane","article_published_time":"2025-06-26T08:20:47+00:00","article_modified_time":"2025-07-16T08:22:00+00:00","og_image":[{"width":2560,"height":1920,"url":"https:\/\/www.aridane.org\/city\/wp-content\/uploads\/2025\/07\/Ajedrez-Patrona-scaled.jpeg","type":"image\/jpeg"}],"author":"Corresponsal","twitter_card":"summary_large_image","twitter_misc":{"Escrito por":"Corresponsal","Tiempo de lectura":"3 minutos"},"schema":{"@context":"https:\/\/schema.org","@graph":[{"@type":"WebPage","@id":"https:\/\/www.aridane.org\/city\/2025\/06\/26\/los-llanos-de-aridane-acoge-el-tradicional-torneo-de-ajedrez-fiestas-de-la-patrona-2025\/","url":"https:\/\/www.aridane.org\/city\/2025\/06\/26\/los-llanos-de-aridane-acoge-el-tradicional-torneo-de-ajedrez-fiestas-de-la-patrona-2025\/","name":"Los Llanos de Aridane acoge el tradicional Torneo de Ajedrez Fiestas de La Patrona 2025 - Ayuntamiento de Los Llanos de Aridane","isPartOf":{"@id":"https:\/\/www.aridane.org\/city\/#website"},"primaryImageOfPage":{"@id":"https:\/\/www.aridane.org\/city\/2025\/06\/26\/los-llanos-de-aridane-acoge-el-tradicional-torneo-de-ajedrez-fiestas-de-la-patrona-2025\/#primaryimage"},"image":{"@id":"https:\/\/www.aridane.org\/city\/2025\/06\/26\/los-llanos-de-aridane-acoge-el-tradicional-torneo-de-ajedrez-fiestas-de-la-patrona-2025\/#primaryimage"},"thumbnailUrl":"https:\/\/www.aridane.org\/city\/wp-content\/uploads\/2025\/07\/Ajedrez-Patrona-scaled.jpeg","datePublished":"2025-06-26T08:20:47+00:00","dateModified":"2025-07-16T08:22:00+00:00","author":{"@id":"https:\/\/www.aridane.org\/city\/#\/schema\/person\/89ebd376b223dc94cc1dbcf200c8e6da"},"breadcrumb":{"@id":"https:\/\/www.aridane.org\/city\/2025\/06\/26\/los-llanos-de-aridane-acoge-el-tradicional-torneo-de-ajedrez-fiestas-de-la-patrona-2025\/#breadcrumb"},"inLanguage":"es","potentialAction":[{"@type":"ReadAction","target":["https:\/\/www.aridane.org\/city\/2025\/06\/26\/los-llanos-de-aridane-acoge-el-tradicional-torneo-de-ajedrez-fiestas-de-la-patrona-2025\/"]}]},{"@type":"ImageObject","inLanguage":"es","@id":"https:\/\/www.aridane.org\/city\/2025\/06\/26\/los-llanos-de-aridane-acoge-el-tradicional-torneo-de-ajedrez-fiestas-de-la-patrona-2025\/#primaryimage","url":"https:\/\/www.aridane.org\/city\/wp-content\/uploads\/2025\/07\/Ajedrez-Patrona-scaled.jpeg","contentUrl":"https:\/\/www.aridane.org\/city\/wp-content\/uploads\/2025\/07\/Ajedrez-Patrona-scaled.jpeg","width":2560,"height":1920},{"@type":"BreadcrumbList","@id":"https:\/\/www.aridane.org\/city\/2025\/06\/26\/los-llanos-de-aridane-acoge-el-tradicional-torneo-de-ajedrez-fiestas-de-la-patrona-2025\/#breadcrumb","itemListElement":[{"@type":"ListItem","position":1,"name":"Portada","item":"https:\/\/www.aridane.org\/city\/"},{"@type":"ListItem","position":2,"name":"Los Llanos de Aridane acoge el tradicional Torneo de Ajedrez Fiestas de La Patrona 2025"}]},{"@type":"WebSite","@id":"https:\/\/www.aridane.org\/city\/#website","url":"https:\/\/www.aridane.org\/city\/","name":"Ayuntamiento de Los Llanos de Aridane","description":"","potentialAction":[{"@type":"SearchAction","target":{"@type":"EntryPoint","urlTemplate":"https:\/\/www.aridane.org\/city\/?s={search_term_string}"},"query-input":"required name=search_term_string"}],"inLanguage":"es"},{"@type":"Person","@id":"https:\/\/www.aridane.org\/city\/#\/schema\/person\/89ebd376b223dc94cc1dbcf200c8e6da","name":"Corresponsal","image":{"@type":"ImageObject","inLanguage":"es","@id":"https:\/\/www.aridane.org\/city\/#\/schema\/person\/image\/","url":"https:\/\/secure.gravatar.com\/avatar\/1c476992411e4ccf153da63b2b2f5ea0bb4cb1c85f3ceab8512f04325ad5579c?s=96&d=mm&r=g","contentUrl":"https:\/\/secure.gravatar.com\/avatar\/1c476992411e4ccf153da63b2b2f5ea0bb4cb1c85f3ceab8512f04325ad5579c?s=96&d=mm&r=g","caption":"Corresponsal"},"url":"https:\/\/www.aridane.org\/city\/author\/corresponsal\/"}]}},"_links":{"self":[{"href":"https:\/\/www.aridane.org\/city\/wp-json\/wp\/v2\/posts\/4587","targetHints":{"allow":["GET"]}}],"collection":[{"href":"https:\/\/www.aridane.org\/city\/wp-json\/wp\/v2\/posts"}],"about":[{"href":"https:\/\/www.aridane.org\/city\/wp-json\/wp\/v2\/types\/post"}],"author":[{"embeddable":true,"href":"https:\/\/www.aridane.org\/city\/wp-json\/wp\/v2\/users\/4"}],"replies":[{"embeddable":true,"href":"https:\/\/www.aridane.org\/city\/wp-json\/wp\/v2\/comments?post=4587"}],"version-history":[{"count":1,"href":"https:\/\/www.aridane.org\/city\/wp-json\/wp\/v2\/posts\/4587\/revisions"}],"predecessor-version":[{"id":4589,"href":"https:\/\/www.aridane.org\/city\/wp-json\/wp\/v2\/posts\/4587\/revisions\/4589"}],"wp:featuredmedia":[{"embeddable":true,"href":"https:\/\/www.aridane.org\/city\/wp-json\/wp\/v2\/media\/4588"}],"wp:attachment":[{"href":"https:\/\/www.aridane.org\/city\/wp-json\/wp\/v2\/media?parent=4587"}],"wp:term":[{"taxonomy":"category","embeddable":true,"href":"https:\/\/www.aridane.org\/city\/wp-json\/wp\/v2\/categories?post=4587"},{"taxonomy":"post_tag","embeddable":true,"href":"https:\/\/www.aridane.org\/city\/wp-json\/wp\/v2\/tags?post=4587"}],"curies":[{"name":"wp","href":"https:\/\/api.w.org\/{rel}","templated":true}]}}