{"id":4590,"date":"2025-06-25T08:22:02","date_gmt":"2025-06-25T08:22:02","guid":{"rendered":"https:\/\/www.aridane.org\/city\/?p=4590"},"modified":"2025-07-16T08:24:08","modified_gmt":"2025-07-16T08:24:08","slug":"los-llanos-de-aridane-aprueba-la-modificacion-de-la-relacion-de-puestos-de-trabajo","status":"publish","type":"post","link":"https:\/\/www.aridane.org\/city\/2025\/06\/25\/los-llanos-de-aridane-aprueba-la-modificacion-de-la-relacion-de-puestos-de-trabajo\/","title":{"rendered":"Los Llanos de Aridane aprueba la modificaci\u00f3n de la Relaci\u00f3n de Puestos de Trabajo"},"content":{"rendered":"<p><em>El alcalde, Javier Llamas, explica que esta modificaci\u00f3n llega tras un intenso y riguroso proceso de di\u00e1logo y negociaci\u00f3n en el que han participado todas las partes implicadas<\/em><!--more--><\/p>\n<p>El pleno del Ayuntamiento de Los Llanos de Aridane aprob\u00f3 este mi\u00e9rcoles, 25 de junio, por unanimidad la modificaci\u00f3n de la Relaci\u00f3n de Puestos de Trabajo (RPT). Un documento clave para organizar la plantilla municipal y garantizar que cada \u00e1rea pueda responder de manera eficaz a las demandas de la ciudadan\u00eda.<\/p>\n<p>El alcalde, Javier Llamas, explica que esta modificaci\u00f3n llega tras un intenso y riguroso proceso de di\u00e1logo y negociaci\u00f3n en el que han participado todas las partes implicadas: el grupo de gobierno, el personal municipal, los representantes sindicales, el equipo t\u00e9cnico de la instituci\u00f3n y la empresa de asesoramiento externo del Ayuntamiento.<\/p>\n<p>\u201cA pesar de que en el pasado hubo discrepancias y recursos, todas las partes han trabajado para garantizar que esta RPT estuviera adaptada a la realidad actual, cumpliendo con la Ley y fortaleciendo la seguridad jur\u00eddica para todas las personas que hacen posible que el Ayuntamiento funcione cada d\u00eda\u201d, se\u00f1ala.<\/p>\n<p>El alcalde sostiene que esta aprobaci\u00f3n refleja el compromiso de la Corporaci\u00f3n con la modernizaci\u00f3n y eficiencia de la administraci\u00f3n local. \u201cLa RPT es una herramienta esencial para garantizar que cada \u00e1rea del Ayuntamiento pueda responder de manera eficaz a las demandas de la ciudadan\u00eda. Su modificaci\u00f3n es el resultado de un intenso trabajo t\u00e9cnico y pol\u00edtico, donde han participado tanto el personal municipal como los miembros de la Mesa General de Negociaci\u00f3n\u201d, a\u00f1ade.<\/p>\n<p>La modificaci\u00f3n de esta RPT garantiza criterios de igualdad, responsabilidad y eficiencia para que todas las personas que forman la plantilla puedan desarrollar su carrera en un marco claro y adaptado a la realidad presente y futura. \u201cAprobar esta modificaci\u00f3n significa garantizar que los hombres y mujeres que hacen posible que esta administraci\u00f3n funcione cada d\u00eda cuenten con un marco laboral claro, construido desde la negociaci\u00f3n, la negociaci\u00f3n y la negociaci\u00f3n entre todas las partes\u201d.<\/p>\n<p>Desde el Ayuntamiento se conf\u00eda que esta decisi\u00f3n contribuya, no solo a la estabilizaci\u00f3n de la plantilla municipal, sino que permita mejorar la calidad del servicio que reciben los vecinos y vecinas de Los Llanos de Aridane.<\/p>\n","protected":false},"excerpt":{"rendered":"<p>El alcalde, Javier Llamas, explica que esta modificaci\u00f3n llega tras un intenso y riguroso proceso de di\u00e1logo y negociaci\u00f3n en el que han participado todas las partes implicadas<\/p>\n","protected":false},"author":4,"featured_media":4591,"comment_status":"open","ping_status":"open","sticky":false,"template":"","format":"standard","meta":{"footnotes":""},"categories":[1],"tags":[],"class_list":["post-4590","post","type-post","status-publish","format-standard","has-post-thumbnail","hentry","category-sin-categoria"],"yoast_head":"<!-- This site is optimized with the Yoast SEO plugin v22.7 - https:\/\/yoast.com\/wordpress\/plugins\/seo\/ -->\n<title>Los Llanos de Aridane aprueba la modificaci\u00f3n de la Relaci\u00f3n de Puestos de Trabajo - Ayuntamiento de Los Llanos de Aridane<\/title>\n<meta name=\"robots\" content=\"index, follow, max-snippet:-1, max-image-preview:large, max-video-preview:-1\" \/>\n<link rel=\"canonical\" href=\"https:\/\/www.aridane.org\/city\/2025\/06\/25\/los-llanos-de-aridane-aprueba-la-modificacion-de-la-relacion-de-puestos-de-trabajo\/\" \/>\n<meta property=\"og:locale\" content=\"es_ES\" \/>\n<meta property=\"og:type\" content=\"article\" \/>\n<meta property=\"og:title\" content=\"Los Llanos de Aridane aprueba la modificaci\u00f3n de la Relaci\u00f3n de Puestos de Trabajo - Ayuntamiento de Los Llanos de Aridane\" \/>\n<meta property=\"og:description\" content=\"El alcalde, Javier Llamas, explica que esta modificaci\u00f3n llega tras un intenso y riguroso proceso de di\u00e1logo y negociaci\u00f3n en el que han participado todas las partes implicadas\" \/>\n<meta property=\"og:url\" content=\"https:\/\/www.aridane.org\/city\/2025\/06\/25\/los-llanos-de-aridane-aprueba-la-modificacion-de-la-relacion-de-puestos-de-trabajo\/\" \/>\n<meta property=\"og:site_name\" content=\"Ayuntamiento de Los Llanos de Aridane\" \/>\n<meta property=\"article:published_time\" content=\"2025-06-25T08:22:02+00:00\" \/>\n<meta property=\"article:modified_time\" content=\"2025-07-16T08:24:08+00:00\" \/>\n<meta property=\"og:image\" content=\"https:\/\/www.aridane.org\/city\/wp-content\/uploads\/2025\/07\/Modificacion-RPT-scaled.jpeg\" \/>\n\t<meta property=\"og:image:width\" content=\"2560\" \/>\n\t<meta property=\"og:image:height\" content=\"1920\" \/>\n\t<meta property=\"og:image:type\" content=\"image\/jpeg\" \/>\n<meta name=\"author\" content=\"Corresponsal\" \/>\n<meta name=\"twitter:card\" content=\"summary_large_image\" \/>\n<meta name=\"twitter:label1\" content=\"Escrito por\" \/>\n\t<meta name=\"twitter:data1\" content=\"Corresponsal\" \/>\n\t<meta name=\"twitter:label2\" content=\"Tiempo de lectura\" \/>\n\t<meta name=\"twitter:data2\" content=\"2 minutos\" \/>\n<script type=\"application\/ld+json\" class=\"yoast-schema-graph\">{\"@context\":\"https:\/\/schema.org\",\"@graph\":[{\"@type\":\"WebPage\",\"@id\":\"https:\/\/www.aridane.org\/city\/2025\/06\/25\/los-llanos-de-aridane-aprueba-la-modificacion-de-la-relacion-de-puestos-de-trabajo\/\",\"url\":\"https:\/\/www.aridane.org\/city\/2025\/06\/25\/los-llanos-de-aridane-aprueba-la-modificacion-de-la-relacion-de-puestos-de-trabajo\/\",\"name\":\"Los Llanos de Aridane aprueba la modificaci\u00f3n de la Relaci\u00f3n de Puestos de Trabajo - Ayuntamiento de Los Llanos de Aridane\",\"isPartOf\":{\"@id\":\"https:\/\/www.aridane.org\/city\/#website\"},\"primaryImageOfPage\":{\"@id\":\"https:\/\/www.aridane.org\/city\/2025\/06\/25\/los-llanos-de-aridane-aprueba-la-modificacion-de-la-relacion-de-puestos-de-trabajo\/#primaryimage\"},\"image\":{\"@id\":\"https:\/\/www.aridane.org\/city\/2025\/06\/25\/los-llanos-de-aridane-aprueba-la-modificacion-de-la-relacion-de-puestos-de-trabajo\/#primaryimage\"},\"thumbnailUrl\":\"https:\/\/www.aridane.org\/city\/wp-content\/uploads\/2025\/07\/Modificacion-RPT-scaled.jpeg\",\"datePublished\":\"2025-06-25T08:22:02+00:00\",\"dateModified\":\"2025-07-16T08:24:08+00:00\",\"author\":{\"@id\":\"https:\/\/www.aridane.org\/city\/#\/schema\/person\/89ebd376b223dc94cc1dbcf200c8e6da\"},\"breadcrumb\":{\"@id\":\"https:\/\/www.aridane.org\/city\/2025\/06\/25\/los-llanos-de-aridane-aprueba-la-modificacion-de-la-relacion-de-puestos-de-trabajo\/#breadcrumb\"},\"inLanguage\":\"es\",\"potentialAction\":[{\"@type\":\"ReadAction\",\"target\":[\"https:\/\/www.aridane.org\/city\/2025\/06\/25\/los-llanos-de-aridane-aprueba-la-modificacion-de-la-relacion-de-puestos-de-trabajo\/\"]}]},{\"@type\":\"ImageObject\",\"inLanguage\":\"es\",\"@id\":\"https:\/\/www.aridane.org\/city\/2025\/06\/25\/los-llanos-de-aridane-aprueba-la-modificacion-de-la-relacion-de-puestos-de-trabajo\/#primaryimage\",\"url\":\"https:\/\/www.aridane.org\/city\/wp-content\/uploads\/2025\/07\/Modificacion-RPT-scaled.jpeg\",\"contentUrl\":\"https:\/\/www.aridane.org\/city\/wp-content\/uploads\/2025\/07\/Modificacion-RPT-scaled.jpeg\",\"width\":2560,\"height\":1920},{\"@type\":\"BreadcrumbList\",\"@id\":\"https:\/\/www.aridane.org\/city\/2025\/06\/25\/los-llanos-de-aridane-aprueba-la-modificacion-de-la-relacion-de-puestos-de-trabajo\/#breadcrumb\",\"itemListElement\":[{\"@type\":\"ListItem\",\"position\":1,\"name\":\"Portada\",\"item\":\"https:\/\/www.aridane.org\/city\/\"},{\"@type\":\"ListItem\",\"position\":2,\"name\":\"Los Llanos de Aridane aprueba la modificaci\u00f3n de la Relaci\u00f3n de Puestos de Trabajo\"}]},{\"@type\":\"WebSite\",\"@id\":\"https:\/\/www.aridane.org\/city\/#website\",\"url\":\"https:\/\/www.aridane.org\/city\/\",\"name\":\"Ayuntamiento de Los Llanos de Aridane\",\"description\":\"\",\"potentialAction\":[{\"@type\":\"SearchAction\",\"target\":{\"@type\":\"EntryPoint\",\"urlTemplate\":\"https:\/\/www.aridane.org\/city\/?s={search_term_string}\"},\"query-input\":\"required name=search_term_string\"}],\"inLanguage\":\"es\"},{\"@type\":\"Person\",\"@id\":\"https:\/\/www.aridane.org\/city\/#\/schema\/person\/89ebd376b223dc94cc1dbcf200c8e6da\",\"name\":\"Corresponsal\",\"image\":{\"@type\":\"ImageObject\",\"inLanguage\":\"es\",\"@id\":\"https:\/\/www.aridane.org\/city\/#\/schema\/person\/image\/\",\"url\":\"https:\/\/secure.gravatar.com\/avatar\/1c476992411e4ccf153da63b2b2f5ea0bb4cb1c85f3ceab8512f04325ad5579c?s=96&d=mm&r=g\",\"contentUrl\":\"https:\/\/secure.gravatar.com\/avatar\/1c476992411e4ccf153da63b2b2f5ea0bb4cb1c85f3ceab8512f04325ad5579c?s=96&d=mm&r=g\",\"caption\":\"Corresponsal\"},\"url\":\"https:\/\/www.aridane.org\/city\/author\/corresponsal\/\"}]}<\/script>\n<!-- \/ Yoast SEO plugin. -->","yoast_head_json":{"title":"Los Llanos de Aridane aprueba la modificaci\u00f3n de la Relaci\u00f3n de Puestos de Trabajo - Ayuntamiento de Los Llanos de Aridane","robots":{"index":"index","follow":"follow","max-snippet":"max-snippet:-1","max-image-preview":"max-image-preview:large","max-video-preview":"max-video-preview:-1"},"canonical":"https:\/\/www.aridane.org\/city\/2025\/06\/25\/los-llanos-de-aridane-aprueba-la-modificacion-de-la-relacion-de-puestos-de-trabajo\/","og_locale":"es_ES","og_type":"article","og_title":"Los Llanos de Aridane aprueba la modificaci\u00f3n de la Relaci\u00f3n de Puestos de Trabajo - Ayuntamiento de Los Llanos de Aridane","og_description":"El alcalde, Javier Llamas, explica que esta modificaci\u00f3n llega tras un intenso y riguroso proceso de di\u00e1logo y negociaci\u00f3n en el que han participado todas las partes implicadas","og_url":"https:\/\/www.aridane.org\/city\/2025\/06\/25\/los-llanos-de-aridane-aprueba-la-modificacion-de-la-relacion-de-puestos-de-trabajo\/","og_site_name":"Ayuntamiento de Los Llanos de Aridane","article_published_time":"2025-06-25T08:22:02+00:00","article_modified_time":"2025-07-16T08:24:08+00:00","og_image":[{"width":2560,"height":1920,"url":"https:\/\/www.aridane.org\/city\/wp-content\/uploads\/2025\/07\/Modificacion-RPT-scaled.jpeg","type":"image\/jpeg"}],"author":"Corresponsal","twitter_card":"summary_large_image","twitter_misc":{"Escrito por":"Corresponsal","Tiempo de lectura":"2 minutos"},"schema":{"@context":"https:\/\/schema.org","@graph":[{"@type":"WebPage","@id":"https:\/\/www.aridane.org\/city\/2025\/06\/25\/los-llanos-de-aridane-aprueba-la-modificacion-de-la-relacion-de-puestos-de-trabajo\/","url":"https:\/\/www.aridane.org\/city\/2025\/06\/25\/los-llanos-de-aridane-aprueba-la-modificacion-de-la-relacion-de-puestos-de-trabajo\/","name":"Los Llanos de Aridane aprueba la modificaci\u00f3n de la Relaci\u00f3n de Puestos de Trabajo - Ayuntamiento de Los Llanos de Aridane","isPartOf":{"@id":"https:\/\/www.aridane.org\/city\/#website"},"primaryImageOfPage":{"@id":"https:\/\/www.aridane.org\/city\/2025\/06\/25\/los-llanos-de-aridane-aprueba-la-modificacion-de-la-relacion-de-puestos-de-trabajo\/#primaryimage"},"image":{"@id":"https:\/\/www.aridane.org\/city\/2025\/06\/25\/los-llanos-de-aridane-aprueba-la-modificacion-de-la-relacion-de-puestos-de-trabajo\/#primaryimage"},"thumbnailUrl":"https:\/\/www.aridane.org\/city\/wp-content\/uploads\/2025\/07\/Modificacion-RPT-scaled.jpeg","datePublished":"2025-06-25T08:22:02+00:00","dateModified":"2025-07-16T08:24:08+00:00","author":{"@id":"https:\/\/www.aridane.org\/city\/#\/schema\/person\/89ebd376b223dc94cc1dbcf200c8e6da"},"breadcrumb":{"@id":"https:\/\/www.aridane.org\/city\/2025\/06\/25\/los-llanos-de-aridane-aprueba-la-modificacion-de-la-relacion-de-puestos-de-trabajo\/#breadcrumb"},"inLanguage":"es","potentialAction":[{"@type":"ReadAction","target":["https:\/\/www.aridane.org\/city\/2025\/06\/25\/los-llanos-de-aridane-aprueba-la-modificacion-de-la-relacion-de-puestos-de-trabajo\/"]}]},{"@type":"ImageObject","inLanguage":"es","@id":"https:\/\/www.aridane.org\/city\/2025\/06\/25\/los-llanos-de-aridane-aprueba-la-modificacion-de-la-relacion-de-puestos-de-trabajo\/#primaryimage","url":"https:\/\/www.aridane.org\/city\/wp-content\/uploads\/2025\/07\/Modificacion-RPT-scaled.jpeg","contentUrl":"https:\/\/www.aridane.org\/city\/wp-content\/uploads\/2025\/07\/Modificacion-RPT-scaled.jpeg","width":2560,"height":1920},{"@type":"BreadcrumbList","@id":"https:\/\/www.aridane.org\/city\/2025\/06\/25\/los-llanos-de-aridane-aprueba-la-modificacion-de-la-relacion-de-puestos-de-trabajo\/#breadcrumb","itemListElement":[{"@type":"ListItem","position":1,"name":"Portada","item":"https:\/\/www.aridane.org\/city\/"},{"@type":"ListItem","position":2,"name":"Los Llanos de Aridane aprueba la modificaci\u00f3n de la Relaci\u00f3n de Puestos de Trabajo"}]},{"@type":"WebSite","@id":"https:\/\/www.aridane.org\/city\/#website","url":"https:\/\/www.aridane.org\/city\/","name":"Ayuntamiento de Los Llanos de Aridane","description":"","potentialAction":[{"@type":"SearchAction","target":{"@type":"EntryPoint","urlTemplate":"https:\/\/www.aridane.org\/city\/?s={search_term_string}"},"query-input":"required name=search_term_string"}],"inLanguage":"es"},{"@type":"Person","@id":"https:\/\/www.aridane.org\/city\/#\/schema\/person\/89ebd376b223dc94cc1dbcf200c8e6da","name":"Corresponsal","image":{"@type":"ImageObject","inLanguage":"es","@id":"https:\/\/www.aridane.org\/city\/#\/schema\/person\/image\/","url":"https:\/\/secure.gravatar.com\/avatar\/1c476992411e4ccf153da63b2b2f5ea0bb4cb1c85f3ceab8512f04325ad5579c?s=96&d=mm&r=g","contentUrl":"https:\/\/secure.gravatar.com\/avatar\/1c476992411e4ccf153da63b2b2f5ea0bb4cb1c85f3ceab8512f04325ad5579c?s=96&d=mm&r=g","caption":"Corresponsal"},"url":"https:\/\/www.aridane.org\/city\/author\/corresponsal\/"}]}},"_links":{"self":[{"href":"https:\/\/www.aridane.org\/city\/wp-json\/wp\/v2\/posts\/4590","targetHints":{"allow":["GET"]}}],"collection":[{"href":"https:\/\/www.aridane.org\/city\/wp-json\/wp\/v2\/posts"}],"about":[{"href":"https:\/\/www.aridane.org\/city\/wp-json\/wp\/v2\/types\/post"}],"author":[{"embeddable":true,"href":"https:\/\/www.aridane.org\/city\/wp-json\/wp\/v2\/users\/4"}],"replies":[{"embeddable":true,"href":"https:\/\/www.aridane.org\/city\/wp-json\/wp\/v2\/comments?post=4590"}],"version-history":[{"count":1,"href":"https:\/\/www.aridane.org\/city\/wp-json\/wp\/v2\/posts\/4590\/revisions"}],"predecessor-version":[{"id":4592,"href":"https:\/\/www.aridane.org\/city\/wp-json\/wp\/v2\/posts\/4590\/revisions\/4592"}],"wp:featuredmedia":[{"embeddable":true,"href":"https:\/\/www.aridane.org\/city\/wp-json\/wp\/v2\/media\/4591"}],"wp:attachment":[{"href":"https:\/\/www.aridane.org\/city\/wp-json\/wp\/v2\/media?parent=4590"}],"wp:term":[{"taxonomy":"category","embeddable":true,"href":"https:\/\/www.aridane.org\/city\/wp-json\/wp\/v2\/categories?post=4590"},{"taxonomy":"post_tag","embeddable":true,"href":"https:\/\/www.aridane.org\/city\/wp-json\/wp\/v2\/tags?post=4590"}],"curies":[{"name":"wp","href":"https:\/\/api.w.org\/{rel}","templated":true}]}}