{"id":4593,"date":"2025-06-24T08:24:31","date_gmt":"2025-06-24T08:24:31","guid":{"rendered":"https:\/\/www.aridane.org\/city\/?p=4593"},"modified":"2025-07-16T08:25:11","modified_gmt":"2025-07-16T08:25:11","slug":"los-llanos-de-aridane-coordina-con-psicologos-del-ministerio-de-defensa-el-apoyo-a-los-afectados-por-el-volcan","status":"publish","type":"post","link":"https:\/\/www.aridane.org\/city\/2025\/06\/24\/los-llanos-de-aridane-coordina-con-psicologos-del-ministerio-de-defensa-el-apoyo-a-los-afectados-por-el-volcan\/","title":{"rendered":"Los Llanos de Aridane coordina con psic\u00f3logos del Ministerio de Defensa el apoyo a los afectados por el volc\u00e1n"},"content":{"rendered":"<p><em>Las personas que necesiten contactar con el equipo del CECCOS pueden hacerlo a trav\u00e9s del tel\u00e9fono 661 471 540 o del correo electr\u00f3nico cecoss@mde.es.<\/em><!--more--><\/p>\n<div id=\"v1forwardbody1\">\n<p>El alcalde de Los Llanos de Aridane, Javier Llamas, y la concejala de Servicios Sociales, Idaira P\u00e9rez, recibieron este lunes, 23 de junio, al equipo de psic\u00f3logos del CECCOS (Centro de Coordinaci\u00f3n de Operaciones y Seguimiento) del Ministerio de Defensa. La llegada de estos profesionales da respuesta al compromiso asumido por los reyes Felipe y Letizia durante su visita a La Palma el pasado 6 de junio.<\/p>\n<p>El alcalde tendi\u00f3 la mano a los profesionales del Ministerio de Defensa para garantizar un acompa\u00f1amiento integral a todas las personas afectadas por la erupci\u00f3n volc\u00e1nica. \u201cCuidar la salud mental de nuestras vecinas y vecinos es una parte fundamental de la hoja de ruta trazada por este grupo de gobierno. Agradecemos a los reyes, as\u00ed como a la ministra de Defensa, Margarita Robles, su colaboraci\u00f3n\u201d, a\u00f1adi\u00f3.<\/p>\n<p>La concejala de Servicios Sociales destac\u00f3 que esta colaboraci\u00f3n fortalece la red de acompa\u00f1amiento social y psicol\u00f3gico puesta en marcha por el Ayuntamiento para apoyar a todas las personas que sufrieron y siguen sufriendo los efectos de la erupci\u00f3n. \u201cTrabajamos para garantizar un acompa\u00f1amiento adaptado a la situaci\u00f3n de emergencia y contribuir a la recuperaci\u00f3n de la poblaci\u00f3n afectada\u201d, se\u00f1al\u00f3.<\/p>\n<p>El equipo de psic\u00f3logos del CECCOS est\u00e1 especializado en cat\u00e1strofes y emergencias, con experiencia en crisis como la ocurrida durante la DANA en la Comunidad Valenciana. Con base en el Acuartelamiento El Fuerte, en Bre\u00f1a Baja, estos profesionales trabajar\u00e1n durante cuatro meses en los municipios afectados de Los Llanos de Aridane, El Paso y Tazacorte.<\/p>\n<p>Las personas que necesiten contactar con el equipo de psic\u00f3logos del CECCOS pueden hacerlo en el tel\u00e9fono 661 471 540 o en el correo electr\u00f3nico\u00a0<a href=\"mailto:cecoss@mde.es\" rel=\"noreferrer\">cecoss@mde.es<\/a>.<\/p>\n<\/div>\n","protected":false},"excerpt":{"rendered":"<p>Las personas que necesiten contactar con el equipo del CECCOS pueden hacerlo a trav\u00e9s del tel\u00e9fono 661 471 540 o del correo electr\u00f3nico cecoss@mde.es.<\/p>\n","protected":false},"author":4,"featured_media":4594,"comment_status":"open","ping_status":"open","sticky":false,"template":"","format":"standard","meta":{"footnotes":""},"categories":[1],"tags":[],"class_list":["post-4593","post","type-post","status-publish","format-standard","has-post-thumbnail","hentry","category-sin-categoria"],"yoast_head":"<!-- This site is optimized with the Yoast SEO plugin v22.7 - https:\/\/yoast.com\/wordpress\/plugins\/seo\/ -->\n<title>Los Llanos de Aridane coordina con psic\u00f3logos del Ministerio de Defensa el apoyo a los afectados por el volc\u00e1n - Ayuntamiento de Los Llanos de Aridane<\/title>\n<meta name=\"robots\" content=\"index, follow, max-snippet:-1, max-image-preview:large, max-video-preview:-1\" \/>\n<link rel=\"canonical\" href=\"https:\/\/www.aridane.org\/city\/2025\/06\/24\/los-llanos-de-aridane-coordina-con-psicologos-del-ministerio-de-defensa-el-apoyo-a-los-afectados-por-el-volcan\/\" \/>\n<meta property=\"og:locale\" content=\"es_ES\" \/>\n<meta property=\"og:type\" content=\"article\" \/>\n<meta property=\"og:title\" content=\"Los Llanos de Aridane coordina con psic\u00f3logos del Ministerio de Defensa el apoyo a los afectados por el volc\u00e1n - Ayuntamiento de Los Llanos de Aridane\" \/>\n<meta property=\"og:description\" content=\"Las personas que necesiten contactar con el equipo del CECCOS pueden hacerlo a trav\u00e9s del tel\u00e9fono 661 471 540 o del correo electr\u00f3nico cecoss@mde.es.\" \/>\n<meta property=\"og:url\" content=\"https:\/\/www.aridane.org\/city\/2025\/06\/24\/los-llanos-de-aridane-coordina-con-psicologos-del-ministerio-de-defensa-el-apoyo-a-los-afectados-por-el-volcan\/\" \/>\n<meta property=\"og:site_name\" content=\"Ayuntamiento de Los Llanos de Aridane\" \/>\n<meta property=\"article:published_time\" content=\"2025-06-24T08:24:31+00:00\" \/>\n<meta property=\"article:modified_time\" content=\"2025-07-16T08:25:11+00:00\" \/>\n<meta property=\"og:image\" content=\"https:\/\/www.aridane.org\/city\/wp-content\/uploads\/2025\/07\/Psicologo-MD.jpeg\" \/>\n\t<meta property=\"og:image:width\" content=\"1200\" \/>\n\t<meta property=\"og:image:height\" content=\"1029\" \/>\n\t<meta property=\"og:image:type\" content=\"image\/jpeg\" \/>\n<meta name=\"author\" content=\"Corresponsal\" \/>\n<meta name=\"twitter:card\" content=\"summary_large_image\" \/>\n<meta name=\"twitter:label1\" content=\"Escrito por\" \/>\n\t<meta name=\"twitter:data1\" content=\"Corresponsal\" \/>\n\t<meta name=\"twitter:label2\" content=\"Tiempo de lectura\" \/>\n\t<meta name=\"twitter:data2\" content=\"2 minutos\" \/>\n<script type=\"application\/ld+json\" class=\"yoast-schema-graph\">{\"@context\":\"https:\/\/schema.org\",\"@graph\":[{\"@type\":\"WebPage\",\"@id\":\"https:\/\/www.aridane.org\/city\/2025\/06\/24\/los-llanos-de-aridane-coordina-con-psicologos-del-ministerio-de-defensa-el-apoyo-a-los-afectados-por-el-volcan\/\",\"url\":\"https:\/\/www.aridane.org\/city\/2025\/06\/24\/los-llanos-de-aridane-coordina-con-psicologos-del-ministerio-de-defensa-el-apoyo-a-los-afectados-por-el-volcan\/\",\"name\":\"Los Llanos de Aridane coordina con psic\u00f3logos del Ministerio de Defensa el apoyo a los afectados por el volc\u00e1n - Ayuntamiento de Los Llanos de Aridane\",\"isPartOf\":{\"@id\":\"https:\/\/www.aridane.org\/city\/#website\"},\"primaryImageOfPage\":{\"@id\":\"https:\/\/www.aridane.org\/city\/2025\/06\/24\/los-llanos-de-aridane-coordina-con-psicologos-del-ministerio-de-defensa-el-apoyo-a-los-afectados-por-el-volcan\/#primaryimage\"},\"image\":{\"@id\":\"https:\/\/www.aridane.org\/city\/2025\/06\/24\/los-llanos-de-aridane-coordina-con-psicologos-del-ministerio-de-defensa-el-apoyo-a-los-afectados-por-el-volcan\/#primaryimage\"},\"thumbnailUrl\":\"https:\/\/www.aridane.org\/city\/wp-content\/uploads\/2025\/07\/Psicologo-MD.jpeg\",\"datePublished\":\"2025-06-24T08:24:31+00:00\",\"dateModified\":\"2025-07-16T08:25:11+00:00\",\"author\":{\"@id\":\"https:\/\/www.aridane.org\/city\/#\/schema\/person\/89ebd376b223dc94cc1dbcf200c8e6da\"},\"breadcrumb\":{\"@id\":\"https:\/\/www.aridane.org\/city\/2025\/06\/24\/los-llanos-de-aridane-coordina-con-psicologos-del-ministerio-de-defensa-el-apoyo-a-los-afectados-por-el-volcan\/#breadcrumb\"},\"inLanguage\":\"es\",\"potentialAction\":[{\"@type\":\"ReadAction\",\"target\":[\"https:\/\/www.aridane.org\/city\/2025\/06\/24\/los-llanos-de-aridane-coordina-con-psicologos-del-ministerio-de-defensa-el-apoyo-a-los-afectados-por-el-volcan\/\"]}]},{\"@type\":\"ImageObject\",\"inLanguage\":\"es\",\"@id\":\"https:\/\/www.aridane.org\/city\/2025\/06\/24\/los-llanos-de-aridane-coordina-con-psicologos-del-ministerio-de-defensa-el-apoyo-a-los-afectados-por-el-volcan\/#primaryimage\",\"url\":\"https:\/\/www.aridane.org\/city\/wp-content\/uploads\/2025\/07\/Psicologo-MD.jpeg\",\"contentUrl\":\"https:\/\/www.aridane.org\/city\/wp-content\/uploads\/2025\/07\/Psicologo-MD.jpeg\",\"width\":1200,\"height\":1029},{\"@type\":\"BreadcrumbList\",\"@id\":\"https:\/\/www.aridane.org\/city\/2025\/06\/24\/los-llanos-de-aridane-coordina-con-psicologos-del-ministerio-de-defensa-el-apoyo-a-los-afectados-por-el-volcan\/#breadcrumb\",\"itemListElement\":[{\"@type\":\"ListItem\",\"position\":1,\"name\":\"Portada\",\"item\":\"https:\/\/www.aridane.org\/city\/\"},{\"@type\":\"ListItem\",\"position\":2,\"name\":\"Los Llanos de Aridane coordina con psic\u00f3logos del Ministerio de Defensa el apoyo a los afectados por el volc\u00e1n\"}]},{\"@type\":\"WebSite\",\"@id\":\"https:\/\/www.aridane.org\/city\/#website\",\"url\":\"https:\/\/www.aridane.org\/city\/\",\"name\":\"Ayuntamiento de Los Llanos de Aridane\",\"description\":\"\",\"potentialAction\":[{\"@type\":\"SearchAction\",\"target\":{\"@type\":\"EntryPoint\",\"urlTemplate\":\"https:\/\/www.aridane.org\/city\/?s={search_term_string}\"},\"query-input\":\"required name=search_term_string\"}],\"inLanguage\":\"es\"},{\"@type\":\"Person\",\"@id\":\"https:\/\/www.aridane.org\/city\/#\/schema\/person\/89ebd376b223dc94cc1dbcf200c8e6da\",\"name\":\"Corresponsal\",\"image\":{\"@type\":\"ImageObject\",\"inLanguage\":\"es\",\"@id\":\"https:\/\/www.aridane.org\/city\/#\/schema\/person\/image\/\",\"url\":\"https:\/\/secure.gravatar.com\/avatar\/1c476992411e4ccf153da63b2b2f5ea0bb4cb1c85f3ceab8512f04325ad5579c?s=96&d=mm&r=g\",\"contentUrl\":\"https:\/\/secure.gravatar.com\/avatar\/1c476992411e4ccf153da63b2b2f5ea0bb4cb1c85f3ceab8512f04325ad5579c?s=96&d=mm&r=g\",\"caption\":\"Corresponsal\"},\"url\":\"https:\/\/www.aridane.org\/city\/author\/corresponsal\/\"}]}<\/script>\n<!-- \/ Yoast SEO plugin. -->","yoast_head_json":{"title":"Los Llanos de Aridane coordina con psic\u00f3logos del Ministerio de Defensa el apoyo a los afectados por el volc\u00e1n - Ayuntamiento de Los Llanos de Aridane","robots":{"index":"index","follow":"follow","max-snippet":"max-snippet:-1","max-image-preview":"max-image-preview:large","max-video-preview":"max-video-preview:-1"},"canonical":"https:\/\/www.aridane.org\/city\/2025\/06\/24\/los-llanos-de-aridane-coordina-con-psicologos-del-ministerio-de-defensa-el-apoyo-a-los-afectados-por-el-volcan\/","og_locale":"es_ES","og_type":"article","og_title":"Los Llanos de Aridane coordina con psic\u00f3logos del Ministerio de Defensa el apoyo a los afectados por el volc\u00e1n - Ayuntamiento de Los Llanos de Aridane","og_description":"Las personas que necesiten contactar con el equipo del CECCOS pueden hacerlo a trav\u00e9s del tel\u00e9fono 661 471 540 o del correo electr\u00f3nico cecoss@mde.es.","og_url":"https:\/\/www.aridane.org\/city\/2025\/06\/24\/los-llanos-de-aridane-coordina-con-psicologos-del-ministerio-de-defensa-el-apoyo-a-los-afectados-por-el-volcan\/","og_site_name":"Ayuntamiento de Los Llanos de Aridane","article_published_time":"2025-06-24T08:24:31+00:00","article_modified_time":"2025-07-16T08:25:11+00:00","og_image":[{"width":1200,"height":1029,"url":"https:\/\/www.aridane.org\/city\/wp-content\/uploads\/2025\/07\/Psicologo-MD.jpeg","type":"image\/jpeg"}],"author":"Corresponsal","twitter_card":"summary_large_image","twitter_misc":{"Escrito por":"Corresponsal","Tiempo de lectura":"2 minutos"},"schema":{"@context":"https:\/\/schema.org","@graph":[{"@type":"WebPage","@id":"https:\/\/www.aridane.org\/city\/2025\/06\/24\/los-llanos-de-aridane-coordina-con-psicologos-del-ministerio-de-defensa-el-apoyo-a-los-afectados-por-el-volcan\/","url":"https:\/\/www.aridane.org\/city\/2025\/06\/24\/los-llanos-de-aridane-coordina-con-psicologos-del-ministerio-de-defensa-el-apoyo-a-los-afectados-por-el-volcan\/","name":"Los Llanos de Aridane coordina con psic\u00f3logos del Ministerio de Defensa el apoyo a los afectados por el volc\u00e1n - Ayuntamiento de Los Llanos de Aridane","isPartOf":{"@id":"https:\/\/www.aridane.org\/city\/#website"},"primaryImageOfPage":{"@id":"https:\/\/www.aridane.org\/city\/2025\/06\/24\/los-llanos-de-aridane-coordina-con-psicologos-del-ministerio-de-defensa-el-apoyo-a-los-afectados-por-el-volcan\/#primaryimage"},"image":{"@id":"https:\/\/www.aridane.org\/city\/2025\/06\/24\/los-llanos-de-aridane-coordina-con-psicologos-del-ministerio-de-defensa-el-apoyo-a-los-afectados-por-el-volcan\/#primaryimage"},"thumbnailUrl":"https:\/\/www.aridane.org\/city\/wp-content\/uploads\/2025\/07\/Psicologo-MD.jpeg","datePublished":"2025-06-24T08:24:31+00:00","dateModified":"2025-07-16T08:25:11+00:00","author":{"@id":"https:\/\/www.aridane.org\/city\/#\/schema\/person\/89ebd376b223dc94cc1dbcf200c8e6da"},"breadcrumb":{"@id":"https:\/\/www.aridane.org\/city\/2025\/06\/24\/los-llanos-de-aridane-coordina-con-psicologos-del-ministerio-de-defensa-el-apoyo-a-los-afectados-por-el-volcan\/#breadcrumb"},"inLanguage":"es","potentialAction":[{"@type":"ReadAction","target":["https:\/\/www.aridane.org\/city\/2025\/06\/24\/los-llanos-de-aridane-coordina-con-psicologos-del-ministerio-de-defensa-el-apoyo-a-los-afectados-por-el-volcan\/"]}]},{"@type":"ImageObject","inLanguage":"es","@id":"https:\/\/www.aridane.org\/city\/2025\/06\/24\/los-llanos-de-aridane-coordina-con-psicologos-del-ministerio-de-defensa-el-apoyo-a-los-afectados-por-el-volcan\/#primaryimage","url":"https:\/\/www.aridane.org\/city\/wp-content\/uploads\/2025\/07\/Psicologo-MD.jpeg","contentUrl":"https:\/\/www.aridane.org\/city\/wp-content\/uploads\/2025\/07\/Psicologo-MD.jpeg","width":1200,"height":1029},{"@type":"BreadcrumbList","@id":"https:\/\/www.aridane.org\/city\/2025\/06\/24\/los-llanos-de-aridane-coordina-con-psicologos-del-ministerio-de-defensa-el-apoyo-a-los-afectados-por-el-volcan\/#breadcrumb","itemListElement":[{"@type":"ListItem","position":1,"name":"Portada","item":"https:\/\/www.aridane.org\/city\/"},{"@type":"ListItem","position":2,"name":"Los Llanos de Aridane coordina con psic\u00f3logos del Ministerio de Defensa el apoyo a los afectados por el volc\u00e1n"}]},{"@type":"WebSite","@id":"https:\/\/www.aridane.org\/city\/#website","url":"https:\/\/www.aridane.org\/city\/","name":"Ayuntamiento de Los Llanos de Aridane","description":"","potentialAction":[{"@type":"SearchAction","target":{"@type":"EntryPoint","urlTemplate":"https:\/\/www.aridane.org\/city\/?s={search_term_string}"},"query-input":"required name=search_term_string"}],"inLanguage":"es"},{"@type":"Person","@id":"https:\/\/www.aridane.org\/city\/#\/schema\/person\/89ebd376b223dc94cc1dbcf200c8e6da","name":"Corresponsal","image":{"@type":"ImageObject","inLanguage":"es","@id":"https:\/\/www.aridane.org\/city\/#\/schema\/person\/image\/","url":"https:\/\/secure.gravatar.com\/avatar\/1c476992411e4ccf153da63b2b2f5ea0bb4cb1c85f3ceab8512f04325ad5579c?s=96&d=mm&r=g","contentUrl":"https:\/\/secure.gravatar.com\/avatar\/1c476992411e4ccf153da63b2b2f5ea0bb4cb1c85f3ceab8512f04325ad5579c?s=96&d=mm&r=g","caption":"Corresponsal"},"url":"https:\/\/www.aridane.org\/city\/author\/corresponsal\/"}]}},"_links":{"self":[{"href":"https:\/\/www.aridane.org\/city\/wp-json\/wp\/v2\/posts\/4593","targetHints":{"allow":["GET"]}}],"collection":[{"href":"https:\/\/www.aridane.org\/city\/wp-json\/wp\/v2\/posts"}],"about":[{"href":"https:\/\/www.aridane.org\/city\/wp-json\/wp\/v2\/types\/post"}],"author":[{"embeddable":true,"href":"https:\/\/www.aridane.org\/city\/wp-json\/wp\/v2\/users\/4"}],"replies":[{"embeddable":true,"href":"https:\/\/www.aridane.org\/city\/wp-json\/wp\/v2\/comments?post=4593"}],"version-history":[{"count":1,"href":"https:\/\/www.aridane.org\/city\/wp-json\/wp\/v2\/posts\/4593\/revisions"}],"predecessor-version":[{"id":4595,"href":"https:\/\/www.aridane.org\/city\/wp-json\/wp\/v2\/posts\/4593\/revisions\/4595"}],"wp:featuredmedia":[{"embeddable":true,"href":"https:\/\/www.aridane.org\/city\/wp-json\/wp\/v2\/media\/4594"}],"wp:attachment":[{"href":"https:\/\/www.aridane.org\/city\/wp-json\/wp\/v2\/media?parent=4593"}],"wp:term":[{"taxonomy":"category","embeddable":true,"href":"https:\/\/www.aridane.org\/city\/wp-json\/wp\/v2\/categories?post=4593"},{"taxonomy":"post_tag","embeddable":true,"href":"https:\/\/www.aridane.org\/city\/wp-json\/wp\/v2\/tags?post=4593"}],"curies":[{"name":"wp","href":"https:\/\/api.w.org\/{rel}","templated":true}]}}