{"id":4596,"date":"2025-06-24T08:25:23","date_gmt":"2025-06-24T08:25:23","guid":{"rendered":"https:\/\/www.aridane.org\/city\/?p=4596"},"modified":"2025-07-16T08:26:14","modified_gmt":"2025-07-16T08:26:14","slug":"la-fiesta-de-arte-de-los-llanos-de-aridane-rinde-homenaje-al-25-aniversario-del-cemfac","status":"publish","type":"post","link":"https:\/\/www.aridane.org\/city\/2025\/06\/24\/la-fiesta-de-arte-de-los-llanos-de-aridane-rinde-homenaje-al-25-aniversario-del-cemfac\/","title":{"rendered":"La Fiesta de Arte de Los Llanos de Aridane rinde homenaje al 25 aniversario del CEMFAC"},"content":{"rendered":"<p><em>La propuesta art\u00edstica, titulada \u2018UTOP\u00cdA\u2019, se inspira en el esp\u00edritu libre de Don Quijote y en la fuerza del arte urbano que define a Los Llanos de Aridane<\/em><!--more--><\/p>\n<div id=\"v1forwardbody1\">\n<p>El Ayuntamiento de Los Llanos de Aridane rinde homenaje al 25 aniversario del CEMFAC (Ciudad en el Museo &#8211; Foro de Arte Contempor\u00e1neo) durante la Fiesta de Arte de las Fiestas Patronales en honor a Nuestra Se\u00f1ora de los Remedios. El evento ser\u00e1 el martes, 1 de julio, a las 22:00 horas, en la plaza de Espa\u00f1a.<\/p>\n<p>El alcalde Javier Llamas asegura que el CEMFAC ha transformado la ciudad en un museo al aire libre, lo cual casa a la perfecci\u00f3n con la Fiesta de Arte. \u201cEste evento celebra precisamente eso: la mirada transformadora del arte y la capacidad de Los Llanos de Aridane para ser un referente cultural en Canarias, Espa\u00f1a y Europa\u201d, se\u00f1ala.<\/p>\n<p>En este sentido, la concejala de Cultura, Marlene Gonz\u00e1lez, recuerda que la Fiesta de Arte es uno de los actos m\u00e1s representativos de las fiestas patronales.<\/p>\n<p>\u201cNos identifica como pueblo, conecta con nuestras ra\u00edces culturales y ofrece un espacio de encuentro con diferentes disciplinas art\u00edsticas. El 25 aniversario del CEMFAC merec\u00eda tener este protagonismo ya que es una iniciativa que, al igual que la Fiesta de Arte, combina identidad, memoria y creaci\u00f3n contempor\u00e1nea\u201d, se\u00f1ala la concejala.<\/p>\n<p>La propuesta art\u00edstica, titulada\u00a0<em>UTOP\u00cdA<\/em>, se inspira en el esp\u00edritu libre de Don Quijote y en la fuerza del arte urbano que define a Los Llanos de Aridane. La direcci\u00f3n y creaci\u00f3n del espect\u00e1culo corre a cargo de Naira G\u00f3mez e Iriome del Toro.<\/p>\n<p><em>\u201cUTOP\u00cdA<\/em>\u00a0invita a caminar despacio, a mirar el arte con la mirada de la infancia y a redescubrir la belleza que nos rodea\u201d, apuntan sus creadores.<\/p>\n<p>Este a\u00f1o, el acto contar\u00e1 con la participaci\u00f3n de Ricardo Su\u00e1rez, natural de Los Llanos de Aridane y responsable del CEMFAC, que ejercer\u00e1 como mantenedor con un texto propio que subraya la importancia del proyecto. Tambi\u00e9n se suman al elenco el bailar\u00edn y core\u00f3grafo Dorian Acosta, los actores Miguel \u00c1ngel Maciel, Iriome del Toro y Nina Chumakov, as\u00ed como la Banda Municipal de M\u00fasica de Los Llanos de Aridane, dirigida por Antonio Ramos, y la direcci\u00f3n musical de Ricardo Gonz\u00e1lez. El repertorio incluir\u00e1 piezas como\u00a0<em>Bella Ciao<\/em>\u00a0y\u00a0<em>Viva la vida<\/em>.<\/p>\n<\/div>\n","protected":false},"excerpt":{"rendered":"<p>La propuesta art\u00edstica, titulada \u2018UTOP\u00cdA\u2019, se inspira en el esp\u00edritu libre de Don Quijote y en la fuerza del arte urbano que define a Los Llanos de Aridane<\/p>\n","protected":false},"author":4,"featured_media":4597,"comment_status":"open","ping_status":"open","sticky":false,"template":"","format":"standard","meta":{"footnotes":""},"categories":[1],"tags":[],"class_list":["post-4596","post","type-post","status-publish","format-standard","has-post-thumbnail","hentry","category-sin-categoria"],"yoast_head":"<!-- This site is optimized with the Yoast SEO plugin v22.7 - https:\/\/yoast.com\/wordpress\/plugins\/seo\/ -->\n<title>La Fiesta de Arte de Los Llanos de Aridane rinde homenaje al 25 aniversario del CEMFAC - Ayuntamiento de Los Llanos de Aridane<\/title>\n<meta name=\"robots\" content=\"index, follow, max-snippet:-1, max-image-preview:large, max-video-preview:-1\" \/>\n<link rel=\"canonical\" href=\"https:\/\/www.aridane.org\/city\/2025\/06\/24\/la-fiesta-de-arte-de-los-llanos-de-aridane-rinde-homenaje-al-25-aniversario-del-cemfac\/\" \/>\n<meta property=\"og:locale\" content=\"es_ES\" \/>\n<meta property=\"og:type\" content=\"article\" \/>\n<meta property=\"og:title\" content=\"La Fiesta de Arte de Los Llanos de Aridane rinde homenaje al 25 aniversario del CEMFAC - Ayuntamiento de Los Llanos de Aridane\" \/>\n<meta property=\"og:description\" content=\"La propuesta art\u00edstica, titulada \u2018UTOP\u00cdA\u2019, se inspira en el esp\u00edritu libre de Don Quijote y en la fuerza del arte urbano que define a Los Llanos de Aridane\" \/>\n<meta property=\"og:url\" content=\"https:\/\/www.aridane.org\/city\/2025\/06\/24\/la-fiesta-de-arte-de-los-llanos-de-aridane-rinde-homenaje-al-25-aniversario-del-cemfac\/\" \/>\n<meta property=\"og:site_name\" content=\"Ayuntamiento de Los Llanos de Aridane\" \/>\n<meta property=\"article:published_time\" content=\"2025-06-24T08:25:23+00:00\" \/>\n<meta property=\"article:modified_time\" content=\"2025-07-16T08:26:14+00:00\" \/>\n<meta property=\"og:image\" content=\"https:\/\/www.aridane.org\/city\/wp-content\/uploads\/2025\/07\/Fiesta-de-Arte-2025.jpeg\" \/>\n\t<meta property=\"og:image:width\" content=\"1131\" \/>\n\t<meta property=\"og:image:height\" content=\"1600\" \/>\n\t<meta property=\"og:image:type\" content=\"image\/jpeg\" \/>\n<meta name=\"author\" content=\"Corresponsal\" \/>\n<meta name=\"twitter:card\" content=\"summary_large_image\" \/>\n<meta name=\"twitter:label1\" content=\"Escrito por\" \/>\n\t<meta name=\"twitter:data1\" content=\"Corresponsal\" \/>\n\t<meta name=\"twitter:label2\" content=\"Tiempo de lectura\" \/>\n\t<meta name=\"twitter:data2\" content=\"2 minutos\" \/>\n<script type=\"application\/ld+json\" class=\"yoast-schema-graph\">{\"@context\":\"https:\/\/schema.org\",\"@graph\":[{\"@type\":\"WebPage\",\"@id\":\"https:\/\/www.aridane.org\/city\/2025\/06\/24\/la-fiesta-de-arte-de-los-llanos-de-aridane-rinde-homenaje-al-25-aniversario-del-cemfac\/\",\"url\":\"https:\/\/www.aridane.org\/city\/2025\/06\/24\/la-fiesta-de-arte-de-los-llanos-de-aridane-rinde-homenaje-al-25-aniversario-del-cemfac\/\",\"name\":\"La Fiesta de Arte de Los Llanos de Aridane rinde homenaje al 25 aniversario del CEMFAC - Ayuntamiento de Los Llanos de Aridane\",\"isPartOf\":{\"@id\":\"https:\/\/www.aridane.org\/city\/#website\"},\"primaryImageOfPage\":{\"@id\":\"https:\/\/www.aridane.org\/city\/2025\/06\/24\/la-fiesta-de-arte-de-los-llanos-de-aridane-rinde-homenaje-al-25-aniversario-del-cemfac\/#primaryimage\"},\"image\":{\"@id\":\"https:\/\/www.aridane.org\/city\/2025\/06\/24\/la-fiesta-de-arte-de-los-llanos-de-aridane-rinde-homenaje-al-25-aniversario-del-cemfac\/#primaryimage\"},\"thumbnailUrl\":\"https:\/\/www.aridane.org\/city\/wp-content\/uploads\/2025\/07\/Fiesta-de-Arte-2025.jpeg\",\"datePublished\":\"2025-06-24T08:25:23+00:00\",\"dateModified\":\"2025-07-16T08:26:14+00:00\",\"author\":{\"@id\":\"https:\/\/www.aridane.org\/city\/#\/schema\/person\/89ebd376b223dc94cc1dbcf200c8e6da\"},\"breadcrumb\":{\"@id\":\"https:\/\/www.aridane.org\/city\/2025\/06\/24\/la-fiesta-de-arte-de-los-llanos-de-aridane-rinde-homenaje-al-25-aniversario-del-cemfac\/#breadcrumb\"},\"inLanguage\":\"es\",\"potentialAction\":[{\"@type\":\"ReadAction\",\"target\":[\"https:\/\/www.aridane.org\/city\/2025\/06\/24\/la-fiesta-de-arte-de-los-llanos-de-aridane-rinde-homenaje-al-25-aniversario-del-cemfac\/\"]}]},{\"@type\":\"ImageObject\",\"inLanguage\":\"es\",\"@id\":\"https:\/\/www.aridane.org\/city\/2025\/06\/24\/la-fiesta-de-arte-de-los-llanos-de-aridane-rinde-homenaje-al-25-aniversario-del-cemfac\/#primaryimage\",\"url\":\"https:\/\/www.aridane.org\/city\/wp-content\/uploads\/2025\/07\/Fiesta-de-Arte-2025.jpeg\",\"contentUrl\":\"https:\/\/www.aridane.org\/city\/wp-content\/uploads\/2025\/07\/Fiesta-de-Arte-2025.jpeg\",\"width\":1131,\"height\":1600},{\"@type\":\"BreadcrumbList\",\"@id\":\"https:\/\/www.aridane.org\/city\/2025\/06\/24\/la-fiesta-de-arte-de-los-llanos-de-aridane-rinde-homenaje-al-25-aniversario-del-cemfac\/#breadcrumb\",\"itemListElement\":[{\"@type\":\"ListItem\",\"position\":1,\"name\":\"Portada\",\"item\":\"https:\/\/www.aridane.org\/city\/\"},{\"@type\":\"ListItem\",\"position\":2,\"name\":\"La Fiesta de Arte de Los Llanos de Aridane rinde homenaje al 25 aniversario del CEMFAC\"}]},{\"@type\":\"WebSite\",\"@id\":\"https:\/\/www.aridane.org\/city\/#website\",\"url\":\"https:\/\/www.aridane.org\/city\/\",\"name\":\"Ayuntamiento de Los Llanos de Aridane\",\"description\":\"\",\"potentialAction\":[{\"@type\":\"SearchAction\",\"target\":{\"@type\":\"EntryPoint\",\"urlTemplate\":\"https:\/\/www.aridane.org\/city\/?s={search_term_string}\"},\"query-input\":\"required name=search_term_string\"}],\"inLanguage\":\"es\"},{\"@type\":\"Person\",\"@id\":\"https:\/\/www.aridane.org\/city\/#\/schema\/person\/89ebd376b223dc94cc1dbcf200c8e6da\",\"name\":\"Corresponsal\",\"image\":{\"@type\":\"ImageObject\",\"inLanguage\":\"es\",\"@id\":\"https:\/\/www.aridane.org\/city\/#\/schema\/person\/image\/\",\"url\":\"https:\/\/secure.gravatar.com\/avatar\/1c476992411e4ccf153da63b2b2f5ea0bb4cb1c85f3ceab8512f04325ad5579c?s=96&d=mm&r=g\",\"contentUrl\":\"https:\/\/secure.gravatar.com\/avatar\/1c476992411e4ccf153da63b2b2f5ea0bb4cb1c85f3ceab8512f04325ad5579c?s=96&d=mm&r=g\",\"caption\":\"Corresponsal\"},\"url\":\"https:\/\/www.aridane.org\/city\/author\/corresponsal\/\"}]}<\/script>\n<!-- \/ Yoast SEO plugin. -->","yoast_head_json":{"title":"La Fiesta de Arte de Los Llanos de Aridane rinde homenaje al 25 aniversario del CEMFAC - Ayuntamiento de Los Llanos de Aridane","robots":{"index":"index","follow":"follow","max-snippet":"max-snippet:-1","max-image-preview":"max-image-preview:large","max-video-preview":"max-video-preview:-1"},"canonical":"https:\/\/www.aridane.org\/city\/2025\/06\/24\/la-fiesta-de-arte-de-los-llanos-de-aridane-rinde-homenaje-al-25-aniversario-del-cemfac\/","og_locale":"es_ES","og_type":"article","og_title":"La Fiesta de Arte de Los Llanos de Aridane rinde homenaje al 25 aniversario del CEMFAC - Ayuntamiento de Los Llanos de Aridane","og_description":"La propuesta art\u00edstica, titulada \u2018UTOP\u00cdA\u2019, se inspira en el esp\u00edritu libre de Don Quijote y en la fuerza del arte urbano que define a Los Llanos de Aridane","og_url":"https:\/\/www.aridane.org\/city\/2025\/06\/24\/la-fiesta-de-arte-de-los-llanos-de-aridane-rinde-homenaje-al-25-aniversario-del-cemfac\/","og_site_name":"Ayuntamiento de Los Llanos de Aridane","article_published_time":"2025-06-24T08:25:23+00:00","article_modified_time":"2025-07-16T08:26:14+00:00","og_image":[{"width":1131,"height":1600,"url":"https:\/\/www.aridane.org\/city\/wp-content\/uploads\/2025\/07\/Fiesta-de-Arte-2025.jpeg","type":"image\/jpeg"}],"author":"Corresponsal","twitter_card":"summary_large_image","twitter_misc":{"Escrito por":"Corresponsal","Tiempo de lectura":"2 minutos"},"schema":{"@context":"https:\/\/schema.org","@graph":[{"@type":"WebPage","@id":"https:\/\/www.aridane.org\/city\/2025\/06\/24\/la-fiesta-de-arte-de-los-llanos-de-aridane-rinde-homenaje-al-25-aniversario-del-cemfac\/","url":"https:\/\/www.aridane.org\/city\/2025\/06\/24\/la-fiesta-de-arte-de-los-llanos-de-aridane-rinde-homenaje-al-25-aniversario-del-cemfac\/","name":"La Fiesta de Arte de Los Llanos de Aridane rinde homenaje al 25 aniversario del CEMFAC - Ayuntamiento de Los Llanos de Aridane","isPartOf":{"@id":"https:\/\/www.aridane.org\/city\/#website"},"primaryImageOfPage":{"@id":"https:\/\/www.aridane.org\/city\/2025\/06\/24\/la-fiesta-de-arte-de-los-llanos-de-aridane-rinde-homenaje-al-25-aniversario-del-cemfac\/#primaryimage"},"image":{"@id":"https:\/\/www.aridane.org\/city\/2025\/06\/24\/la-fiesta-de-arte-de-los-llanos-de-aridane-rinde-homenaje-al-25-aniversario-del-cemfac\/#primaryimage"},"thumbnailUrl":"https:\/\/www.aridane.org\/city\/wp-content\/uploads\/2025\/07\/Fiesta-de-Arte-2025.jpeg","datePublished":"2025-06-24T08:25:23+00:00","dateModified":"2025-07-16T08:26:14+00:00","author":{"@id":"https:\/\/www.aridane.org\/city\/#\/schema\/person\/89ebd376b223dc94cc1dbcf200c8e6da"},"breadcrumb":{"@id":"https:\/\/www.aridane.org\/city\/2025\/06\/24\/la-fiesta-de-arte-de-los-llanos-de-aridane-rinde-homenaje-al-25-aniversario-del-cemfac\/#breadcrumb"},"inLanguage":"es","potentialAction":[{"@type":"ReadAction","target":["https:\/\/www.aridane.org\/city\/2025\/06\/24\/la-fiesta-de-arte-de-los-llanos-de-aridane-rinde-homenaje-al-25-aniversario-del-cemfac\/"]}]},{"@type":"ImageObject","inLanguage":"es","@id":"https:\/\/www.aridane.org\/city\/2025\/06\/24\/la-fiesta-de-arte-de-los-llanos-de-aridane-rinde-homenaje-al-25-aniversario-del-cemfac\/#primaryimage","url":"https:\/\/www.aridane.org\/city\/wp-content\/uploads\/2025\/07\/Fiesta-de-Arte-2025.jpeg","contentUrl":"https:\/\/www.aridane.org\/city\/wp-content\/uploads\/2025\/07\/Fiesta-de-Arte-2025.jpeg","width":1131,"height":1600},{"@type":"BreadcrumbList","@id":"https:\/\/www.aridane.org\/city\/2025\/06\/24\/la-fiesta-de-arte-de-los-llanos-de-aridane-rinde-homenaje-al-25-aniversario-del-cemfac\/#breadcrumb","itemListElement":[{"@type":"ListItem","position":1,"name":"Portada","item":"https:\/\/www.aridane.org\/city\/"},{"@type":"ListItem","position":2,"name":"La Fiesta de Arte de Los Llanos de Aridane rinde homenaje al 25 aniversario del CEMFAC"}]},{"@type":"WebSite","@id":"https:\/\/www.aridane.org\/city\/#website","url":"https:\/\/www.aridane.org\/city\/","name":"Ayuntamiento de Los Llanos de Aridane","description":"","potentialAction":[{"@type":"SearchAction","target":{"@type":"EntryPoint","urlTemplate":"https:\/\/www.aridane.org\/city\/?s={search_term_string}"},"query-input":"required name=search_term_string"}],"inLanguage":"es"},{"@type":"Person","@id":"https:\/\/www.aridane.org\/city\/#\/schema\/person\/89ebd376b223dc94cc1dbcf200c8e6da","name":"Corresponsal","image":{"@type":"ImageObject","inLanguage":"es","@id":"https:\/\/www.aridane.org\/city\/#\/schema\/person\/image\/","url":"https:\/\/secure.gravatar.com\/avatar\/1c476992411e4ccf153da63b2b2f5ea0bb4cb1c85f3ceab8512f04325ad5579c?s=96&d=mm&r=g","contentUrl":"https:\/\/secure.gravatar.com\/avatar\/1c476992411e4ccf153da63b2b2f5ea0bb4cb1c85f3ceab8512f04325ad5579c?s=96&d=mm&r=g","caption":"Corresponsal"},"url":"https:\/\/www.aridane.org\/city\/author\/corresponsal\/"}]}},"_links":{"self":[{"href":"https:\/\/www.aridane.org\/city\/wp-json\/wp\/v2\/posts\/4596","targetHints":{"allow":["GET"]}}],"collection":[{"href":"https:\/\/www.aridane.org\/city\/wp-json\/wp\/v2\/posts"}],"about":[{"href":"https:\/\/www.aridane.org\/city\/wp-json\/wp\/v2\/types\/post"}],"author":[{"embeddable":true,"href":"https:\/\/www.aridane.org\/city\/wp-json\/wp\/v2\/users\/4"}],"replies":[{"embeddable":true,"href":"https:\/\/www.aridane.org\/city\/wp-json\/wp\/v2\/comments?post=4596"}],"version-history":[{"count":1,"href":"https:\/\/www.aridane.org\/city\/wp-json\/wp\/v2\/posts\/4596\/revisions"}],"predecessor-version":[{"id":4598,"href":"https:\/\/www.aridane.org\/city\/wp-json\/wp\/v2\/posts\/4596\/revisions\/4598"}],"wp:featuredmedia":[{"embeddable":true,"href":"https:\/\/www.aridane.org\/city\/wp-json\/wp\/v2\/media\/4597"}],"wp:attachment":[{"href":"https:\/\/www.aridane.org\/city\/wp-json\/wp\/v2\/media?parent=4596"}],"wp:term":[{"taxonomy":"category","embeddable":true,"href":"https:\/\/www.aridane.org\/city\/wp-json\/wp\/v2\/categories?post=4596"},{"taxonomy":"post_tag","embeddable":true,"href":"https:\/\/www.aridane.org\/city\/wp-json\/wp\/v2\/tags?post=4596"}],"curies":[{"name":"wp","href":"https:\/\/api.w.org\/{rel}","templated":true}]}}