{"id":4599,"date":"2025-06-23T08:27:45","date_gmt":"2025-06-23T08:27:45","guid":{"rendered":"https:\/\/www.aridane.org\/city\/?p=4599"},"modified":"2025-07-16T08:29:24","modified_gmt":"2025-07-16T08:29:24","slug":"el-ayuntamiento-reconoce-la-excelencia-y-el-esfuerzo-del-alumnado-del-perez-pulido-y-del-eusebio-barreto","status":"publish","type":"post","link":"https:\/\/www.aridane.org\/city\/2025\/06\/23\/el-ayuntamiento-reconoce-la-excelencia-y-el-esfuerzo-del-alumnado-del-perez-pulido-y-del-eusebio-barreto\/","title":{"rendered":"El Ayuntamiento reconoce la excelencia y el esfuerzo del alumnado del P\u00e9rez Pulido y del Eusebio Barreto"},"content":{"rendered":"<p><em>La corporaci\u00f3n municipal entreg\u00f3 11 t\u00edtulos de matr\u00edcula de honor, 23 diplomas de menci\u00f3n honor\u00edfica y 10 de esfuerzo<\/em><!--more--><\/p>\n<div id=\"v1forwardbody1\">\n<p>El Ayuntamiento de Los Llanos de Aridane reconoce a los mejores expedientes de secundaria del municipio en el curso 2024\u20112025, as\u00ed como a aquellos alumnos y alumnas que han realizado un esfuerzo especial para superar el a\u00f1o acad\u00e9mico.<\/p>\n<p>Este lunes, 23 de junio, el alcalde, Javier Llamas, y el concejal de Educaci\u00f3n y Juventud, Eduardo P\u00e9rez, entregaron las distinciones a las matr\u00edculas de honor, as\u00ed como diplomas de menci\u00f3n honor\u00edfica y de esfuerzo al alumnado de los institutos Jos\u00e9 Mar\u00eda P\u00e9rez Pulido y Eusebio Barreto Lorenzo.<\/p>\n<p>El alcalde felicit\u00f3 al alumnado por sus buenos resultados y destac\u00f3 tanto la labor del profesorado como el acompa\u00f1amiento de las familias en su formaci\u00f3n.<\/p>\n<p>\u201cEste acto realza no solo el talento y la constancia de estos j\u00f3venes, sino tambi\u00e9n la implicaci\u00f3n de los institutos de nuestro municipio. El IES Jos\u00e9 Mar\u00eda P\u00e9rez Pulido y el IES Eusebio Barreto Lorenzo son pilares en la preparaci\u00f3n de las futuras generaciones de Los Llanos de Aridane, junto al apoyo de los padres y madres que los acompa\u00f1an d\u00eda a d\u00eda\u201d, apunt\u00f3.<\/p>\n<p>Por su parte, el concejal de Educaci\u00f3n y Juventud se\u00f1al\u00f3 que la entrega de estos diplomas refleja el esfuerzo de toda la comunidad educativa y ofrece esperanza para un futuro con m\u00e1s talento y ambici\u00f3n.<\/p>\n<p>\u201cSon un ejemplo para todo el municipio y un motivo de orgullo para Los Llanos de Aridane. Desde el Ayuntamiento seguiremos apostando por la excelencia educativa y apoyando a esta juventud que contribuir\u00e1 al progreso de nuestro municipio y de toda La Palma\u201d, agreg\u00f3, recordando que, como novedad, se distingui\u00f3 a al alumnado que destac\u00f3 por su af\u00e1n de superaci\u00f3n a lo largo del curso<\/p>\n<p>En total, el Ayuntamiento entreg\u00f3 11 matr\u00edculas de honor, 23 diplomas de menci\u00f3n honor\u00edfica y 10 diplomas de esfuerzo. Durante el acto las personas asistentes tambi\u00e9n disfrutaron de un espect\u00e1culo del ilusionista palmero David de la Torre, tambi\u00e9n conocido como<em>\u00a0<\/em>El Creador de Sue\u00f1os.<\/p>\n<p><strong>El alumnado distinguido<\/strong><\/p>\n<p>El alumnado distinguido son Sergio de Le\u00f3n Rodr\u00edguez, Nora Nadia Stalder Abid, Adolfo Rodr\u00edguez Moreno y Arume Hern\u00e1ndez Rodr\u00edguez (matr\u00edculas de honor del IES Jos\u00e9 Mar\u00eda P\u00e9rez Pulido), junto a Carmen Acosta M\u00e9rida, Alexia Gladys Gouffran, Soqa Otero Campos, Alba Sim\u00f3n Brito, Antonio Brito Hern\u00e1ndez, Valeria Hern\u00e1ndez P\u00e9rez y Pedro Mart\u00edn Pais (matr\u00edculas de honor del IES Eusebio Barreto Lorenzo).<\/p>\n<p>Tambi\u00e9n reciben menci\u00f3n honor\u00edfica, en el IES Jos\u00e9 Mar\u00eda P\u00e9rez Pulido, Eralia G\u00f3mez Ramos, Nicol\u00e1s Gonz\u00e1lez Hern\u00e1ndez, Laia Gonz\u00e1lez Luis, Beatriz Lorenzo Hern\u00e1ndez, Ania Andrea Gaviria Cardona, Paula Gonz\u00e1lez S\u00e1nchez, Elena P\u00e9rez Perestelo, Valeria Sim\u00f3n Gonz\u00e1lez y Stefanie Meline Cordero Fontanills. Por el IES Eusebio Barreto Lorenzo reciben menci\u00f3n honor\u00edfica David Delgado Mart\u00edn, Daniel P\u00e9rez Afonso, Miriam Rodr\u00edguez Hern\u00e1ndez, Pablo Bermejo Hern\u00e1ndez, Alba Hern\u00e1ndez Mart\u00edn, Dayana Tabares Hern\u00e1ndez, Anyeli Zayra Arteaga Gonz\u00e1lez, Nora Gonz\u00e1lez Le\u00f3n, Yaiza Guill\u00e9n P\u00e9rez, Alba Montelongo P\u00e9rez, Ana Sof\u00eda Cruz Mart\u00edn, Leandra Ortega Mart\u00edn, Nuria Rosaura Pais Acosta y Chaxiraxi Rodr\u00edguez L\u00f3pez.<\/p>\n<p>Por \u00faltimo, reciben diploma al esfuerzo en el IES Jos\u00e9 Mar\u00eda P\u00e9rez Pulido Daniela Rodr\u00edguez Hern\u00e1ndez, Airam Avil\u00e9s Rocha, \u00c1ngel Hern\u00e1ndez Rodr\u00edguez, Alexander Xavier Le\u00f3n Ferreras, Nayara Fern\u00e1ndez Deffner, Hugo Hern\u00e1ndez P\u00e9rez, Stanley Tyler Jentzsch, Carlos David P\u00e1ez Hern\u00e1ndez, Barbara Le\u00f3n Rodr\u00edguez, Gabriel Jos\u00e9 Le\u00f3n Correa y Wendy Nayely Sosa P\u00e9rez.<\/p>\n<\/div>\n","protected":false},"excerpt":{"rendered":"<p>La corporaci\u00f3n municipal entreg\u00f3 11 t\u00edtulos de matr\u00edcula de honor, 23 diplomas de menci\u00f3n honor\u00edfica y 10 de esfuerzo<\/p>\n","protected":false},"author":4,"featured_media":4600,"comment_status":"open","ping_status":"open","sticky":false,"template":"","format":"standard","meta":{"footnotes":""},"categories":[1],"tags":[],"class_list":["post-4599","post","type-post","status-publish","format-standard","has-post-thumbnail","hentry","category-sin-categoria"],"yoast_head":"<!-- This site is optimized with the Yoast SEO plugin v22.7 - https:\/\/yoast.com\/wordpress\/plugins\/seo\/ -->\n<title>El Ayuntamiento reconoce la excelencia y el esfuerzo del alumnado del P\u00e9rez Pulido y del Eusebio Barreto - Ayuntamiento de Los Llanos de Aridane<\/title>\n<meta name=\"robots\" content=\"index, follow, max-snippet:-1, max-image-preview:large, max-video-preview:-1\" \/>\n<link rel=\"canonical\" href=\"https:\/\/www.aridane.org\/city\/2025\/06\/23\/el-ayuntamiento-reconoce-la-excelencia-y-el-esfuerzo-del-alumnado-del-perez-pulido-y-del-eusebio-barreto\/\" \/>\n<meta property=\"og:locale\" content=\"es_ES\" \/>\n<meta property=\"og:type\" content=\"article\" \/>\n<meta property=\"og:title\" content=\"El Ayuntamiento reconoce la excelencia y el esfuerzo del alumnado del P\u00e9rez Pulido y del Eusebio Barreto - Ayuntamiento de Los Llanos de Aridane\" \/>\n<meta property=\"og:description\" content=\"La corporaci\u00f3n municipal entreg\u00f3 11 t\u00edtulos de matr\u00edcula de honor, 23 diplomas de menci\u00f3n honor\u00edfica y 10 de esfuerzo\" \/>\n<meta property=\"og:url\" content=\"https:\/\/www.aridane.org\/city\/2025\/06\/23\/el-ayuntamiento-reconoce-la-excelencia-y-el-esfuerzo-del-alumnado-del-perez-pulido-y-del-eusebio-barreto\/\" \/>\n<meta property=\"og:site_name\" content=\"Ayuntamiento de Los Llanos de Aridane\" \/>\n<meta property=\"article:published_time\" content=\"2025-06-23T08:27:45+00:00\" \/>\n<meta property=\"article:modified_time\" content=\"2025-07-16T08:29:24+00:00\" \/>\n<meta property=\"og:image\" content=\"https:\/\/www.aridane.org\/city\/wp-content\/uploads\/2025\/07\/Expedientes-Los-Llanos-de-Aridane-scaled.jpeg\" \/>\n\t<meta property=\"og:image:width\" content=\"2560\" \/>\n\t<meta property=\"og:image:height\" content=\"1920\" \/>\n\t<meta property=\"og:image:type\" content=\"image\/jpeg\" \/>\n<meta name=\"author\" content=\"Corresponsal\" \/>\n<meta name=\"twitter:card\" content=\"summary_large_image\" \/>\n<meta name=\"twitter:label1\" content=\"Escrito por\" \/>\n\t<meta name=\"twitter:data1\" content=\"Corresponsal\" \/>\n\t<meta name=\"twitter:label2\" content=\"Tiempo de lectura\" \/>\n\t<meta name=\"twitter:data2\" content=\"3 minutos\" \/>\n<script type=\"application\/ld+json\" class=\"yoast-schema-graph\">{\"@context\":\"https:\/\/schema.org\",\"@graph\":[{\"@type\":\"WebPage\",\"@id\":\"https:\/\/www.aridane.org\/city\/2025\/06\/23\/el-ayuntamiento-reconoce-la-excelencia-y-el-esfuerzo-del-alumnado-del-perez-pulido-y-del-eusebio-barreto\/\",\"url\":\"https:\/\/www.aridane.org\/city\/2025\/06\/23\/el-ayuntamiento-reconoce-la-excelencia-y-el-esfuerzo-del-alumnado-del-perez-pulido-y-del-eusebio-barreto\/\",\"name\":\"El Ayuntamiento reconoce la excelencia y el esfuerzo del alumnado del P\u00e9rez Pulido y del Eusebio Barreto - Ayuntamiento de Los Llanos de Aridane\",\"isPartOf\":{\"@id\":\"https:\/\/www.aridane.org\/city\/#website\"},\"primaryImageOfPage\":{\"@id\":\"https:\/\/www.aridane.org\/city\/2025\/06\/23\/el-ayuntamiento-reconoce-la-excelencia-y-el-esfuerzo-del-alumnado-del-perez-pulido-y-del-eusebio-barreto\/#primaryimage\"},\"image\":{\"@id\":\"https:\/\/www.aridane.org\/city\/2025\/06\/23\/el-ayuntamiento-reconoce-la-excelencia-y-el-esfuerzo-del-alumnado-del-perez-pulido-y-del-eusebio-barreto\/#primaryimage\"},\"thumbnailUrl\":\"https:\/\/www.aridane.org\/city\/wp-content\/uploads\/2025\/07\/Expedientes-Los-Llanos-de-Aridane-scaled.jpeg\",\"datePublished\":\"2025-06-23T08:27:45+00:00\",\"dateModified\":\"2025-07-16T08:29:24+00:00\",\"author\":{\"@id\":\"https:\/\/www.aridane.org\/city\/#\/schema\/person\/89ebd376b223dc94cc1dbcf200c8e6da\"},\"breadcrumb\":{\"@id\":\"https:\/\/www.aridane.org\/city\/2025\/06\/23\/el-ayuntamiento-reconoce-la-excelencia-y-el-esfuerzo-del-alumnado-del-perez-pulido-y-del-eusebio-barreto\/#breadcrumb\"},\"inLanguage\":\"es\",\"potentialAction\":[{\"@type\":\"ReadAction\",\"target\":[\"https:\/\/www.aridane.org\/city\/2025\/06\/23\/el-ayuntamiento-reconoce-la-excelencia-y-el-esfuerzo-del-alumnado-del-perez-pulido-y-del-eusebio-barreto\/\"]}]},{\"@type\":\"ImageObject\",\"inLanguage\":\"es\",\"@id\":\"https:\/\/www.aridane.org\/city\/2025\/06\/23\/el-ayuntamiento-reconoce-la-excelencia-y-el-esfuerzo-del-alumnado-del-perez-pulido-y-del-eusebio-barreto\/#primaryimage\",\"url\":\"https:\/\/www.aridane.org\/city\/wp-content\/uploads\/2025\/07\/Expedientes-Los-Llanos-de-Aridane-scaled.jpeg\",\"contentUrl\":\"https:\/\/www.aridane.org\/city\/wp-content\/uploads\/2025\/07\/Expedientes-Los-Llanos-de-Aridane-scaled.jpeg\",\"width\":2560,\"height\":1920},{\"@type\":\"BreadcrumbList\",\"@id\":\"https:\/\/www.aridane.org\/city\/2025\/06\/23\/el-ayuntamiento-reconoce-la-excelencia-y-el-esfuerzo-del-alumnado-del-perez-pulido-y-del-eusebio-barreto\/#breadcrumb\",\"itemListElement\":[{\"@type\":\"ListItem\",\"position\":1,\"name\":\"Portada\",\"item\":\"https:\/\/www.aridane.org\/city\/\"},{\"@type\":\"ListItem\",\"position\":2,\"name\":\"El Ayuntamiento reconoce la excelencia y el esfuerzo del alumnado del P\u00e9rez Pulido y del Eusebio Barreto\"}]},{\"@type\":\"WebSite\",\"@id\":\"https:\/\/www.aridane.org\/city\/#website\",\"url\":\"https:\/\/www.aridane.org\/city\/\",\"name\":\"Ayuntamiento de Los Llanos de Aridane\",\"description\":\"\",\"potentialAction\":[{\"@type\":\"SearchAction\",\"target\":{\"@type\":\"EntryPoint\",\"urlTemplate\":\"https:\/\/www.aridane.org\/city\/?s={search_term_string}\"},\"query-input\":\"required name=search_term_string\"}],\"inLanguage\":\"es\"},{\"@type\":\"Person\",\"@id\":\"https:\/\/www.aridane.org\/city\/#\/schema\/person\/89ebd376b223dc94cc1dbcf200c8e6da\",\"name\":\"Corresponsal\",\"image\":{\"@type\":\"ImageObject\",\"inLanguage\":\"es\",\"@id\":\"https:\/\/www.aridane.org\/city\/#\/schema\/person\/image\/\",\"url\":\"https:\/\/secure.gravatar.com\/avatar\/1c476992411e4ccf153da63b2b2f5ea0bb4cb1c85f3ceab8512f04325ad5579c?s=96&d=mm&r=g\",\"contentUrl\":\"https:\/\/secure.gravatar.com\/avatar\/1c476992411e4ccf153da63b2b2f5ea0bb4cb1c85f3ceab8512f04325ad5579c?s=96&d=mm&r=g\",\"caption\":\"Corresponsal\"},\"url\":\"https:\/\/www.aridane.org\/city\/author\/corresponsal\/\"}]}<\/script>\n<!-- \/ Yoast SEO plugin. -->","yoast_head_json":{"title":"El Ayuntamiento reconoce la excelencia y el esfuerzo del alumnado del P\u00e9rez Pulido y del Eusebio Barreto - Ayuntamiento de Los Llanos de Aridane","robots":{"index":"index","follow":"follow","max-snippet":"max-snippet:-1","max-image-preview":"max-image-preview:large","max-video-preview":"max-video-preview:-1"},"canonical":"https:\/\/www.aridane.org\/city\/2025\/06\/23\/el-ayuntamiento-reconoce-la-excelencia-y-el-esfuerzo-del-alumnado-del-perez-pulido-y-del-eusebio-barreto\/","og_locale":"es_ES","og_type":"article","og_title":"El Ayuntamiento reconoce la excelencia y el esfuerzo del alumnado del P\u00e9rez Pulido y del Eusebio Barreto - Ayuntamiento de Los Llanos de Aridane","og_description":"La corporaci\u00f3n municipal entreg\u00f3 11 t\u00edtulos de matr\u00edcula de honor, 23 diplomas de menci\u00f3n honor\u00edfica y 10 de esfuerzo","og_url":"https:\/\/www.aridane.org\/city\/2025\/06\/23\/el-ayuntamiento-reconoce-la-excelencia-y-el-esfuerzo-del-alumnado-del-perez-pulido-y-del-eusebio-barreto\/","og_site_name":"Ayuntamiento de Los Llanos de Aridane","article_published_time":"2025-06-23T08:27:45+00:00","article_modified_time":"2025-07-16T08:29:24+00:00","og_image":[{"width":2560,"height":1920,"url":"https:\/\/www.aridane.org\/city\/wp-content\/uploads\/2025\/07\/Expedientes-Los-Llanos-de-Aridane-scaled.jpeg","type":"image\/jpeg"}],"author":"Corresponsal","twitter_card":"summary_large_image","twitter_misc":{"Escrito por":"Corresponsal","Tiempo de lectura":"3 minutos"},"schema":{"@context":"https:\/\/schema.org","@graph":[{"@type":"WebPage","@id":"https:\/\/www.aridane.org\/city\/2025\/06\/23\/el-ayuntamiento-reconoce-la-excelencia-y-el-esfuerzo-del-alumnado-del-perez-pulido-y-del-eusebio-barreto\/","url":"https:\/\/www.aridane.org\/city\/2025\/06\/23\/el-ayuntamiento-reconoce-la-excelencia-y-el-esfuerzo-del-alumnado-del-perez-pulido-y-del-eusebio-barreto\/","name":"El Ayuntamiento reconoce la excelencia y el esfuerzo del alumnado del P\u00e9rez Pulido y del Eusebio Barreto - Ayuntamiento de Los Llanos de Aridane","isPartOf":{"@id":"https:\/\/www.aridane.org\/city\/#website"},"primaryImageOfPage":{"@id":"https:\/\/www.aridane.org\/city\/2025\/06\/23\/el-ayuntamiento-reconoce-la-excelencia-y-el-esfuerzo-del-alumnado-del-perez-pulido-y-del-eusebio-barreto\/#primaryimage"},"image":{"@id":"https:\/\/www.aridane.org\/city\/2025\/06\/23\/el-ayuntamiento-reconoce-la-excelencia-y-el-esfuerzo-del-alumnado-del-perez-pulido-y-del-eusebio-barreto\/#primaryimage"},"thumbnailUrl":"https:\/\/www.aridane.org\/city\/wp-content\/uploads\/2025\/07\/Expedientes-Los-Llanos-de-Aridane-scaled.jpeg","datePublished":"2025-06-23T08:27:45+00:00","dateModified":"2025-07-16T08:29:24+00:00","author":{"@id":"https:\/\/www.aridane.org\/city\/#\/schema\/person\/89ebd376b223dc94cc1dbcf200c8e6da"},"breadcrumb":{"@id":"https:\/\/www.aridane.org\/city\/2025\/06\/23\/el-ayuntamiento-reconoce-la-excelencia-y-el-esfuerzo-del-alumnado-del-perez-pulido-y-del-eusebio-barreto\/#breadcrumb"},"inLanguage":"es","potentialAction":[{"@type":"ReadAction","target":["https:\/\/www.aridane.org\/city\/2025\/06\/23\/el-ayuntamiento-reconoce-la-excelencia-y-el-esfuerzo-del-alumnado-del-perez-pulido-y-del-eusebio-barreto\/"]}]},{"@type":"ImageObject","inLanguage":"es","@id":"https:\/\/www.aridane.org\/city\/2025\/06\/23\/el-ayuntamiento-reconoce-la-excelencia-y-el-esfuerzo-del-alumnado-del-perez-pulido-y-del-eusebio-barreto\/#primaryimage","url":"https:\/\/www.aridane.org\/city\/wp-content\/uploads\/2025\/07\/Expedientes-Los-Llanos-de-Aridane-scaled.jpeg","contentUrl":"https:\/\/www.aridane.org\/city\/wp-content\/uploads\/2025\/07\/Expedientes-Los-Llanos-de-Aridane-scaled.jpeg","width":2560,"height":1920},{"@type":"BreadcrumbList","@id":"https:\/\/www.aridane.org\/city\/2025\/06\/23\/el-ayuntamiento-reconoce-la-excelencia-y-el-esfuerzo-del-alumnado-del-perez-pulido-y-del-eusebio-barreto\/#breadcrumb","itemListElement":[{"@type":"ListItem","position":1,"name":"Portada","item":"https:\/\/www.aridane.org\/city\/"},{"@type":"ListItem","position":2,"name":"El Ayuntamiento reconoce la excelencia y el esfuerzo del alumnado del P\u00e9rez Pulido y del Eusebio Barreto"}]},{"@type":"WebSite","@id":"https:\/\/www.aridane.org\/city\/#website","url":"https:\/\/www.aridane.org\/city\/","name":"Ayuntamiento de Los Llanos de Aridane","description":"","potentialAction":[{"@type":"SearchAction","target":{"@type":"EntryPoint","urlTemplate":"https:\/\/www.aridane.org\/city\/?s={search_term_string}"},"query-input":"required name=search_term_string"}],"inLanguage":"es"},{"@type":"Person","@id":"https:\/\/www.aridane.org\/city\/#\/schema\/person\/89ebd376b223dc94cc1dbcf200c8e6da","name":"Corresponsal","image":{"@type":"ImageObject","inLanguage":"es","@id":"https:\/\/www.aridane.org\/city\/#\/schema\/person\/image\/","url":"https:\/\/secure.gravatar.com\/avatar\/1c476992411e4ccf153da63b2b2f5ea0bb4cb1c85f3ceab8512f04325ad5579c?s=96&d=mm&r=g","contentUrl":"https:\/\/secure.gravatar.com\/avatar\/1c476992411e4ccf153da63b2b2f5ea0bb4cb1c85f3ceab8512f04325ad5579c?s=96&d=mm&r=g","caption":"Corresponsal"},"url":"https:\/\/www.aridane.org\/city\/author\/corresponsal\/"}]}},"_links":{"self":[{"href":"https:\/\/www.aridane.org\/city\/wp-json\/wp\/v2\/posts\/4599","targetHints":{"allow":["GET"]}}],"collection":[{"href":"https:\/\/www.aridane.org\/city\/wp-json\/wp\/v2\/posts"}],"about":[{"href":"https:\/\/www.aridane.org\/city\/wp-json\/wp\/v2\/types\/post"}],"author":[{"embeddable":true,"href":"https:\/\/www.aridane.org\/city\/wp-json\/wp\/v2\/users\/4"}],"replies":[{"embeddable":true,"href":"https:\/\/www.aridane.org\/city\/wp-json\/wp\/v2\/comments?post=4599"}],"version-history":[{"count":1,"href":"https:\/\/www.aridane.org\/city\/wp-json\/wp\/v2\/posts\/4599\/revisions"}],"predecessor-version":[{"id":4601,"href":"https:\/\/www.aridane.org\/city\/wp-json\/wp\/v2\/posts\/4599\/revisions\/4601"}],"wp:featuredmedia":[{"embeddable":true,"href":"https:\/\/www.aridane.org\/city\/wp-json\/wp\/v2\/media\/4600"}],"wp:attachment":[{"href":"https:\/\/www.aridane.org\/city\/wp-json\/wp\/v2\/media?parent=4599"}],"wp:term":[{"taxonomy":"category","embeddable":true,"href":"https:\/\/www.aridane.org\/city\/wp-json\/wp\/v2\/categories?post=4599"},{"taxonomy":"post_tag","embeddable":true,"href":"https:\/\/www.aridane.org\/city\/wp-json\/wp\/v2\/tags?post=4599"}],"curies":[{"name":"wp","href":"https:\/\/api.w.org\/{rel}","templated":true}]}}