{"id":4602,"date":"2025-06-22T08:29:40","date_gmt":"2025-06-22T08:29:40","guid":{"rendered":"https:\/\/www.aridane.org\/city\/?p=4602"},"modified":"2025-07-16T08:30:16","modified_gmt":"2025-07-16T08:30:16","slug":"los-llanos-de-aridane-celebra-con-exito-la-romeria-de-san-isidro-y-la-130a-feria-insular-de-ganado","status":"publish","type":"post","link":"https:\/\/www.aridane.org\/city\/2025\/06\/22\/los-llanos-de-aridane-celebra-con-exito-la-romeria-de-san-isidro-y-la-130a-feria-insular-de-ganado\/","title":{"rendered":"Los Llanos de Aridane celebra con \u00e9xito la Romer\u00eda de San Isidro y la 130\u00aa Feria Insular de Ganado"},"content":{"rendered":"<p><em>Desde el Ayuntamiento se destaca el civismo de la ciudadan\u00eda y la participaci\u00f3n de los colectivos, asociaciones de vecinos, as\u00ed como el desempe\u00f1o del operativo de seguridad<\/em><!--more--><\/p>\n<div id=\"v1forwardbody1\">\n<p>El Ayuntamiento de Los Llanos de Aridane celebr\u00f3 este s\u00e1bado, 21 de junio, la Romer\u00eda de San Isidro, uno de los actos principales de las Fiestas Patronales en honor a Nuestra Se\u00f1ora de Los Remedios. Carretas engalanadas, m\u00fasica tradicional y trajes t\u00edpicos acompa\u00f1aron la imagen del santo en un recorrido marcado por el civismo y la participaci\u00f3n responsable de todas las personas que se sumaron a la celebraci\u00f3n, junto a la 130\u00aa Feria Insular de Ganado, que puso en valor la importancia del sector ganadero para el municipio y para la isla.<\/p>\n<p>El alcalde, Javier Llamas, destaca el \u00e9xito del d\u00eda grande de las Fiestas Patronales, con la romer\u00eda y la feria. \u201cLo vivido refleja el arraigo de esta ciudad a la tradici\u00f3n y a la cultura popular. Agradecemos a todas las personas que participaron en la cita su civismo, as\u00ed como a todas las entidades involucradas \u2014desde el personal municipal, Polic\u00eda Local, Protecci\u00f3n Civil y los cuerpos de seguridad del Estado, hasta los colectivos y las asociaciones de vecinos\u2014 el \u00e9xito de este s\u00e1bado\u201d, se\u00f1ala.<\/p>\n<p>Por su parte, el concejal de Fiestas, \u00c1lvaro Pages, destaca el papel de todas aquellas personas que hacen posible que \u201cla tradici\u00f3n de Los Llanos de Aridane siga viva y sea un punto de encuentro para todas las edades\u201d.<\/p>\n<p><strong>130\u00aa Feria Insular de Ganado<\/strong><\/p>\n<p>Respecto a la feria ganadera, cabe destacar que el Ayuntamiento ha recibido 162 cabezas de ganado vacuno, junto a una nutrida representaci\u00f3n de ganado caprino y ovino, adem\u00e1s de una veintena de ejemplares de perros ratoneros de raza palmera. Los jueces que valoraron el ganado destacan que la vaca palmera presenta una notable mejora en su morfolog\u00eda, lo que refleja el gran trabajo de ganaderos y ganaderas para garantizar la calidad y la conservaci\u00f3n de esta raza.<\/p>\n<p>En este sentido, el concejal de Sector Primario, Ar\u00f3n Le\u00f3n, a\u00f1ade que \u201cesta feria llega en un momento clave para las razas palmeras de vaca, oveja y cabra, especialmente tras el reconocimiento que esta misma semana les otorg\u00f3 el Gobierno de Canarias por su patrimonio gen\u00e9tico, un hecho que contribuye tanto a la mejora de la raza como a la sostenibilidad del sector primario en nuestro municipio y en toda la isla\u201d.<\/p>\n<p>Desde el Ayuntamiento de Los Llanos de Aridane se asegura que tanto la romer\u00eda como la feria ganadera han transcurrido en un ambiente seguro y festivo, y se agradece especialmente la colaboraci\u00f3n de la Polic\u00eda Local, Protecci\u00f3n Civil y el resto de cuerpos y fuerzas de seguridad y emergencias por garantizar que todas las actividades se desarrollen con normalidad.<\/p>\n<\/div>\n","protected":false},"excerpt":{"rendered":"<p>Desde el Ayuntamiento se destaca el civismo de la ciudadan\u00eda y la participaci\u00f3n de los colectivos, asociaciones de vecinos, as\u00ed como el desempe\u00f1o del operativo de seguridad<\/p>\n","protected":false},"author":4,"featured_media":4370,"comment_status":"open","ping_status":"open","sticky":false,"template":"","format":"standard","meta":{"footnotes":""},"categories":[1],"tags":[],"class_list":["post-4602","post","type-post","status-publish","format-standard","has-post-thumbnail","hentry","category-sin-categoria"],"yoast_head":"<!-- This site is optimized with the Yoast SEO plugin v22.7 - https:\/\/yoast.com\/wordpress\/plugins\/seo\/ -->\n<title>Los Llanos de Aridane celebra con \u00e9xito la Romer\u00eda de San Isidro y la 130\u00aa Feria Insular de Ganado - Ayuntamiento de Los Llanos de Aridane<\/title>\n<meta name=\"robots\" content=\"index, follow, max-snippet:-1, max-image-preview:large, max-video-preview:-1\" \/>\n<link rel=\"canonical\" href=\"https:\/\/www.aridane.org\/city\/2025\/06\/22\/los-llanos-de-aridane-celebra-con-exito-la-romeria-de-san-isidro-y-la-130a-feria-insular-de-ganado\/\" \/>\n<meta property=\"og:locale\" content=\"es_ES\" \/>\n<meta property=\"og:type\" content=\"article\" \/>\n<meta property=\"og:title\" content=\"Los Llanos de Aridane celebra con \u00e9xito la Romer\u00eda de San Isidro y la 130\u00aa Feria Insular de Ganado - Ayuntamiento de Los Llanos de Aridane\" \/>\n<meta property=\"og:description\" content=\"Desde el Ayuntamiento se destaca el civismo de la ciudadan\u00eda y la participaci\u00f3n de los colectivos, asociaciones de vecinos, as\u00ed como el desempe\u00f1o del operativo de seguridad\" \/>\n<meta property=\"og:url\" content=\"https:\/\/www.aridane.org\/city\/2025\/06\/22\/los-llanos-de-aridane-celebra-con-exito-la-romeria-de-san-isidro-y-la-130a-feria-insular-de-ganado\/\" \/>\n<meta property=\"og:site_name\" content=\"Ayuntamiento de Los Llanos de Aridane\" \/>\n<meta property=\"article:published_time\" content=\"2025-06-22T08:29:40+00:00\" \/>\n<meta property=\"article:modified_time\" content=\"2025-07-16T08:30:16+00:00\" \/>\n<meta property=\"og:image\" content=\"https:\/\/www.aridane.org\/city\/wp-content\/uploads\/2025\/06\/DSC1339-scaled.jpg\" \/>\n\t<meta property=\"og:image:width\" content=\"2560\" \/>\n\t<meta property=\"og:image:height\" content=\"1707\" \/>\n\t<meta property=\"og:image:type\" content=\"image\/jpeg\" \/>\n<meta name=\"author\" content=\"Corresponsal\" \/>\n<meta name=\"twitter:card\" content=\"summary_large_image\" \/>\n<meta name=\"twitter:label1\" content=\"Escrito por\" \/>\n\t<meta name=\"twitter:data1\" content=\"Corresponsal\" \/>\n\t<meta name=\"twitter:label2\" content=\"Tiempo de lectura\" \/>\n\t<meta name=\"twitter:data2\" content=\"3 minutos\" \/>\n<script type=\"application\/ld+json\" class=\"yoast-schema-graph\">{\"@context\":\"https:\/\/schema.org\",\"@graph\":[{\"@type\":\"WebPage\",\"@id\":\"https:\/\/www.aridane.org\/city\/2025\/06\/22\/los-llanos-de-aridane-celebra-con-exito-la-romeria-de-san-isidro-y-la-130a-feria-insular-de-ganado\/\",\"url\":\"https:\/\/www.aridane.org\/city\/2025\/06\/22\/los-llanos-de-aridane-celebra-con-exito-la-romeria-de-san-isidro-y-la-130a-feria-insular-de-ganado\/\",\"name\":\"Los Llanos de Aridane celebra con \u00e9xito la Romer\u00eda de San Isidro y la 130\u00aa Feria Insular de Ganado - Ayuntamiento de Los Llanos de Aridane\",\"isPartOf\":{\"@id\":\"https:\/\/www.aridane.org\/city\/#website\"},\"primaryImageOfPage\":{\"@id\":\"https:\/\/www.aridane.org\/city\/2025\/06\/22\/los-llanos-de-aridane-celebra-con-exito-la-romeria-de-san-isidro-y-la-130a-feria-insular-de-ganado\/#primaryimage\"},\"image\":{\"@id\":\"https:\/\/www.aridane.org\/city\/2025\/06\/22\/los-llanos-de-aridane-celebra-con-exito-la-romeria-de-san-isidro-y-la-130a-feria-insular-de-ganado\/#primaryimage\"},\"thumbnailUrl\":\"https:\/\/www.aridane.org\/city\/wp-content\/uploads\/2025\/06\/DSC1339-scaled.jpg\",\"datePublished\":\"2025-06-22T08:29:40+00:00\",\"dateModified\":\"2025-07-16T08:30:16+00:00\",\"author\":{\"@id\":\"https:\/\/www.aridane.org\/city\/#\/schema\/person\/89ebd376b223dc94cc1dbcf200c8e6da\"},\"breadcrumb\":{\"@id\":\"https:\/\/www.aridane.org\/city\/2025\/06\/22\/los-llanos-de-aridane-celebra-con-exito-la-romeria-de-san-isidro-y-la-130a-feria-insular-de-ganado\/#breadcrumb\"},\"inLanguage\":\"es\",\"potentialAction\":[{\"@type\":\"ReadAction\",\"target\":[\"https:\/\/www.aridane.org\/city\/2025\/06\/22\/los-llanos-de-aridane-celebra-con-exito-la-romeria-de-san-isidro-y-la-130a-feria-insular-de-ganado\/\"]}]},{\"@type\":\"ImageObject\",\"inLanguage\":\"es\",\"@id\":\"https:\/\/www.aridane.org\/city\/2025\/06\/22\/los-llanos-de-aridane-celebra-con-exito-la-romeria-de-san-isidro-y-la-130a-feria-insular-de-ganado\/#primaryimage\",\"url\":\"https:\/\/www.aridane.org\/city\/wp-content\/uploads\/2025\/06\/DSC1339-scaled.jpg\",\"contentUrl\":\"https:\/\/www.aridane.org\/city\/wp-content\/uploads\/2025\/06\/DSC1339-scaled.jpg\",\"width\":2560,\"height\":1707},{\"@type\":\"BreadcrumbList\",\"@id\":\"https:\/\/www.aridane.org\/city\/2025\/06\/22\/los-llanos-de-aridane-celebra-con-exito-la-romeria-de-san-isidro-y-la-130a-feria-insular-de-ganado\/#breadcrumb\",\"itemListElement\":[{\"@type\":\"ListItem\",\"position\":1,\"name\":\"Portada\",\"item\":\"https:\/\/www.aridane.org\/city\/\"},{\"@type\":\"ListItem\",\"position\":2,\"name\":\"Los Llanos de Aridane celebra con \u00e9xito la Romer\u00eda de San Isidro y la 130\u00aa Feria Insular de Ganado\"}]},{\"@type\":\"WebSite\",\"@id\":\"https:\/\/www.aridane.org\/city\/#website\",\"url\":\"https:\/\/www.aridane.org\/city\/\",\"name\":\"Ayuntamiento de Los Llanos de Aridane\",\"description\":\"\",\"potentialAction\":[{\"@type\":\"SearchAction\",\"target\":{\"@type\":\"EntryPoint\",\"urlTemplate\":\"https:\/\/www.aridane.org\/city\/?s={search_term_string}\"},\"query-input\":\"required name=search_term_string\"}],\"inLanguage\":\"es\"},{\"@type\":\"Person\",\"@id\":\"https:\/\/www.aridane.org\/city\/#\/schema\/person\/89ebd376b223dc94cc1dbcf200c8e6da\",\"name\":\"Corresponsal\",\"image\":{\"@type\":\"ImageObject\",\"inLanguage\":\"es\",\"@id\":\"https:\/\/www.aridane.org\/city\/#\/schema\/person\/image\/\",\"url\":\"https:\/\/secure.gravatar.com\/avatar\/1c476992411e4ccf153da63b2b2f5ea0bb4cb1c85f3ceab8512f04325ad5579c?s=96&d=mm&r=g\",\"contentUrl\":\"https:\/\/secure.gravatar.com\/avatar\/1c476992411e4ccf153da63b2b2f5ea0bb4cb1c85f3ceab8512f04325ad5579c?s=96&d=mm&r=g\",\"caption\":\"Corresponsal\"},\"url\":\"https:\/\/www.aridane.org\/city\/author\/corresponsal\/\"}]}<\/script>\n<!-- \/ Yoast SEO plugin. -->","yoast_head_json":{"title":"Los Llanos de Aridane celebra con \u00e9xito la Romer\u00eda de San Isidro y la 130\u00aa Feria Insular de Ganado - Ayuntamiento de Los Llanos de Aridane","robots":{"index":"index","follow":"follow","max-snippet":"max-snippet:-1","max-image-preview":"max-image-preview:large","max-video-preview":"max-video-preview:-1"},"canonical":"https:\/\/www.aridane.org\/city\/2025\/06\/22\/los-llanos-de-aridane-celebra-con-exito-la-romeria-de-san-isidro-y-la-130a-feria-insular-de-ganado\/","og_locale":"es_ES","og_type":"article","og_title":"Los Llanos de Aridane celebra con \u00e9xito la Romer\u00eda de San Isidro y la 130\u00aa Feria Insular de Ganado - Ayuntamiento de Los Llanos de Aridane","og_description":"Desde el Ayuntamiento se destaca el civismo de la ciudadan\u00eda y la participaci\u00f3n de los colectivos, asociaciones de vecinos, as\u00ed como el desempe\u00f1o del operativo de seguridad","og_url":"https:\/\/www.aridane.org\/city\/2025\/06\/22\/los-llanos-de-aridane-celebra-con-exito-la-romeria-de-san-isidro-y-la-130a-feria-insular-de-ganado\/","og_site_name":"Ayuntamiento de Los Llanos de Aridane","article_published_time":"2025-06-22T08:29:40+00:00","article_modified_time":"2025-07-16T08:30:16+00:00","og_image":[{"width":2560,"height":1707,"url":"https:\/\/www.aridane.org\/city\/wp-content\/uploads\/2025\/06\/DSC1339-scaled.jpg","type":"image\/jpeg"}],"author":"Corresponsal","twitter_card":"summary_large_image","twitter_misc":{"Escrito por":"Corresponsal","Tiempo de lectura":"3 minutos"},"schema":{"@context":"https:\/\/schema.org","@graph":[{"@type":"WebPage","@id":"https:\/\/www.aridane.org\/city\/2025\/06\/22\/los-llanos-de-aridane-celebra-con-exito-la-romeria-de-san-isidro-y-la-130a-feria-insular-de-ganado\/","url":"https:\/\/www.aridane.org\/city\/2025\/06\/22\/los-llanos-de-aridane-celebra-con-exito-la-romeria-de-san-isidro-y-la-130a-feria-insular-de-ganado\/","name":"Los Llanos de Aridane celebra con \u00e9xito la Romer\u00eda de San Isidro y la 130\u00aa Feria Insular de Ganado - Ayuntamiento de Los Llanos de Aridane","isPartOf":{"@id":"https:\/\/www.aridane.org\/city\/#website"},"primaryImageOfPage":{"@id":"https:\/\/www.aridane.org\/city\/2025\/06\/22\/los-llanos-de-aridane-celebra-con-exito-la-romeria-de-san-isidro-y-la-130a-feria-insular-de-ganado\/#primaryimage"},"image":{"@id":"https:\/\/www.aridane.org\/city\/2025\/06\/22\/los-llanos-de-aridane-celebra-con-exito-la-romeria-de-san-isidro-y-la-130a-feria-insular-de-ganado\/#primaryimage"},"thumbnailUrl":"https:\/\/www.aridane.org\/city\/wp-content\/uploads\/2025\/06\/DSC1339-scaled.jpg","datePublished":"2025-06-22T08:29:40+00:00","dateModified":"2025-07-16T08:30:16+00:00","author":{"@id":"https:\/\/www.aridane.org\/city\/#\/schema\/person\/89ebd376b223dc94cc1dbcf200c8e6da"},"breadcrumb":{"@id":"https:\/\/www.aridane.org\/city\/2025\/06\/22\/los-llanos-de-aridane-celebra-con-exito-la-romeria-de-san-isidro-y-la-130a-feria-insular-de-ganado\/#breadcrumb"},"inLanguage":"es","potentialAction":[{"@type":"ReadAction","target":["https:\/\/www.aridane.org\/city\/2025\/06\/22\/los-llanos-de-aridane-celebra-con-exito-la-romeria-de-san-isidro-y-la-130a-feria-insular-de-ganado\/"]}]},{"@type":"ImageObject","inLanguage":"es","@id":"https:\/\/www.aridane.org\/city\/2025\/06\/22\/los-llanos-de-aridane-celebra-con-exito-la-romeria-de-san-isidro-y-la-130a-feria-insular-de-ganado\/#primaryimage","url":"https:\/\/www.aridane.org\/city\/wp-content\/uploads\/2025\/06\/DSC1339-scaled.jpg","contentUrl":"https:\/\/www.aridane.org\/city\/wp-content\/uploads\/2025\/06\/DSC1339-scaled.jpg","width":2560,"height":1707},{"@type":"BreadcrumbList","@id":"https:\/\/www.aridane.org\/city\/2025\/06\/22\/los-llanos-de-aridane-celebra-con-exito-la-romeria-de-san-isidro-y-la-130a-feria-insular-de-ganado\/#breadcrumb","itemListElement":[{"@type":"ListItem","position":1,"name":"Portada","item":"https:\/\/www.aridane.org\/city\/"},{"@type":"ListItem","position":2,"name":"Los Llanos de Aridane celebra con \u00e9xito la Romer\u00eda de San Isidro y la 130\u00aa Feria Insular de Ganado"}]},{"@type":"WebSite","@id":"https:\/\/www.aridane.org\/city\/#website","url":"https:\/\/www.aridane.org\/city\/","name":"Ayuntamiento de Los Llanos de Aridane","description":"","potentialAction":[{"@type":"SearchAction","target":{"@type":"EntryPoint","urlTemplate":"https:\/\/www.aridane.org\/city\/?s={search_term_string}"},"query-input":"required name=search_term_string"}],"inLanguage":"es"},{"@type":"Person","@id":"https:\/\/www.aridane.org\/city\/#\/schema\/person\/89ebd376b223dc94cc1dbcf200c8e6da","name":"Corresponsal","image":{"@type":"ImageObject","inLanguage":"es","@id":"https:\/\/www.aridane.org\/city\/#\/schema\/person\/image\/","url":"https:\/\/secure.gravatar.com\/avatar\/1c476992411e4ccf153da63b2b2f5ea0bb4cb1c85f3ceab8512f04325ad5579c?s=96&d=mm&r=g","contentUrl":"https:\/\/secure.gravatar.com\/avatar\/1c476992411e4ccf153da63b2b2f5ea0bb4cb1c85f3ceab8512f04325ad5579c?s=96&d=mm&r=g","caption":"Corresponsal"},"url":"https:\/\/www.aridane.org\/city\/author\/corresponsal\/"}]}},"_links":{"self":[{"href":"https:\/\/www.aridane.org\/city\/wp-json\/wp\/v2\/posts\/4602","targetHints":{"allow":["GET"]}}],"collection":[{"href":"https:\/\/www.aridane.org\/city\/wp-json\/wp\/v2\/posts"}],"about":[{"href":"https:\/\/www.aridane.org\/city\/wp-json\/wp\/v2\/types\/post"}],"author":[{"embeddable":true,"href":"https:\/\/www.aridane.org\/city\/wp-json\/wp\/v2\/users\/4"}],"replies":[{"embeddable":true,"href":"https:\/\/www.aridane.org\/city\/wp-json\/wp\/v2\/comments?post=4602"}],"version-history":[{"count":1,"href":"https:\/\/www.aridane.org\/city\/wp-json\/wp\/v2\/posts\/4602\/revisions"}],"predecessor-version":[{"id":4603,"href":"https:\/\/www.aridane.org\/city\/wp-json\/wp\/v2\/posts\/4602\/revisions\/4603"}],"wp:featuredmedia":[{"embeddable":true,"href":"https:\/\/www.aridane.org\/city\/wp-json\/wp\/v2\/media\/4370"}],"wp:attachment":[{"href":"https:\/\/www.aridane.org\/city\/wp-json\/wp\/v2\/media?parent=4602"}],"wp:term":[{"taxonomy":"category","embeddable":true,"href":"https:\/\/www.aridane.org\/city\/wp-json\/wp\/v2\/categories?post=4602"},{"taxonomy":"post_tag","embeddable":true,"href":"https:\/\/www.aridane.org\/city\/wp-json\/wp\/v2\/tags?post=4602"}],"curies":[{"name":"wp","href":"https:\/\/api.w.org\/{rel}","templated":true}]}}