{"id":4605,"date":"2025-07-18T10:38:31","date_gmt":"2025-07-18T10:38:31","guid":{"rendered":"https:\/\/www.aridane.org\/city\/?p=4605"},"modified":"2025-07-21T10:39:47","modified_gmt":"2025-07-21T10:39:47","slug":"los-llanos-de-aridane-reunira-a-la-elite-de-la-musica-electronica-en-el-vilus-festival","status":"publish","type":"post","link":"https:\/\/www.aridane.org\/city\/2025\/07\/18\/los-llanos-de-aridane-reunira-a-la-elite-de-la-musica-electronica-en-el-vilus-festival\/","title":{"rendered":"Los Llanos de Aridane reunir\u00e1 a la \u00e9lite de la m\u00fasica electr\u00f3nica en el Vilus Festival"},"content":{"rendered":"<p><em>El evento reunir\u00e1 el 2 de agosto artistas internacionales como NERVO, Pendulum DJ Set e Yves V, quienes han participado en el festival por excelencia del g\u00e9nero: Tomorrowland<\/em><!--more--><\/p>\n<p>El Ayuntamiento de Los Llanos de Aridane present\u00f3 este mi\u00e9rcoles, 16 de julio, a las 12:00 horas en la Casa de la Cultura, la segunda edici\u00f3n del Vilus Festival, el cual reunir\u00e1 en La Palma hasta tres artistas del reconocido festival Tomorrowland. Ser\u00e1 el pr\u00f3ximo s\u00e1bado, 2 de agosto, en la plaza Juan Pablo II.<\/p>\n<p>En el acto participaron el alcalde, Javier Llamas; el presidente del Cabildo de La Palma, Sergio Rodr\u00edguez; el concejal de Juventud, Eduardo P\u00e9rez; el concejal de Cultura, Pablo D\u00edaz Cobiella, y el organizador del festival, Kevin Y\u00e1\u00f1ez.<\/p>\n<p>El alcalde de Los Llanos de Aridane celebr\u00f3 que el municipio se convierta en el epicentro de la m\u00fasica electr\u00f3nica con un evento de esta magnitud. \u201cLa juventud disfrutar\u00e1 de algunos de los mejores DJs del planeta. La Palma, y en especial nuestro municipio, pueden estar orgullosos de contar con un festival de este prestigio\u201d, se\u00f1al\u00f3, poniendo en valor el impulso y la valent\u00eda del promotor palmero Kevin Y\u00e1\u00f1ez, \u201cque demuestra que en esta isla hay talento, visi\u00f3n y capacidad para organizar eventos de primer nivel internacional\u201d.<\/p>\n<p>Por su parte, el presidente del Cabildo de La Palma, Sergio Rodr\u00edguez, destaca la importancia de apoyar a empresarios j\u00f3venes que apuestan por diversificar la oferta de ocio en la isla. \u201cEventos como el Vilus Festival dinamizan la econom\u00eda local, generan oportunidades y colocan a La Palma en el mapa de los grandes festivales\u201d, afirm\u00f3, agradeciendo la apuesta del equipo organizador por desarrollar un proyecto ambicioso, con identidad propia y arraigo local.<\/p>\n<p>Por su parte, el concejal de Juventud, Eduardo P\u00e9rez, sostuvo que este tipo de iniciativas encajan con el objetivo municipal de ofrecer propuestas culturales, modernas y participativas para la juventud del municipio. \u201cApoyamos un festival que ha crecido desde la ilusi\u00f3n de j\u00f3venes emprendedores de La Palma y que hoy se consolida como una cita destacada del verano en Canarias\u201d, agreg\u00f3.<\/p>\n<p>Asimismo, el organizador del festival afirm\u00f3 que esta segunda edici\u00f3n ser\u00e1 muy especial, principalmente por reunir a tantos artistas, tan importantes dentro de la m\u00fasica electr\u00f3nica. \u201cSe trata de un Line Up in\u00e9dito a nivel mundial. Queremos verles a todos en el municipio\u201d, apunt\u00f3.<\/p>\n<p><strong>Sobre el festival<\/strong><\/p>\n<p>El festival se celebra el pr\u00f3ximo 2 de agosto en el municipio y re\u00fane a una destacada selecci\u00f3n de DJs de renombre internacional y nacional. Encabeza el cartel el d\u00fao australiano NERVO, referentes de la escena electr\u00f3nica mundial y conocidas por su energ\u00eda arrolladora sobre el escenario y por colaborar con artistas como David Guetta, Afrojack o Kylie Minogue.<\/p>\n<p>Tambi\u00e9n forma parte del cartel Pendulum DJ Set, el ic\u00f3nico proyecto de drum &amp; bass que mezcla electr\u00f3nica con elementos del rock y que ha sido cabeza de cartel en grandes festivales internacionales como Glastonbury o Ultra Music Festival.<\/p>\n<p>El belga Yves V, habitual del mainstage de Tomorrowland y conocido por \u00e9xitos como\u00a0<em>We Got That Cool<\/em>, llevar\u00e1 al p\u00fablico su caracter\u00edstico estilo house progresivo, mientras que el barcelon\u00e9s Lexlay, figura destacada del tech house europeo, aportar\u00e1 su energ\u00eda y conexi\u00f3n con el p\u00fablico que lo ha llevado a girar por m\u00e1s de 50 pa\u00edses.<\/p>\n<p>El cartel lo completan los DJs Visac, Joyse, Castillo y Capote, quienes representan el talento emergente y consolidado de la escena electr\u00f3nica nacional y local.<\/p>\n<p>El Vilus Festival cuenta con el apoyo institucional del Ayuntamiento de Los Llanos de Aridane, el Cabildo de La Palma y m\u00faltiples entidades colaboradoras. La cita tendr\u00e1 lugar en una ubicaci\u00f3n al aire libre en el entorno urbano del municipio, con todas las medidas de seguridad necesarias y una producci\u00f3n de primer nivel.<\/p>\n","protected":false},"excerpt":{"rendered":"<p>El evento reunir\u00e1 el 2 de agosto artistas internacionales como NERVO, Pendulum DJ Set e Yves V, quienes han participado en el festival por excelencia del g\u00e9nero: Tomorrowland<\/p>\n","protected":false},"author":4,"featured_media":4606,"comment_status":"open","ping_status":"open","sticky":false,"template":"","format":"standard","meta":{"footnotes":""},"categories":[1],"tags":[],"class_list":["post-4605","post","type-post","status-publish","format-standard","has-post-thumbnail","hentry","category-sin-categoria"],"yoast_head":"<!-- This site is optimized with the Yoast SEO plugin v22.7 - https:\/\/yoast.com\/wordpress\/plugins\/seo\/ -->\n<title>Los Llanos de Aridane reunir\u00e1 a la \u00e9lite de la m\u00fasica electr\u00f3nica en el Vilus Festival - Ayuntamiento de Los Llanos de Aridane<\/title>\n<meta name=\"robots\" content=\"index, follow, max-snippet:-1, max-image-preview:large, max-video-preview:-1\" \/>\n<link rel=\"canonical\" href=\"https:\/\/www.aridane.org\/city\/2025\/07\/18\/los-llanos-de-aridane-reunira-a-la-elite-de-la-musica-electronica-en-el-vilus-festival\/\" \/>\n<meta property=\"og:locale\" content=\"es_ES\" \/>\n<meta property=\"og:type\" content=\"article\" \/>\n<meta property=\"og:title\" content=\"Los Llanos de Aridane reunir\u00e1 a la \u00e9lite de la m\u00fasica electr\u00f3nica en el Vilus Festival - Ayuntamiento de Los Llanos de Aridane\" \/>\n<meta property=\"og:description\" content=\"El evento reunir\u00e1 el 2 de agosto artistas internacionales como NERVO, Pendulum DJ Set e Yves V, quienes han participado en el festival por excelencia del g\u00e9nero: Tomorrowland\" \/>\n<meta property=\"og:url\" content=\"https:\/\/www.aridane.org\/city\/2025\/07\/18\/los-llanos-de-aridane-reunira-a-la-elite-de-la-musica-electronica-en-el-vilus-festival\/\" \/>\n<meta property=\"og:site_name\" content=\"Ayuntamiento de Los Llanos de Aridane\" \/>\n<meta property=\"article:published_time\" content=\"2025-07-18T10:38:31+00:00\" \/>\n<meta property=\"article:modified_time\" content=\"2025-07-21T10:39:47+00:00\" \/>\n<meta property=\"og:image\" content=\"https:\/\/www.aridane.org\/city\/wp-content\/uploads\/2025\/07\/Vilus-Festival-scaled.jpeg\" \/>\n\t<meta property=\"og:image:width\" content=\"2560\" \/>\n\t<meta property=\"og:image:height\" content=\"1920\" \/>\n\t<meta property=\"og:image:type\" content=\"image\/jpeg\" \/>\n<meta name=\"author\" content=\"Corresponsal\" \/>\n<meta name=\"twitter:card\" content=\"summary_large_image\" \/>\n<meta name=\"twitter:label1\" content=\"Escrito por\" \/>\n\t<meta name=\"twitter:data1\" content=\"Corresponsal\" \/>\n\t<meta name=\"twitter:label2\" content=\"Tiempo de lectura\" \/>\n\t<meta name=\"twitter:data2\" content=\"4 minutos\" \/>\n<script type=\"application\/ld+json\" class=\"yoast-schema-graph\">{\"@context\":\"https:\/\/schema.org\",\"@graph\":[{\"@type\":\"WebPage\",\"@id\":\"https:\/\/www.aridane.org\/city\/2025\/07\/18\/los-llanos-de-aridane-reunira-a-la-elite-de-la-musica-electronica-en-el-vilus-festival\/\",\"url\":\"https:\/\/www.aridane.org\/city\/2025\/07\/18\/los-llanos-de-aridane-reunira-a-la-elite-de-la-musica-electronica-en-el-vilus-festival\/\",\"name\":\"Los Llanos de Aridane reunir\u00e1 a la \u00e9lite de la m\u00fasica electr\u00f3nica en el Vilus Festival - Ayuntamiento de Los Llanos de Aridane\",\"isPartOf\":{\"@id\":\"https:\/\/www.aridane.org\/city\/#website\"},\"primaryImageOfPage\":{\"@id\":\"https:\/\/www.aridane.org\/city\/2025\/07\/18\/los-llanos-de-aridane-reunira-a-la-elite-de-la-musica-electronica-en-el-vilus-festival\/#primaryimage\"},\"image\":{\"@id\":\"https:\/\/www.aridane.org\/city\/2025\/07\/18\/los-llanos-de-aridane-reunira-a-la-elite-de-la-musica-electronica-en-el-vilus-festival\/#primaryimage\"},\"thumbnailUrl\":\"https:\/\/www.aridane.org\/city\/wp-content\/uploads\/2025\/07\/Vilus-Festival-scaled.jpeg\",\"datePublished\":\"2025-07-18T10:38:31+00:00\",\"dateModified\":\"2025-07-21T10:39:47+00:00\",\"author\":{\"@id\":\"https:\/\/www.aridane.org\/city\/#\/schema\/person\/89ebd376b223dc94cc1dbcf200c8e6da\"},\"breadcrumb\":{\"@id\":\"https:\/\/www.aridane.org\/city\/2025\/07\/18\/los-llanos-de-aridane-reunira-a-la-elite-de-la-musica-electronica-en-el-vilus-festival\/#breadcrumb\"},\"inLanguage\":\"es\",\"potentialAction\":[{\"@type\":\"ReadAction\",\"target\":[\"https:\/\/www.aridane.org\/city\/2025\/07\/18\/los-llanos-de-aridane-reunira-a-la-elite-de-la-musica-electronica-en-el-vilus-festival\/\"]}]},{\"@type\":\"ImageObject\",\"inLanguage\":\"es\",\"@id\":\"https:\/\/www.aridane.org\/city\/2025\/07\/18\/los-llanos-de-aridane-reunira-a-la-elite-de-la-musica-electronica-en-el-vilus-festival\/#primaryimage\",\"url\":\"https:\/\/www.aridane.org\/city\/wp-content\/uploads\/2025\/07\/Vilus-Festival-scaled.jpeg\",\"contentUrl\":\"https:\/\/www.aridane.org\/city\/wp-content\/uploads\/2025\/07\/Vilus-Festival-scaled.jpeg\",\"width\":2560,\"height\":1920},{\"@type\":\"BreadcrumbList\",\"@id\":\"https:\/\/www.aridane.org\/city\/2025\/07\/18\/los-llanos-de-aridane-reunira-a-la-elite-de-la-musica-electronica-en-el-vilus-festival\/#breadcrumb\",\"itemListElement\":[{\"@type\":\"ListItem\",\"position\":1,\"name\":\"Portada\",\"item\":\"https:\/\/www.aridane.org\/city\/\"},{\"@type\":\"ListItem\",\"position\":2,\"name\":\"Los Llanos de Aridane reunir\u00e1 a la \u00e9lite de la m\u00fasica electr\u00f3nica en el Vilus Festival\"}]},{\"@type\":\"WebSite\",\"@id\":\"https:\/\/www.aridane.org\/city\/#website\",\"url\":\"https:\/\/www.aridane.org\/city\/\",\"name\":\"Ayuntamiento de Los Llanos de Aridane\",\"description\":\"\",\"potentialAction\":[{\"@type\":\"SearchAction\",\"target\":{\"@type\":\"EntryPoint\",\"urlTemplate\":\"https:\/\/www.aridane.org\/city\/?s={search_term_string}\"},\"query-input\":\"required name=search_term_string\"}],\"inLanguage\":\"es\"},{\"@type\":\"Person\",\"@id\":\"https:\/\/www.aridane.org\/city\/#\/schema\/person\/89ebd376b223dc94cc1dbcf200c8e6da\",\"name\":\"Corresponsal\",\"image\":{\"@type\":\"ImageObject\",\"inLanguage\":\"es\",\"@id\":\"https:\/\/www.aridane.org\/city\/#\/schema\/person\/image\/\",\"url\":\"https:\/\/secure.gravatar.com\/avatar\/1c476992411e4ccf153da63b2b2f5ea0bb4cb1c85f3ceab8512f04325ad5579c?s=96&d=mm&r=g\",\"contentUrl\":\"https:\/\/secure.gravatar.com\/avatar\/1c476992411e4ccf153da63b2b2f5ea0bb4cb1c85f3ceab8512f04325ad5579c?s=96&d=mm&r=g\",\"caption\":\"Corresponsal\"},\"url\":\"https:\/\/www.aridane.org\/city\/author\/corresponsal\/\"}]}<\/script>\n<!-- \/ Yoast SEO plugin. -->","yoast_head_json":{"title":"Los Llanos de Aridane reunir\u00e1 a la \u00e9lite de la m\u00fasica electr\u00f3nica en el Vilus Festival - Ayuntamiento de Los Llanos de Aridane","robots":{"index":"index","follow":"follow","max-snippet":"max-snippet:-1","max-image-preview":"max-image-preview:large","max-video-preview":"max-video-preview:-1"},"canonical":"https:\/\/www.aridane.org\/city\/2025\/07\/18\/los-llanos-de-aridane-reunira-a-la-elite-de-la-musica-electronica-en-el-vilus-festival\/","og_locale":"es_ES","og_type":"article","og_title":"Los Llanos de Aridane reunir\u00e1 a la \u00e9lite de la m\u00fasica electr\u00f3nica en el Vilus Festival - Ayuntamiento de Los Llanos de Aridane","og_description":"El evento reunir\u00e1 el 2 de agosto artistas internacionales como NERVO, Pendulum DJ Set e Yves V, quienes han participado en el festival por excelencia del g\u00e9nero: Tomorrowland","og_url":"https:\/\/www.aridane.org\/city\/2025\/07\/18\/los-llanos-de-aridane-reunira-a-la-elite-de-la-musica-electronica-en-el-vilus-festival\/","og_site_name":"Ayuntamiento de Los Llanos de Aridane","article_published_time":"2025-07-18T10:38:31+00:00","article_modified_time":"2025-07-21T10:39:47+00:00","og_image":[{"width":2560,"height":1920,"url":"https:\/\/www.aridane.org\/city\/wp-content\/uploads\/2025\/07\/Vilus-Festival-scaled.jpeg","type":"image\/jpeg"}],"author":"Corresponsal","twitter_card":"summary_large_image","twitter_misc":{"Escrito por":"Corresponsal","Tiempo de lectura":"4 minutos"},"schema":{"@context":"https:\/\/schema.org","@graph":[{"@type":"WebPage","@id":"https:\/\/www.aridane.org\/city\/2025\/07\/18\/los-llanos-de-aridane-reunira-a-la-elite-de-la-musica-electronica-en-el-vilus-festival\/","url":"https:\/\/www.aridane.org\/city\/2025\/07\/18\/los-llanos-de-aridane-reunira-a-la-elite-de-la-musica-electronica-en-el-vilus-festival\/","name":"Los Llanos de Aridane reunir\u00e1 a la \u00e9lite de la m\u00fasica electr\u00f3nica en el Vilus Festival - Ayuntamiento de Los Llanos de Aridane","isPartOf":{"@id":"https:\/\/www.aridane.org\/city\/#website"},"primaryImageOfPage":{"@id":"https:\/\/www.aridane.org\/city\/2025\/07\/18\/los-llanos-de-aridane-reunira-a-la-elite-de-la-musica-electronica-en-el-vilus-festival\/#primaryimage"},"image":{"@id":"https:\/\/www.aridane.org\/city\/2025\/07\/18\/los-llanos-de-aridane-reunira-a-la-elite-de-la-musica-electronica-en-el-vilus-festival\/#primaryimage"},"thumbnailUrl":"https:\/\/www.aridane.org\/city\/wp-content\/uploads\/2025\/07\/Vilus-Festival-scaled.jpeg","datePublished":"2025-07-18T10:38:31+00:00","dateModified":"2025-07-21T10:39:47+00:00","author":{"@id":"https:\/\/www.aridane.org\/city\/#\/schema\/person\/89ebd376b223dc94cc1dbcf200c8e6da"},"breadcrumb":{"@id":"https:\/\/www.aridane.org\/city\/2025\/07\/18\/los-llanos-de-aridane-reunira-a-la-elite-de-la-musica-electronica-en-el-vilus-festival\/#breadcrumb"},"inLanguage":"es","potentialAction":[{"@type":"ReadAction","target":["https:\/\/www.aridane.org\/city\/2025\/07\/18\/los-llanos-de-aridane-reunira-a-la-elite-de-la-musica-electronica-en-el-vilus-festival\/"]}]},{"@type":"ImageObject","inLanguage":"es","@id":"https:\/\/www.aridane.org\/city\/2025\/07\/18\/los-llanos-de-aridane-reunira-a-la-elite-de-la-musica-electronica-en-el-vilus-festival\/#primaryimage","url":"https:\/\/www.aridane.org\/city\/wp-content\/uploads\/2025\/07\/Vilus-Festival-scaled.jpeg","contentUrl":"https:\/\/www.aridane.org\/city\/wp-content\/uploads\/2025\/07\/Vilus-Festival-scaled.jpeg","width":2560,"height":1920},{"@type":"BreadcrumbList","@id":"https:\/\/www.aridane.org\/city\/2025\/07\/18\/los-llanos-de-aridane-reunira-a-la-elite-de-la-musica-electronica-en-el-vilus-festival\/#breadcrumb","itemListElement":[{"@type":"ListItem","position":1,"name":"Portada","item":"https:\/\/www.aridane.org\/city\/"},{"@type":"ListItem","position":2,"name":"Los Llanos de Aridane reunir\u00e1 a la \u00e9lite de la m\u00fasica electr\u00f3nica en el Vilus Festival"}]},{"@type":"WebSite","@id":"https:\/\/www.aridane.org\/city\/#website","url":"https:\/\/www.aridane.org\/city\/","name":"Ayuntamiento de Los Llanos de Aridane","description":"","potentialAction":[{"@type":"SearchAction","target":{"@type":"EntryPoint","urlTemplate":"https:\/\/www.aridane.org\/city\/?s={search_term_string}"},"query-input":"required name=search_term_string"}],"inLanguage":"es"},{"@type":"Person","@id":"https:\/\/www.aridane.org\/city\/#\/schema\/person\/89ebd376b223dc94cc1dbcf200c8e6da","name":"Corresponsal","image":{"@type":"ImageObject","inLanguage":"es","@id":"https:\/\/www.aridane.org\/city\/#\/schema\/person\/image\/","url":"https:\/\/secure.gravatar.com\/avatar\/1c476992411e4ccf153da63b2b2f5ea0bb4cb1c85f3ceab8512f04325ad5579c?s=96&d=mm&r=g","contentUrl":"https:\/\/secure.gravatar.com\/avatar\/1c476992411e4ccf153da63b2b2f5ea0bb4cb1c85f3ceab8512f04325ad5579c?s=96&d=mm&r=g","caption":"Corresponsal"},"url":"https:\/\/www.aridane.org\/city\/author\/corresponsal\/"}]}},"_links":{"self":[{"href":"https:\/\/www.aridane.org\/city\/wp-json\/wp\/v2\/posts\/4605","targetHints":{"allow":["GET"]}}],"collection":[{"href":"https:\/\/www.aridane.org\/city\/wp-json\/wp\/v2\/posts"}],"about":[{"href":"https:\/\/www.aridane.org\/city\/wp-json\/wp\/v2\/types\/post"}],"author":[{"embeddable":true,"href":"https:\/\/www.aridane.org\/city\/wp-json\/wp\/v2\/users\/4"}],"replies":[{"embeddable":true,"href":"https:\/\/www.aridane.org\/city\/wp-json\/wp\/v2\/comments?post=4605"}],"version-history":[{"count":1,"href":"https:\/\/www.aridane.org\/city\/wp-json\/wp\/v2\/posts\/4605\/revisions"}],"predecessor-version":[{"id":4607,"href":"https:\/\/www.aridane.org\/city\/wp-json\/wp\/v2\/posts\/4605\/revisions\/4607"}],"wp:featuredmedia":[{"embeddable":true,"href":"https:\/\/www.aridane.org\/city\/wp-json\/wp\/v2\/media\/4606"}],"wp:attachment":[{"href":"https:\/\/www.aridane.org\/city\/wp-json\/wp\/v2\/media?parent=4605"}],"wp:term":[{"taxonomy":"category","embeddable":true,"href":"https:\/\/www.aridane.org\/city\/wp-json\/wp\/v2\/categories?post=4605"},{"taxonomy":"post_tag","embeddable":true,"href":"https:\/\/www.aridane.org\/city\/wp-json\/wp\/v2\/tags?post=4605"}],"curies":[{"name":"wp","href":"https:\/\/api.w.org\/{rel}","templated":true}]}}