{"id":4649,"date":"2025-07-21T07:54:31","date_gmt":"2025-07-21T07:54:31","guid":{"rendered":"https:\/\/www.aridane.org\/city\/?p=4649"},"modified":"2025-08-01T07:57:50","modified_gmt":"2025-08-01T07:57:50","slug":"los-llanos-de-aridane-mejora-el-cuidado-de-sus-zonas-verdes-con-nuevas-guias-de-actuacion","status":"publish","type":"post","link":"https:\/\/www.aridane.org\/city\/2025\/07\/21\/los-llanos-de-aridane-mejora-el-cuidado-de-sus-zonas-verdes-con-nuevas-guias-de-actuacion\/","title":{"rendered":"Los Llanos de Aridane mejora el cuidado de sus zonas verdes con nuevas gu\u00edas de actuaci\u00f3n"},"content":{"rendered":"<p><em>Los nuevos protocolos han sido elaborados por especialistas en sanidad vegetal, arboricultura y bot\u00e1nica con el fin de actuar en parques y jardines de manera respetuosa y planificada<\/em><!--more--><\/p>\n<div id=\"v1forwardbody1\">\n<p>El Ayuntamiento de Los Llanos de Aridane impulsa por primera vez gu\u00edas t\u00e9cnicas para la gesti\u00f3n responsable de los parques y la vegetaci\u00f3n del municipio. Los protocolos de poda y de sanidad vegetal establecen c\u00f3mo actuar de forma correcta en cualquier intervenci\u00f3n, as\u00ed como en la prevenci\u00f3n y control de plagas o enfermedades.<\/p>\n<p>El concejal de Jardines y Parques, Carlos de Paz, asegura que \u201cestas gu\u00edas marcan un antes y un despu\u00e9s\u201d en la forma de cuidar los espacios verdes de Los Llanos de Aridane. \u201cNos permiten dejar atr\u00e1s las podas agresivas o los tratamientos sin planificaci\u00f3n, y avanzar hacia una gesti\u00f3n m\u00e1s profesional, respetuosa y adaptada al entorno\u201d, apunta.<\/p>\n<p>Los protocolos recogen buenas pr\u00e1cticas basadas en criterios t\u00e9cnicos. Su elaboraci\u00f3n ha contado con la participaci\u00f3n de especialistas en sanidad vegetal, arboricultura y bot\u00e1nica, y responde a la necesidad de poner orden en las actuaciones que se realizan sobre el arbolado p\u00fablico.<\/p>\n<p>La gu\u00eda de podas establece cu\u00e1ndo y c\u00f3mo intervenir seg\u00fan la especie y la etapa de desarrollo del \u00e1rbol, priorizando siempre su estructura natural y su valor ambiental. Tambi\u00e9n fija recomendaciones espec\u00edficas para especies como las palmeras o para \u00e1rboles que ya presentan signos de estr\u00e9s o envejecimiento.<\/p>\n<p>Por su parte, el protocolo de sanidad vegetal promueve una estrategia sin productos qu\u00edmicos, conocida como Fitos 0, que se basa en el control biol\u00f3gico de plagas, la mejora del suelo y la aplicaci\u00f3n de productos de origen natural. Adem\u00e1s, se implanta un sistema de seguimiento t\u00e9cnico continuo para detectar posibles problemas y actuar con eficacia.<\/p>\n<\/div>\n","protected":false},"excerpt":{"rendered":"<p>Los nuevos protocolos han sido elaborados por especialistas en sanidad vegetal, arboricultura y bot\u00e1nica con el fin de actuar en parques y jardines de manera respetuosa y planificada<\/p>\n","protected":false},"author":4,"featured_media":4650,"comment_status":"open","ping_status":"open","sticky":false,"template":"","format":"standard","meta":{"footnotes":""},"categories":[1],"tags":[],"class_list":["post-4649","post","type-post","status-publish","format-standard","has-post-thumbnail","hentry","category-sin-categoria"],"yoast_head":"<!-- This site is optimized with the Yoast SEO plugin v22.7 - https:\/\/yoast.com\/wordpress\/plugins\/seo\/ -->\n<title>Los Llanos de Aridane mejora el cuidado de sus zonas verdes con nuevas gu\u00edas de actuaci\u00f3n - Ayuntamiento de Los Llanos de Aridane<\/title>\n<meta name=\"robots\" content=\"index, follow, max-snippet:-1, max-image-preview:large, max-video-preview:-1\" \/>\n<link rel=\"canonical\" href=\"https:\/\/www.aridane.org\/city\/2025\/07\/21\/los-llanos-de-aridane-mejora-el-cuidado-de-sus-zonas-verdes-con-nuevas-guias-de-actuacion\/\" \/>\n<meta property=\"og:locale\" content=\"es_ES\" \/>\n<meta property=\"og:type\" content=\"article\" \/>\n<meta property=\"og:title\" content=\"Los Llanos de Aridane mejora el cuidado de sus zonas verdes con nuevas gu\u00edas de actuaci\u00f3n - Ayuntamiento de Los Llanos de Aridane\" \/>\n<meta property=\"og:description\" content=\"Los nuevos protocolos han sido elaborados por especialistas en sanidad vegetal, arboricultura y bot\u00e1nica con el fin de actuar en parques y jardines de manera respetuosa y planificada\" \/>\n<meta property=\"og:url\" content=\"https:\/\/www.aridane.org\/city\/2025\/07\/21\/los-llanos-de-aridane-mejora-el-cuidado-de-sus-zonas-verdes-con-nuevas-guias-de-actuacion\/\" \/>\n<meta property=\"og:site_name\" content=\"Ayuntamiento de Los Llanos de Aridane\" \/>\n<meta property=\"article:published_time\" content=\"2025-07-21T07:54:31+00:00\" \/>\n<meta property=\"article:modified_time\" content=\"2025-08-01T07:57:50+00:00\" \/>\n<meta property=\"og:image\" content=\"https:\/\/www.aridane.org\/city\/wp-content\/uploads\/2025\/08\/Carlos-de-Paz-scaled.jpeg\" \/>\n\t<meta property=\"og:image:width\" content=\"2560\" \/>\n\t<meta property=\"og:image:height\" content=\"1920\" \/>\n\t<meta property=\"og:image:type\" content=\"image\/jpeg\" \/>\n<meta name=\"author\" content=\"Corresponsal\" \/>\n<meta name=\"twitter:card\" content=\"summary_large_image\" \/>\n<meta name=\"twitter:label1\" content=\"Escrito por\" \/>\n\t<meta name=\"twitter:data1\" content=\"Corresponsal\" \/>\n\t<meta name=\"twitter:label2\" content=\"Tiempo de lectura\" \/>\n\t<meta name=\"twitter:data2\" content=\"2 minutos\" \/>\n<script type=\"application\/ld+json\" class=\"yoast-schema-graph\">{\"@context\":\"https:\/\/schema.org\",\"@graph\":[{\"@type\":\"WebPage\",\"@id\":\"https:\/\/www.aridane.org\/city\/2025\/07\/21\/los-llanos-de-aridane-mejora-el-cuidado-de-sus-zonas-verdes-con-nuevas-guias-de-actuacion\/\",\"url\":\"https:\/\/www.aridane.org\/city\/2025\/07\/21\/los-llanos-de-aridane-mejora-el-cuidado-de-sus-zonas-verdes-con-nuevas-guias-de-actuacion\/\",\"name\":\"Los Llanos de Aridane mejora el cuidado de sus zonas verdes con nuevas gu\u00edas de actuaci\u00f3n - Ayuntamiento de Los Llanos de Aridane\",\"isPartOf\":{\"@id\":\"https:\/\/www.aridane.org\/city\/#website\"},\"primaryImageOfPage\":{\"@id\":\"https:\/\/www.aridane.org\/city\/2025\/07\/21\/los-llanos-de-aridane-mejora-el-cuidado-de-sus-zonas-verdes-con-nuevas-guias-de-actuacion\/#primaryimage\"},\"image\":{\"@id\":\"https:\/\/www.aridane.org\/city\/2025\/07\/21\/los-llanos-de-aridane-mejora-el-cuidado-de-sus-zonas-verdes-con-nuevas-guias-de-actuacion\/#primaryimage\"},\"thumbnailUrl\":\"https:\/\/www.aridane.org\/city\/wp-content\/uploads\/2025\/08\/Carlos-de-Paz-scaled.jpeg\",\"datePublished\":\"2025-07-21T07:54:31+00:00\",\"dateModified\":\"2025-08-01T07:57:50+00:00\",\"author\":{\"@id\":\"https:\/\/www.aridane.org\/city\/#\/schema\/person\/89ebd376b223dc94cc1dbcf200c8e6da\"},\"breadcrumb\":{\"@id\":\"https:\/\/www.aridane.org\/city\/2025\/07\/21\/los-llanos-de-aridane-mejora-el-cuidado-de-sus-zonas-verdes-con-nuevas-guias-de-actuacion\/#breadcrumb\"},\"inLanguage\":\"es\",\"potentialAction\":[{\"@type\":\"ReadAction\",\"target\":[\"https:\/\/www.aridane.org\/city\/2025\/07\/21\/los-llanos-de-aridane-mejora-el-cuidado-de-sus-zonas-verdes-con-nuevas-guias-de-actuacion\/\"]}]},{\"@type\":\"ImageObject\",\"inLanguage\":\"es\",\"@id\":\"https:\/\/www.aridane.org\/city\/2025\/07\/21\/los-llanos-de-aridane-mejora-el-cuidado-de-sus-zonas-verdes-con-nuevas-guias-de-actuacion\/#primaryimage\",\"url\":\"https:\/\/www.aridane.org\/city\/wp-content\/uploads\/2025\/08\/Carlos-de-Paz-scaled.jpeg\",\"contentUrl\":\"https:\/\/www.aridane.org\/city\/wp-content\/uploads\/2025\/08\/Carlos-de-Paz-scaled.jpeg\",\"width\":2560,\"height\":1920},{\"@type\":\"BreadcrumbList\",\"@id\":\"https:\/\/www.aridane.org\/city\/2025\/07\/21\/los-llanos-de-aridane-mejora-el-cuidado-de-sus-zonas-verdes-con-nuevas-guias-de-actuacion\/#breadcrumb\",\"itemListElement\":[{\"@type\":\"ListItem\",\"position\":1,\"name\":\"Portada\",\"item\":\"https:\/\/www.aridane.org\/city\/\"},{\"@type\":\"ListItem\",\"position\":2,\"name\":\"Los Llanos de Aridane mejora el cuidado de sus zonas verdes con nuevas gu\u00edas de actuaci\u00f3n\"}]},{\"@type\":\"WebSite\",\"@id\":\"https:\/\/www.aridane.org\/city\/#website\",\"url\":\"https:\/\/www.aridane.org\/city\/\",\"name\":\"Ayuntamiento de Los Llanos de Aridane\",\"description\":\"\",\"potentialAction\":[{\"@type\":\"SearchAction\",\"target\":{\"@type\":\"EntryPoint\",\"urlTemplate\":\"https:\/\/www.aridane.org\/city\/?s={search_term_string}\"},\"query-input\":\"required name=search_term_string\"}],\"inLanguage\":\"es\"},{\"@type\":\"Person\",\"@id\":\"https:\/\/www.aridane.org\/city\/#\/schema\/person\/89ebd376b223dc94cc1dbcf200c8e6da\",\"name\":\"Corresponsal\",\"image\":{\"@type\":\"ImageObject\",\"inLanguage\":\"es\",\"@id\":\"https:\/\/www.aridane.org\/city\/#\/schema\/person\/image\/\",\"url\":\"https:\/\/secure.gravatar.com\/avatar\/1c476992411e4ccf153da63b2b2f5ea0bb4cb1c85f3ceab8512f04325ad5579c?s=96&d=mm&r=g\",\"contentUrl\":\"https:\/\/secure.gravatar.com\/avatar\/1c476992411e4ccf153da63b2b2f5ea0bb4cb1c85f3ceab8512f04325ad5579c?s=96&d=mm&r=g\",\"caption\":\"Corresponsal\"},\"url\":\"https:\/\/www.aridane.org\/city\/author\/corresponsal\/\"}]}<\/script>\n<!-- \/ Yoast SEO plugin. -->","yoast_head_json":{"title":"Los Llanos de Aridane mejora el cuidado de sus zonas verdes con nuevas gu\u00edas de actuaci\u00f3n - Ayuntamiento de Los Llanos de Aridane","robots":{"index":"index","follow":"follow","max-snippet":"max-snippet:-1","max-image-preview":"max-image-preview:large","max-video-preview":"max-video-preview:-1"},"canonical":"https:\/\/www.aridane.org\/city\/2025\/07\/21\/los-llanos-de-aridane-mejora-el-cuidado-de-sus-zonas-verdes-con-nuevas-guias-de-actuacion\/","og_locale":"es_ES","og_type":"article","og_title":"Los Llanos de Aridane mejora el cuidado de sus zonas verdes con nuevas gu\u00edas de actuaci\u00f3n - Ayuntamiento de Los Llanos de Aridane","og_description":"Los nuevos protocolos han sido elaborados por especialistas en sanidad vegetal, arboricultura y bot\u00e1nica con el fin de actuar en parques y jardines de manera respetuosa y planificada","og_url":"https:\/\/www.aridane.org\/city\/2025\/07\/21\/los-llanos-de-aridane-mejora-el-cuidado-de-sus-zonas-verdes-con-nuevas-guias-de-actuacion\/","og_site_name":"Ayuntamiento de Los Llanos de Aridane","article_published_time":"2025-07-21T07:54:31+00:00","article_modified_time":"2025-08-01T07:57:50+00:00","og_image":[{"width":2560,"height":1920,"url":"https:\/\/www.aridane.org\/city\/wp-content\/uploads\/2025\/08\/Carlos-de-Paz-scaled.jpeg","type":"image\/jpeg"}],"author":"Corresponsal","twitter_card":"summary_large_image","twitter_misc":{"Escrito por":"Corresponsal","Tiempo de lectura":"2 minutos"},"schema":{"@context":"https:\/\/schema.org","@graph":[{"@type":"WebPage","@id":"https:\/\/www.aridane.org\/city\/2025\/07\/21\/los-llanos-de-aridane-mejora-el-cuidado-de-sus-zonas-verdes-con-nuevas-guias-de-actuacion\/","url":"https:\/\/www.aridane.org\/city\/2025\/07\/21\/los-llanos-de-aridane-mejora-el-cuidado-de-sus-zonas-verdes-con-nuevas-guias-de-actuacion\/","name":"Los Llanos de Aridane mejora el cuidado de sus zonas verdes con nuevas gu\u00edas de actuaci\u00f3n - Ayuntamiento de Los Llanos de Aridane","isPartOf":{"@id":"https:\/\/www.aridane.org\/city\/#website"},"primaryImageOfPage":{"@id":"https:\/\/www.aridane.org\/city\/2025\/07\/21\/los-llanos-de-aridane-mejora-el-cuidado-de-sus-zonas-verdes-con-nuevas-guias-de-actuacion\/#primaryimage"},"image":{"@id":"https:\/\/www.aridane.org\/city\/2025\/07\/21\/los-llanos-de-aridane-mejora-el-cuidado-de-sus-zonas-verdes-con-nuevas-guias-de-actuacion\/#primaryimage"},"thumbnailUrl":"https:\/\/www.aridane.org\/city\/wp-content\/uploads\/2025\/08\/Carlos-de-Paz-scaled.jpeg","datePublished":"2025-07-21T07:54:31+00:00","dateModified":"2025-08-01T07:57:50+00:00","author":{"@id":"https:\/\/www.aridane.org\/city\/#\/schema\/person\/89ebd376b223dc94cc1dbcf200c8e6da"},"breadcrumb":{"@id":"https:\/\/www.aridane.org\/city\/2025\/07\/21\/los-llanos-de-aridane-mejora-el-cuidado-de-sus-zonas-verdes-con-nuevas-guias-de-actuacion\/#breadcrumb"},"inLanguage":"es","potentialAction":[{"@type":"ReadAction","target":["https:\/\/www.aridane.org\/city\/2025\/07\/21\/los-llanos-de-aridane-mejora-el-cuidado-de-sus-zonas-verdes-con-nuevas-guias-de-actuacion\/"]}]},{"@type":"ImageObject","inLanguage":"es","@id":"https:\/\/www.aridane.org\/city\/2025\/07\/21\/los-llanos-de-aridane-mejora-el-cuidado-de-sus-zonas-verdes-con-nuevas-guias-de-actuacion\/#primaryimage","url":"https:\/\/www.aridane.org\/city\/wp-content\/uploads\/2025\/08\/Carlos-de-Paz-scaled.jpeg","contentUrl":"https:\/\/www.aridane.org\/city\/wp-content\/uploads\/2025\/08\/Carlos-de-Paz-scaled.jpeg","width":2560,"height":1920},{"@type":"BreadcrumbList","@id":"https:\/\/www.aridane.org\/city\/2025\/07\/21\/los-llanos-de-aridane-mejora-el-cuidado-de-sus-zonas-verdes-con-nuevas-guias-de-actuacion\/#breadcrumb","itemListElement":[{"@type":"ListItem","position":1,"name":"Portada","item":"https:\/\/www.aridane.org\/city\/"},{"@type":"ListItem","position":2,"name":"Los Llanos de Aridane mejora el cuidado de sus zonas verdes con nuevas gu\u00edas de actuaci\u00f3n"}]},{"@type":"WebSite","@id":"https:\/\/www.aridane.org\/city\/#website","url":"https:\/\/www.aridane.org\/city\/","name":"Ayuntamiento de Los Llanos de Aridane","description":"","potentialAction":[{"@type":"SearchAction","target":{"@type":"EntryPoint","urlTemplate":"https:\/\/www.aridane.org\/city\/?s={search_term_string}"},"query-input":"required name=search_term_string"}],"inLanguage":"es"},{"@type":"Person","@id":"https:\/\/www.aridane.org\/city\/#\/schema\/person\/89ebd376b223dc94cc1dbcf200c8e6da","name":"Corresponsal","image":{"@type":"ImageObject","inLanguage":"es","@id":"https:\/\/www.aridane.org\/city\/#\/schema\/person\/image\/","url":"https:\/\/secure.gravatar.com\/avatar\/1c476992411e4ccf153da63b2b2f5ea0bb4cb1c85f3ceab8512f04325ad5579c?s=96&d=mm&r=g","contentUrl":"https:\/\/secure.gravatar.com\/avatar\/1c476992411e4ccf153da63b2b2f5ea0bb4cb1c85f3ceab8512f04325ad5579c?s=96&d=mm&r=g","caption":"Corresponsal"},"url":"https:\/\/www.aridane.org\/city\/author\/corresponsal\/"}]}},"_links":{"self":[{"href":"https:\/\/www.aridane.org\/city\/wp-json\/wp\/v2\/posts\/4649","targetHints":{"allow":["GET"]}}],"collection":[{"href":"https:\/\/www.aridane.org\/city\/wp-json\/wp\/v2\/posts"}],"about":[{"href":"https:\/\/www.aridane.org\/city\/wp-json\/wp\/v2\/types\/post"}],"author":[{"embeddable":true,"href":"https:\/\/www.aridane.org\/city\/wp-json\/wp\/v2\/users\/4"}],"replies":[{"embeddable":true,"href":"https:\/\/www.aridane.org\/city\/wp-json\/wp\/v2\/comments?post=4649"}],"version-history":[{"count":1,"href":"https:\/\/www.aridane.org\/city\/wp-json\/wp\/v2\/posts\/4649\/revisions"}],"predecessor-version":[{"id":4651,"href":"https:\/\/www.aridane.org\/city\/wp-json\/wp\/v2\/posts\/4649\/revisions\/4651"}],"wp:featuredmedia":[{"embeddable":true,"href":"https:\/\/www.aridane.org\/city\/wp-json\/wp\/v2\/media\/4650"}],"wp:attachment":[{"href":"https:\/\/www.aridane.org\/city\/wp-json\/wp\/v2\/media?parent=4649"}],"wp:term":[{"taxonomy":"category","embeddable":true,"href":"https:\/\/www.aridane.org\/city\/wp-json\/wp\/v2\/categories?post=4649"},{"taxonomy":"post_tag","embeddable":true,"href":"https:\/\/www.aridane.org\/city\/wp-json\/wp\/v2\/tags?post=4649"}],"curies":[{"name":"wp","href":"https:\/\/api.w.org\/{rel}","templated":true}]}}