{"id":4661,"date":"2025-07-30T11:22:24","date_gmt":"2025-07-30T11:22:24","guid":{"rendered":"https:\/\/www.aridane.org\/city\/?p=4661"},"modified":"2025-08-07T11:23:33","modified_gmt":"2025-08-07T11:23:33","slug":"los-llanos-transformara-la-montana-de-tenisca-en-un-espacio-para-el-paseo-el-deporte-y-el-encuentro","status":"publish","type":"post","link":"https:\/\/www.aridane.org\/city\/2025\/07\/30\/los-llanos-transformara-la-montana-de-tenisca-en-un-espacio-para-el-paseo-el-deporte-y-el-encuentro\/","title":{"rendered":"Los Llanos transformar\u00e1 la Monta\u00f1a de Tenisca en un espacio para el paseo, el deporte y el encuentro"},"content":{"rendered":"<p><em>El proyecto tambi\u00e9n integrar\u00e1 el simb\u00f3lico Castillo de La Virgen con la ciudad en un paseo ajardinado<\/em><!--more--><\/p>\n<p>El Ayuntamiento de Los Llanos de Aridane ya cuenta con el proyecto para la transformaci\u00f3n de la Monta\u00f1a de Tenisca. La iniciativa, financiada a trav\u00e9s del Plan de Sostenibilidad Tur\u00edstica, contempla la creaci\u00f3n de un gran parque urbano con zonas verdes, \u00e1reas de descanso, instalaciones deportivas al aire libre, un mirador y un ascensor panor\u00e1mico que facilitar\u00e1 el acceso al entorno de El Castillo.<\/p>\n<p>El equipo redactor del proyecto, compuesto por I\u00f1aki \u00c1balos y Renata Sentkiewicz, ha presentado la propuesta al alcalde, Javier Llamas, y a la concejala de Turismo e Infraestructuras, Inmaculada Fern\u00e1ndez, este mi\u00e9rcoles, 30 de julio.<\/p>\n<p>Se trata de una intervenci\u00f3n que apuesta por reactivar social y econ\u00f3micamente el barrio, dot\u00e1ndolo de nuevos atractivos para residentes y visitantes, y ampliando la ciudad hacia el sur con una visi\u00f3n integrada y sostenible.<\/p>\n<h2><strong>Un nuevo referente tur\u00edstico y cultural<\/strong><\/h2>\n<p>El alcalde se\u00f1ala que \u201cel objetivo es claro: transformar un espacio hoy infrautilizado en un lugar vivo, verde y lleno de oportunidades para la ciudadan\u00eda\u201d. \u201cEstamos hablando de mejorar la calidad de vida de quienes viven en la Monta\u00f1a de Tenisca y de ofrecer a Los Llanos un nuevo referente tur\u00edstico y cultural\u201d, a\u00f1ade Javier Llamas.<\/p>\n<p>Por su parte, la concejala de Turismo e Infraestructuras destaca el compromiso del Ayuntamiento para recuperar este entorno como espacio de encuentro y disfrute. \u201cEl proyecto contempla zonas verdes amplias, accesibles y pensadas para el uso diario. Esta zona tiene un gran valor y muchas posibilidades que ahora empezamos a activar con una visi\u00f3n de futuro\u201d, a\u00f1ade Inmaculada Fern\u00e1ndez.<\/p>\n<h2><strong>Protagonismo para El Castillo<\/strong><\/h2>\n<p>La actuaci\u00f3n tambi\u00e9n permitir\u00e1 integrar el entorno del Castillo de La Virgen -s\u00edmbolo de referencia para la ciudadan\u00eda y punto clave de las Fiestas de la Patrona- en un itinerario paisaj\u00edstico que invite al paseo, al encuentro vecinal y al disfrute del entorno natural.<\/p>\n<p>El nuevo parque urbano de la Monta\u00f1a de Tenisca representa una visi\u00f3n transformadora del municipio: m\u00e1s sostenible, m\u00e1s accesible y m\u00e1s centrada en el bienestar de sus habitantes. Un paso m\u00e1s en el modelo de ciudad que se construye desde la planificaci\u00f3n, la escucha y la mejora continua.<\/p>\n","protected":false},"excerpt":{"rendered":"<p>El proyecto tambi\u00e9n integrar\u00e1 el simb\u00f3lico Castillo de La Virgen con la ciudad en un paseo ajardinado<\/p>\n","protected":false},"author":4,"featured_media":4662,"comment_status":"open","ping_status":"open","sticky":false,"template":"","format":"standard","meta":{"footnotes":""},"categories":[1],"tags":[],"class_list":["post-4661","post","type-post","status-publish","format-standard","has-post-thumbnail","hentry","category-sin-categoria"],"yoast_head":"<!-- This site is optimized with the Yoast SEO plugin v22.7 - https:\/\/yoast.com\/wordpress\/plugins\/seo\/ -->\n<title>Los Llanos transformar\u00e1 la Monta\u00f1a de Tenisca en un espacio para el paseo, el deporte y el encuentro - Ayuntamiento de Los Llanos de Aridane<\/title>\n<meta name=\"robots\" content=\"index, follow, max-snippet:-1, max-image-preview:large, max-video-preview:-1\" \/>\n<link rel=\"canonical\" href=\"https:\/\/www.aridane.org\/city\/2025\/07\/30\/los-llanos-transformara-la-montana-de-tenisca-en-un-espacio-para-el-paseo-el-deporte-y-el-encuentro\/\" \/>\n<meta property=\"og:locale\" content=\"es_ES\" \/>\n<meta property=\"og:type\" content=\"article\" \/>\n<meta property=\"og:title\" content=\"Los Llanos transformar\u00e1 la Monta\u00f1a de Tenisca en un espacio para el paseo, el deporte y el encuentro - Ayuntamiento de Los Llanos de Aridane\" \/>\n<meta property=\"og:description\" content=\"El proyecto tambi\u00e9n integrar\u00e1 el simb\u00f3lico Castillo de La Virgen con la ciudad en un paseo ajardinado\" \/>\n<meta property=\"og:url\" content=\"https:\/\/www.aridane.org\/city\/2025\/07\/30\/los-llanos-transformara-la-montana-de-tenisca-en-un-espacio-para-el-paseo-el-deporte-y-el-encuentro\/\" \/>\n<meta property=\"og:site_name\" content=\"Ayuntamiento de Los Llanos de Aridane\" \/>\n<meta property=\"article:published_time\" content=\"2025-07-30T11:22:24+00:00\" \/>\n<meta property=\"article:modified_time\" content=\"2025-08-07T11:23:33+00:00\" \/>\n<meta property=\"og:image\" content=\"https:\/\/www.aridane.org\/city\/wp-content\/uploads\/2025\/08\/Proyecto-Castillo.jpeg\" \/>\n\t<meta property=\"og:image:width\" content=\"1600\" \/>\n\t<meta property=\"og:image:height\" content=\"738\" \/>\n\t<meta property=\"og:image:type\" content=\"image\/jpeg\" \/>\n<meta name=\"author\" content=\"Corresponsal\" \/>\n<meta name=\"twitter:card\" content=\"summary_large_image\" \/>\n<meta name=\"twitter:label1\" content=\"Escrito por\" \/>\n\t<meta name=\"twitter:data1\" content=\"Corresponsal\" \/>\n\t<meta name=\"twitter:label2\" content=\"Tiempo de lectura\" \/>\n\t<meta name=\"twitter:data2\" content=\"2 minutos\" \/>\n<script type=\"application\/ld+json\" class=\"yoast-schema-graph\">{\"@context\":\"https:\/\/schema.org\",\"@graph\":[{\"@type\":\"WebPage\",\"@id\":\"https:\/\/www.aridane.org\/city\/2025\/07\/30\/los-llanos-transformara-la-montana-de-tenisca-en-un-espacio-para-el-paseo-el-deporte-y-el-encuentro\/\",\"url\":\"https:\/\/www.aridane.org\/city\/2025\/07\/30\/los-llanos-transformara-la-montana-de-tenisca-en-un-espacio-para-el-paseo-el-deporte-y-el-encuentro\/\",\"name\":\"Los Llanos transformar\u00e1 la Monta\u00f1a de Tenisca en un espacio para el paseo, el deporte y el encuentro - Ayuntamiento de Los Llanos de Aridane\",\"isPartOf\":{\"@id\":\"https:\/\/www.aridane.org\/city\/#website\"},\"primaryImageOfPage\":{\"@id\":\"https:\/\/www.aridane.org\/city\/2025\/07\/30\/los-llanos-transformara-la-montana-de-tenisca-en-un-espacio-para-el-paseo-el-deporte-y-el-encuentro\/#primaryimage\"},\"image\":{\"@id\":\"https:\/\/www.aridane.org\/city\/2025\/07\/30\/los-llanos-transformara-la-montana-de-tenisca-en-un-espacio-para-el-paseo-el-deporte-y-el-encuentro\/#primaryimage\"},\"thumbnailUrl\":\"https:\/\/www.aridane.org\/city\/wp-content\/uploads\/2025\/08\/Proyecto-Castillo.jpeg\",\"datePublished\":\"2025-07-30T11:22:24+00:00\",\"dateModified\":\"2025-08-07T11:23:33+00:00\",\"author\":{\"@id\":\"https:\/\/www.aridane.org\/city\/#\/schema\/person\/89ebd376b223dc94cc1dbcf200c8e6da\"},\"breadcrumb\":{\"@id\":\"https:\/\/www.aridane.org\/city\/2025\/07\/30\/los-llanos-transformara-la-montana-de-tenisca-en-un-espacio-para-el-paseo-el-deporte-y-el-encuentro\/#breadcrumb\"},\"inLanguage\":\"es\",\"potentialAction\":[{\"@type\":\"ReadAction\",\"target\":[\"https:\/\/www.aridane.org\/city\/2025\/07\/30\/los-llanos-transformara-la-montana-de-tenisca-en-un-espacio-para-el-paseo-el-deporte-y-el-encuentro\/\"]}]},{\"@type\":\"ImageObject\",\"inLanguage\":\"es\",\"@id\":\"https:\/\/www.aridane.org\/city\/2025\/07\/30\/los-llanos-transformara-la-montana-de-tenisca-en-un-espacio-para-el-paseo-el-deporte-y-el-encuentro\/#primaryimage\",\"url\":\"https:\/\/www.aridane.org\/city\/wp-content\/uploads\/2025\/08\/Proyecto-Castillo.jpeg\",\"contentUrl\":\"https:\/\/www.aridane.org\/city\/wp-content\/uploads\/2025\/08\/Proyecto-Castillo.jpeg\",\"width\":1600,\"height\":738},{\"@type\":\"BreadcrumbList\",\"@id\":\"https:\/\/www.aridane.org\/city\/2025\/07\/30\/los-llanos-transformara-la-montana-de-tenisca-en-un-espacio-para-el-paseo-el-deporte-y-el-encuentro\/#breadcrumb\",\"itemListElement\":[{\"@type\":\"ListItem\",\"position\":1,\"name\":\"Portada\",\"item\":\"https:\/\/www.aridane.org\/city\/\"},{\"@type\":\"ListItem\",\"position\":2,\"name\":\"Los Llanos transformar\u00e1 la Monta\u00f1a de Tenisca en un espacio para el paseo, el deporte y el encuentro\"}]},{\"@type\":\"WebSite\",\"@id\":\"https:\/\/www.aridane.org\/city\/#website\",\"url\":\"https:\/\/www.aridane.org\/city\/\",\"name\":\"Ayuntamiento de Los Llanos de Aridane\",\"description\":\"\",\"potentialAction\":[{\"@type\":\"SearchAction\",\"target\":{\"@type\":\"EntryPoint\",\"urlTemplate\":\"https:\/\/www.aridane.org\/city\/?s={search_term_string}\"},\"query-input\":\"required name=search_term_string\"}],\"inLanguage\":\"es\"},{\"@type\":\"Person\",\"@id\":\"https:\/\/www.aridane.org\/city\/#\/schema\/person\/89ebd376b223dc94cc1dbcf200c8e6da\",\"name\":\"Corresponsal\",\"image\":{\"@type\":\"ImageObject\",\"inLanguage\":\"es\",\"@id\":\"https:\/\/www.aridane.org\/city\/#\/schema\/person\/image\/\",\"url\":\"https:\/\/secure.gravatar.com\/avatar\/1c476992411e4ccf153da63b2b2f5ea0bb4cb1c85f3ceab8512f04325ad5579c?s=96&d=mm&r=g\",\"contentUrl\":\"https:\/\/secure.gravatar.com\/avatar\/1c476992411e4ccf153da63b2b2f5ea0bb4cb1c85f3ceab8512f04325ad5579c?s=96&d=mm&r=g\",\"caption\":\"Corresponsal\"},\"url\":\"https:\/\/www.aridane.org\/city\/author\/corresponsal\/\"}]}<\/script>\n<!-- \/ Yoast SEO plugin. -->","yoast_head_json":{"title":"Los Llanos transformar\u00e1 la Monta\u00f1a de Tenisca en un espacio para el paseo, el deporte y el encuentro - Ayuntamiento de Los Llanos de Aridane","robots":{"index":"index","follow":"follow","max-snippet":"max-snippet:-1","max-image-preview":"max-image-preview:large","max-video-preview":"max-video-preview:-1"},"canonical":"https:\/\/www.aridane.org\/city\/2025\/07\/30\/los-llanos-transformara-la-montana-de-tenisca-en-un-espacio-para-el-paseo-el-deporte-y-el-encuentro\/","og_locale":"es_ES","og_type":"article","og_title":"Los Llanos transformar\u00e1 la Monta\u00f1a de Tenisca en un espacio para el paseo, el deporte y el encuentro - Ayuntamiento de Los Llanos de Aridane","og_description":"El proyecto tambi\u00e9n integrar\u00e1 el simb\u00f3lico Castillo de La Virgen con la ciudad en un paseo ajardinado","og_url":"https:\/\/www.aridane.org\/city\/2025\/07\/30\/los-llanos-transformara-la-montana-de-tenisca-en-un-espacio-para-el-paseo-el-deporte-y-el-encuentro\/","og_site_name":"Ayuntamiento de Los Llanos de Aridane","article_published_time":"2025-07-30T11:22:24+00:00","article_modified_time":"2025-08-07T11:23:33+00:00","og_image":[{"width":1600,"height":738,"url":"https:\/\/www.aridane.org\/city\/wp-content\/uploads\/2025\/08\/Proyecto-Castillo.jpeg","type":"image\/jpeg"}],"author":"Corresponsal","twitter_card":"summary_large_image","twitter_misc":{"Escrito por":"Corresponsal","Tiempo de lectura":"2 minutos"},"schema":{"@context":"https:\/\/schema.org","@graph":[{"@type":"WebPage","@id":"https:\/\/www.aridane.org\/city\/2025\/07\/30\/los-llanos-transformara-la-montana-de-tenisca-en-un-espacio-para-el-paseo-el-deporte-y-el-encuentro\/","url":"https:\/\/www.aridane.org\/city\/2025\/07\/30\/los-llanos-transformara-la-montana-de-tenisca-en-un-espacio-para-el-paseo-el-deporte-y-el-encuentro\/","name":"Los Llanos transformar\u00e1 la Monta\u00f1a de Tenisca en un espacio para el paseo, el deporte y el encuentro - Ayuntamiento de Los Llanos de Aridane","isPartOf":{"@id":"https:\/\/www.aridane.org\/city\/#website"},"primaryImageOfPage":{"@id":"https:\/\/www.aridane.org\/city\/2025\/07\/30\/los-llanos-transformara-la-montana-de-tenisca-en-un-espacio-para-el-paseo-el-deporte-y-el-encuentro\/#primaryimage"},"image":{"@id":"https:\/\/www.aridane.org\/city\/2025\/07\/30\/los-llanos-transformara-la-montana-de-tenisca-en-un-espacio-para-el-paseo-el-deporte-y-el-encuentro\/#primaryimage"},"thumbnailUrl":"https:\/\/www.aridane.org\/city\/wp-content\/uploads\/2025\/08\/Proyecto-Castillo.jpeg","datePublished":"2025-07-30T11:22:24+00:00","dateModified":"2025-08-07T11:23:33+00:00","author":{"@id":"https:\/\/www.aridane.org\/city\/#\/schema\/person\/89ebd376b223dc94cc1dbcf200c8e6da"},"breadcrumb":{"@id":"https:\/\/www.aridane.org\/city\/2025\/07\/30\/los-llanos-transformara-la-montana-de-tenisca-en-un-espacio-para-el-paseo-el-deporte-y-el-encuentro\/#breadcrumb"},"inLanguage":"es","potentialAction":[{"@type":"ReadAction","target":["https:\/\/www.aridane.org\/city\/2025\/07\/30\/los-llanos-transformara-la-montana-de-tenisca-en-un-espacio-para-el-paseo-el-deporte-y-el-encuentro\/"]}]},{"@type":"ImageObject","inLanguage":"es","@id":"https:\/\/www.aridane.org\/city\/2025\/07\/30\/los-llanos-transformara-la-montana-de-tenisca-en-un-espacio-para-el-paseo-el-deporte-y-el-encuentro\/#primaryimage","url":"https:\/\/www.aridane.org\/city\/wp-content\/uploads\/2025\/08\/Proyecto-Castillo.jpeg","contentUrl":"https:\/\/www.aridane.org\/city\/wp-content\/uploads\/2025\/08\/Proyecto-Castillo.jpeg","width":1600,"height":738},{"@type":"BreadcrumbList","@id":"https:\/\/www.aridane.org\/city\/2025\/07\/30\/los-llanos-transformara-la-montana-de-tenisca-en-un-espacio-para-el-paseo-el-deporte-y-el-encuentro\/#breadcrumb","itemListElement":[{"@type":"ListItem","position":1,"name":"Portada","item":"https:\/\/www.aridane.org\/city\/"},{"@type":"ListItem","position":2,"name":"Los Llanos transformar\u00e1 la Monta\u00f1a de Tenisca en un espacio para el paseo, el deporte y el encuentro"}]},{"@type":"WebSite","@id":"https:\/\/www.aridane.org\/city\/#website","url":"https:\/\/www.aridane.org\/city\/","name":"Ayuntamiento de Los Llanos de Aridane","description":"","potentialAction":[{"@type":"SearchAction","target":{"@type":"EntryPoint","urlTemplate":"https:\/\/www.aridane.org\/city\/?s={search_term_string}"},"query-input":"required name=search_term_string"}],"inLanguage":"es"},{"@type":"Person","@id":"https:\/\/www.aridane.org\/city\/#\/schema\/person\/89ebd376b223dc94cc1dbcf200c8e6da","name":"Corresponsal","image":{"@type":"ImageObject","inLanguage":"es","@id":"https:\/\/www.aridane.org\/city\/#\/schema\/person\/image\/","url":"https:\/\/secure.gravatar.com\/avatar\/1c476992411e4ccf153da63b2b2f5ea0bb4cb1c85f3ceab8512f04325ad5579c?s=96&d=mm&r=g","contentUrl":"https:\/\/secure.gravatar.com\/avatar\/1c476992411e4ccf153da63b2b2f5ea0bb4cb1c85f3ceab8512f04325ad5579c?s=96&d=mm&r=g","caption":"Corresponsal"},"url":"https:\/\/www.aridane.org\/city\/author\/corresponsal\/"}]}},"_links":{"self":[{"href":"https:\/\/www.aridane.org\/city\/wp-json\/wp\/v2\/posts\/4661","targetHints":{"allow":["GET"]}}],"collection":[{"href":"https:\/\/www.aridane.org\/city\/wp-json\/wp\/v2\/posts"}],"about":[{"href":"https:\/\/www.aridane.org\/city\/wp-json\/wp\/v2\/types\/post"}],"author":[{"embeddable":true,"href":"https:\/\/www.aridane.org\/city\/wp-json\/wp\/v2\/users\/4"}],"replies":[{"embeddable":true,"href":"https:\/\/www.aridane.org\/city\/wp-json\/wp\/v2\/comments?post=4661"}],"version-history":[{"count":1,"href":"https:\/\/www.aridane.org\/city\/wp-json\/wp\/v2\/posts\/4661\/revisions"}],"predecessor-version":[{"id":4663,"href":"https:\/\/www.aridane.org\/city\/wp-json\/wp\/v2\/posts\/4661\/revisions\/4663"}],"wp:featuredmedia":[{"embeddable":true,"href":"https:\/\/www.aridane.org\/city\/wp-json\/wp\/v2\/media\/4662"}],"wp:attachment":[{"href":"https:\/\/www.aridane.org\/city\/wp-json\/wp\/v2\/media?parent=4661"}],"wp:term":[{"taxonomy":"category","embeddable":true,"href":"https:\/\/www.aridane.org\/city\/wp-json\/wp\/v2\/categories?post=4661"},{"taxonomy":"post_tag","embeddable":true,"href":"https:\/\/www.aridane.org\/city\/wp-json\/wp\/v2\/tags?post=4661"}],"curies":[{"name":"wp","href":"https:\/\/api.w.org\/{rel}","templated":true}]}}