{"id":4664,"date":"2025-07-31T11:23:37","date_gmt":"2025-07-31T11:23:37","guid":{"rendered":"https:\/\/www.aridane.org\/city\/?p=4664"},"modified":"2025-08-07T11:25:34","modified_gmt":"2025-08-07T11:25:34","slug":"los-llanos-de-aridane-regula-la-movilidad-sobre-patinetes-electricos-y-otros-vpm","status":"publish","type":"post","link":"https:\/\/www.aridane.org\/city\/2025\/07\/31\/los-llanos-de-aridane-regula-la-movilidad-sobre-patinetes-electricos-y-otros-vpm\/","title":{"rendered":"Los Llanos de Aridane regula la movilidad sobre patinetes el\u00e9ctricos y otros VPM"},"content":{"rendered":"<p><em>A trav\u00e9s de una ordenanza, se incluyen medidas para el uso responsable de los veh\u00edculos de movilidad personal, como el uso obligatorio de elementos de seguridad\u00a0<\/em><!--more--><\/p>\n<p>El Ayuntamiento de Los Llanos de Aridane aprueba la ordenanza que regula el uso de los Veh\u00edculos de Movilidad Personal (VMP), tales como patinetes el\u00e9ctricos, monociclos y hoverboards, entre otros. As\u00ed lo aprob\u00f3 por unanimidad el pleno ordinario celebrado este jueves, 31 de julio. La normativa nace con el objetivo de promover una movilidad moderna, eficiente y respetuosa con el entorno urbano, alineada con los modelos implantados en la mayor\u00eda de ciudades europeas.<\/p>\n<p>El alcalde, Javier Llamas, asegura que Los Llanos de Aridane da un paso importante hacia una ciudad m\u00e1s amable, ordenada y adaptada a nuevas formas de moverse. \u201cCon esta norma impulsamos un modelo de movilidad m\u00e1s responsable, alineado con las mejores pr\u00e1cticas urbanas del continente\u201d, a\u00f1ade.<\/p>\n<p>Por su parte, el concejal de Seguridad, Francisco Acosta, destaca que la ordenanza permite seguir construyendo una ciudad m\u00e1s segura, \u201cdonde el uso de patinetes y otros VMP se integre con total normalidad, siempre desde el respeto a las normas y al resto de personas que comparten la v\u00eda p\u00fablica\u201d.<\/p>\n<p><strong>Sobre la ordenanza<\/strong><\/p>\n<p>La ordenanza establece criterios claros para la circulaci\u00f3n, el estacionamiento y el equipamiento obligatorio de estos veh\u00edculos, garantizando la seguridad de todos los usuarios de la v\u00eda p\u00fablica y mejorando la convivencia en el espacio com\u00fan.<\/p>\n<p>Entre sus principales medidas, se recoge el uso obligatorio de casco homologado, el respeto a zonas peatonales, el certificado de circulaci\u00f3n que acredita que el VMP cumple con los requisitos t\u00e9cnicos y de seguridad exigidos por la Direcci\u00f3n General de Tr\u00e1fico (DGT) o la necesidad de contar con un seguro de responsabilidad civil.<\/p>\n<p>Adem\u00e1s, la ordenanza incluye medidas para favorecer el uso responsable de los VMP, como la incorporaci\u00f3n de elementos de seguridad obligatorios. Asimismo, se prev\u00e9 un sistema de sanciones adaptado a cada caso que busca, m\u00e1s que penalizar, fomentar el cumplimiento voluntario y la sensibilizaci\u00f3n ciudadana.<\/p>\n<p>Con esta iniciativa, el Ayuntamiento de Los Llanos de Aridane reafirma su compromiso con una ciudad m\u00e1s sostenible, inclusiva y preparada para los retos de la movilidad del siglo XXI.<\/p>\n","protected":false},"excerpt":{"rendered":"<p>A trav\u00e9s de una ordenanza, se incluyen medidas para el uso responsable de los veh\u00edculos de movilidad personal, como el uso obligatorio de elementos de seguridad\u00a0<\/p>\n","protected":false},"author":4,"featured_media":4043,"comment_status":"open","ping_status":"open","sticky":false,"template":"","format":"standard","meta":{"footnotes":""},"categories":[1],"tags":[],"class_list":["post-4664","post","type-post","status-publish","format-standard","has-post-thumbnail","hentry","category-sin-categoria"],"yoast_head":"<!-- This site is optimized with the Yoast SEO plugin v22.7 - https:\/\/yoast.com\/wordpress\/plugins\/seo\/ -->\n<title>Los Llanos de Aridane regula la movilidad sobre patinetes el\u00e9ctricos y otros VPM - Ayuntamiento de Los Llanos de Aridane<\/title>\n<meta name=\"robots\" content=\"index, follow, max-snippet:-1, max-image-preview:large, max-video-preview:-1\" \/>\n<link rel=\"canonical\" href=\"https:\/\/www.aridane.org\/city\/2025\/07\/31\/los-llanos-de-aridane-regula-la-movilidad-sobre-patinetes-electricos-y-otros-vpm\/\" \/>\n<meta property=\"og:locale\" content=\"es_ES\" \/>\n<meta property=\"og:type\" content=\"article\" \/>\n<meta property=\"og:title\" content=\"Los Llanos de Aridane regula la movilidad sobre patinetes el\u00e9ctricos y otros VPM - Ayuntamiento de Los Llanos de Aridane\" \/>\n<meta property=\"og:description\" content=\"A trav\u00e9s de una ordenanza, se incluyen medidas para el uso responsable de los veh\u00edculos de movilidad personal, como el uso obligatorio de elementos de seguridad\u00a0\" \/>\n<meta property=\"og:url\" content=\"https:\/\/www.aridane.org\/city\/2025\/07\/31\/los-llanos-de-aridane-regula-la-movilidad-sobre-patinetes-electricos-y-otros-vpm\/\" \/>\n<meta property=\"og:site_name\" content=\"Ayuntamiento de Los Llanos de Aridane\" \/>\n<meta property=\"article:published_time\" content=\"2025-07-31T11:23:37+00:00\" \/>\n<meta property=\"article:modified_time\" content=\"2025-08-07T11:25:34+00:00\" \/>\n<meta property=\"og:image\" content=\"https:\/\/www.aridane.org\/city\/wp-content\/uploads\/2024\/08\/Los-Llanos-de-Aridane-drone.png\" \/>\n\t<meta property=\"og:image:width\" content=\"940\" \/>\n\t<meta property=\"og:image:height\" content=\"656\" \/>\n\t<meta property=\"og:image:type\" content=\"image\/png\" \/>\n<meta name=\"author\" content=\"Corresponsal\" \/>\n<meta name=\"twitter:card\" content=\"summary_large_image\" \/>\n<meta name=\"twitter:label1\" content=\"Escrito por\" \/>\n\t<meta name=\"twitter:data1\" content=\"Corresponsal\" \/>\n\t<meta name=\"twitter:label2\" content=\"Tiempo de lectura\" \/>\n\t<meta name=\"twitter:data2\" content=\"2 minutos\" \/>\n<script type=\"application\/ld+json\" class=\"yoast-schema-graph\">{\"@context\":\"https:\/\/schema.org\",\"@graph\":[{\"@type\":\"WebPage\",\"@id\":\"https:\/\/www.aridane.org\/city\/2025\/07\/31\/los-llanos-de-aridane-regula-la-movilidad-sobre-patinetes-electricos-y-otros-vpm\/\",\"url\":\"https:\/\/www.aridane.org\/city\/2025\/07\/31\/los-llanos-de-aridane-regula-la-movilidad-sobre-patinetes-electricos-y-otros-vpm\/\",\"name\":\"Los Llanos de Aridane regula la movilidad sobre patinetes el\u00e9ctricos y otros VPM - Ayuntamiento de Los Llanos de Aridane\",\"isPartOf\":{\"@id\":\"https:\/\/www.aridane.org\/city\/#website\"},\"primaryImageOfPage\":{\"@id\":\"https:\/\/www.aridane.org\/city\/2025\/07\/31\/los-llanos-de-aridane-regula-la-movilidad-sobre-patinetes-electricos-y-otros-vpm\/#primaryimage\"},\"image\":{\"@id\":\"https:\/\/www.aridane.org\/city\/2025\/07\/31\/los-llanos-de-aridane-regula-la-movilidad-sobre-patinetes-electricos-y-otros-vpm\/#primaryimage\"},\"thumbnailUrl\":\"https:\/\/www.aridane.org\/city\/wp-content\/uploads\/2024\/08\/Los-Llanos-de-Aridane-drone.png\",\"datePublished\":\"2025-07-31T11:23:37+00:00\",\"dateModified\":\"2025-08-07T11:25:34+00:00\",\"author\":{\"@id\":\"https:\/\/www.aridane.org\/city\/#\/schema\/person\/89ebd376b223dc94cc1dbcf200c8e6da\"},\"breadcrumb\":{\"@id\":\"https:\/\/www.aridane.org\/city\/2025\/07\/31\/los-llanos-de-aridane-regula-la-movilidad-sobre-patinetes-electricos-y-otros-vpm\/#breadcrumb\"},\"inLanguage\":\"es\",\"potentialAction\":[{\"@type\":\"ReadAction\",\"target\":[\"https:\/\/www.aridane.org\/city\/2025\/07\/31\/los-llanos-de-aridane-regula-la-movilidad-sobre-patinetes-electricos-y-otros-vpm\/\"]}]},{\"@type\":\"ImageObject\",\"inLanguage\":\"es\",\"@id\":\"https:\/\/www.aridane.org\/city\/2025\/07\/31\/los-llanos-de-aridane-regula-la-movilidad-sobre-patinetes-electricos-y-otros-vpm\/#primaryimage\",\"url\":\"https:\/\/www.aridane.org\/city\/wp-content\/uploads\/2024\/08\/Los-Llanos-de-Aridane-drone.png\",\"contentUrl\":\"https:\/\/www.aridane.org\/city\/wp-content\/uploads\/2024\/08\/Los-Llanos-de-Aridane-drone.png\",\"width\":940,\"height\":656},{\"@type\":\"BreadcrumbList\",\"@id\":\"https:\/\/www.aridane.org\/city\/2025\/07\/31\/los-llanos-de-aridane-regula-la-movilidad-sobre-patinetes-electricos-y-otros-vpm\/#breadcrumb\",\"itemListElement\":[{\"@type\":\"ListItem\",\"position\":1,\"name\":\"Portada\",\"item\":\"https:\/\/www.aridane.org\/city\/\"},{\"@type\":\"ListItem\",\"position\":2,\"name\":\"Los Llanos de Aridane regula la movilidad sobre patinetes el\u00e9ctricos y otros VPM\"}]},{\"@type\":\"WebSite\",\"@id\":\"https:\/\/www.aridane.org\/city\/#website\",\"url\":\"https:\/\/www.aridane.org\/city\/\",\"name\":\"Ayuntamiento de Los Llanos de Aridane\",\"description\":\"\",\"potentialAction\":[{\"@type\":\"SearchAction\",\"target\":{\"@type\":\"EntryPoint\",\"urlTemplate\":\"https:\/\/www.aridane.org\/city\/?s={search_term_string}\"},\"query-input\":\"required name=search_term_string\"}],\"inLanguage\":\"es\"},{\"@type\":\"Person\",\"@id\":\"https:\/\/www.aridane.org\/city\/#\/schema\/person\/89ebd376b223dc94cc1dbcf200c8e6da\",\"name\":\"Corresponsal\",\"image\":{\"@type\":\"ImageObject\",\"inLanguage\":\"es\",\"@id\":\"https:\/\/www.aridane.org\/city\/#\/schema\/person\/image\/\",\"url\":\"https:\/\/secure.gravatar.com\/avatar\/1c476992411e4ccf153da63b2b2f5ea0bb4cb1c85f3ceab8512f04325ad5579c?s=96&d=mm&r=g\",\"contentUrl\":\"https:\/\/secure.gravatar.com\/avatar\/1c476992411e4ccf153da63b2b2f5ea0bb4cb1c85f3ceab8512f04325ad5579c?s=96&d=mm&r=g\",\"caption\":\"Corresponsal\"},\"url\":\"https:\/\/www.aridane.org\/city\/author\/corresponsal\/\"}]}<\/script>\n<!-- \/ Yoast SEO plugin. -->","yoast_head_json":{"title":"Los Llanos de Aridane regula la movilidad sobre patinetes el\u00e9ctricos y otros VPM - Ayuntamiento de Los Llanos de Aridane","robots":{"index":"index","follow":"follow","max-snippet":"max-snippet:-1","max-image-preview":"max-image-preview:large","max-video-preview":"max-video-preview:-1"},"canonical":"https:\/\/www.aridane.org\/city\/2025\/07\/31\/los-llanos-de-aridane-regula-la-movilidad-sobre-patinetes-electricos-y-otros-vpm\/","og_locale":"es_ES","og_type":"article","og_title":"Los Llanos de Aridane regula la movilidad sobre patinetes el\u00e9ctricos y otros VPM - Ayuntamiento de Los Llanos de Aridane","og_description":"A trav\u00e9s de una ordenanza, se incluyen medidas para el uso responsable de los veh\u00edculos de movilidad personal, como el uso obligatorio de elementos de seguridad\u00a0","og_url":"https:\/\/www.aridane.org\/city\/2025\/07\/31\/los-llanos-de-aridane-regula-la-movilidad-sobre-patinetes-electricos-y-otros-vpm\/","og_site_name":"Ayuntamiento de Los Llanos de Aridane","article_published_time":"2025-07-31T11:23:37+00:00","article_modified_time":"2025-08-07T11:25:34+00:00","og_image":[{"width":940,"height":656,"url":"https:\/\/www.aridane.org\/city\/wp-content\/uploads\/2024\/08\/Los-Llanos-de-Aridane-drone.png","type":"image\/png"}],"author":"Corresponsal","twitter_card":"summary_large_image","twitter_misc":{"Escrito por":"Corresponsal","Tiempo de lectura":"2 minutos"},"schema":{"@context":"https:\/\/schema.org","@graph":[{"@type":"WebPage","@id":"https:\/\/www.aridane.org\/city\/2025\/07\/31\/los-llanos-de-aridane-regula-la-movilidad-sobre-patinetes-electricos-y-otros-vpm\/","url":"https:\/\/www.aridane.org\/city\/2025\/07\/31\/los-llanos-de-aridane-regula-la-movilidad-sobre-patinetes-electricos-y-otros-vpm\/","name":"Los Llanos de Aridane regula la movilidad sobre patinetes el\u00e9ctricos y otros VPM - Ayuntamiento de Los Llanos de Aridane","isPartOf":{"@id":"https:\/\/www.aridane.org\/city\/#website"},"primaryImageOfPage":{"@id":"https:\/\/www.aridane.org\/city\/2025\/07\/31\/los-llanos-de-aridane-regula-la-movilidad-sobre-patinetes-electricos-y-otros-vpm\/#primaryimage"},"image":{"@id":"https:\/\/www.aridane.org\/city\/2025\/07\/31\/los-llanos-de-aridane-regula-la-movilidad-sobre-patinetes-electricos-y-otros-vpm\/#primaryimage"},"thumbnailUrl":"https:\/\/www.aridane.org\/city\/wp-content\/uploads\/2024\/08\/Los-Llanos-de-Aridane-drone.png","datePublished":"2025-07-31T11:23:37+00:00","dateModified":"2025-08-07T11:25:34+00:00","author":{"@id":"https:\/\/www.aridane.org\/city\/#\/schema\/person\/89ebd376b223dc94cc1dbcf200c8e6da"},"breadcrumb":{"@id":"https:\/\/www.aridane.org\/city\/2025\/07\/31\/los-llanos-de-aridane-regula-la-movilidad-sobre-patinetes-electricos-y-otros-vpm\/#breadcrumb"},"inLanguage":"es","potentialAction":[{"@type":"ReadAction","target":["https:\/\/www.aridane.org\/city\/2025\/07\/31\/los-llanos-de-aridane-regula-la-movilidad-sobre-patinetes-electricos-y-otros-vpm\/"]}]},{"@type":"ImageObject","inLanguage":"es","@id":"https:\/\/www.aridane.org\/city\/2025\/07\/31\/los-llanos-de-aridane-regula-la-movilidad-sobre-patinetes-electricos-y-otros-vpm\/#primaryimage","url":"https:\/\/www.aridane.org\/city\/wp-content\/uploads\/2024\/08\/Los-Llanos-de-Aridane-drone.png","contentUrl":"https:\/\/www.aridane.org\/city\/wp-content\/uploads\/2024\/08\/Los-Llanos-de-Aridane-drone.png","width":940,"height":656},{"@type":"BreadcrumbList","@id":"https:\/\/www.aridane.org\/city\/2025\/07\/31\/los-llanos-de-aridane-regula-la-movilidad-sobre-patinetes-electricos-y-otros-vpm\/#breadcrumb","itemListElement":[{"@type":"ListItem","position":1,"name":"Portada","item":"https:\/\/www.aridane.org\/city\/"},{"@type":"ListItem","position":2,"name":"Los Llanos de Aridane regula la movilidad sobre patinetes el\u00e9ctricos y otros VPM"}]},{"@type":"WebSite","@id":"https:\/\/www.aridane.org\/city\/#website","url":"https:\/\/www.aridane.org\/city\/","name":"Ayuntamiento de Los Llanos de Aridane","description":"","potentialAction":[{"@type":"SearchAction","target":{"@type":"EntryPoint","urlTemplate":"https:\/\/www.aridane.org\/city\/?s={search_term_string}"},"query-input":"required name=search_term_string"}],"inLanguage":"es"},{"@type":"Person","@id":"https:\/\/www.aridane.org\/city\/#\/schema\/person\/89ebd376b223dc94cc1dbcf200c8e6da","name":"Corresponsal","image":{"@type":"ImageObject","inLanguage":"es","@id":"https:\/\/www.aridane.org\/city\/#\/schema\/person\/image\/","url":"https:\/\/secure.gravatar.com\/avatar\/1c476992411e4ccf153da63b2b2f5ea0bb4cb1c85f3ceab8512f04325ad5579c?s=96&d=mm&r=g","contentUrl":"https:\/\/secure.gravatar.com\/avatar\/1c476992411e4ccf153da63b2b2f5ea0bb4cb1c85f3ceab8512f04325ad5579c?s=96&d=mm&r=g","caption":"Corresponsal"},"url":"https:\/\/www.aridane.org\/city\/author\/corresponsal\/"}]}},"_links":{"self":[{"href":"https:\/\/www.aridane.org\/city\/wp-json\/wp\/v2\/posts\/4664","targetHints":{"allow":["GET"]}}],"collection":[{"href":"https:\/\/www.aridane.org\/city\/wp-json\/wp\/v2\/posts"}],"about":[{"href":"https:\/\/www.aridane.org\/city\/wp-json\/wp\/v2\/types\/post"}],"author":[{"embeddable":true,"href":"https:\/\/www.aridane.org\/city\/wp-json\/wp\/v2\/users\/4"}],"replies":[{"embeddable":true,"href":"https:\/\/www.aridane.org\/city\/wp-json\/wp\/v2\/comments?post=4664"}],"version-history":[{"count":1,"href":"https:\/\/www.aridane.org\/city\/wp-json\/wp\/v2\/posts\/4664\/revisions"}],"predecessor-version":[{"id":4665,"href":"https:\/\/www.aridane.org\/city\/wp-json\/wp\/v2\/posts\/4664\/revisions\/4665"}],"wp:featuredmedia":[{"embeddable":true,"href":"https:\/\/www.aridane.org\/city\/wp-json\/wp\/v2\/media\/4043"}],"wp:attachment":[{"href":"https:\/\/www.aridane.org\/city\/wp-json\/wp\/v2\/media?parent=4664"}],"wp:term":[{"taxonomy":"category","embeddable":true,"href":"https:\/\/www.aridane.org\/city\/wp-json\/wp\/v2\/categories?post=4664"},{"taxonomy":"post_tag","embeddable":true,"href":"https:\/\/www.aridane.org\/city\/wp-json\/wp\/v2\/tags?post=4664"}],"curies":[{"name":"wp","href":"https:\/\/api.w.org\/{rel}","templated":true}]}}