{"id":4666,"date":"2025-08-07T11:26:33","date_gmt":"2025-08-07T11:26:33","guid":{"rendered":"https:\/\/www.aridane.org\/city\/?p=4666"},"modified":"2025-08-07T11:26:33","modified_gmt":"2025-08-07T11:26:33","slug":"los-llanos-de-aridane-refuerza-la-seguridad-de-los-taxis-del-municipio","status":"publish","type":"post","link":"https:\/\/www.aridane.org\/city\/2025\/08\/07\/los-llanos-de-aridane-refuerza-la-seguridad-de-los-taxis-del-municipio\/","title":{"rendered":"Los Llanos de Aridane refuerza la seguridad de los taxis del municipio"},"content":{"rendered":"<p><em>El dispositivo se activar\u00e1 especialmente en horario nocturno\u00a0<\/em><!--more--><\/p>\n<p>El Ayuntamiento de Los Llanos de Aridane implementar\u00e1 un servicio de seguridad privada en las paradas de taxi de la avenida Doctor Fleming durante eventos de gran afluencia, como el Vilus Festival, que se celebra este s\u00e1bado, 2 de agosto.<\/p>\n<p>El concejal de Transportes, Rubens D\u00edaz, explica que esta medida tiene como objetivo \u201cgarantizar el orden, mejorar la experiencia de las personas usuarias y reforzar la seguridad de conductores y pasajeros en momentos de alta demanda\u201d.<\/p>\n<p>El dispositivo se activar\u00e1 especialmente en horario nocturno, en coordinaci\u00f3n con la Polic\u00eda Local y con el propio sector del taxi. En este sentido, el concejal recuerda el compromiso del Ayuntamiento con la mejora continua del servicio, con especial atenci\u00f3n a los turnos nocturnos y de fin de semana, cuando se concentra gran parte de la actividad de ocio en el municipio.<\/p>\n<p>Por su parte, el alcalde, Javier Llamas, destaca que esta acci\u00f3n ha sido consensuada con los taxistas, a quienes agradece su implicaci\u00f3n. Adem\u00e1s, anima a la ciudadan\u00eda a utilizar el servicio durante el festival: \u201cEl taxi es una opci\u00f3n c\u00f3moda, segura y accesible para desplazarse estos d\u00edas por el municipio\u201d.<\/p>\n<p>Desde el Ayuntamiento se subraya que esta iniciativa forma parte de la estrategia municipal para garantizar un ocio seguro y reforzar los servicios p\u00fablicos durante eventos multitudinarios. \u201cLa colaboraci\u00f3n con los profesionales del taxi y los cuerpos de seguridad es fundamental para seguir haciendo de Los Llanos de Aridane un municipio m\u00e1s seguro y din\u00e1mico\u201d, concluye Llamas.<\/p>\n<p>Entre las medidas que se han abordado junto al sector se encuentran la posible instalaci\u00f3n voluntaria de c\u00e1maras de seguridad en los veh\u00edculos que operan en horarios de mayor exposici\u00f3n, as\u00ed como la realizaci\u00f3n de un estudio t\u00e9cnico que permita conocer en profundidad la situaci\u00f3n del servicio y las demandas de la ciudadan\u00eda.<\/p>\n","protected":false},"excerpt":{"rendered":"<p>El dispositivo se activar\u00e1 especialmente en horario nocturno\u00a0<\/p>\n","protected":false},"author":4,"featured_media":4667,"comment_status":"open","ping_status":"open","sticky":false,"template":"","format":"standard","meta":{"footnotes":""},"categories":[1],"tags":[],"class_list":["post-4666","post","type-post","status-publish","format-standard","has-post-thumbnail","hentry","category-sin-categoria"],"yoast_head":"<!-- This site is optimized with the Yoast SEO plugin v22.7 - https:\/\/yoast.com\/wordpress\/plugins\/seo\/ -->\n<title>Los Llanos de Aridane refuerza la seguridad de los taxis del municipio - Ayuntamiento de Los Llanos de Aridane<\/title>\n<meta name=\"robots\" content=\"index, follow, max-snippet:-1, max-image-preview:large, max-video-preview:-1\" \/>\n<link rel=\"canonical\" href=\"https:\/\/www.aridane.org\/city\/2025\/08\/07\/los-llanos-de-aridane-refuerza-la-seguridad-de-los-taxis-del-municipio\/\" \/>\n<meta property=\"og:locale\" content=\"es_ES\" \/>\n<meta property=\"og:type\" content=\"article\" \/>\n<meta property=\"og:title\" content=\"Los Llanos de Aridane refuerza la seguridad de los taxis del municipio - Ayuntamiento de Los Llanos de Aridane\" \/>\n<meta property=\"og:description\" content=\"El dispositivo se activar\u00e1 especialmente en horario nocturno\u00a0\" \/>\n<meta property=\"og:url\" content=\"https:\/\/www.aridane.org\/city\/2025\/08\/07\/los-llanos-de-aridane-refuerza-la-seguridad-de-los-taxis-del-municipio\/\" \/>\n<meta property=\"og:site_name\" content=\"Ayuntamiento de Los Llanos de Aridane\" \/>\n<meta property=\"article:published_time\" content=\"2025-08-07T11:26:33+00:00\" \/>\n<meta property=\"og:image\" content=\"https:\/\/www.aridane.org\/city\/wp-content\/uploads\/2025\/08\/Parada-taxi-1-1-scaled.jpeg\" \/>\n\t<meta property=\"og:image:width\" content=\"2560\" \/>\n\t<meta property=\"og:image:height\" content=\"1920\" \/>\n\t<meta property=\"og:image:type\" content=\"image\/jpeg\" \/>\n<meta name=\"author\" content=\"Corresponsal\" \/>\n<meta name=\"twitter:card\" content=\"summary_large_image\" \/>\n<meta name=\"twitter:label1\" content=\"Escrito por\" \/>\n\t<meta name=\"twitter:data1\" content=\"Corresponsal\" \/>\n\t<meta name=\"twitter:label2\" content=\"Tiempo de lectura\" \/>\n\t<meta name=\"twitter:data2\" content=\"2 minutos\" \/>\n<script type=\"application\/ld+json\" class=\"yoast-schema-graph\">{\"@context\":\"https:\/\/schema.org\",\"@graph\":[{\"@type\":\"WebPage\",\"@id\":\"https:\/\/www.aridane.org\/city\/2025\/08\/07\/los-llanos-de-aridane-refuerza-la-seguridad-de-los-taxis-del-municipio\/\",\"url\":\"https:\/\/www.aridane.org\/city\/2025\/08\/07\/los-llanos-de-aridane-refuerza-la-seguridad-de-los-taxis-del-municipio\/\",\"name\":\"Los Llanos de Aridane refuerza la seguridad de los taxis del municipio - Ayuntamiento de Los Llanos de Aridane\",\"isPartOf\":{\"@id\":\"https:\/\/www.aridane.org\/city\/#website\"},\"primaryImageOfPage\":{\"@id\":\"https:\/\/www.aridane.org\/city\/2025\/08\/07\/los-llanos-de-aridane-refuerza-la-seguridad-de-los-taxis-del-municipio\/#primaryimage\"},\"image\":{\"@id\":\"https:\/\/www.aridane.org\/city\/2025\/08\/07\/los-llanos-de-aridane-refuerza-la-seguridad-de-los-taxis-del-municipio\/#primaryimage\"},\"thumbnailUrl\":\"https:\/\/www.aridane.org\/city\/wp-content\/uploads\/2025\/08\/Parada-taxi-1-1-scaled.jpeg\",\"datePublished\":\"2025-08-07T11:26:33+00:00\",\"dateModified\":\"2025-08-07T11:26:33+00:00\",\"author\":{\"@id\":\"https:\/\/www.aridane.org\/city\/#\/schema\/person\/89ebd376b223dc94cc1dbcf200c8e6da\"},\"breadcrumb\":{\"@id\":\"https:\/\/www.aridane.org\/city\/2025\/08\/07\/los-llanos-de-aridane-refuerza-la-seguridad-de-los-taxis-del-municipio\/#breadcrumb\"},\"inLanguage\":\"es\",\"potentialAction\":[{\"@type\":\"ReadAction\",\"target\":[\"https:\/\/www.aridane.org\/city\/2025\/08\/07\/los-llanos-de-aridane-refuerza-la-seguridad-de-los-taxis-del-municipio\/\"]}]},{\"@type\":\"ImageObject\",\"inLanguage\":\"es\",\"@id\":\"https:\/\/www.aridane.org\/city\/2025\/08\/07\/los-llanos-de-aridane-refuerza-la-seguridad-de-los-taxis-del-municipio\/#primaryimage\",\"url\":\"https:\/\/www.aridane.org\/city\/wp-content\/uploads\/2025\/08\/Parada-taxi-1-1-scaled.jpeg\",\"contentUrl\":\"https:\/\/www.aridane.org\/city\/wp-content\/uploads\/2025\/08\/Parada-taxi-1-1-scaled.jpeg\",\"width\":2560,\"height\":1920},{\"@type\":\"BreadcrumbList\",\"@id\":\"https:\/\/www.aridane.org\/city\/2025\/08\/07\/los-llanos-de-aridane-refuerza-la-seguridad-de-los-taxis-del-municipio\/#breadcrumb\",\"itemListElement\":[{\"@type\":\"ListItem\",\"position\":1,\"name\":\"Portada\",\"item\":\"https:\/\/www.aridane.org\/city\/\"},{\"@type\":\"ListItem\",\"position\":2,\"name\":\"Los Llanos de Aridane refuerza la seguridad de los taxis del municipio\"}]},{\"@type\":\"WebSite\",\"@id\":\"https:\/\/www.aridane.org\/city\/#website\",\"url\":\"https:\/\/www.aridane.org\/city\/\",\"name\":\"Ayuntamiento de Los Llanos de Aridane\",\"description\":\"\",\"potentialAction\":[{\"@type\":\"SearchAction\",\"target\":{\"@type\":\"EntryPoint\",\"urlTemplate\":\"https:\/\/www.aridane.org\/city\/?s={search_term_string}\"},\"query-input\":\"required name=search_term_string\"}],\"inLanguage\":\"es\"},{\"@type\":\"Person\",\"@id\":\"https:\/\/www.aridane.org\/city\/#\/schema\/person\/89ebd376b223dc94cc1dbcf200c8e6da\",\"name\":\"Corresponsal\",\"image\":{\"@type\":\"ImageObject\",\"inLanguage\":\"es\",\"@id\":\"https:\/\/www.aridane.org\/city\/#\/schema\/person\/image\/\",\"url\":\"https:\/\/secure.gravatar.com\/avatar\/1c476992411e4ccf153da63b2b2f5ea0bb4cb1c85f3ceab8512f04325ad5579c?s=96&d=mm&r=g\",\"contentUrl\":\"https:\/\/secure.gravatar.com\/avatar\/1c476992411e4ccf153da63b2b2f5ea0bb4cb1c85f3ceab8512f04325ad5579c?s=96&d=mm&r=g\",\"caption\":\"Corresponsal\"},\"url\":\"https:\/\/www.aridane.org\/city\/author\/corresponsal\/\"}]}<\/script>\n<!-- \/ Yoast SEO plugin. -->","yoast_head_json":{"title":"Los Llanos de Aridane refuerza la seguridad de los taxis del municipio - Ayuntamiento de Los Llanos de Aridane","robots":{"index":"index","follow":"follow","max-snippet":"max-snippet:-1","max-image-preview":"max-image-preview:large","max-video-preview":"max-video-preview:-1"},"canonical":"https:\/\/www.aridane.org\/city\/2025\/08\/07\/los-llanos-de-aridane-refuerza-la-seguridad-de-los-taxis-del-municipio\/","og_locale":"es_ES","og_type":"article","og_title":"Los Llanos de Aridane refuerza la seguridad de los taxis del municipio - Ayuntamiento de Los Llanos de Aridane","og_description":"El dispositivo se activar\u00e1 especialmente en horario nocturno\u00a0","og_url":"https:\/\/www.aridane.org\/city\/2025\/08\/07\/los-llanos-de-aridane-refuerza-la-seguridad-de-los-taxis-del-municipio\/","og_site_name":"Ayuntamiento de Los Llanos de Aridane","article_published_time":"2025-08-07T11:26:33+00:00","og_image":[{"width":2560,"height":1920,"url":"https:\/\/www.aridane.org\/city\/wp-content\/uploads\/2025\/08\/Parada-taxi-1-1-scaled.jpeg","type":"image\/jpeg"}],"author":"Corresponsal","twitter_card":"summary_large_image","twitter_misc":{"Escrito por":"Corresponsal","Tiempo de lectura":"2 minutos"},"schema":{"@context":"https:\/\/schema.org","@graph":[{"@type":"WebPage","@id":"https:\/\/www.aridane.org\/city\/2025\/08\/07\/los-llanos-de-aridane-refuerza-la-seguridad-de-los-taxis-del-municipio\/","url":"https:\/\/www.aridane.org\/city\/2025\/08\/07\/los-llanos-de-aridane-refuerza-la-seguridad-de-los-taxis-del-municipio\/","name":"Los Llanos de Aridane refuerza la seguridad de los taxis del municipio - Ayuntamiento de Los Llanos de Aridane","isPartOf":{"@id":"https:\/\/www.aridane.org\/city\/#website"},"primaryImageOfPage":{"@id":"https:\/\/www.aridane.org\/city\/2025\/08\/07\/los-llanos-de-aridane-refuerza-la-seguridad-de-los-taxis-del-municipio\/#primaryimage"},"image":{"@id":"https:\/\/www.aridane.org\/city\/2025\/08\/07\/los-llanos-de-aridane-refuerza-la-seguridad-de-los-taxis-del-municipio\/#primaryimage"},"thumbnailUrl":"https:\/\/www.aridane.org\/city\/wp-content\/uploads\/2025\/08\/Parada-taxi-1-1-scaled.jpeg","datePublished":"2025-08-07T11:26:33+00:00","dateModified":"2025-08-07T11:26:33+00:00","author":{"@id":"https:\/\/www.aridane.org\/city\/#\/schema\/person\/89ebd376b223dc94cc1dbcf200c8e6da"},"breadcrumb":{"@id":"https:\/\/www.aridane.org\/city\/2025\/08\/07\/los-llanos-de-aridane-refuerza-la-seguridad-de-los-taxis-del-municipio\/#breadcrumb"},"inLanguage":"es","potentialAction":[{"@type":"ReadAction","target":["https:\/\/www.aridane.org\/city\/2025\/08\/07\/los-llanos-de-aridane-refuerza-la-seguridad-de-los-taxis-del-municipio\/"]}]},{"@type":"ImageObject","inLanguage":"es","@id":"https:\/\/www.aridane.org\/city\/2025\/08\/07\/los-llanos-de-aridane-refuerza-la-seguridad-de-los-taxis-del-municipio\/#primaryimage","url":"https:\/\/www.aridane.org\/city\/wp-content\/uploads\/2025\/08\/Parada-taxi-1-1-scaled.jpeg","contentUrl":"https:\/\/www.aridane.org\/city\/wp-content\/uploads\/2025\/08\/Parada-taxi-1-1-scaled.jpeg","width":2560,"height":1920},{"@type":"BreadcrumbList","@id":"https:\/\/www.aridane.org\/city\/2025\/08\/07\/los-llanos-de-aridane-refuerza-la-seguridad-de-los-taxis-del-municipio\/#breadcrumb","itemListElement":[{"@type":"ListItem","position":1,"name":"Portada","item":"https:\/\/www.aridane.org\/city\/"},{"@type":"ListItem","position":2,"name":"Los Llanos de Aridane refuerza la seguridad de los taxis del municipio"}]},{"@type":"WebSite","@id":"https:\/\/www.aridane.org\/city\/#website","url":"https:\/\/www.aridane.org\/city\/","name":"Ayuntamiento de Los Llanos de Aridane","description":"","potentialAction":[{"@type":"SearchAction","target":{"@type":"EntryPoint","urlTemplate":"https:\/\/www.aridane.org\/city\/?s={search_term_string}"},"query-input":"required name=search_term_string"}],"inLanguage":"es"},{"@type":"Person","@id":"https:\/\/www.aridane.org\/city\/#\/schema\/person\/89ebd376b223dc94cc1dbcf200c8e6da","name":"Corresponsal","image":{"@type":"ImageObject","inLanguage":"es","@id":"https:\/\/www.aridane.org\/city\/#\/schema\/person\/image\/","url":"https:\/\/secure.gravatar.com\/avatar\/1c476992411e4ccf153da63b2b2f5ea0bb4cb1c85f3ceab8512f04325ad5579c?s=96&d=mm&r=g","contentUrl":"https:\/\/secure.gravatar.com\/avatar\/1c476992411e4ccf153da63b2b2f5ea0bb4cb1c85f3ceab8512f04325ad5579c?s=96&d=mm&r=g","caption":"Corresponsal"},"url":"https:\/\/www.aridane.org\/city\/author\/corresponsal\/"}]}},"_links":{"self":[{"href":"https:\/\/www.aridane.org\/city\/wp-json\/wp\/v2\/posts\/4666","targetHints":{"allow":["GET"]}}],"collection":[{"href":"https:\/\/www.aridane.org\/city\/wp-json\/wp\/v2\/posts"}],"about":[{"href":"https:\/\/www.aridane.org\/city\/wp-json\/wp\/v2\/types\/post"}],"author":[{"embeddable":true,"href":"https:\/\/www.aridane.org\/city\/wp-json\/wp\/v2\/users\/4"}],"replies":[{"embeddable":true,"href":"https:\/\/www.aridane.org\/city\/wp-json\/wp\/v2\/comments?post=4666"}],"version-history":[{"count":1,"href":"https:\/\/www.aridane.org\/city\/wp-json\/wp\/v2\/posts\/4666\/revisions"}],"predecessor-version":[{"id":4668,"href":"https:\/\/www.aridane.org\/city\/wp-json\/wp\/v2\/posts\/4666\/revisions\/4668"}],"wp:featuredmedia":[{"embeddable":true,"href":"https:\/\/www.aridane.org\/city\/wp-json\/wp\/v2\/media\/4667"}],"wp:attachment":[{"href":"https:\/\/www.aridane.org\/city\/wp-json\/wp\/v2\/media?parent=4666"}],"wp:term":[{"taxonomy":"category","embeddable":true,"href":"https:\/\/www.aridane.org\/city\/wp-json\/wp\/v2\/categories?post=4666"},{"taxonomy":"post_tag","embeddable":true,"href":"https:\/\/www.aridane.org\/city\/wp-json\/wp\/v2\/tags?post=4666"}],"curies":[{"name":"wp","href":"https:\/\/api.w.org\/{rel}","templated":true}]}}