{"id":4669,"date":"2025-08-04T11:27:50","date_gmt":"2025-08-04T11:27:50","guid":{"rendered":"https:\/\/www.aridane.org\/city\/?p=4669"},"modified":"2025-08-07T11:28:25","modified_gmt":"2025-08-07T11:28:25","slug":"el-ayuntamiento-impulsa-la-modernizacion-y-la-accesibilidad-del-museo-del-vino-de-las-manchas","status":"publish","type":"post","link":"https:\/\/www.aridane.org\/city\/2025\/08\/04\/el-ayuntamiento-impulsa-la-modernizacion-y-la-accesibilidad-del-museo-del-vino-de-las-manchas\/","title":{"rendered":"El Ayuntamiento impulsa la modernizaci\u00f3n y la accesibilidad del Museo del Vino de Las Manchas"},"content":{"rendered":"<p><em>Las empresas interesadas en ejecutar el proyecto pueden presentar sus ofertas a trav\u00e9s de la Plataforma de Contrataci\u00f3n del Sector P\u00fablico antes del 16 de agosto<\/em><!--more--><\/p>\n<p>El Ayuntamiento de Los Llanos de Aridane impulsa las obras de adaptaci\u00f3n del Museo del Vino de Las Manchas. Esta actuaci\u00f3n, con un presupuesto total de 115.128,11 euros, busca garantizar la accesibilidad universal del recinto, respetando su arquitectura tradicional y reforzando su valor como equipamiento cultural y tur\u00edstico.<\/p>\n<p>El alcalde, Javier Llamas, afirma que este proyecto representa un paso m\u00e1s en el objetivo \u201cde lograr que todos los espacios p\u00fablicos sean accesibles para todas las personas\u201d. \u201cLa accesibilidad no es solo una cuesti\u00f3n t\u00e9cnica, es una cuesti\u00f3n de justicia y de inclusi\u00f3n real\u201d, afirma.<\/p>\n<p>Por su parte, la concejala de Infraestructuras, Inmaculada Fern\u00e1ndez, explica que la actuaci\u00f3n refleja el compromiso del Ayuntamiento con la \u201cconservaci\u00f3n del patrimonio, pero tambi\u00e9n con la mejora de las infraestructuras culturales desde una perspectiva segura y eficiente\u201d.<\/p>\n<p>Asimismo, la concejala destaca que la intervenci\u00f3n \u201cest\u00e1 dise\u00f1ada para respetar el entorno y optimizar los recursos p\u00fablicos\u201d.<\/p>\n<p><strong>Sobre el proyecto<\/strong><\/p>\n<p>El proyecto contempla mejoras tanto en el edificio principal como en la bodega tradicional anexa, con actuaciones en pavimentos, carpinter\u00eda, se\u00f1alizaci\u00f3n, equipamiento, demoliciones, acondicionamiento del terreno y mejoras en seguridad, salud y gesti\u00f3n de residuos. El plazo de ejecuci\u00f3n es de seis meses.<\/p>\n<p>Las empresas interesadas en ejecutar el proyecto pueden presentar sus ofertas a trav\u00e9s de la Plataforma de Contrataci\u00f3n del Sector P\u00fablico. Toda la informaci\u00f3n sobre el procedimiento, los pliegos y los requisitos t\u00e9cnicos se encuentra disponible <a href=\"https:\/\/contrataciondelestado.es\/wps\/portal\/!ut\/p\/b0\/DcqxCoAgEADQr2m-oIYIGiJaW9Nb4kirq9McRMGvr_HBAwQF6CnxSZFfT_JbG2uDsH96YyOJ2E1450j7H2AFBGQzJwHdXXJot7gmz-WertyWqlYpDwME58YPfyJo8Q!!\/\">en el siguiente enlace<\/a>.<\/p>\n<p>El plazo para la presentaci\u00f3n de propuestas finaliza el 12 de agosto de 2025 a las 23:59 horas (hora peninsular).<\/p>\n","protected":false},"excerpt":{"rendered":"<p>Las empresas interesadas en ejecutar el proyecto pueden presentar sus ofertas a trav\u00e9s de la Plataforma de Contrataci\u00f3n del Sector P\u00fablico antes del 16 de agosto<\/p>\n","protected":false},"author":4,"featured_media":4670,"comment_status":"open","ping_status":"open","sticky":false,"template":"","format":"standard","meta":{"footnotes":""},"categories":[1],"tags":[],"class_list":["post-4669","post","type-post","status-publish","format-standard","has-post-thumbnail","hentry","category-sin-categoria"],"yoast_head":"<!-- This site is optimized with the Yoast SEO plugin v22.7 - https:\/\/yoast.com\/wordpress\/plugins\/seo\/ -->\n<title>El Ayuntamiento impulsa la modernizaci\u00f3n y la accesibilidad del Museo del Vino de Las Manchas - Ayuntamiento de Los Llanos de Aridane<\/title>\n<meta name=\"robots\" content=\"index, follow, max-snippet:-1, max-image-preview:large, max-video-preview:-1\" \/>\n<link rel=\"canonical\" href=\"https:\/\/www.aridane.org\/city\/2025\/08\/04\/el-ayuntamiento-impulsa-la-modernizacion-y-la-accesibilidad-del-museo-del-vino-de-las-manchas\/\" \/>\n<meta property=\"og:locale\" content=\"es_ES\" \/>\n<meta property=\"og:type\" content=\"article\" \/>\n<meta property=\"og:title\" content=\"El Ayuntamiento impulsa la modernizaci\u00f3n y la accesibilidad del Museo del Vino de Las Manchas - Ayuntamiento de Los Llanos de Aridane\" \/>\n<meta property=\"og:description\" content=\"Las empresas interesadas en ejecutar el proyecto pueden presentar sus ofertas a trav\u00e9s de la Plataforma de Contrataci\u00f3n del Sector P\u00fablico antes del 16 de agosto\" \/>\n<meta property=\"og:url\" content=\"https:\/\/www.aridane.org\/city\/2025\/08\/04\/el-ayuntamiento-impulsa-la-modernizacion-y-la-accesibilidad-del-museo-del-vino-de-las-manchas\/\" \/>\n<meta property=\"og:site_name\" content=\"Ayuntamiento de Los Llanos de Aridane\" \/>\n<meta property=\"article:published_time\" content=\"2025-08-04T11:27:50+00:00\" \/>\n<meta property=\"article:modified_time\" content=\"2025-08-07T11:28:25+00:00\" \/>\n<meta property=\"og:image\" content=\"https:\/\/www.aridane.org\/city\/wp-content\/uploads\/2025\/08\/Museo-del-Vino.png\" \/>\n\t<meta property=\"og:image:width\" content=\"880\" \/>\n\t<meta property=\"og:image:height\" content=\"495\" \/>\n\t<meta property=\"og:image:type\" content=\"image\/png\" \/>\n<meta name=\"author\" content=\"Corresponsal\" \/>\n<meta name=\"twitter:card\" content=\"summary_large_image\" \/>\n<meta name=\"twitter:label1\" content=\"Escrito por\" \/>\n\t<meta name=\"twitter:data1\" content=\"Corresponsal\" \/>\n\t<meta name=\"twitter:label2\" content=\"Tiempo de lectura\" \/>\n\t<meta name=\"twitter:data2\" content=\"2 minutos\" \/>\n<script type=\"application\/ld+json\" class=\"yoast-schema-graph\">{\"@context\":\"https:\/\/schema.org\",\"@graph\":[{\"@type\":\"WebPage\",\"@id\":\"https:\/\/www.aridane.org\/city\/2025\/08\/04\/el-ayuntamiento-impulsa-la-modernizacion-y-la-accesibilidad-del-museo-del-vino-de-las-manchas\/\",\"url\":\"https:\/\/www.aridane.org\/city\/2025\/08\/04\/el-ayuntamiento-impulsa-la-modernizacion-y-la-accesibilidad-del-museo-del-vino-de-las-manchas\/\",\"name\":\"El Ayuntamiento impulsa la modernizaci\u00f3n y la accesibilidad del Museo del Vino de Las Manchas - Ayuntamiento de Los Llanos de Aridane\",\"isPartOf\":{\"@id\":\"https:\/\/www.aridane.org\/city\/#website\"},\"primaryImageOfPage\":{\"@id\":\"https:\/\/www.aridane.org\/city\/2025\/08\/04\/el-ayuntamiento-impulsa-la-modernizacion-y-la-accesibilidad-del-museo-del-vino-de-las-manchas\/#primaryimage\"},\"image\":{\"@id\":\"https:\/\/www.aridane.org\/city\/2025\/08\/04\/el-ayuntamiento-impulsa-la-modernizacion-y-la-accesibilidad-del-museo-del-vino-de-las-manchas\/#primaryimage\"},\"thumbnailUrl\":\"https:\/\/www.aridane.org\/city\/wp-content\/uploads\/2025\/08\/Museo-del-Vino.png\",\"datePublished\":\"2025-08-04T11:27:50+00:00\",\"dateModified\":\"2025-08-07T11:28:25+00:00\",\"author\":{\"@id\":\"https:\/\/www.aridane.org\/city\/#\/schema\/person\/89ebd376b223dc94cc1dbcf200c8e6da\"},\"breadcrumb\":{\"@id\":\"https:\/\/www.aridane.org\/city\/2025\/08\/04\/el-ayuntamiento-impulsa-la-modernizacion-y-la-accesibilidad-del-museo-del-vino-de-las-manchas\/#breadcrumb\"},\"inLanguage\":\"es\",\"potentialAction\":[{\"@type\":\"ReadAction\",\"target\":[\"https:\/\/www.aridane.org\/city\/2025\/08\/04\/el-ayuntamiento-impulsa-la-modernizacion-y-la-accesibilidad-del-museo-del-vino-de-las-manchas\/\"]}]},{\"@type\":\"ImageObject\",\"inLanguage\":\"es\",\"@id\":\"https:\/\/www.aridane.org\/city\/2025\/08\/04\/el-ayuntamiento-impulsa-la-modernizacion-y-la-accesibilidad-del-museo-del-vino-de-las-manchas\/#primaryimage\",\"url\":\"https:\/\/www.aridane.org\/city\/wp-content\/uploads\/2025\/08\/Museo-del-Vino.png\",\"contentUrl\":\"https:\/\/www.aridane.org\/city\/wp-content\/uploads\/2025\/08\/Museo-del-Vino.png\",\"width\":880,\"height\":495},{\"@type\":\"BreadcrumbList\",\"@id\":\"https:\/\/www.aridane.org\/city\/2025\/08\/04\/el-ayuntamiento-impulsa-la-modernizacion-y-la-accesibilidad-del-museo-del-vino-de-las-manchas\/#breadcrumb\",\"itemListElement\":[{\"@type\":\"ListItem\",\"position\":1,\"name\":\"Portada\",\"item\":\"https:\/\/www.aridane.org\/city\/\"},{\"@type\":\"ListItem\",\"position\":2,\"name\":\"El Ayuntamiento impulsa la modernizaci\u00f3n y la accesibilidad del Museo del Vino de Las Manchas\"}]},{\"@type\":\"WebSite\",\"@id\":\"https:\/\/www.aridane.org\/city\/#website\",\"url\":\"https:\/\/www.aridane.org\/city\/\",\"name\":\"Ayuntamiento de Los Llanos de Aridane\",\"description\":\"\",\"potentialAction\":[{\"@type\":\"SearchAction\",\"target\":{\"@type\":\"EntryPoint\",\"urlTemplate\":\"https:\/\/www.aridane.org\/city\/?s={search_term_string}\"},\"query-input\":\"required name=search_term_string\"}],\"inLanguage\":\"es\"},{\"@type\":\"Person\",\"@id\":\"https:\/\/www.aridane.org\/city\/#\/schema\/person\/89ebd376b223dc94cc1dbcf200c8e6da\",\"name\":\"Corresponsal\",\"image\":{\"@type\":\"ImageObject\",\"inLanguage\":\"es\",\"@id\":\"https:\/\/www.aridane.org\/city\/#\/schema\/person\/image\/\",\"url\":\"https:\/\/secure.gravatar.com\/avatar\/1c476992411e4ccf153da63b2b2f5ea0bb4cb1c85f3ceab8512f04325ad5579c?s=96&d=mm&r=g\",\"contentUrl\":\"https:\/\/secure.gravatar.com\/avatar\/1c476992411e4ccf153da63b2b2f5ea0bb4cb1c85f3ceab8512f04325ad5579c?s=96&d=mm&r=g\",\"caption\":\"Corresponsal\"},\"url\":\"https:\/\/www.aridane.org\/city\/author\/corresponsal\/\"}]}<\/script>\n<!-- \/ Yoast SEO plugin. -->","yoast_head_json":{"title":"El Ayuntamiento impulsa la modernizaci\u00f3n y la accesibilidad del Museo del Vino de Las Manchas - Ayuntamiento de Los Llanos de Aridane","robots":{"index":"index","follow":"follow","max-snippet":"max-snippet:-1","max-image-preview":"max-image-preview:large","max-video-preview":"max-video-preview:-1"},"canonical":"https:\/\/www.aridane.org\/city\/2025\/08\/04\/el-ayuntamiento-impulsa-la-modernizacion-y-la-accesibilidad-del-museo-del-vino-de-las-manchas\/","og_locale":"es_ES","og_type":"article","og_title":"El Ayuntamiento impulsa la modernizaci\u00f3n y la accesibilidad del Museo del Vino de Las Manchas - Ayuntamiento de Los Llanos de Aridane","og_description":"Las empresas interesadas en ejecutar el proyecto pueden presentar sus ofertas a trav\u00e9s de la Plataforma de Contrataci\u00f3n del Sector P\u00fablico antes del 16 de agosto","og_url":"https:\/\/www.aridane.org\/city\/2025\/08\/04\/el-ayuntamiento-impulsa-la-modernizacion-y-la-accesibilidad-del-museo-del-vino-de-las-manchas\/","og_site_name":"Ayuntamiento de Los Llanos de Aridane","article_published_time":"2025-08-04T11:27:50+00:00","article_modified_time":"2025-08-07T11:28:25+00:00","og_image":[{"width":880,"height":495,"url":"https:\/\/www.aridane.org\/city\/wp-content\/uploads\/2025\/08\/Museo-del-Vino.png","type":"image\/png"}],"author":"Corresponsal","twitter_card":"summary_large_image","twitter_misc":{"Escrito por":"Corresponsal","Tiempo de lectura":"2 minutos"},"schema":{"@context":"https:\/\/schema.org","@graph":[{"@type":"WebPage","@id":"https:\/\/www.aridane.org\/city\/2025\/08\/04\/el-ayuntamiento-impulsa-la-modernizacion-y-la-accesibilidad-del-museo-del-vino-de-las-manchas\/","url":"https:\/\/www.aridane.org\/city\/2025\/08\/04\/el-ayuntamiento-impulsa-la-modernizacion-y-la-accesibilidad-del-museo-del-vino-de-las-manchas\/","name":"El Ayuntamiento impulsa la modernizaci\u00f3n y la accesibilidad del Museo del Vino de Las Manchas - Ayuntamiento de Los Llanos de Aridane","isPartOf":{"@id":"https:\/\/www.aridane.org\/city\/#website"},"primaryImageOfPage":{"@id":"https:\/\/www.aridane.org\/city\/2025\/08\/04\/el-ayuntamiento-impulsa-la-modernizacion-y-la-accesibilidad-del-museo-del-vino-de-las-manchas\/#primaryimage"},"image":{"@id":"https:\/\/www.aridane.org\/city\/2025\/08\/04\/el-ayuntamiento-impulsa-la-modernizacion-y-la-accesibilidad-del-museo-del-vino-de-las-manchas\/#primaryimage"},"thumbnailUrl":"https:\/\/www.aridane.org\/city\/wp-content\/uploads\/2025\/08\/Museo-del-Vino.png","datePublished":"2025-08-04T11:27:50+00:00","dateModified":"2025-08-07T11:28:25+00:00","author":{"@id":"https:\/\/www.aridane.org\/city\/#\/schema\/person\/89ebd376b223dc94cc1dbcf200c8e6da"},"breadcrumb":{"@id":"https:\/\/www.aridane.org\/city\/2025\/08\/04\/el-ayuntamiento-impulsa-la-modernizacion-y-la-accesibilidad-del-museo-del-vino-de-las-manchas\/#breadcrumb"},"inLanguage":"es","potentialAction":[{"@type":"ReadAction","target":["https:\/\/www.aridane.org\/city\/2025\/08\/04\/el-ayuntamiento-impulsa-la-modernizacion-y-la-accesibilidad-del-museo-del-vino-de-las-manchas\/"]}]},{"@type":"ImageObject","inLanguage":"es","@id":"https:\/\/www.aridane.org\/city\/2025\/08\/04\/el-ayuntamiento-impulsa-la-modernizacion-y-la-accesibilidad-del-museo-del-vino-de-las-manchas\/#primaryimage","url":"https:\/\/www.aridane.org\/city\/wp-content\/uploads\/2025\/08\/Museo-del-Vino.png","contentUrl":"https:\/\/www.aridane.org\/city\/wp-content\/uploads\/2025\/08\/Museo-del-Vino.png","width":880,"height":495},{"@type":"BreadcrumbList","@id":"https:\/\/www.aridane.org\/city\/2025\/08\/04\/el-ayuntamiento-impulsa-la-modernizacion-y-la-accesibilidad-del-museo-del-vino-de-las-manchas\/#breadcrumb","itemListElement":[{"@type":"ListItem","position":1,"name":"Portada","item":"https:\/\/www.aridane.org\/city\/"},{"@type":"ListItem","position":2,"name":"El Ayuntamiento impulsa la modernizaci\u00f3n y la accesibilidad del Museo del Vino de Las Manchas"}]},{"@type":"WebSite","@id":"https:\/\/www.aridane.org\/city\/#website","url":"https:\/\/www.aridane.org\/city\/","name":"Ayuntamiento de Los Llanos de Aridane","description":"","potentialAction":[{"@type":"SearchAction","target":{"@type":"EntryPoint","urlTemplate":"https:\/\/www.aridane.org\/city\/?s={search_term_string}"},"query-input":"required name=search_term_string"}],"inLanguage":"es"},{"@type":"Person","@id":"https:\/\/www.aridane.org\/city\/#\/schema\/person\/89ebd376b223dc94cc1dbcf200c8e6da","name":"Corresponsal","image":{"@type":"ImageObject","inLanguage":"es","@id":"https:\/\/www.aridane.org\/city\/#\/schema\/person\/image\/","url":"https:\/\/secure.gravatar.com\/avatar\/1c476992411e4ccf153da63b2b2f5ea0bb4cb1c85f3ceab8512f04325ad5579c?s=96&d=mm&r=g","contentUrl":"https:\/\/secure.gravatar.com\/avatar\/1c476992411e4ccf153da63b2b2f5ea0bb4cb1c85f3ceab8512f04325ad5579c?s=96&d=mm&r=g","caption":"Corresponsal"},"url":"https:\/\/www.aridane.org\/city\/author\/corresponsal\/"}]}},"_links":{"self":[{"href":"https:\/\/www.aridane.org\/city\/wp-json\/wp\/v2\/posts\/4669","targetHints":{"allow":["GET"]}}],"collection":[{"href":"https:\/\/www.aridane.org\/city\/wp-json\/wp\/v2\/posts"}],"about":[{"href":"https:\/\/www.aridane.org\/city\/wp-json\/wp\/v2\/types\/post"}],"author":[{"embeddable":true,"href":"https:\/\/www.aridane.org\/city\/wp-json\/wp\/v2\/users\/4"}],"replies":[{"embeddable":true,"href":"https:\/\/www.aridane.org\/city\/wp-json\/wp\/v2\/comments?post=4669"}],"version-history":[{"count":1,"href":"https:\/\/www.aridane.org\/city\/wp-json\/wp\/v2\/posts\/4669\/revisions"}],"predecessor-version":[{"id":4672,"href":"https:\/\/www.aridane.org\/city\/wp-json\/wp\/v2\/posts\/4669\/revisions\/4672"}],"wp:featuredmedia":[{"embeddable":true,"href":"https:\/\/www.aridane.org\/city\/wp-json\/wp\/v2\/media\/4670"}],"wp:attachment":[{"href":"https:\/\/www.aridane.org\/city\/wp-json\/wp\/v2\/media?parent=4669"}],"wp:term":[{"taxonomy":"category","embeddable":true,"href":"https:\/\/www.aridane.org\/city\/wp-json\/wp\/v2\/categories?post=4669"},{"taxonomy":"post_tag","embeddable":true,"href":"https:\/\/www.aridane.org\/city\/wp-json\/wp\/v2\/tags?post=4669"}],"curies":[{"name":"wp","href":"https:\/\/api.w.org\/{rel}","templated":true}]}}