{"id":4677,"date":"2025-08-12T10:08:56","date_gmt":"2025-08-12T10:08:56","guid":{"rendered":"https:\/\/www.aridane.org\/city\/?p=4677"},"modified":"2025-08-12T10:09:21","modified_gmt":"2025-08-12T10:09:21","slug":"puerto-naos-se-transforma-en-un-gran-espacio-gastronomico-y-cultural-el-16-de-agosto","status":"publish","type":"post","link":"https:\/\/www.aridane.org\/city\/2025\/08\/12\/puerto-naos-se-transforma-en-un-gran-espacio-gastronomico-y-cultural-el-16-de-agosto\/","title":{"rendered":"Puerto Naos se transforma en un gran espacio gastron\u00f3mico y cultural el 16 de agosto"},"content":{"rendered":"<p><em>En el evento Gastronaos se podr\u00e1 disfrutar de una variada oferta gastron\u00f3mica con tapas, platos tradicionales, vinos de la isla, cervezas artesanales y otros productos locales<\/em><!--more--><\/p>\n<div id=\"v1forwardbody1\">\n<p>El Ayuntamiento de Los Llanos de Aridane, en colaboraci\u00f3n con la C\u00e1mara de Comercio de La Palma, organiza Gastronaos, un evento que convertir\u00e1 la avenida de Puerto Naos en un gran espacio gastron\u00f3mico y cultural. La cita, de acceso gratuito, se celebrar\u00e1 el s\u00e1bado 16 de agosto, de 12:00 a 22:00 horas.<\/p>\n<p>La concejala de Desarrollo Local, Ver\u00f3nica Gonz\u00e1lez, anima a la ciudadan\u00eda a participar en esta nueva propuesta. \u201cSe celebra en un entorno inmejorable y en un momento en el que trabajamos para dinamizar y recuperar la actividad en nuestro barrio costero. Invitamos a vecinos, vecinas y visitantes a disfrutar del evento\u201d, destaca.<\/p>\n<p>Por su parte, el alcalde, Javier Llamas, subraya el compromiso del Ayuntamiento con la revitalizaci\u00f3n de Puerto Naos. \u201cLos esfuerzos administrativos por reabrir nuestro barrio se complementan con el trabajo conjunto que realizamos con instituciones, empresarios y emprendedores para que nuestra costa sea un referente en toda Canarias. Gastronaos es una apuesta m\u00e1s en esa direcci\u00f3n\u201d, afirma.<\/p>\n<h3><strong>Sobre Gastronaos<\/strong><\/h3>\n<p>Durante Gastronaos, Puerto Naos se llenar\u00e1 de sabor, m\u00fasica y actividad durante toda la jornada. Las personas asistentes podr\u00e1n disfrutar de una variada oferta gastron\u00f3mica con tapas, platos tradicionales, vinos de la isla, cervezas artesanales y otros productos locales, elaborados y servidos por establecimientos del municipio y de la isla.<\/p>\n<p>La programaci\u00f3n se completa con actividades culturales y de ocio pensadas para todos los p\u00fablicos, que incluyen actuaciones en directo de la Escuela de Folclore de Los Llanos de Aridane, sesiones de DJ desde el mediod\u00eda hasta la noche y varios talleres gastron\u00f3micos. Entre ellos, un taller infantil y familiar con Zulay, catas dirigidas al p\u00fablico adulto, una formaci\u00f3n impartida por la C\u00e1mara de Comercio y una actividad dedicada al gofio, en colaboraci\u00f3n con La Ca\u00f1a.<\/p>\n<p>Como incentivo adicional, se realizar\u00e1n sorteos de bonos de experiencias y productos locales, con el objetivo de seguir fomentando el consumo de proximidad y dinamizar la econom\u00eda del municipio.<\/p>\n<\/div>\n","protected":false},"excerpt":{"rendered":"<p>En el evento Gastronaos se podr\u00e1 disfrutar de una variada oferta gastron\u00f3mica con tapas, platos tradicionales, vinos de la isla, cervezas artesanales y otros productos locales<\/p>\n","protected":false},"author":4,"featured_media":4678,"comment_status":"open","ping_status":"open","sticky":false,"template":"","format":"standard","meta":{"footnotes":""},"categories":[1],"tags":[],"class_list":["post-4677","post","type-post","status-publish","format-standard","has-post-thumbnail","hentry","category-sin-categoria"],"yoast_head":"<!-- This site is optimized with the Yoast SEO plugin v22.7 - https:\/\/yoast.com\/wordpress\/plugins\/seo\/ -->\n<title>Puerto Naos se transforma en un gran espacio gastron\u00f3mico y cultural el 16 de agosto - Ayuntamiento de Los Llanos de Aridane<\/title>\n<meta name=\"robots\" content=\"index, follow, max-snippet:-1, max-image-preview:large, max-video-preview:-1\" \/>\n<link rel=\"canonical\" href=\"https:\/\/www.aridane.org\/city\/2025\/08\/12\/puerto-naos-se-transforma-en-un-gran-espacio-gastronomico-y-cultural-el-16-de-agosto\/\" \/>\n<meta property=\"og:locale\" content=\"es_ES\" \/>\n<meta property=\"og:type\" content=\"article\" \/>\n<meta property=\"og:title\" content=\"Puerto Naos se transforma en un gran espacio gastron\u00f3mico y cultural el 16 de agosto - Ayuntamiento de Los Llanos de Aridane\" \/>\n<meta property=\"og:description\" content=\"En el evento Gastronaos se podr\u00e1 disfrutar de una variada oferta gastron\u00f3mica con tapas, platos tradicionales, vinos de la isla, cervezas artesanales y otros productos locales\" \/>\n<meta property=\"og:url\" content=\"https:\/\/www.aridane.org\/city\/2025\/08\/12\/puerto-naos-se-transforma-en-un-gran-espacio-gastronomico-y-cultural-el-16-de-agosto\/\" \/>\n<meta property=\"og:site_name\" content=\"Ayuntamiento de Los Llanos de Aridane\" \/>\n<meta property=\"article:published_time\" content=\"2025-08-12T10:08:56+00:00\" \/>\n<meta property=\"article:modified_time\" content=\"2025-08-12T10:09:21+00:00\" \/>\n<meta property=\"og:image\" content=\"https:\/\/www.aridane.org\/city\/wp-content\/uploads\/2025\/08\/gastronaos.jpeg\" \/>\n\t<meta property=\"og:image:width\" content=\"1131\" \/>\n\t<meta property=\"og:image:height\" content=\"1600\" \/>\n\t<meta property=\"og:image:type\" content=\"image\/jpeg\" \/>\n<meta name=\"author\" content=\"Corresponsal\" \/>\n<meta name=\"twitter:card\" content=\"summary_large_image\" \/>\n<meta name=\"twitter:label1\" content=\"Escrito por\" \/>\n\t<meta name=\"twitter:data1\" content=\"Corresponsal\" \/>\n\t<meta name=\"twitter:label2\" content=\"Tiempo de lectura\" \/>\n\t<meta name=\"twitter:data2\" content=\"2 minutos\" \/>\n<script type=\"application\/ld+json\" class=\"yoast-schema-graph\">{\"@context\":\"https:\/\/schema.org\",\"@graph\":[{\"@type\":\"WebPage\",\"@id\":\"https:\/\/www.aridane.org\/city\/2025\/08\/12\/puerto-naos-se-transforma-en-un-gran-espacio-gastronomico-y-cultural-el-16-de-agosto\/\",\"url\":\"https:\/\/www.aridane.org\/city\/2025\/08\/12\/puerto-naos-se-transforma-en-un-gran-espacio-gastronomico-y-cultural-el-16-de-agosto\/\",\"name\":\"Puerto Naos se transforma en un gran espacio gastron\u00f3mico y cultural el 16 de agosto - Ayuntamiento de Los Llanos de Aridane\",\"isPartOf\":{\"@id\":\"https:\/\/www.aridane.org\/city\/#website\"},\"primaryImageOfPage\":{\"@id\":\"https:\/\/www.aridane.org\/city\/2025\/08\/12\/puerto-naos-se-transforma-en-un-gran-espacio-gastronomico-y-cultural-el-16-de-agosto\/#primaryimage\"},\"image\":{\"@id\":\"https:\/\/www.aridane.org\/city\/2025\/08\/12\/puerto-naos-se-transforma-en-un-gran-espacio-gastronomico-y-cultural-el-16-de-agosto\/#primaryimage\"},\"thumbnailUrl\":\"https:\/\/www.aridane.org\/city\/wp-content\/uploads\/2025\/08\/gastronaos.jpeg\",\"datePublished\":\"2025-08-12T10:08:56+00:00\",\"dateModified\":\"2025-08-12T10:09:21+00:00\",\"author\":{\"@id\":\"https:\/\/www.aridane.org\/city\/#\/schema\/person\/89ebd376b223dc94cc1dbcf200c8e6da\"},\"breadcrumb\":{\"@id\":\"https:\/\/www.aridane.org\/city\/2025\/08\/12\/puerto-naos-se-transforma-en-un-gran-espacio-gastronomico-y-cultural-el-16-de-agosto\/#breadcrumb\"},\"inLanguage\":\"es\",\"potentialAction\":[{\"@type\":\"ReadAction\",\"target\":[\"https:\/\/www.aridane.org\/city\/2025\/08\/12\/puerto-naos-se-transforma-en-un-gran-espacio-gastronomico-y-cultural-el-16-de-agosto\/\"]}]},{\"@type\":\"ImageObject\",\"inLanguage\":\"es\",\"@id\":\"https:\/\/www.aridane.org\/city\/2025\/08\/12\/puerto-naos-se-transforma-en-un-gran-espacio-gastronomico-y-cultural-el-16-de-agosto\/#primaryimage\",\"url\":\"https:\/\/www.aridane.org\/city\/wp-content\/uploads\/2025\/08\/gastronaos.jpeg\",\"contentUrl\":\"https:\/\/www.aridane.org\/city\/wp-content\/uploads\/2025\/08\/gastronaos.jpeg\",\"width\":1131,\"height\":1600},{\"@type\":\"BreadcrumbList\",\"@id\":\"https:\/\/www.aridane.org\/city\/2025\/08\/12\/puerto-naos-se-transforma-en-un-gran-espacio-gastronomico-y-cultural-el-16-de-agosto\/#breadcrumb\",\"itemListElement\":[{\"@type\":\"ListItem\",\"position\":1,\"name\":\"Portada\",\"item\":\"https:\/\/www.aridane.org\/city\/\"},{\"@type\":\"ListItem\",\"position\":2,\"name\":\"Puerto Naos se transforma en un gran espacio gastron\u00f3mico y cultural el 16 de agosto\"}]},{\"@type\":\"WebSite\",\"@id\":\"https:\/\/www.aridane.org\/city\/#website\",\"url\":\"https:\/\/www.aridane.org\/city\/\",\"name\":\"Ayuntamiento de Los Llanos de Aridane\",\"description\":\"\",\"potentialAction\":[{\"@type\":\"SearchAction\",\"target\":{\"@type\":\"EntryPoint\",\"urlTemplate\":\"https:\/\/www.aridane.org\/city\/?s={search_term_string}\"},\"query-input\":\"required name=search_term_string\"}],\"inLanguage\":\"es\"},{\"@type\":\"Person\",\"@id\":\"https:\/\/www.aridane.org\/city\/#\/schema\/person\/89ebd376b223dc94cc1dbcf200c8e6da\",\"name\":\"Corresponsal\",\"image\":{\"@type\":\"ImageObject\",\"inLanguage\":\"es\",\"@id\":\"https:\/\/www.aridane.org\/city\/#\/schema\/person\/image\/\",\"url\":\"https:\/\/secure.gravatar.com\/avatar\/1c476992411e4ccf153da63b2b2f5ea0bb4cb1c85f3ceab8512f04325ad5579c?s=96&d=mm&r=g\",\"contentUrl\":\"https:\/\/secure.gravatar.com\/avatar\/1c476992411e4ccf153da63b2b2f5ea0bb4cb1c85f3ceab8512f04325ad5579c?s=96&d=mm&r=g\",\"caption\":\"Corresponsal\"},\"url\":\"https:\/\/www.aridane.org\/city\/author\/corresponsal\/\"}]}<\/script>\n<!-- \/ Yoast SEO plugin. -->","yoast_head_json":{"title":"Puerto Naos se transforma en un gran espacio gastron\u00f3mico y cultural el 16 de agosto - Ayuntamiento de Los Llanos de Aridane","robots":{"index":"index","follow":"follow","max-snippet":"max-snippet:-1","max-image-preview":"max-image-preview:large","max-video-preview":"max-video-preview:-1"},"canonical":"https:\/\/www.aridane.org\/city\/2025\/08\/12\/puerto-naos-se-transforma-en-un-gran-espacio-gastronomico-y-cultural-el-16-de-agosto\/","og_locale":"es_ES","og_type":"article","og_title":"Puerto Naos se transforma en un gran espacio gastron\u00f3mico y cultural el 16 de agosto - Ayuntamiento de Los Llanos de Aridane","og_description":"En el evento Gastronaos se podr\u00e1 disfrutar de una variada oferta gastron\u00f3mica con tapas, platos tradicionales, vinos de la isla, cervezas artesanales y otros productos locales","og_url":"https:\/\/www.aridane.org\/city\/2025\/08\/12\/puerto-naos-se-transforma-en-un-gran-espacio-gastronomico-y-cultural-el-16-de-agosto\/","og_site_name":"Ayuntamiento de Los Llanos de Aridane","article_published_time":"2025-08-12T10:08:56+00:00","article_modified_time":"2025-08-12T10:09:21+00:00","og_image":[{"width":1131,"height":1600,"url":"https:\/\/www.aridane.org\/city\/wp-content\/uploads\/2025\/08\/gastronaos.jpeg","type":"image\/jpeg"}],"author":"Corresponsal","twitter_card":"summary_large_image","twitter_misc":{"Escrito por":"Corresponsal","Tiempo de lectura":"2 minutos"},"schema":{"@context":"https:\/\/schema.org","@graph":[{"@type":"WebPage","@id":"https:\/\/www.aridane.org\/city\/2025\/08\/12\/puerto-naos-se-transforma-en-un-gran-espacio-gastronomico-y-cultural-el-16-de-agosto\/","url":"https:\/\/www.aridane.org\/city\/2025\/08\/12\/puerto-naos-se-transforma-en-un-gran-espacio-gastronomico-y-cultural-el-16-de-agosto\/","name":"Puerto Naos se transforma en un gran espacio gastron\u00f3mico y cultural el 16 de agosto - Ayuntamiento de Los Llanos de Aridane","isPartOf":{"@id":"https:\/\/www.aridane.org\/city\/#website"},"primaryImageOfPage":{"@id":"https:\/\/www.aridane.org\/city\/2025\/08\/12\/puerto-naos-se-transforma-en-un-gran-espacio-gastronomico-y-cultural-el-16-de-agosto\/#primaryimage"},"image":{"@id":"https:\/\/www.aridane.org\/city\/2025\/08\/12\/puerto-naos-se-transforma-en-un-gran-espacio-gastronomico-y-cultural-el-16-de-agosto\/#primaryimage"},"thumbnailUrl":"https:\/\/www.aridane.org\/city\/wp-content\/uploads\/2025\/08\/gastronaos.jpeg","datePublished":"2025-08-12T10:08:56+00:00","dateModified":"2025-08-12T10:09:21+00:00","author":{"@id":"https:\/\/www.aridane.org\/city\/#\/schema\/person\/89ebd376b223dc94cc1dbcf200c8e6da"},"breadcrumb":{"@id":"https:\/\/www.aridane.org\/city\/2025\/08\/12\/puerto-naos-se-transforma-en-un-gran-espacio-gastronomico-y-cultural-el-16-de-agosto\/#breadcrumb"},"inLanguage":"es","potentialAction":[{"@type":"ReadAction","target":["https:\/\/www.aridane.org\/city\/2025\/08\/12\/puerto-naos-se-transforma-en-un-gran-espacio-gastronomico-y-cultural-el-16-de-agosto\/"]}]},{"@type":"ImageObject","inLanguage":"es","@id":"https:\/\/www.aridane.org\/city\/2025\/08\/12\/puerto-naos-se-transforma-en-un-gran-espacio-gastronomico-y-cultural-el-16-de-agosto\/#primaryimage","url":"https:\/\/www.aridane.org\/city\/wp-content\/uploads\/2025\/08\/gastronaos.jpeg","contentUrl":"https:\/\/www.aridane.org\/city\/wp-content\/uploads\/2025\/08\/gastronaos.jpeg","width":1131,"height":1600},{"@type":"BreadcrumbList","@id":"https:\/\/www.aridane.org\/city\/2025\/08\/12\/puerto-naos-se-transforma-en-un-gran-espacio-gastronomico-y-cultural-el-16-de-agosto\/#breadcrumb","itemListElement":[{"@type":"ListItem","position":1,"name":"Portada","item":"https:\/\/www.aridane.org\/city\/"},{"@type":"ListItem","position":2,"name":"Puerto Naos se transforma en un gran espacio gastron\u00f3mico y cultural el 16 de agosto"}]},{"@type":"WebSite","@id":"https:\/\/www.aridane.org\/city\/#website","url":"https:\/\/www.aridane.org\/city\/","name":"Ayuntamiento de Los Llanos de Aridane","description":"","potentialAction":[{"@type":"SearchAction","target":{"@type":"EntryPoint","urlTemplate":"https:\/\/www.aridane.org\/city\/?s={search_term_string}"},"query-input":"required name=search_term_string"}],"inLanguage":"es"},{"@type":"Person","@id":"https:\/\/www.aridane.org\/city\/#\/schema\/person\/89ebd376b223dc94cc1dbcf200c8e6da","name":"Corresponsal","image":{"@type":"ImageObject","inLanguage":"es","@id":"https:\/\/www.aridane.org\/city\/#\/schema\/person\/image\/","url":"https:\/\/secure.gravatar.com\/avatar\/1c476992411e4ccf153da63b2b2f5ea0bb4cb1c85f3ceab8512f04325ad5579c?s=96&d=mm&r=g","contentUrl":"https:\/\/secure.gravatar.com\/avatar\/1c476992411e4ccf153da63b2b2f5ea0bb4cb1c85f3ceab8512f04325ad5579c?s=96&d=mm&r=g","caption":"Corresponsal"},"url":"https:\/\/www.aridane.org\/city\/author\/corresponsal\/"}]}},"_links":{"self":[{"href":"https:\/\/www.aridane.org\/city\/wp-json\/wp\/v2\/posts\/4677","targetHints":{"allow":["GET"]}}],"collection":[{"href":"https:\/\/www.aridane.org\/city\/wp-json\/wp\/v2\/posts"}],"about":[{"href":"https:\/\/www.aridane.org\/city\/wp-json\/wp\/v2\/types\/post"}],"author":[{"embeddable":true,"href":"https:\/\/www.aridane.org\/city\/wp-json\/wp\/v2\/users\/4"}],"replies":[{"embeddable":true,"href":"https:\/\/www.aridane.org\/city\/wp-json\/wp\/v2\/comments?post=4677"}],"version-history":[{"count":1,"href":"https:\/\/www.aridane.org\/city\/wp-json\/wp\/v2\/posts\/4677\/revisions"}],"predecessor-version":[{"id":4679,"href":"https:\/\/www.aridane.org\/city\/wp-json\/wp\/v2\/posts\/4677\/revisions\/4679"}],"wp:featuredmedia":[{"embeddable":true,"href":"https:\/\/www.aridane.org\/city\/wp-json\/wp\/v2\/media\/4678"}],"wp:attachment":[{"href":"https:\/\/www.aridane.org\/city\/wp-json\/wp\/v2\/media?parent=4677"}],"wp:term":[{"taxonomy":"category","embeddable":true,"href":"https:\/\/www.aridane.org\/city\/wp-json\/wp\/v2\/categories?post=4677"},{"taxonomy":"post_tag","embeddable":true,"href":"https:\/\/www.aridane.org\/city\/wp-json\/wp\/v2\/tags?post=4677"}],"curies":[{"name":"wp","href":"https:\/\/api.w.org\/{rel}","templated":true}]}}