{"id":4680,"date":"2025-08-11T10:09:22","date_gmt":"2025-08-11T10:09:22","guid":{"rendered":"https:\/\/www.aridane.org\/city\/?p=4680"},"modified":"2025-08-12T10:10:48","modified_gmt":"2025-08-12T10:10:48","slug":"los-llanos-de-aridane-abre-este-lunes-la-fase-de-propuestas-de-los-presupuestos-participativos-2025","status":"publish","type":"post","link":"https:\/\/www.aridane.org\/city\/2025\/08\/11\/los-llanos-de-aridane-abre-este-lunes-la-fase-de-propuestas-de-los-presupuestos-participativos-2025\/","title":{"rendered":"Los Llanos de Aridane abre este lunes la fase de propuestas de los Presupuestos Participativos 2025"},"content":{"rendered":"<p><em>Podr\u00e1n presentar propuestas las personas mayores de 16 a\u00f1os y las entidades ciudadanas registradas interesadas en mejorar el municipio<\/em><!--more--><\/p>\n<p>El Ayuntamiento de Los Llanos de Aridane inicia el proceso de Presupuestos Participativos 2025 con la apertura de la fase de presentaci\u00f3n de propuestas. Esta estar\u00e1 disponible desde este lunes, 11 de agosto, hasta el martes, 9 de septiembre, a trav\u00e9s de la p\u00e1gina web municipal.<\/p>\n<p>El concejal de Participaci\u00f3n Ciudadana, Ar\u00f3n Le\u00f3n, explica que este proceso permite a la poblaci\u00f3n participar de manera directa en la gesti\u00f3n de una parte del presupuesto municipal.<\/p>\n<p>\u201cLa ciudadan\u00eda podr\u00e1 decidir el destino de 300.000 euros en inversiones que se ejecutar\u00e1n a lo largo de 2026. El objetivo es fomentar una administraci\u00f3n m\u00e1s abierta, transparente y cercana a las necesidades reales del municipio\u201d, se\u00f1ala.<\/p>\n<p>En este sentido, el alcalde, Javier Llamas, pone en valor el incremento de la partida en 50.000 euros respecto al ejercicio anterior. \u201cEste incremento nos permite financiar m\u00e1s y mejores proyectos propuestos por la ciudadan\u00eda, lo que redundar\u00e1 en un mayor impacto en el municipio y en la implicaci\u00f3n vecinal\u201d, se\u00f1ala.<\/p>\n<p>Podr\u00e1n presentar propuestas todas las personas mayores de 16 a\u00f1os empadronadas en el municipio, as\u00ed como cualquier persona interesada en la mejora de Los Llanos de Aridane. Tambi\u00e9n podr\u00e1n participar las entidades ciudadanas inscritas y al d\u00eda en el Registro Municipal de Entidades Ciudadanas.<\/p>\n<p>El Presupuesto Participativo es una herramienta de democracia participativa que permite plantear proyectos concretos para mejorar Los Llanos de Aridane, y posteriormente, priorizar entre todas las propuestas aquellas que la comunidad considere m\u00e1s \u00fatiles o relevantes.<\/p>\n<p>Con esta iniciativa el Ayuntamiento busca promover la participaci\u00f3n directa de la ciudadan\u00eda, favorecer el protagonismo activo en los asuntos p\u00fablicos, buscar soluciones a problemas reales, fomentar el di\u00e1logo entre vecinos y administraci\u00f3n, y fortalecer el consenso en torno al uso de los recursos p\u00fablicos.<\/p>\n<p>La ciudadan\u00eda podr\u00e1 seguir las distintas fases del proceso a trav\u00e9s de los canales oficiales del Ayuntamiento, donde tambi\u00e9n se facilitar\u00e1 informaci\u00f3n detallada sobre c\u00f3mo participar.<\/p>\n","protected":false},"excerpt":{"rendered":"<p>Podr\u00e1n presentar propuestas las personas mayores de 16 a\u00f1os y las entidades ciudadanas registradas interesadas en mejorar el municipio<\/p>\n","protected":false},"author":4,"featured_media":4681,"comment_status":"open","ping_status":"open","sticky":false,"template":"","format":"standard","meta":{"footnotes":""},"categories":[1],"tags":[],"class_list":["post-4680","post","type-post","status-publish","format-standard","has-post-thumbnail","hentry","category-sin-categoria"],"yoast_head":"<!-- This site is optimized with the Yoast SEO plugin v22.7 - https:\/\/yoast.com\/wordpress\/plugins\/seo\/ -->\n<title>Los Llanos de Aridane abre este lunes la fase de propuestas de los Presupuestos Participativos 2025 - Ayuntamiento de Los Llanos de Aridane<\/title>\n<meta name=\"robots\" content=\"index, follow, max-snippet:-1, max-image-preview:large, max-video-preview:-1\" \/>\n<link rel=\"canonical\" href=\"https:\/\/www.aridane.org\/city\/2025\/08\/11\/los-llanos-de-aridane-abre-este-lunes-la-fase-de-propuestas-de-los-presupuestos-participativos-2025\/\" \/>\n<meta property=\"og:locale\" content=\"es_ES\" \/>\n<meta property=\"og:type\" content=\"article\" \/>\n<meta property=\"og:title\" content=\"Los Llanos de Aridane abre este lunes la fase de propuestas de los Presupuestos Participativos 2025 - Ayuntamiento de Los Llanos de Aridane\" \/>\n<meta property=\"og:description\" content=\"Podr\u00e1n presentar propuestas las personas mayores de 16 a\u00f1os y las entidades ciudadanas registradas interesadas en mejorar el municipio\" \/>\n<meta property=\"og:url\" content=\"https:\/\/www.aridane.org\/city\/2025\/08\/11\/los-llanos-de-aridane-abre-este-lunes-la-fase-de-propuestas-de-los-presupuestos-participativos-2025\/\" \/>\n<meta property=\"og:site_name\" content=\"Ayuntamiento de Los Llanos de Aridane\" \/>\n<meta property=\"article:published_time\" content=\"2025-08-11T10:09:22+00:00\" \/>\n<meta property=\"article:modified_time\" content=\"2025-08-12T10:10:48+00:00\" \/>\n<meta property=\"og:image\" content=\"https:\/\/www.aridane.org\/city\/wp-content\/uploads\/2025\/08\/Javier-y-Aron-3-1-scaled.jpeg\" \/>\n\t<meta property=\"og:image:width\" content=\"2560\" \/>\n\t<meta property=\"og:image:height\" content=\"1920\" \/>\n\t<meta property=\"og:image:type\" content=\"image\/jpeg\" \/>\n<meta name=\"author\" content=\"Corresponsal\" \/>\n<meta name=\"twitter:card\" content=\"summary_large_image\" \/>\n<meta name=\"twitter:label1\" content=\"Escrito por\" \/>\n\t<meta name=\"twitter:data1\" content=\"Corresponsal\" \/>\n\t<meta name=\"twitter:label2\" content=\"Tiempo de lectura\" \/>\n\t<meta name=\"twitter:data2\" content=\"2 minutos\" \/>\n<script type=\"application\/ld+json\" class=\"yoast-schema-graph\">{\"@context\":\"https:\/\/schema.org\",\"@graph\":[{\"@type\":\"WebPage\",\"@id\":\"https:\/\/www.aridane.org\/city\/2025\/08\/11\/los-llanos-de-aridane-abre-este-lunes-la-fase-de-propuestas-de-los-presupuestos-participativos-2025\/\",\"url\":\"https:\/\/www.aridane.org\/city\/2025\/08\/11\/los-llanos-de-aridane-abre-este-lunes-la-fase-de-propuestas-de-los-presupuestos-participativos-2025\/\",\"name\":\"Los Llanos de Aridane abre este lunes la fase de propuestas de los Presupuestos Participativos 2025 - Ayuntamiento de Los Llanos de Aridane\",\"isPartOf\":{\"@id\":\"https:\/\/www.aridane.org\/city\/#website\"},\"primaryImageOfPage\":{\"@id\":\"https:\/\/www.aridane.org\/city\/2025\/08\/11\/los-llanos-de-aridane-abre-este-lunes-la-fase-de-propuestas-de-los-presupuestos-participativos-2025\/#primaryimage\"},\"image\":{\"@id\":\"https:\/\/www.aridane.org\/city\/2025\/08\/11\/los-llanos-de-aridane-abre-este-lunes-la-fase-de-propuestas-de-los-presupuestos-participativos-2025\/#primaryimage\"},\"thumbnailUrl\":\"https:\/\/www.aridane.org\/city\/wp-content\/uploads\/2025\/08\/Javier-y-Aron-3-1-scaled.jpeg\",\"datePublished\":\"2025-08-11T10:09:22+00:00\",\"dateModified\":\"2025-08-12T10:10:48+00:00\",\"author\":{\"@id\":\"https:\/\/www.aridane.org\/city\/#\/schema\/person\/89ebd376b223dc94cc1dbcf200c8e6da\"},\"breadcrumb\":{\"@id\":\"https:\/\/www.aridane.org\/city\/2025\/08\/11\/los-llanos-de-aridane-abre-este-lunes-la-fase-de-propuestas-de-los-presupuestos-participativos-2025\/#breadcrumb\"},\"inLanguage\":\"es\",\"potentialAction\":[{\"@type\":\"ReadAction\",\"target\":[\"https:\/\/www.aridane.org\/city\/2025\/08\/11\/los-llanos-de-aridane-abre-este-lunes-la-fase-de-propuestas-de-los-presupuestos-participativos-2025\/\"]}]},{\"@type\":\"ImageObject\",\"inLanguage\":\"es\",\"@id\":\"https:\/\/www.aridane.org\/city\/2025\/08\/11\/los-llanos-de-aridane-abre-este-lunes-la-fase-de-propuestas-de-los-presupuestos-participativos-2025\/#primaryimage\",\"url\":\"https:\/\/www.aridane.org\/city\/wp-content\/uploads\/2025\/08\/Javier-y-Aron-3-1-scaled.jpeg\",\"contentUrl\":\"https:\/\/www.aridane.org\/city\/wp-content\/uploads\/2025\/08\/Javier-y-Aron-3-1-scaled.jpeg\",\"width\":2560,\"height\":1920},{\"@type\":\"BreadcrumbList\",\"@id\":\"https:\/\/www.aridane.org\/city\/2025\/08\/11\/los-llanos-de-aridane-abre-este-lunes-la-fase-de-propuestas-de-los-presupuestos-participativos-2025\/#breadcrumb\",\"itemListElement\":[{\"@type\":\"ListItem\",\"position\":1,\"name\":\"Portada\",\"item\":\"https:\/\/www.aridane.org\/city\/\"},{\"@type\":\"ListItem\",\"position\":2,\"name\":\"Los Llanos de Aridane abre este lunes la fase de propuestas de los Presupuestos Participativos 2025\"}]},{\"@type\":\"WebSite\",\"@id\":\"https:\/\/www.aridane.org\/city\/#website\",\"url\":\"https:\/\/www.aridane.org\/city\/\",\"name\":\"Ayuntamiento de Los Llanos de Aridane\",\"description\":\"\",\"potentialAction\":[{\"@type\":\"SearchAction\",\"target\":{\"@type\":\"EntryPoint\",\"urlTemplate\":\"https:\/\/www.aridane.org\/city\/?s={search_term_string}\"},\"query-input\":\"required name=search_term_string\"}],\"inLanguage\":\"es\"},{\"@type\":\"Person\",\"@id\":\"https:\/\/www.aridane.org\/city\/#\/schema\/person\/89ebd376b223dc94cc1dbcf200c8e6da\",\"name\":\"Corresponsal\",\"image\":{\"@type\":\"ImageObject\",\"inLanguage\":\"es\",\"@id\":\"https:\/\/www.aridane.org\/city\/#\/schema\/person\/image\/\",\"url\":\"https:\/\/secure.gravatar.com\/avatar\/1c476992411e4ccf153da63b2b2f5ea0bb4cb1c85f3ceab8512f04325ad5579c?s=96&d=mm&r=g\",\"contentUrl\":\"https:\/\/secure.gravatar.com\/avatar\/1c476992411e4ccf153da63b2b2f5ea0bb4cb1c85f3ceab8512f04325ad5579c?s=96&d=mm&r=g\",\"caption\":\"Corresponsal\"},\"url\":\"https:\/\/www.aridane.org\/city\/author\/corresponsal\/\"}]}<\/script>\n<!-- \/ Yoast SEO plugin. -->","yoast_head_json":{"title":"Los Llanos de Aridane abre este lunes la fase de propuestas de los Presupuestos Participativos 2025 - Ayuntamiento de Los Llanos de Aridane","robots":{"index":"index","follow":"follow","max-snippet":"max-snippet:-1","max-image-preview":"max-image-preview:large","max-video-preview":"max-video-preview:-1"},"canonical":"https:\/\/www.aridane.org\/city\/2025\/08\/11\/los-llanos-de-aridane-abre-este-lunes-la-fase-de-propuestas-de-los-presupuestos-participativos-2025\/","og_locale":"es_ES","og_type":"article","og_title":"Los Llanos de Aridane abre este lunes la fase de propuestas de los Presupuestos Participativos 2025 - Ayuntamiento de Los Llanos de Aridane","og_description":"Podr\u00e1n presentar propuestas las personas mayores de 16 a\u00f1os y las entidades ciudadanas registradas interesadas en mejorar el municipio","og_url":"https:\/\/www.aridane.org\/city\/2025\/08\/11\/los-llanos-de-aridane-abre-este-lunes-la-fase-de-propuestas-de-los-presupuestos-participativos-2025\/","og_site_name":"Ayuntamiento de Los Llanos de Aridane","article_published_time":"2025-08-11T10:09:22+00:00","article_modified_time":"2025-08-12T10:10:48+00:00","og_image":[{"width":2560,"height":1920,"url":"https:\/\/www.aridane.org\/city\/wp-content\/uploads\/2025\/08\/Javier-y-Aron-3-1-scaled.jpeg","type":"image\/jpeg"}],"author":"Corresponsal","twitter_card":"summary_large_image","twitter_misc":{"Escrito por":"Corresponsal","Tiempo de lectura":"2 minutos"},"schema":{"@context":"https:\/\/schema.org","@graph":[{"@type":"WebPage","@id":"https:\/\/www.aridane.org\/city\/2025\/08\/11\/los-llanos-de-aridane-abre-este-lunes-la-fase-de-propuestas-de-los-presupuestos-participativos-2025\/","url":"https:\/\/www.aridane.org\/city\/2025\/08\/11\/los-llanos-de-aridane-abre-este-lunes-la-fase-de-propuestas-de-los-presupuestos-participativos-2025\/","name":"Los Llanos de Aridane abre este lunes la fase de propuestas de los Presupuestos Participativos 2025 - Ayuntamiento de Los Llanos de Aridane","isPartOf":{"@id":"https:\/\/www.aridane.org\/city\/#website"},"primaryImageOfPage":{"@id":"https:\/\/www.aridane.org\/city\/2025\/08\/11\/los-llanos-de-aridane-abre-este-lunes-la-fase-de-propuestas-de-los-presupuestos-participativos-2025\/#primaryimage"},"image":{"@id":"https:\/\/www.aridane.org\/city\/2025\/08\/11\/los-llanos-de-aridane-abre-este-lunes-la-fase-de-propuestas-de-los-presupuestos-participativos-2025\/#primaryimage"},"thumbnailUrl":"https:\/\/www.aridane.org\/city\/wp-content\/uploads\/2025\/08\/Javier-y-Aron-3-1-scaled.jpeg","datePublished":"2025-08-11T10:09:22+00:00","dateModified":"2025-08-12T10:10:48+00:00","author":{"@id":"https:\/\/www.aridane.org\/city\/#\/schema\/person\/89ebd376b223dc94cc1dbcf200c8e6da"},"breadcrumb":{"@id":"https:\/\/www.aridane.org\/city\/2025\/08\/11\/los-llanos-de-aridane-abre-este-lunes-la-fase-de-propuestas-de-los-presupuestos-participativos-2025\/#breadcrumb"},"inLanguage":"es","potentialAction":[{"@type":"ReadAction","target":["https:\/\/www.aridane.org\/city\/2025\/08\/11\/los-llanos-de-aridane-abre-este-lunes-la-fase-de-propuestas-de-los-presupuestos-participativos-2025\/"]}]},{"@type":"ImageObject","inLanguage":"es","@id":"https:\/\/www.aridane.org\/city\/2025\/08\/11\/los-llanos-de-aridane-abre-este-lunes-la-fase-de-propuestas-de-los-presupuestos-participativos-2025\/#primaryimage","url":"https:\/\/www.aridane.org\/city\/wp-content\/uploads\/2025\/08\/Javier-y-Aron-3-1-scaled.jpeg","contentUrl":"https:\/\/www.aridane.org\/city\/wp-content\/uploads\/2025\/08\/Javier-y-Aron-3-1-scaled.jpeg","width":2560,"height":1920},{"@type":"BreadcrumbList","@id":"https:\/\/www.aridane.org\/city\/2025\/08\/11\/los-llanos-de-aridane-abre-este-lunes-la-fase-de-propuestas-de-los-presupuestos-participativos-2025\/#breadcrumb","itemListElement":[{"@type":"ListItem","position":1,"name":"Portada","item":"https:\/\/www.aridane.org\/city\/"},{"@type":"ListItem","position":2,"name":"Los Llanos de Aridane abre este lunes la fase de propuestas de los Presupuestos Participativos 2025"}]},{"@type":"WebSite","@id":"https:\/\/www.aridane.org\/city\/#website","url":"https:\/\/www.aridane.org\/city\/","name":"Ayuntamiento de Los Llanos de Aridane","description":"","potentialAction":[{"@type":"SearchAction","target":{"@type":"EntryPoint","urlTemplate":"https:\/\/www.aridane.org\/city\/?s={search_term_string}"},"query-input":"required name=search_term_string"}],"inLanguage":"es"},{"@type":"Person","@id":"https:\/\/www.aridane.org\/city\/#\/schema\/person\/89ebd376b223dc94cc1dbcf200c8e6da","name":"Corresponsal","image":{"@type":"ImageObject","inLanguage":"es","@id":"https:\/\/www.aridane.org\/city\/#\/schema\/person\/image\/","url":"https:\/\/secure.gravatar.com\/avatar\/1c476992411e4ccf153da63b2b2f5ea0bb4cb1c85f3ceab8512f04325ad5579c?s=96&d=mm&r=g","contentUrl":"https:\/\/secure.gravatar.com\/avatar\/1c476992411e4ccf153da63b2b2f5ea0bb4cb1c85f3ceab8512f04325ad5579c?s=96&d=mm&r=g","caption":"Corresponsal"},"url":"https:\/\/www.aridane.org\/city\/author\/corresponsal\/"}]}},"_links":{"self":[{"href":"https:\/\/www.aridane.org\/city\/wp-json\/wp\/v2\/posts\/4680","targetHints":{"allow":["GET"]}}],"collection":[{"href":"https:\/\/www.aridane.org\/city\/wp-json\/wp\/v2\/posts"}],"about":[{"href":"https:\/\/www.aridane.org\/city\/wp-json\/wp\/v2\/types\/post"}],"author":[{"embeddable":true,"href":"https:\/\/www.aridane.org\/city\/wp-json\/wp\/v2\/users\/4"}],"replies":[{"embeddable":true,"href":"https:\/\/www.aridane.org\/city\/wp-json\/wp\/v2\/comments?post=4680"}],"version-history":[{"count":1,"href":"https:\/\/www.aridane.org\/city\/wp-json\/wp\/v2\/posts\/4680\/revisions"}],"predecessor-version":[{"id":4682,"href":"https:\/\/www.aridane.org\/city\/wp-json\/wp\/v2\/posts\/4680\/revisions\/4682"}],"wp:featuredmedia":[{"embeddable":true,"href":"https:\/\/www.aridane.org\/city\/wp-json\/wp\/v2\/media\/4681"}],"wp:attachment":[{"href":"https:\/\/www.aridane.org\/city\/wp-json\/wp\/v2\/media?parent=4680"}],"wp:term":[{"taxonomy":"category","embeddable":true,"href":"https:\/\/www.aridane.org\/city\/wp-json\/wp\/v2\/categories?post=4680"},{"taxonomy":"post_tag","embeddable":true,"href":"https:\/\/www.aridane.org\/city\/wp-json\/wp\/v2\/tags?post=4680"}],"curies":[{"name":"wp","href":"https:\/\/api.w.org\/{rel}","templated":true}]}}