{"id":4683,"date":"2025-08-07T10:11:22","date_gmt":"2025-08-07T10:11:22","guid":{"rendered":"https:\/\/www.aridane.org\/city\/?p=4683"},"modified":"2025-08-12T10:13:00","modified_gmt":"2025-08-12T10:13:00","slug":"los-llanos-de-aridane-invierte-30-000-euros-en-impulsar-el-sector-ganadero","status":"publish","type":"post","link":"https:\/\/www.aridane.org\/city\/2025\/08\/07\/los-llanos-de-aridane-invierte-30-000-euros-en-impulsar-el-sector-ganadero\/","title":{"rendered":"Los Llanos de Aridane invierte 30.000 euros en impulsar el sector ganadero\u00a0"},"content":{"rendered":"<p><em>Una l\u00ednea de ayudas que viene a estimular la fluidez de este \u00e1mbito y cubrir el aumento de los gastos de mantenimiento<\/em><!--more--><\/p>\n<p>El Ayuntamiento de Los Llanos de Aridane invierte 30.000 en una l\u00ednea de subvenciones destinada a impulsar el sector ganadero, con el objetivo principal de estimular su fluidez y cubrir el aumento de los precios que hacen m\u00e1s costoso su mantenimiento.<\/p>\n<p>El alcalde, Javier Llamas, afirma que esta l\u00ednea de ayudas \u201ces un reflejo del compromiso que tiene este grupo de gobierno de mantener y preservar el sector primario\u201d.<\/p>\n<p>\u201cTanto la agricultura como la ganader\u00eda han pasado por a\u00f1os muy complicados. La erupci\u00f3n del volc\u00e1n se llev\u00f3 muchos terrenos calificados como suelo ganadero, entre otras situaciones. Es nuestro deber como instituci\u00f3n dar ese impulso econ\u00f3mico para que puedan salir adelante\u201d, aclara Llamas.<\/p>\n<p>Por su parte, el concejal de Sector Primario, Ar\u00f3n Le\u00f3n, pone en valor el trabajo de estos ganaderos y ganaderas en un sector con tantas dificultades.<\/p>\n<p>\u201cAl no ser isla capitalina,\u00a0 este sector cobra a\u00fan m\u00e1s importancia, siguiendo el principio de la soberan\u00eda alimentaria\u201d, concluye.<\/p>\n<p>Las personas interesadas en presentar la solicitud de admisi\u00f3n pueden hacerlo hasta el pr\u00f3ximo 4 de septiembre, a trav\u00e9s de la sede electr\u00f3nica del Ayuntamiento de Los Llanos de Aridane, o bien acudiendo de forma presencial en la Oficina de Atenci\u00f3n al Ciudadano o en cualquier oficina de registro.<\/p>\n","protected":false},"excerpt":{"rendered":"<p>Una l\u00ednea de ayudas que viene a estimular la fluidez de este \u00e1mbito y cubrir el aumento de los gastos de mantenimiento<\/p>\n","protected":false},"author":4,"featured_media":4684,"comment_status":"open","ping_status":"open","sticky":false,"template":"","format":"standard","meta":{"footnotes":""},"categories":[1],"tags":[],"class_list":["post-4683","post","type-post","status-publish","format-standard","has-post-thumbnail","hentry","category-sin-categoria"],"yoast_head":"<!-- This site is optimized with the Yoast SEO plugin v22.7 - https:\/\/yoast.com\/wordpress\/plugins\/seo\/ -->\n<title>Los Llanos de Aridane invierte 30.000 euros en impulsar el sector ganadero\u00a0 - Ayuntamiento de Los Llanos de Aridane<\/title>\n<meta name=\"robots\" content=\"index, follow, max-snippet:-1, max-image-preview:large, max-video-preview:-1\" \/>\n<link rel=\"canonical\" href=\"https:\/\/www.aridane.org\/city\/2025\/08\/07\/los-llanos-de-aridane-invierte-30-000-euros-en-impulsar-el-sector-ganadero\/\" \/>\n<meta property=\"og:locale\" content=\"es_ES\" \/>\n<meta property=\"og:type\" content=\"article\" \/>\n<meta property=\"og:title\" content=\"Los Llanos de Aridane invierte 30.000 euros en impulsar el sector ganadero\u00a0 - Ayuntamiento de Los Llanos de Aridane\" \/>\n<meta property=\"og:description\" content=\"Una l\u00ednea de ayudas que viene a estimular la fluidez de este \u00e1mbito y cubrir el aumento de los gastos de mantenimiento\" \/>\n<meta property=\"og:url\" content=\"https:\/\/www.aridane.org\/city\/2025\/08\/07\/los-llanos-de-aridane-invierte-30-000-euros-en-impulsar-el-sector-ganadero\/\" \/>\n<meta property=\"og:site_name\" content=\"Ayuntamiento de Los Llanos de Aridane\" \/>\n<meta property=\"article:published_time\" content=\"2025-08-07T10:11:22+00:00\" \/>\n<meta property=\"article:modified_time\" content=\"2025-08-12T10:13:00+00:00\" \/>\n<meta property=\"og:image\" content=\"https:\/\/www.aridane.org\/city\/wp-content\/uploads\/2025\/08\/NP-Subvencion-ganaderia-1-scaled.jpeg\" \/>\n\t<meta property=\"og:image:width\" content=\"2560\" \/>\n\t<meta property=\"og:image:height\" content=\"2110\" \/>\n\t<meta property=\"og:image:type\" content=\"image\/jpeg\" \/>\n<meta name=\"author\" content=\"Corresponsal\" \/>\n<meta name=\"twitter:card\" content=\"summary_large_image\" \/>\n<meta name=\"twitter:label1\" content=\"Escrito por\" \/>\n\t<meta name=\"twitter:data1\" content=\"Corresponsal\" \/>\n\t<meta name=\"twitter:label2\" content=\"Tiempo de lectura\" \/>\n\t<meta name=\"twitter:data2\" content=\"2 minutos\" \/>\n<script type=\"application\/ld+json\" class=\"yoast-schema-graph\">{\"@context\":\"https:\/\/schema.org\",\"@graph\":[{\"@type\":\"WebPage\",\"@id\":\"https:\/\/www.aridane.org\/city\/2025\/08\/07\/los-llanos-de-aridane-invierte-30-000-euros-en-impulsar-el-sector-ganadero\/\",\"url\":\"https:\/\/www.aridane.org\/city\/2025\/08\/07\/los-llanos-de-aridane-invierte-30-000-euros-en-impulsar-el-sector-ganadero\/\",\"name\":\"Los Llanos de Aridane invierte 30.000 euros en impulsar el sector ganadero\u00a0 - Ayuntamiento de Los Llanos de Aridane\",\"isPartOf\":{\"@id\":\"https:\/\/www.aridane.org\/city\/#website\"},\"primaryImageOfPage\":{\"@id\":\"https:\/\/www.aridane.org\/city\/2025\/08\/07\/los-llanos-de-aridane-invierte-30-000-euros-en-impulsar-el-sector-ganadero\/#primaryimage\"},\"image\":{\"@id\":\"https:\/\/www.aridane.org\/city\/2025\/08\/07\/los-llanos-de-aridane-invierte-30-000-euros-en-impulsar-el-sector-ganadero\/#primaryimage\"},\"thumbnailUrl\":\"https:\/\/www.aridane.org\/city\/wp-content\/uploads\/2025\/08\/NP-Subvencion-ganaderia-1-scaled.jpeg\",\"datePublished\":\"2025-08-07T10:11:22+00:00\",\"dateModified\":\"2025-08-12T10:13:00+00:00\",\"author\":{\"@id\":\"https:\/\/www.aridane.org\/city\/#\/schema\/person\/89ebd376b223dc94cc1dbcf200c8e6da\"},\"breadcrumb\":{\"@id\":\"https:\/\/www.aridane.org\/city\/2025\/08\/07\/los-llanos-de-aridane-invierte-30-000-euros-en-impulsar-el-sector-ganadero\/#breadcrumb\"},\"inLanguage\":\"es\",\"potentialAction\":[{\"@type\":\"ReadAction\",\"target\":[\"https:\/\/www.aridane.org\/city\/2025\/08\/07\/los-llanos-de-aridane-invierte-30-000-euros-en-impulsar-el-sector-ganadero\/\"]}]},{\"@type\":\"ImageObject\",\"inLanguage\":\"es\",\"@id\":\"https:\/\/www.aridane.org\/city\/2025\/08\/07\/los-llanos-de-aridane-invierte-30-000-euros-en-impulsar-el-sector-ganadero\/#primaryimage\",\"url\":\"https:\/\/www.aridane.org\/city\/wp-content\/uploads\/2025\/08\/NP-Subvencion-ganaderia-1-scaled.jpeg\",\"contentUrl\":\"https:\/\/www.aridane.org\/city\/wp-content\/uploads\/2025\/08\/NP-Subvencion-ganaderia-1-scaled.jpeg\",\"width\":2560,\"height\":2110},{\"@type\":\"BreadcrumbList\",\"@id\":\"https:\/\/www.aridane.org\/city\/2025\/08\/07\/los-llanos-de-aridane-invierte-30-000-euros-en-impulsar-el-sector-ganadero\/#breadcrumb\",\"itemListElement\":[{\"@type\":\"ListItem\",\"position\":1,\"name\":\"Portada\",\"item\":\"https:\/\/www.aridane.org\/city\/\"},{\"@type\":\"ListItem\",\"position\":2,\"name\":\"Los Llanos de Aridane invierte 30.000 euros en impulsar el sector ganadero\u00a0\"}]},{\"@type\":\"WebSite\",\"@id\":\"https:\/\/www.aridane.org\/city\/#website\",\"url\":\"https:\/\/www.aridane.org\/city\/\",\"name\":\"Ayuntamiento de Los Llanos de Aridane\",\"description\":\"\",\"potentialAction\":[{\"@type\":\"SearchAction\",\"target\":{\"@type\":\"EntryPoint\",\"urlTemplate\":\"https:\/\/www.aridane.org\/city\/?s={search_term_string}\"},\"query-input\":\"required name=search_term_string\"}],\"inLanguage\":\"es\"},{\"@type\":\"Person\",\"@id\":\"https:\/\/www.aridane.org\/city\/#\/schema\/person\/89ebd376b223dc94cc1dbcf200c8e6da\",\"name\":\"Corresponsal\",\"image\":{\"@type\":\"ImageObject\",\"inLanguage\":\"es\",\"@id\":\"https:\/\/www.aridane.org\/city\/#\/schema\/person\/image\/\",\"url\":\"https:\/\/secure.gravatar.com\/avatar\/1c476992411e4ccf153da63b2b2f5ea0bb4cb1c85f3ceab8512f04325ad5579c?s=96&d=mm&r=g\",\"contentUrl\":\"https:\/\/secure.gravatar.com\/avatar\/1c476992411e4ccf153da63b2b2f5ea0bb4cb1c85f3ceab8512f04325ad5579c?s=96&d=mm&r=g\",\"caption\":\"Corresponsal\"},\"url\":\"https:\/\/www.aridane.org\/city\/author\/corresponsal\/\"}]}<\/script>\n<!-- \/ Yoast SEO plugin. -->","yoast_head_json":{"title":"Los Llanos de Aridane invierte 30.000 euros en impulsar el sector ganadero\u00a0 - Ayuntamiento de Los Llanos de Aridane","robots":{"index":"index","follow":"follow","max-snippet":"max-snippet:-1","max-image-preview":"max-image-preview:large","max-video-preview":"max-video-preview:-1"},"canonical":"https:\/\/www.aridane.org\/city\/2025\/08\/07\/los-llanos-de-aridane-invierte-30-000-euros-en-impulsar-el-sector-ganadero\/","og_locale":"es_ES","og_type":"article","og_title":"Los Llanos de Aridane invierte 30.000 euros en impulsar el sector ganadero\u00a0 - Ayuntamiento de Los Llanos de Aridane","og_description":"Una l\u00ednea de ayudas que viene a estimular la fluidez de este \u00e1mbito y cubrir el aumento de los gastos de mantenimiento","og_url":"https:\/\/www.aridane.org\/city\/2025\/08\/07\/los-llanos-de-aridane-invierte-30-000-euros-en-impulsar-el-sector-ganadero\/","og_site_name":"Ayuntamiento de Los Llanos de Aridane","article_published_time":"2025-08-07T10:11:22+00:00","article_modified_time":"2025-08-12T10:13:00+00:00","og_image":[{"width":2560,"height":2110,"url":"https:\/\/www.aridane.org\/city\/wp-content\/uploads\/2025\/08\/NP-Subvencion-ganaderia-1-scaled.jpeg","type":"image\/jpeg"}],"author":"Corresponsal","twitter_card":"summary_large_image","twitter_misc":{"Escrito por":"Corresponsal","Tiempo de lectura":"2 minutos"},"schema":{"@context":"https:\/\/schema.org","@graph":[{"@type":"WebPage","@id":"https:\/\/www.aridane.org\/city\/2025\/08\/07\/los-llanos-de-aridane-invierte-30-000-euros-en-impulsar-el-sector-ganadero\/","url":"https:\/\/www.aridane.org\/city\/2025\/08\/07\/los-llanos-de-aridane-invierte-30-000-euros-en-impulsar-el-sector-ganadero\/","name":"Los Llanos de Aridane invierte 30.000 euros en impulsar el sector ganadero\u00a0 - Ayuntamiento de Los Llanos de Aridane","isPartOf":{"@id":"https:\/\/www.aridane.org\/city\/#website"},"primaryImageOfPage":{"@id":"https:\/\/www.aridane.org\/city\/2025\/08\/07\/los-llanos-de-aridane-invierte-30-000-euros-en-impulsar-el-sector-ganadero\/#primaryimage"},"image":{"@id":"https:\/\/www.aridane.org\/city\/2025\/08\/07\/los-llanos-de-aridane-invierte-30-000-euros-en-impulsar-el-sector-ganadero\/#primaryimage"},"thumbnailUrl":"https:\/\/www.aridane.org\/city\/wp-content\/uploads\/2025\/08\/NP-Subvencion-ganaderia-1-scaled.jpeg","datePublished":"2025-08-07T10:11:22+00:00","dateModified":"2025-08-12T10:13:00+00:00","author":{"@id":"https:\/\/www.aridane.org\/city\/#\/schema\/person\/89ebd376b223dc94cc1dbcf200c8e6da"},"breadcrumb":{"@id":"https:\/\/www.aridane.org\/city\/2025\/08\/07\/los-llanos-de-aridane-invierte-30-000-euros-en-impulsar-el-sector-ganadero\/#breadcrumb"},"inLanguage":"es","potentialAction":[{"@type":"ReadAction","target":["https:\/\/www.aridane.org\/city\/2025\/08\/07\/los-llanos-de-aridane-invierte-30-000-euros-en-impulsar-el-sector-ganadero\/"]}]},{"@type":"ImageObject","inLanguage":"es","@id":"https:\/\/www.aridane.org\/city\/2025\/08\/07\/los-llanos-de-aridane-invierte-30-000-euros-en-impulsar-el-sector-ganadero\/#primaryimage","url":"https:\/\/www.aridane.org\/city\/wp-content\/uploads\/2025\/08\/NP-Subvencion-ganaderia-1-scaled.jpeg","contentUrl":"https:\/\/www.aridane.org\/city\/wp-content\/uploads\/2025\/08\/NP-Subvencion-ganaderia-1-scaled.jpeg","width":2560,"height":2110},{"@type":"BreadcrumbList","@id":"https:\/\/www.aridane.org\/city\/2025\/08\/07\/los-llanos-de-aridane-invierte-30-000-euros-en-impulsar-el-sector-ganadero\/#breadcrumb","itemListElement":[{"@type":"ListItem","position":1,"name":"Portada","item":"https:\/\/www.aridane.org\/city\/"},{"@type":"ListItem","position":2,"name":"Los Llanos de Aridane invierte 30.000 euros en impulsar el sector ganadero\u00a0"}]},{"@type":"WebSite","@id":"https:\/\/www.aridane.org\/city\/#website","url":"https:\/\/www.aridane.org\/city\/","name":"Ayuntamiento de Los Llanos de Aridane","description":"","potentialAction":[{"@type":"SearchAction","target":{"@type":"EntryPoint","urlTemplate":"https:\/\/www.aridane.org\/city\/?s={search_term_string}"},"query-input":"required name=search_term_string"}],"inLanguage":"es"},{"@type":"Person","@id":"https:\/\/www.aridane.org\/city\/#\/schema\/person\/89ebd376b223dc94cc1dbcf200c8e6da","name":"Corresponsal","image":{"@type":"ImageObject","inLanguage":"es","@id":"https:\/\/www.aridane.org\/city\/#\/schema\/person\/image\/","url":"https:\/\/secure.gravatar.com\/avatar\/1c476992411e4ccf153da63b2b2f5ea0bb4cb1c85f3ceab8512f04325ad5579c?s=96&d=mm&r=g","contentUrl":"https:\/\/secure.gravatar.com\/avatar\/1c476992411e4ccf153da63b2b2f5ea0bb4cb1c85f3ceab8512f04325ad5579c?s=96&d=mm&r=g","caption":"Corresponsal"},"url":"https:\/\/www.aridane.org\/city\/author\/corresponsal\/"}]}},"_links":{"self":[{"href":"https:\/\/www.aridane.org\/city\/wp-json\/wp\/v2\/posts\/4683","targetHints":{"allow":["GET"]}}],"collection":[{"href":"https:\/\/www.aridane.org\/city\/wp-json\/wp\/v2\/posts"}],"about":[{"href":"https:\/\/www.aridane.org\/city\/wp-json\/wp\/v2\/types\/post"}],"author":[{"embeddable":true,"href":"https:\/\/www.aridane.org\/city\/wp-json\/wp\/v2\/users\/4"}],"replies":[{"embeddable":true,"href":"https:\/\/www.aridane.org\/city\/wp-json\/wp\/v2\/comments?post=4683"}],"version-history":[{"count":1,"href":"https:\/\/www.aridane.org\/city\/wp-json\/wp\/v2\/posts\/4683\/revisions"}],"predecessor-version":[{"id":4685,"href":"https:\/\/www.aridane.org\/city\/wp-json\/wp\/v2\/posts\/4683\/revisions\/4685"}],"wp:featuredmedia":[{"embeddable":true,"href":"https:\/\/www.aridane.org\/city\/wp-json\/wp\/v2\/media\/4684"}],"wp:attachment":[{"href":"https:\/\/www.aridane.org\/city\/wp-json\/wp\/v2\/media?parent=4683"}],"wp:term":[{"taxonomy":"category","embeddable":true,"href":"https:\/\/www.aridane.org\/city\/wp-json\/wp\/v2\/categories?post=4683"},{"taxonomy":"post_tag","embeddable":true,"href":"https:\/\/www.aridane.org\/city\/wp-json\/wp\/v2\/tags?post=4683"}],"curies":[{"name":"wp","href":"https:\/\/api.w.org\/{rel}","templated":true}]}}