{"id":4688,"date":"2025-08-12T18:50:08","date_gmt":"2025-08-12T18:50:08","guid":{"rendered":"https:\/\/www.aridane.org\/city\/?p=4688"},"modified":"2025-08-12T18:50:08","modified_gmt":"2025-08-12T18:50:08","slug":"los-llanos-de-aridane-adjudica-las-obras-para-climatizar-la-piscina-municipal","status":"publish","type":"post","link":"https:\/\/www.aridane.org\/city\/2025\/08\/12\/los-llanos-de-aridane-adjudica-las-obras-para-climatizar-la-piscina-municipal\/","title":{"rendered":"Los Llanos de Aridane adjudica las obras para climatizar la piscina municipal"},"content":{"rendered":"<p><em>La actuaci\u00f3n contempla mejoras el\u00e9ctricas para la piscina, un sistema de climatizaci\u00f3n eficiente y paneles solares para reducir el consumo de energ\u00eda convencional<\/em><!--more--><\/p>\n<p>El Ayuntamiento de Los Llanos de Aridane da un paso clave para cumplir con una de las actuaciones m\u00e1s demandadas por la ciudadan\u00eda: climatizar la piscina municipal.<\/p>\n<p>El consistorio ha adjudicado las obras para adecuar la instalaci\u00f3n el\u00e9ctrica de baja tensi\u00f3n y colocar un sistema solar fotovoltaico en la piscina municipal, con un presupuesto de 186.826,98 euros. Esta intervenci\u00f3n permitir\u00e1 modernizar el recinto, adaptarlo a la normativa vigente, mejorar su eficiencia y avanzar en el uso de energ\u00edas renovables.<\/p>\n<p>El proyecto -que cuenta con el apoyo de la Consejer\u00eda de Transici\u00f3n Ecol\u00f3gica y Energ\u00eda del Gobierno de Canarias- se enmarca en la estrategia de ambas administraciones para dotar a las instalaciones deportivas de sistemas m\u00e1s eficientes y sostenibles.<\/p>\n<h2><strong>Una inversi\u00f3n estrat\u00e9gica<\/strong><\/h2>\n<p>El primer teniente de alcalde y concejal de Deportes y Medio Ambiente, V\u00edctor Gonz\u00e1lez, asegura que se trata de \u201cuna inversi\u00f3n estrat\u00e9gica para modernizar una instalaci\u00f3n deportiva clave para los vecinos\u201d. \u201cNo solo garantizamos un servicio m\u00e1s eficiente y seguro, sino que afianzamos nuestro compromiso con la sostenibilidad y la reducci\u00f3n de emisiones\u201d, a\u00f1ade.<\/p>\n<p>En la misma l\u00ednea, el concejal de Transici\u00f3n Ecol\u00f3gica, Rubens D\u00edaz, recuerda que \u201cla modernizaci\u00f3n de la piscina municipal es una demanda hist\u00f3rica de la ciudadan\u00eda, que comienza a hacerse realidad\u201d. \u201cNo solo repercute en la calidad del servicio que prestamos, sino que nos permite reducir costes de mantenimiento y consumo energ\u00e9tico, optimizando los recursos p\u00fablicos y avanzando hacia un municipio m\u00e1s sostenible\u201d, afirma.<\/p>\n<p>Por su parte, el consejero de Transici\u00f3n Ecol\u00f3gica y Energ\u00eda del Gobierno de Canarias, Mariano Hern\u00e1ndez Zapata, destaca que esta actuaci\u00f3n \u201cser\u00e1 referencia en instalaciones deportivas adaptadas a criterios de ahorro energ\u00e9tico y respeto al medio ambiente, en l\u00ednea con los objetivos de descarbonizaci\u00f3n del Archipi\u00e9lago\u201d.<\/p>\n<p>Las obras contemplan la adecuaci\u00f3n de la instalaci\u00f3n el\u00e9ctrica de baja tensi\u00f3n, la incorporaci\u00f3n de un sistema de climatizaci\u00f3n eficiente y la colocaci\u00f3n de paneles solares fotovoltaicos que reducir\u00e1n la dependencia de fuentes de energ\u00eda convencionales.<\/p>\n<h2><strong>Avances en movilidad sostenible<\/strong><\/h2>\n<p>De forma paralela, la Consejer\u00eda de Transici\u00f3n Ecol\u00f3gica y Energ\u00eda ha destinado 65.646 euros, a trav\u00e9s de fondos Next Generation enmarcados en el programa Moves III de movilidad el\u00e9ctrica, para la instalaci\u00f3n de cinco puntos de recarga de veh\u00edculos el\u00e9ctricos en Los Llanos de Aridane.<\/p>\n<p>Estos puntos se ubicar\u00e1n en la piscina municipal, el pol\u00edgono industrial de Las Rosas y el barrio de El Retamar, con el objetivo de impulsar el uso de energ\u00edas limpias y reducir la huella de carbono en la isla, que actualmente cuenta con una penetraci\u00f3n de renovables inferior al 8%.<\/p>\n<p>El Ejecutivo auton\u00f3mico recuerda que recientemente ha destinado 18,3 millones de euros a la nueva subvenci\u00f3n Moves 25, abierta hasta el 31 de diciembre de 2025 para particulares, aut\u00f3nomos, empresas, asociaciones, comunidades de propietarios y administraciones p\u00fablicas.<\/p>\n","protected":false},"excerpt":{"rendered":"<p>La actuaci\u00f3n contempla mejoras el\u00e9ctricas para la piscina, un sistema de climatizaci\u00f3n eficiente y paneles solares para reducir el consumo de energ\u00eda convencional<\/p>\n","protected":false},"author":4,"featured_media":4689,"comment_status":"open","ping_status":"open","sticky":false,"template":"","format":"standard","meta":{"footnotes":""},"categories":[1],"tags":[],"class_list":["post-4688","post","type-post","status-publish","format-standard","has-post-thumbnail","hentry","category-sin-categoria"],"yoast_head":"<!-- This site is optimized with the Yoast SEO plugin v22.7 - https:\/\/yoast.com\/wordpress\/plugins\/seo\/ -->\n<title>Los Llanos de Aridane adjudica las obras para climatizar la piscina municipal - Ayuntamiento de Los Llanos de Aridane<\/title>\n<meta name=\"robots\" content=\"index, follow, max-snippet:-1, max-image-preview:large, max-video-preview:-1\" \/>\n<link rel=\"canonical\" href=\"https:\/\/www.aridane.org\/city\/2025\/08\/12\/los-llanos-de-aridane-adjudica-las-obras-para-climatizar-la-piscina-municipal\/\" \/>\n<meta property=\"og:locale\" content=\"es_ES\" \/>\n<meta property=\"og:type\" content=\"article\" \/>\n<meta property=\"og:title\" content=\"Los Llanos de Aridane adjudica las obras para climatizar la piscina municipal - Ayuntamiento de Los Llanos de Aridane\" \/>\n<meta property=\"og:description\" content=\"La actuaci\u00f3n contempla mejoras el\u00e9ctricas para la piscina, un sistema de climatizaci\u00f3n eficiente y paneles solares para reducir el consumo de energ\u00eda convencional\" \/>\n<meta property=\"og:url\" content=\"https:\/\/www.aridane.org\/city\/2025\/08\/12\/los-llanos-de-aridane-adjudica-las-obras-para-climatizar-la-piscina-municipal\/\" \/>\n<meta property=\"og:site_name\" content=\"Ayuntamiento de Los Llanos de Aridane\" \/>\n<meta property=\"article:published_time\" content=\"2025-08-12T18:50:08+00:00\" \/>\n<meta property=\"og:image\" content=\"https:\/\/www.aridane.org\/city\/wp-content\/uploads\/2025\/08\/Piscina-Municipal-climatizacion-scaled.jpeg\" \/>\n\t<meta property=\"og:image:width\" content=\"2560\" \/>\n\t<meta property=\"og:image:height\" content=\"1920\" \/>\n\t<meta property=\"og:image:type\" content=\"image\/jpeg\" \/>\n<meta name=\"author\" content=\"Corresponsal\" \/>\n<meta name=\"twitter:card\" content=\"summary_large_image\" \/>\n<meta name=\"twitter:label1\" content=\"Escrito por\" \/>\n\t<meta name=\"twitter:data1\" content=\"Corresponsal\" \/>\n\t<meta name=\"twitter:label2\" content=\"Tiempo de lectura\" \/>\n\t<meta name=\"twitter:data2\" content=\"3 minutos\" \/>\n<script type=\"application\/ld+json\" class=\"yoast-schema-graph\">{\"@context\":\"https:\/\/schema.org\",\"@graph\":[{\"@type\":\"WebPage\",\"@id\":\"https:\/\/www.aridane.org\/city\/2025\/08\/12\/los-llanos-de-aridane-adjudica-las-obras-para-climatizar-la-piscina-municipal\/\",\"url\":\"https:\/\/www.aridane.org\/city\/2025\/08\/12\/los-llanos-de-aridane-adjudica-las-obras-para-climatizar-la-piscina-municipal\/\",\"name\":\"Los Llanos de Aridane adjudica las obras para climatizar la piscina municipal - Ayuntamiento de Los Llanos de Aridane\",\"isPartOf\":{\"@id\":\"https:\/\/www.aridane.org\/city\/#website\"},\"primaryImageOfPage\":{\"@id\":\"https:\/\/www.aridane.org\/city\/2025\/08\/12\/los-llanos-de-aridane-adjudica-las-obras-para-climatizar-la-piscina-municipal\/#primaryimage\"},\"image\":{\"@id\":\"https:\/\/www.aridane.org\/city\/2025\/08\/12\/los-llanos-de-aridane-adjudica-las-obras-para-climatizar-la-piscina-municipal\/#primaryimage\"},\"thumbnailUrl\":\"https:\/\/www.aridane.org\/city\/wp-content\/uploads\/2025\/08\/Piscina-Municipal-climatizacion-scaled.jpeg\",\"datePublished\":\"2025-08-12T18:50:08+00:00\",\"dateModified\":\"2025-08-12T18:50:08+00:00\",\"author\":{\"@id\":\"https:\/\/www.aridane.org\/city\/#\/schema\/person\/89ebd376b223dc94cc1dbcf200c8e6da\"},\"breadcrumb\":{\"@id\":\"https:\/\/www.aridane.org\/city\/2025\/08\/12\/los-llanos-de-aridane-adjudica-las-obras-para-climatizar-la-piscina-municipal\/#breadcrumb\"},\"inLanguage\":\"es\",\"potentialAction\":[{\"@type\":\"ReadAction\",\"target\":[\"https:\/\/www.aridane.org\/city\/2025\/08\/12\/los-llanos-de-aridane-adjudica-las-obras-para-climatizar-la-piscina-municipal\/\"]}]},{\"@type\":\"ImageObject\",\"inLanguage\":\"es\",\"@id\":\"https:\/\/www.aridane.org\/city\/2025\/08\/12\/los-llanos-de-aridane-adjudica-las-obras-para-climatizar-la-piscina-municipal\/#primaryimage\",\"url\":\"https:\/\/www.aridane.org\/city\/wp-content\/uploads\/2025\/08\/Piscina-Municipal-climatizacion-scaled.jpeg\",\"contentUrl\":\"https:\/\/www.aridane.org\/city\/wp-content\/uploads\/2025\/08\/Piscina-Municipal-climatizacion-scaled.jpeg\",\"width\":2560,\"height\":1920},{\"@type\":\"BreadcrumbList\",\"@id\":\"https:\/\/www.aridane.org\/city\/2025\/08\/12\/los-llanos-de-aridane-adjudica-las-obras-para-climatizar-la-piscina-municipal\/#breadcrumb\",\"itemListElement\":[{\"@type\":\"ListItem\",\"position\":1,\"name\":\"Portada\",\"item\":\"https:\/\/www.aridane.org\/city\/\"},{\"@type\":\"ListItem\",\"position\":2,\"name\":\"Los Llanos de Aridane adjudica las obras para climatizar la piscina municipal\"}]},{\"@type\":\"WebSite\",\"@id\":\"https:\/\/www.aridane.org\/city\/#website\",\"url\":\"https:\/\/www.aridane.org\/city\/\",\"name\":\"Ayuntamiento de Los Llanos de Aridane\",\"description\":\"\",\"potentialAction\":[{\"@type\":\"SearchAction\",\"target\":{\"@type\":\"EntryPoint\",\"urlTemplate\":\"https:\/\/www.aridane.org\/city\/?s={search_term_string}\"},\"query-input\":\"required name=search_term_string\"}],\"inLanguage\":\"es\"},{\"@type\":\"Person\",\"@id\":\"https:\/\/www.aridane.org\/city\/#\/schema\/person\/89ebd376b223dc94cc1dbcf200c8e6da\",\"name\":\"Corresponsal\",\"image\":{\"@type\":\"ImageObject\",\"inLanguage\":\"es\",\"@id\":\"https:\/\/www.aridane.org\/city\/#\/schema\/person\/image\/\",\"url\":\"https:\/\/secure.gravatar.com\/avatar\/1c476992411e4ccf153da63b2b2f5ea0bb4cb1c85f3ceab8512f04325ad5579c?s=96&d=mm&r=g\",\"contentUrl\":\"https:\/\/secure.gravatar.com\/avatar\/1c476992411e4ccf153da63b2b2f5ea0bb4cb1c85f3ceab8512f04325ad5579c?s=96&d=mm&r=g\",\"caption\":\"Corresponsal\"},\"url\":\"https:\/\/www.aridane.org\/city\/author\/corresponsal\/\"}]}<\/script>\n<!-- \/ Yoast SEO plugin. -->","yoast_head_json":{"title":"Los Llanos de Aridane adjudica las obras para climatizar la piscina municipal - Ayuntamiento de Los Llanos de Aridane","robots":{"index":"index","follow":"follow","max-snippet":"max-snippet:-1","max-image-preview":"max-image-preview:large","max-video-preview":"max-video-preview:-1"},"canonical":"https:\/\/www.aridane.org\/city\/2025\/08\/12\/los-llanos-de-aridane-adjudica-las-obras-para-climatizar-la-piscina-municipal\/","og_locale":"es_ES","og_type":"article","og_title":"Los Llanos de Aridane adjudica las obras para climatizar la piscina municipal - Ayuntamiento de Los Llanos de Aridane","og_description":"La actuaci\u00f3n contempla mejoras el\u00e9ctricas para la piscina, un sistema de climatizaci\u00f3n eficiente y paneles solares para reducir el consumo de energ\u00eda convencional","og_url":"https:\/\/www.aridane.org\/city\/2025\/08\/12\/los-llanos-de-aridane-adjudica-las-obras-para-climatizar-la-piscina-municipal\/","og_site_name":"Ayuntamiento de Los Llanos de Aridane","article_published_time":"2025-08-12T18:50:08+00:00","og_image":[{"width":2560,"height":1920,"url":"https:\/\/www.aridane.org\/city\/wp-content\/uploads\/2025\/08\/Piscina-Municipal-climatizacion-scaled.jpeg","type":"image\/jpeg"}],"author":"Corresponsal","twitter_card":"summary_large_image","twitter_misc":{"Escrito por":"Corresponsal","Tiempo de lectura":"3 minutos"},"schema":{"@context":"https:\/\/schema.org","@graph":[{"@type":"WebPage","@id":"https:\/\/www.aridane.org\/city\/2025\/08\/12\/los-llanos-de-aridane-adjudica-las-obras-para-climatizar-la-piscina-municipal\/","url":"https:\/\/www.aridane.org\/city\/2025\/08\/12\/los-llanos-de-aridane-adjudica-las-obras-para-climatizar-la-piscina-municipal\/","name":"Los Llanos de Aridane adjudica las obras para climatizar la piscina municipal - Ayuntamiento de Los Llanos de Aridane","isPartOf":{"@id":"https:\/\/www.aridane.org\/city\/#website"},"primaryImageOfPage":{"@id":"https:\/\/www.aridane.org\/city\/2025\/08\/12\/los-llanos-de-aridane-adjudica-las-obras-para-climatizar-la-piscina-municipal\/#primaryimage"},"image":{"@id":"https:\/\/www.aridane.org\/city\/2025\/08\/12\/los-llanos-de-aridane-adjudica-las-obras-para-climatizar-la-piscina-municipal\/#primaryimage"},"thumbnailUrl":"https:\/\/www.aridane.org\/city\/wp-content\/uploads\/2025\/08\/Piscina-Municipal-climatizacion-scaled.jpeg","datePublished":"2025-08-12T18:50:08+00:00","dateModified":"2025-08-12T18:50:08+00:00","author":{"@id":"https:\/\/www.aridane.org\/city\/#\/schema\/person\/89ebd376b223dc94cc1dbcf200c8e6da"},"breadcrumb":{"@id":"https:\/\/www.aridane.org\/city\/2025\/08\/12\/los-llanos-de-aridane-adjudica-las-obras-para-climatizar-la-piscina-municipal\/#breadcrumb"},"inLanguage":"es","potentialAction":[{"@type":"ReadAction","target":["https:\/\/www.aridane.org\/city\/2025\/08\/12\/los-llanos-de-aridane-adjudica-las-obras-para-climatizar-la-piscina-municipal\/"]}]},{"@type":"ImageObject","inLanguage":"es","@id":"https:\/\/www.aridane.org\/city\/2025\/08\/12\/los-llanos-de-aridane-adjudica-las-obras-para-climatizar-la-piscina-municipal\/#primaryimage","url":"https:\/\/www.aridane.org\/city\/wp-content\/uploads\/2025\/08\/Piscina-Municipal-climatizacion-scaled.jpeg","contentUrl":"https:\/\/www.aridane.org\/city\/wp-content\/uploads\/2025\/08\/Piscina-Municipal-climatizacion-scaled.jpeg","width":2560,"height":1920},{"@type":"BreadcrumbList","@id":"https:\/\/www.aridane.org\/city\/2025\/08\/12\/los-llanos-de-aridane-adjudica-las-obras-para-climatizar-la-piscina-municipal\/#breadcrumb","itemListElement":[{"@type":"ListItem","position":1,"name":"Portada","item":"https:\/\/www.aridane.org\/city\/"},{"@type":"ListItem","position":2,"name":"Los Llanos de Aridane adjudica las obras para climatizar la piscina municipal"}]},{"@type":"WebSite","@id":"https:\/\/www.aridane.org\/city\/#website","url":"https:\/\/www.aridane.org\/city\/","name":"Ayuntamiento de Los Llanos de Aridane","description":"","potentialAction":[{"@type":"SearchAction","target":{"@type":"EntryPoint","urlTemplate":"https:\/\/www.aridane.org\/city\/?s={search_term_string}"},"query-input":"required name=search_term_string"}],"inLanguage":"es"},{"@type":"Person","@id":"https:\/\/www.aridane.org\/city\/#\/schema\/person\/89ebd376b223dc94cc1dbcf200c8e6da","name":"Corresponsal","image":{"@type":"ImageObject","inLanguage":"es","@id":"https:\/\/www.aridane.org\/city\/#\/schema\/person\/image\/","url":"https:\/\/secure.gravatar.com\/avatar\/1c476992411e4ccf153da63b2b2f5ea0bb4cb1c85f3ceab8512f04325ad5579c?s=96&d=mm&r=g","contentUrl":"https:\/\/secure.gravatar.com\/avatar\/1c476992411e4ccf153da63b2b2f5ea0bb4cb1c85f3ceab8512f04325ad5579c?s=96&d=mm&r=g","caption":"Corresponsal"},"url":"https:\/\/www.aridane.org\/city\/author\/corresponsal\/"}]}},"_links":{"self":[{"href":"https:\/\/www.aridane.org\/city\/wp-json\/wp\/v2\/posts\/4688","targetHints":{"allow":["GET"]}}],"collection":[{"href":"https:\/\/www.aridane.org\/city\/wp-json\/wp\/v2\/posts"}],"about":[{"href":"https:\/\/www.aridane.org\/city\/wp-json\/wp\/v2\/types\/post"}],"author":[{"embeddable":true,"href":"https:\/\/www.aridane.org\/city\/wp-json\/wp\/v2\/users\/4"}],"replies":[{"embeddable":true,"href":"https:\/\/www.aridane.org\/city\/wp-json\/wp\/v2\/comments?post=4688"}],"version-history":[{"count":1,"href":"https:\/\/www.aridane.org\/city\/wp-json\/wp\/v2\/posts\/4688\/revisions"}],"predecessor-version":[{"id":4690,"href":"https:\/\/www.aridane.org\/city\/wp-json\/wp\/v2\/posts\/4688\/revisions\/4690"}],"wp:featuredmedia":[{"embeddable":true,"href":"https:\/\/www.aridane.org\/city\/wp-json\/wp\/v2\/media\/4689"}],"wp:attachment":[{"href":"https:\/\/www.aridane.org\/city\/wp-json\/wp\/v2\/media?parent=4688"}],"wp:term":[{"taxonomy":"category","embeddable":true,"href":"https:\/\/www.aridane.org\/city\/wp-json\/wp\/v2\/categories?post=4688"},{"taxonomy":"post_tag","embeddable":true,"href":"https:\/\/www.aridane.org\/city\/wp-json\/wp\/v2\/tags?post=4688"}],"curies":[{"name":"wp","href":"https:\/\/api.w.org\/{rel}","templated":true}]}}