{"id":4694,"date":"2025-08-14T18:13:11","date_gmt":"2025-08-14T18:13:11","guid":{"rendered":"https:\/\/www.aridane.org\/city\/?p=4694"},"modified":"2025-08-14T18:17:15","modified_gmt":"2025-08-14T18:17:15","slug":"puerto-naos-consolida-la-reapertura-de-su-oficina-de-informacion-turistica-con-cerca-de-mil-visitantes-en-julio","status":"publish","type":"post","link":"https:\/\/www.aridane.org\/city\/2025\/08\/14\/puerto-naos-consolida-la-reapertura-de-su-oficina-de-informacion-turistica-con-cerca-de-mil-visitantes-en-julio\/","title":{"rendered":"Puerto Naos consolida la reapertura de su oficina de informaci\u00f3n tur\u00edstica con cerca de mil visitantes en julio"},"content":{"rendered":"<p><em>La franja horaria m\u00e1s habitual de consulta fue de 11:00 a 12:00 horas<\/em><!--more--><\/p>\n<div id=\"v1forwardbody1\">\n<p>El Ayuntamiento de Los Llanos de Aridane celebra el buen funcionamiento de la oficina de informaci\u00f3n tur\u00edstica de Puerto Naos. Desde su reapertura en julio, ha recibido 980 visitantes, en su mayor\u00eda procedentes de la Pen\u00ednsula (423), Canarias (205) y Alemania (157), seg\u00fan datos del Centro de Iniciativas y Turismo Insular La Palma (CIT Insular).<\/p>\n<p>La concejala de Turismo, Inmaculada Fern\u00e1ndez, se\u00f1ala que la reapertura responde a la necesidad de seguir reactivando Puerto Naos y de ofrecer un servicio de calidad. \u201cLos datos de este mes confirman que la oficina es clave para mejorar la experiencia tur\u00edstica y reforzar la actividad en nuestro barrio costero, ahora que vuelve a la vida\u201d, apunta.<\/p>\n<p>En la misma l\u00ednea, el presidente del CIT Insular, \u00d3scar Le\u00f3n, afirma que contar con un servicio de informaci\u00f3n en un n\u00facleo como Puerto Naos \u201cayuda a orientar al visitante, poner en valor los recursos y dinamizar la econom\u00eda local\u201d. \u201cLa reapertura de la oficina era fundamental y los datos as\u00ed lo demuestran\u201d, a\u00f1ade.<\/p>\n<p>El horario de la oficina de turismo de Puerto Naos es de lunes a viernes, de 10:30 a 17:30 horas; s\u00e1bados, domingos y festivos, de 10:30 a 14:30 horas. La franja horaria m\u00e1s habitual de consulta fue de 11:00 a 12:00 horas.<\/p>\n<\/div>\n","protected":false},"excerpt":{"rendered":"<p>La franja horaria m\u00e1s habitual de consulta fue de 11:00 a 12:00 horas<\/p>\n","protected":false},"author":4,"featured_media":4695,"comment_status":"open","ping_status":"open","sticky":false,"template":"","format":"standard","meta":{"footnotes":""},"categories":[1],"tags":[],"class_list":["post-4694","post","type-post","status-publish","format-standard","has-post-thumbnail","hentry","category-sin-categoria"],"yoast_head":"<!-- This site is optimized with the Yoast SEO plugin v22.7 - https:\/\/yoast.com\/wordpress\/plugins\/seo\/ -->\n<title>Puerto Naos consolida la reapertura de su oficina de informaci\u00f3n tur\u00edstica con cerca de mil visitantes en julio - Ayuntamiento de Los Llanos de Aridane<\/title>\n<meta name=\"robots\" content=\"index, follow, max-snippet:-1, max-image-preview:large, max-video-preview:-1\" \/>\n<link rel=\"canonical\" href=\"https:\/\/www.aridane.org\/city\/2025\/08\/14\/puerto-naos-consolida-la-reapertura-de-su-oficina-de-informacion-turistica-con-cerca-de-mil-visitantes-en-julio\/\" \/>\n<meta property=\"og:locale\" content=\"es_ES\" \/>\n<meta property=\"og:type\" content=\"article\" \/>\n<meta property=\"og:title\" content=\"Puerto Naos consolida la reapertura de su oficina de informaci\u00f3n tur\u00edstica con cerca de mil visitantes en julio - Ayuntamiento de Los Llanos de Aridane\" \/>\n<meta property=\"og:description\" content=\"La franja horaria m\u00e1s habitual de consulta fue de 11:00 a 12:00 horas\" \/>\n<meta property=\"og:url\" content=\"https:\/\/www.aridane.org\/city\/2025\/08\/14\/puerto-naos-consolida-la-reapertura-de-su-oficina-de-informacion-turistica-con-cerca-de-mil-visitantes-en-julio\/\" \/>\n<meta property=\"og:site_name\" content=\"Ayuntamiento de Los Llanos de Aridane\" \/>\n<meta property=\"article:published_time\" content=\"2025-08-14T18:13:11+00:00\" \/>\n<meta property=\"article:modified_time\" content=\"2025-08-14T18:17:15+00:00\" \/>\n<meta property=\"og:image\" content=\"https:\/\/www.aridane.org\/city\/wp-content\/uploads\/2025\/08\/Inmaculada-Fernandez-1-e1755195426645.jpeg\" \/>\n\t<meta property=\"og:image:width\" content=\"1200\" \/>\n\t<meta property=\"og:image:height\" content=\"900\" \/>\n\t<meta property=\"og:image:type\" content=\"image\/jpeg\" \/>\n<meta name=\"author\" content=\"Corresponsal\" \/>\n<meta name=\"twitter:card\" content=\"summary_large_image\" \/>\n<meta name=\"twitter:label1\" content=\"Escrito por\" \/>\n\t<meta name=\"twitter:data1\" content=\"Corresponsal\" \/>\n\t<meta name=\"twitter:label2\" content=\"Tiempo de lectura\" \/>\n\t<meta name=\"twitter:data2\" content=\"2 minutos\" \/>\n<script type=\"application\/ld+json\" class=\"yoast-schema-graph\">{\"@context\":\"https:\/\/schema.org\",\"@graph\":[{\"@type\":\"WebPage\",\"@id\":\"https:\/\/www.aridane.org\/city\/2025\/08\/14\/puerto-naos-consolida-la-reapertura-de-su-oficina-de-informacion-turistica-con-cerca-de-mil-visitantes-en-julio\/\",\"url\":\"https:\/\/www.aridane.org\/city\/2025\/08\/14\/puerto-naos-consolida-la-reapertura-de-su-oficina-de-informacion-turistica-con-cerca-de-mil-visitantes-en-julio\/\",\"name\":\"Puerto Naos consolida la reapertura de su oficina de informaci\u00f3n tur\u00edstica con cerca de mil visitantes en julio - Ayuntamiento de Los Llanos de Aridane\",\"isPartOf\":{\"@id\":\"https:\/\/www.aridane.org\/city\/#website\"},\"primaryImageOfPage\":{\"@id\":\"https:\/\/www.aridane.org\/city\/2025\/08\/14\/puerto-naos-consolida-la-reapertura-de-su-oficina-de-informacion-turistica-con-cerca-de-mil-visitantes-en-julio\/#primaryimage\"},\"image\":{\"@id\":\"https:\/\/www.aridane.org\/city\/2025\/08\/14\/puerto-naos-consolida-la-reapertura-de-su-oficina-de-informacion-turistica-con-cerca-de-mil-visitantes-en-julio\/#primaryimage\"},\"thumbnailUrl\":\"https:\/\/www.aridane.org\/city\/wp-content\/uploads\/2025\/08\/Inmaculada-Fernandez-1-e1755195426645.jpeg\",\"datePublished\":\"2025-08-14T18:13:11+00:00\",\"dateModified\":\"2025-08-14T18:17:15+00:00\",\"author\":{\"@id\":\"https:\/\/www.aridane.org\/city\/#\/schema\/person\/89ebd376b223dc94cc1dbcf200c8e6da\"},\"breadcrumb\":{\"@id\":\"https:\/\/www.aridane.org\/city\/2025\/08\/14\/puerto-naos-consolida-la-reapertura-de-su-oficina-de-informacion-turistica-con-cerca-de-mil-visitantes-en-julio\/#breadcrumb\"},\"inLanguage\":\"es\",\"potentialAction\":[{\"@type\":\"ReadAction\",\"target\":[\"https:\/\/www.aridane.org\/city\/2025\/08\/14\/puerto-naos-consolida-la-reapertura-de-su-oficina-de-informacion-turistica-con-cerca-de-mil-visitantes-en-julio\/\"]}]},{\"@type\":\"ImageObject\",\"inLanguage\":\"es\",\"@id\":\"https:\/\/www.aridane.org\/city\/2025\/08\/14\/puerto-naos-consolida-la-reapertura-de-su-oficina-de-informacion-turistica-con-cerca-de-mil-visitantes-en-julio\/#primaryimage\",\"url\":\"https:\/\/www.aridane.org\/city\/wp-content\/uploads\/2025\/08\/Inmaculada-Fernandez-1-e1755195426645.jpeg\",\"contentUrl\":\"https:\/\/www.aridane.org\/city\/wp-content\/uploads\/2025\/08\/Inmaculada-Fernandez-1-e1755195426645.jpeg\",\"width\":1200,\"height\":900},{\"@type\":\"BreadcrumbList\",\"@id\":\"https:\/\/www.aridane.org\/city\/2025\/08\/14\/puerto-naos-consolida-la-reapertura-de-su-oficina-de-informacion-turistica-con-cerca-de-mil-visitantes-en-julio\/#breadcrumb\",\"itemListElement\":[{\"@type\":\"ListItem\",\"position\":1,\"name\":\"Portada\",\"item\":\"https:\/\/www.aridane.org\/city\/\"},{\"@type\":\"ListItem\",\"position\":2,\"name\":\"Puerto Naos consolida la reapertura de su oficina de informaci\u00f3n tur\u00edstica con cerca de mil visitantes en julio\"}]},{\"@type\":\"WebSite\",\"@id\":\"https:\/\/www.aridane.org\/city\/#website\",\"url\":\"https:\/\/www.aridane.org\/city\/\",\"name\":\"Ayuntamiento de Los Llanos de Aridane\",\"description\":\"\",\"potentialAction\":[{\"@type\":\"SearchAction\",\"target\":{\"@type\":\"EntryPoint\",\"urlTemplate\":\"https:\/\/www.aridane.org\/city\/?s={search_term_string}\"},\"query-input\":\"required name=search_term_string\"}],\"inLanguage\":\"es\"},{\"@type\":\"Person\",\"@id\":\"https:\/\/www.aridane.org\/city\/#\/schema\/person\/89ebd376b223dc94cc1dbcf200c8e6da\",\"name\":\"Corresponsal\",\"image\":{\"@type\":\"ImageObject\",\"inLanguage\":\"es\",\"@id\":\"https:\/\/www.aridane.org\/city\/#\/schema\/person\/image\/\",\"url\":\"https:\/\/secure.gravatar.com\/avatar\/1c476992411e4ccf153da63b2b2f5ea0bb4cb1c85f3ceab8512f04325ad5579c?s=96&d=mm&r=g\",\"contentUrl\":\"https:\/\/secure.gravatar.com\/avatar\/1c476992411e4ccf153da63b2b2f5ea0bb4cb1c85f3ceab8512f04325ad5579c?s=96&d=mm&r=g\",\"caption\":\"Corresponsal\"},\"url\":\"https:\/\/www.aridane.org\/city\/author\/corresponsal\/\"}]}<\/script>\n<!-- \/ Yoast SEO plugin. -->","yoast_head_json":{"title":"Puerto Naos consolida la reapertura de su oficina de informaci\u00f3n tur\u00edstica con cerca de mil visitantes en julio - Ayuntamiento de Los Llanos de Aridane","robots":{"index":"index","follow":"follow","max-snippet":"max-snippet:-1","max-image-preview":"max-image-preview:large","max-video-preview":"max-video-preview:-1"},"canonical":"https:\/\/www.aridane.org\/city\/2025\/08\/14\/puerto-naos-consolida-la-reapertura-de-su-oficina-de-informacion-turistica-con-cerca-de-mil-visitantes-en-julio\/","og_locale":"es_ES","og_type":"article","og_title":"Puerto Naos consolida la reapertura de su oficina de informaci\u00f3n tur\u00edstica con cerca de mil visitantes en julio - Ayuntamiento de Los Llanos de Aridane","og_description":"La franja horaria m\u00e1s habitual de consulta fue de 11:00 a 12:00 horas","og_url":"https:\/\/www.aridane.org\/city\/2025\/08\/14\/puerto-naos-consolida-la-reapertura-de-su-oficina-de-informacion-turistica-con-cerca-de-mil-visitantes-en-julio\/","og_site_name":"Ayuntamiento de Los Llanos de Aridane","article_published_time":"2025-08-14T18:13:11+00:00","article_modified_time":"2025-08-14T18:17:15+00:00","og_image":[{"width":1200,"height":900,"url":"https:\/\/www.aridane.org\/city\/wp-content\/uploads\/2025\/08\/Inmaculada-Fernandez-1-e1755195426645.jpeg","type":"image\/jpeg"}],"author":"Corresponsal","twitter_card":"summary_large_image","twitter_misc":{"Escrito por":"Corresponsal","Tiempo de lectura":"2 minutos"},"schema":{"@context":"https:\/\/schema.org","@graph":[{"@type":"WebPage","@id":"https:\/\/www.aridane.org\/city\/2025\/08\/14\/puerto-naos-consolida-la-reapertura-de-su-oficina-de-informacion-turistica-con-cerca-de-mil-visitantes-en-julio\/","url":"https:\/\/www.aridane.org\/city\/2025\/08\/14\/puerto-naos-consolida-la-reapertura-de-su-oficina-de-informacion-turistica-con-cerca-de-mil-visitantes-en-julio\/","name":"Puerto Naos consolida la reapertura de su oficina de informaci\u00f3n tur\u00edstica con cerca de mil visitantes en julio - Ayuntamiento de Los Llanos de Aridane","isPartOf":{"@id":"https:\/\/www.aridane.org\/city\/#website"},"primaryImageOfPage":{"@id":"https:\/\/www.aridane.org\/city\/2025\/08\/14\/puerto-naos-consolida-la-reapertura-de-su-oficina-de-informacion-turistica-con-cerca-de-mil-visitantes-en-julio\/#primaryimage"},"image":{"@id":"https:\/\/www.aridane.org\/city\/2025\/08\/14\/puerto-naos-consolida-la-reapertura-de-su-oficina-de-informacion-turistica-con-cerca-de-mil-visitantes-en-julio\/#primaryimage"},"thumbnailUrl":"https:\/\/www.aridane.org\/city\/wp-content\/uploads\/2025\/08\/Inmaculada-Fernandez-1-e1755195426645.jpeg","datePublished":"2025-08-14T18:13:11+00:00","dateModified":"2025-08-14T18:17:15+00:00","author":{"@id":"https:\/\/www.aridane.org\/city\/#\/schema\/person\/89ebd376b223dc94cc1dbcf200c8e6da"},"breadcrumb":{"@id":"https:\/\/www.aridane.org\/city\/2025\/08\/14\/puerto-naos-consolida-la-reapertura-de-su-oficina-de-informacion-turistica-con-cerca-de-mil-visitantes-en-julio\/#breadcrumb"},"inLanguage":"es","potentialAction":[{"@type":"ReadAction","target":["https:\/\/www.aridane.org\/city\/2025\/08\/14\/puerto-naos-consolida-la-reapertura-de-su-oficina-de-informacion-turistica-con-cerca-de-mil-visitantes-en-julio\/"]}]},{"@type":"ImageObject","inLanguage":"es","@id":"https:\/\/www.aridane.org\/city\/2025\/08\/14\/puerto-naos-consolida-la-reapertura-de-su-oficina-de-informacion-turistica-con-cerca-de-mil-visitantes-en-julio\/#primaryimage","url":"https:\/\/www.aridane.org\/city\/wp-content\/uploads\/2025\/08\/Inmaculada-Fernandez-1-e1755195426645.jpeg","contentUrl":"https:\/\/www.aridane.org\/city\/wp-content\/uploads\/2025\/08\/Inmaculada-Fernandez-1-e1755195426645.jpeg","width":1200,"height":900},{"@type":"BreadcrumbList","@id":"https:\/\/www.aridane.org\/city\/2025\/08\/14\/puerto-naos-consolida-la-reapertura-de-su-oficina-de-informacion-turistica-con-cerca-de-mil-visitantes-en-julio\/#breadcrumb","itemListElement":[{"@type":"ListItem","position":1,"name":"Portada","item":"https:\/\/www.aridane.org\/city\/"},{"@type":"ListItem","position":2,"name":"Puerto Naos consolida la reapertura de su oficina de informaci\u00f3n tur\u00edstica con cerca de mil visitantes en julio"}]},{"@type":"WebSite","@id":"https:\/\/www.aridane.org\/city\/#website","url":"https:\/\/www.aridane.org\/city\/","name":"Ayuntamiento de Los Llanos de Aridane","description":"","potentialAction":[{"@type":"SearchAction","target":{"@type":"EntryPoint","urlTemplate":"https:\/\/www.aridane.org\/city\/?s={search_term_string}"},"query-input":"required name=search_term_string"}],"inLanguage":"es"},{"@type":"Person","@id":"https:\/\/www.aridane.org\/city\/#\/schema\/person\/89ebd376b223dc94cc1dbcf200c8e6da","name":"Corresponsal","image":{"@type":"ImageObject","inLanguage":"es","@id":"https:\/\/www.aridane.org\/city\/#\/schema\/person\/image\/","url":"https:\/\/secure.gravatar.com\/avatar\/1c476992411e4ccf153da63b2b2f5ea0bb4cb1c85f3ceab8512f04325ad5579c?s=96&d=mm&r=g","contentUrl":"https:\/\/secure.gravatar.com\/avatar\/1c476992411e4ccf153da63b2b2f5ea0bb4cb1c85f3ceab8512f04325ad5579c?s=96&d=mm&r=g","caption":"Corresponsal"},"url":"https:\/\/www.aridane.org\/city\/author\/corresponsal\/"}]}},"_links":{"self":[{"href":"https:\/\/www.aridane.org\/city\/wp-json\/wp\/v2\/posts\/4694","targetHints":{"allow":["GET"]}}],"collection":[{"href":"https:\/\/www.aridane.org\/city\/wp-json\/wp\/v2\/posts"}],"about":[{"href":"https:\/\/www.aridane.org\/city\/wp-json\/wp\/v2\/types\/post"}],"author":[{"embeddable":true,"href":"https:\/\/www.aridane.org\/city\/wp-json\/wp\/v2\/users\/4"}],"replies":[{"embeddable":true,"href":"https:\/\/www.aridane.org\/city\/wp-json\/wp\/v2\/comments?post=4694"}],"version-history":[{"count":1,"href":"https:\/\/www.aridane.org\/city\/wp-json\/wp\/v2\/posts\/4694\/revisions"}],"predecessor-version":[{"id":4696,"href":"https:\/\/www.aridane.org\/city\/wp-json\/wp\/v2\/posts\/4694\/revisions\/4696"}],"wp:featuredmedia":[{"embeddable":true,"href":"https:\/\/www.aridane.org\/city\/wp-json\/wp\/v2\/media\/4695"}],"wp:attachment":[{"href":"https:\/\/www.aridane.org\/city\/wp-json\/wp\/v2\/media?parent=4694"}],"wp:term":[{"taxonomy":"category","embeddable":true,"href":"https:\/\/www.aridane.org\/city\/wp-json\/wp\/v2\/categories?post=4694"},{"taxonomy":"post_tag","embeddable":true,"href":"https:\/\/www.aridane.org\/city\/wp-json\/wp\/v2\/tags?post=4694"}],"curies":[{"name":"wp","href":"https:\/\/api.w.org\/{rel}","templated":true}]}}