{"id":4697,"date":"2025-08-14T18:16:23","date_gmt":"2025-08-14T18:16:23","guid":{"rendered":"https:\/\/www.aridane.org\/city\/?p=4697"},"modified":"2025-08-14T18:16:23","modified_gmt":"2025-08-14T18:16:23","slug":"el-agua-regresa-a-la-avenida-de-puerto-naos-con-una-fiesta-para-toda-la-familia","status":"publish","type":"post","link":"https:\/\/www.aridane.org\/city\/2025\/08\/14\/el-agua-regresa-a-la-avenida-de-puerto-naos-con-una-fiesta-para-toda-la-familia\/","title":{"rendered":"El agua regresa a la avenida de Puerto Naos con una fiesta para toda la familia"},"content":{"rendered":"<p><i><span style=\"font-weight: 400;\">El Ayuntamiento reparti\u00f3 medio centenar de pistolas de agua, coloc\u00f3 hinchables y habilit\u00f3 un dj para animar la avenida<\/span><\/i><!--more--><\/p>\n<p><span style=\"font-weight: 400;\">El Ayuntamiento de Los Llanos de Aridane celebr\u00f3 este jueves, 14 de agosto, la Fiesta de las Pistolas de Agua en Puerto Naos, una actividad pensada para disfrutar en familia y que llen\u00f3 de color y diversi\u00f3n la Avenida Mar\u00edtima.<\/span><\/p>\n<p><span style=\"font-weight: 400;\">La cita, sencilla y participativa, supone un gesto simb\u00f3lico para seguir devolviendo la alegr\u00eda y la vida a este enclave costero, que gradualmente vuelve a la normalidad tras la crisis generada por el volc\u00e1n. Un espacio, adem\u00e1s, vinculado a la hist\u00f3rica Fiesta del Agua, uno de los eventos m\u00e1s emblem\u00e1ticos de La Palma y que no se celebra desde la pandemia.<\/span><\/p>\n<p><span style=\"font-weight: 400;\">El alcalde, Javier Llamas, explica que la Fiesta de las Pistolas de Aguas no pretende sustituir la Fiesta del Agua. \u201cSin embarg\u00f3, esta iniciativa mantiene viva la esencia festiva de Puerto Naos y fortalece el sentimiento de comunidad, recuperando poco a poco las tradiciones que han marcado su identidad. Es un paso m\u00e1s. Queremos que vecinos, vecinas y personas visitantes vuelvan a disfrutar de este espacio y sientan que su playa sigue viva\u201d, a\u00f1ade.<\/span><\/p>\n<p><span style=\"font-weight: 400;\">El teniente de alcalde y concejal de Playas, V\u00edctor Gonz\u00e1lez, se\u00f1ala que esta jornada trae diversi\u00f3n y esperanza al litoral aridanense. \u201cEs un momento para reencontrarnos, disfrutar y seguir apostando por la recuperaci\u00f3n de Puerto Naos\u201d, se\u00f1ala, poniendo en valor el trabajo del personal municipal que ha hecho posible esta fiesta.<\/span><\/p>\n<p><span style=\"font-weight: 400;\">El Ayuntamiento instal\u00f3 recipientes de recarga de agua e hinchables, al tiempo que reparti\u00f3 medio centenar de pistolas de agua mientras DJ Capote llen\u00f3 de m\u00fasica la avenida.<\/span><\/p>\n","protected":false},"excerpt":{"rendered":"<p>El Ayuntamiento reparti\u00f3 medio centenar de pistolas de agua, coloc\u00f3 hinchables y habilit\u00f3 un dj para animar la avenida<\/p>\n","protected":false},"author":4,"featured_media":4698,"comment_status":"open","ping_status":"open","sticky":false,"template":"","format":"standard","meta":{"footnotes":""},"categories":[1],"tags":[],"class_list":["post-4697","post","type-post","status-publish","format-standard","has-post-thumbnail","hentry","category-sin-categoria"],"yoast_head":"<!-- This site is optimized with the Yoast SEO plugin v22.7 - https:\/\/yoast.com\/wordpress\/plugins\/seo\/ -->\n<title>El agua regresa a la avenida de Puerto Naos con una fiesta para toda la familia - Ayuntamiento de Los Llanos de Aridane<\/title>\n<meta name=\"robots\" content=\"index, follow, max-snippet:-1, max-image-preview:large, max-video-preview:-1\" \/>\n<link rel=\"canonical\" href=\"https:\/\/www.aridane.org\/city\/2025\/08\/14\/el-agua-regresa-a-la-avenida-de-puerto-naos-con-una-fiesta-para-toda-la-familia\/\" \/>\n<meta property=\"og:locale\" content=\"es_ES\" \/>\n<meta property=\"og:type\" content=\"article\" \/>\n<meta property=\"og:title\" content=\"El agua regresa a la avenida de Puerto Naos con una fiesta para toda la familia - Ayuntamiento de Los Llanos de Aridane\" \/>\n<meta property=\"og:description\" content=\"El Ayuntamiento reparti\u00f3 medio centenar de pistolas de agua, coloc\u00f3 hinchables y habilit\u00f3 un dj para animar la avenida\" \/>\n<meta property=\"og:url\" content=\"https:\/\/www.aridane.org\/city\/2025\/08\/14\/el-agua-regresa-a-la-avenida-de-puerto-naos-con-una-fiesta-para-toda-la-familia\/\" \/>\n<meta property=\"og:site_name\" content=\"Ayuntamiento de Los Llanos de Aridane\" \/>\n<meta property=\"article:published_time\" content=\"2025-08-14T18:16:23+00:00\" \/>\n<meta property=\"og:image\" content=\"https:\/\/www.aridane.org\/city\/wp-content\/uploads\/2025\/08\/Fiesta-de-las-Pistolas-de-Agua-1-scaled.jpeg\" \/>\n\t<meta property=\"og:image:width\" content=\"2560\" \/>\n\t<meta property=\"og:image:height\" content=\"1920\" \/>\n\t<meta property=\"og:image:type\" content=\"image\/jpeg\" \/>\n<meta name=\"author\" content=\"Corresponsal\" \/>\n<meta name=\"twitter:card\" content=\"summary_large_image\" \/>\n<meta name=\"twitter:label1\" content=\"Escrito por\" \/>\n\t<meta name=\"twitter:data1\" content=\"Corresponsal\" \/>\n\t<meta name=\"twitter:label2\" content=\"Tiempo de lectura\" \/>\n\t<meta name=\"twitter:data2\" content=\"2 minutos\" \/>\n<script type=\"application\/ld+json\" class=\"yoast-schema-graph\">{\"@context\":\"https:\/\/schema.org\",\"@graph\":[{\"@type\":\"WebPage\",\"@id\":\"https:\/\/www.aridane.org\/city\/2025\/08\/14\/el-agua-regresa-a-la-avenida-de-puerto-naos-con-una-fiesta-para-toda-la-familia\/\",\"url\":\"https:\/\/www.aridane.org\/city\/2025\/08\/14\/el-agua-regresa-a-la-avenida-de-puerto-naos-con-una-fiesta-para-toda-la-familia\/\",\"name\":\"El agua regresa a la avenida de Puerto Naos con una fiesta para toda la familia - Ayuntamiento de Los Llanos de Aridane\",\"isPartOf\":{\"@id\":\"https:\/\/www.aridane.org\/city\/#website\"},\"primaryImageOfPage\":{\"@id\":\"https:\/\/www.aridane.org\/city\/2025\/08\/14\/el-agua-regresa-a-la-avenida-de-puerto-naos-con-una-fiesta-para-toda-la-familia\/#primaryimage\"},\"image\":{\"@id\":\"https:\/\/www.aridane.org\/city\/2025\/08\/14\/el-agua-regresa-a-la-avenida-de-puerto-naos-con-una-fiesta-para-toda-la-familia\/#primaryimage\"},\"thumbnailUrl\":\"https:\/\/www.aridane.org\/city\/wp-content\/uploads\/2025\/08\/Fiesta-de-las-Pistolas-de-Agua-1-scaled-e1755610591984.jpeg\",\"datePublished\":\"2025-08-14T18:16:23+00:00\",\"dateModified\":\"2025-08-14T18:16:23+00:00\",\"author\":{\"@id\":\"https:\/\/www.aridane.org\/city\/#\/schema\/person\/89ebd376b223dc94cc1dbcf200c8e6da\"},\"breadcrumb\":{\"@id\":\"https:\/\/www.aridane.org\/city\/2025\/08\/14\/el-agua-regresa-a-la-avenida-de-puerto-naos-con-una-fiesta-para-toda-la-familia\/#breadcrumb\"},\"inLanguage\":\"es\",\"potentialAction\":[{\"@type\":\"ReadAction\",\"target\":[\"https:\/\/www.aridane.org\/city\/2025\/08\/14\/el-agua-regresa-a-la-avenida-de-puerto-naos-con-una-fiesta-para-toda-la-familia\/\"]}]},{\"@type\":\"ImageObject\",\"inLanguage\":\"es\",\"@id\":\"https:\/\/www.aridane.org\/city\/2025\/08\/14\/el-agua-regresa-a-la-avenida-de-puerto-naos-con-una-fiesta-para-toda-la-familia\/#primaryimage\",\"url\":\"https:\/\/www.aridane.org\/city\/wp-content\/uploads\/2025\/08\/Fiesta-de-las-Pistolas-de-Agua-1-scaled-e1755610591984.jpeg\",\"contentUrl\":\"https:\/\/www.aridane.org\/city\/wp-content\/uploads\/2025\/08\/Fiesta-de-las-Pistolas-de-Agua-1-scaled-e1755610591984.jpeg\",\"width\":1660,\"height\":1186},{\"@type\":\"BreadcrumbList\",\"@id\":\"https:\/\/www.aridane.org\/city\/2025\/08\/14\/el-agua-regresa-a-la-avenida-de-puerto-naos-con-una-fiesta-para-toda-la-familia\/#breadcrumb\",\"itemListElement\":[{\"@type\":\"ListItem\",\"position\":1,\"name\":\"Portada\",\"item\":\"https:\/\/www.aridane.org\/city\/\"},{\"@type\":\"ListItem\",\"position\":2,\"name\":\"El agua regresa a la avenida de Puerto Naos con una fiesta para toda la familia\"}]},{\"@type\":\"WebSite\",\"@id\":\"https:\/\/www.aridane.org\/city\/#website\",\"url\":\"https:\/\/www.aridane.org\/city\/\",\"name\":\"Ayuntamiento de Los Llanos de Aridane\",\"description\":\"\",\"potentialAction\":[{\"@type\":\"SearchAction\",\"target\":{\"@type\":\"EntryPoint\",\"urlTemplate\":\"https:\/\/www.aridane.org\/city\/?s={search_term_string}\"},\"query-input\":\"required name=search_term_string\"}],\"inLanguage\":\"es\"},{\"@type\":\"Person\",\"@id\":\"https:\/\/www.aridane.org\/city\/#\/schema\/person\/89ebd376b223dc94cc1dbcf200c8e6da\",\"name\":\"Corresponsal\",\"image\":{\"@type\":\"ImageObject\",\"inLanguage\":\"es\",\"@id\":\"https:\/\/www.aridane.org\/city\/#\/schema\/person\/image\/\",\"url\":\"https:\/\/secure.gravatar.com\/avatar\/1c476992411e4ccf153da63b2b2f5ea0bb4cb1c85f3ceab8512f04325ad5579c?s=96&d=mm&r=g\",\"contentUrl\":\"https:\/\/secure.gravatar.com\/avatar\/1c476992411e4ccf153da63b2b2f5ea0bb4cb1c85f3ceab8512f04325ad5579c?s=96&d=mm&r=g\",\"caption\":\"Corresponsal\"},\"url\":\"https:\/\/www.aridane.org\/city\/author\/corresponsal\/\"}]}<\/script>\n<!-- \/ Yoast SEO plugin. -->","yoast_head_json":{"title":"El agua regresa a la avenida de Puerto Naos con una fiesta para toda la familia - Ayuntamiento de Los Llanos de Aridane","robots":{"index":"index","follow":"follow","max-snippet":"max-snippet:-1","max-image-preview":"max-image-preview:large","max-video-preview":"max-video-preview:-1"},"canonical":"https:\/\/www.aridane.org\/city\/2025\/08\/14\/el-agua-regresa-a-la-avenida-de-puerto-naos-con-una-fiesta-para-toda-la-familia\/","og_locale":"es_ES","og_type":"article","og_title":"El agua regresa a la avenida de Puerto Naos con una fiesta para toda la familia - Ayuntamiento de Los Llanos de Aridane","og_description":"El Ayuntamiento reparti\u00f3 medio centenar de pistolas de agua, coloc\u00f3 hinchables y habilit\u00f3 un dj para animar la avenida","og_url":"https:\/\/www.aridane.org\/city\/2025\/08\/14\/el-agua-regresa-a-la-avenida-de-puerto-naos-con-una-fiesta-para-toda-la-familia\/","og_site_name":"Ayuntamiento de Los Llanos de Aridane","article_published_time":"2025-08-14T18:16:23+00:00","og_image":[{"width":2560,"height":1920,"url":"https:\/\/www.aridane.org\/city\/wp-content\/uploads\/2025\/08\/Fiesta-de-las-Pistolas-de-Agua-1-scaled.jpeg","type":"image\/jpeg"}],"author":"Corresponsal","twitter_card":"summary_large_image","twitter_misc":{"Escrito por":"Corresponsal","Tiempo de lectura":"2 minutos"},"schema":{"@context":"https:\/\/schema.org","@graph":[{"@type":"WebPage","@id":"https:\/\/www.aridane.org\/city\/2025\/08\/14\/el-agua-regresa-a-la-avenida-de-puerto-naos-con-una-fiesta-para-toda-la-familia\/","url":"https:\/\/www.aridane.org\/city\/2025\/08\/14\/el-agua-regresa-a-la-avenida-de-puerto-naos-con-una-fiesta-para-toda-la-familia\/","name":"El agua regresa a la avenida de Puerto Naos con una fiesta para toda la familia - Ayuntamiento de Los Llanos de Aridane","isPartOf":{"@id":"https:\/\/www.aridane.org\/city\/#website"},"primaryImageOfPage":{"@id":"https:\/\/www.aridane.org\/city\/2025\/08\/14\/el-agua-regresa-a-la-avenida-de-puerto-naos-con-una-fiesta-para-toda-la-familia\/#primaryimage"},"image":{"@id":"https:\/\/www.aridane.org\/city\/2025\/08\/14\/el-agua-regresa-a-la-avenida-de-puerto-naos-con-una-fiesta-para-toda-la-familia\/#primaryimage"},"thumbnailUrl":"https:\/\/www.aridane.org\/city\/wp-content\/uploads\/2025\/08\/Fiesta-de-las-Pistolas-de-Agua-1-scaled-e1755610591984.jpeg","datePublished":"2025-08-14T18:16:23+00:00","dateModified":"2025-08-14T18:16:23+00:00","author":{"@id":"https:\/\/www.aridane.org\/city\/#\/schema\/person\/89ebd376b223dc94cc1dbcf200c8e6da"},"breadcrumb":{"@id":"https:\/\/www.aridane.org\/city\/2025\/08\/14\/el-agua-regresa-a-la-avenida-de-puerto-naos-con-una-fiesta-para-toda-la-familia\/#breadcrumb"},"inLanguage":"es","potentialAction":[{"@type":"ReadAction","target":["https:\/\/www.aridane.org\/city\/2025\/08\/14\/el-agua-regresa-a-la-avenida-de-puerto-naos-con-una-fiesta-para-toda-la-familia\/"]}]},{"@type":"ImageObject","inLanguage":"es","@id":"https:\/\/www.aridane.org\/city\/2025\/08\/14\/el-agua-regresa-a-la-avenida-de-puerto-naos-con-una-fiesta-para-toda-la-familia\/#primaryimage","url":"https:\/\/www.aridane.org\/city\/wp-content\/uploads\/2025\/08\/Fiesta-de-las-Pistolas-de-Agua-1-scaled-e1755610591984.jpeg","contentUrl":"https:\/\/www.aridane.org\/city\/wp-content\/uploads\/2025\/08\/Fiesta-de-las-Pistolas-de-Agua-1-scaled-e1755610591984.jpeg","width":1660,"height":1186},{"@type":"BreadcrumbList","@id":"https:\/\/www.aridane.org\/city\/2025\/08\/14\/el-agua-regresa-a-la-avenida-de-puerto-naos-con-una-fiesta-para-toda-la-familia\/#breadcrumb","itemListElement":[{"@type":"ListItem","position":1,"name":"Portada","item":"https:\/\/www.aridane.org\/city\/"},{"@type":"ListItem","position":2,"name":"El agua regresa a la avenida de Puerto Naos con una fiesta para toda la familia"}]},{"@type":"WebSite","@id":"https:\/\/www.aridane.org\/city\/#website","url":"https:\/\/www.aridane.org\/city\/","name":"Ayuntamiento de Los Llanos de Aridane","description":"","potentialAction":[{"@type":"SearchAction","target":{"@type":"EntryPoint","urlTemplate":"https:\/\/www.aridane.org\/city\/?s={search_term_string}"},"query-input":"required name=search_term_string"}],"inLanguage":"es"},{"@type":"Person","@id":"https:\/\/www.aridane.org\/city\/#\/schema\/person\/89ebd376b223dc94cc1dbcf200c8e6da","name":"Corresponsal","image":{"@type":"ImageObject","inLanguage":"es","@id":"https:\/\/www.aridane.org\/city\/#\/schema\/person\/image\/","url":"https:\/\/secure.gravatar.com\/avatar\/1c476992411e4ccf153da63b2b2f5ea0bb4cb1c85f3ceab8512f04325ad5579c?s=96&d=mm&r=g","contentUrl":"https:\/\/secure.gravatar.com\/avatar\/1c476992411e4ccf153da63b2b2f5ea0bb4cb1c85f3ceab8512f04325ad5579c?s=96&d=mm&r=g","caption":"Corresponsal"},"url":"https:\/\/www.aridane.org\/city\/author\/corresponsal\/"}]}},"_links":{"self":[{"href":"https:\/\/www.aridane.org\/city\/wp-json\/wp\/v2\/posts\/4697","targetHints":{"allow":["GET"]}}],"collection":[{"href":"https:\/\/www.aridane.org\/city\/wp-json\/wp\/v2\/posts"}],"about":[{"href":"https:\/\/www.aridane.org\/city\/wp-json\/wp\/v2\/types\/post"}],"author":[{"embeddable":true,"href":"https:\/\/www.aridane.org\/city\/wp-json\/wp\/v2\/users\/4"}],"replies":[{"embeddable":true,"href":"https:\/\/www.aridane.org\/city\/wp-json\/wp\/v2\/comments?post=4697"}],"version-history":[{"count":1,"href":"https:\/\/www.aridane.org\/city\/wp-json\/wp\/v2\/posts\/4697\/revisions"}],"predecessor-version":[{"id":4699,"href":"https:\/\/www.aridane.org\/city\/wp-json\/wp\/v2\/posts\/4697\/revisions\/4699"}],"wp:featuredmedia":[{"embeddable":true,"href":"https:\/\/www.aridane.org\/city\/wp-json\/wp\/v2\/media\/4698"}],"wp:attachment":[{"href":"https:\/\/www.aridane.org\/city\/wp-json\/wp\/v2\/media?parent=4697"}],"wp:term":[{"taxonomy":"category","embeddable":true,"href":"https:\/\/www.aridane.org\/city\/wp-json\/wp\/v2\/categories?post=4697"},{"taxonomy":"post_tag","embeddable":true,"href":"https:\/\/www.aridane.org\/city\/wp-json\/wp\/v2\/tags?post=4697"}],"curies":[{"name":"wp","href":"https:\/\/api.w.org\/{rel}","templated":true}]}}