{"id":4701,"date":"2025-08-19T13:33:53","date_gmt":"2025-08-19T13:33:53","guid":{"rendered":"https:\/\/www.aridane.org\/city\/?p=4701"},"modified":"2025-08-19T13:33:53","modified_gmt":"2025-08-19T13:33:53","slug":"los-llanos-se-convierte-en-la-capital-del-padel-con-el-fip-silver-isla-de-la-palma-2025","status":"publish","type":"post","link":"https:\/\/www.aridane.org\/city\/2025\/08\/19\/los-llanos-se-convierte-en-la-capital-del-padel-con-el-fip-silver-isla-de-la-palma-2025\/","title":{"rendered":"Los Llanos se convierte en la capital del p\u00e1del con el FIP Silver Isla de La Palma 2025"},"content":{"rendered":"<p><em>La pista central se ubicar\u00e1 en la plaza Juan Pablo II<\/em><!--more--><\/p>\n<div id=\"v1forwardbody1\">\n<p>El Ayuntamiento de Los Llanos de Aridane presenta, junto al Gobierno de Canarias, el Cabildo de La Palma y el Ayuntamiento de Tazacorte, una nueva edici\u00f3n del torneo internacional de p\u00e1del FIP Silver Isla de La Palma 2025. La cita arranca este martes, 19 de agosto, y forma parte del circuito CUPRA FIP Tour en la categor\u00eda Espa\u00f1a. El evento est\u00e1 impulsado por el club de p\u00e1del Baga Tazo 2008.<\/p>\n<p>En el acto de presentaci\u00f3n estuvieron presentes el alcalde, Javier Llamas; el teniente de alcalde y concejal de Deportes, V\u00edctor Gonz\u00e1lez; el concejal de Deportes del Ayuntamiento de Tazacorte, Toni Santana, y el organizador del torneo, Nahum Mart\u00edn.<\/p>\n<p>El alcalde, Javier Llamas, destac\u00f3 el posicionamiento de Los Llanos de Aridane como sede de competiciones de renombre internacional y se\u00f1al\u00f3 que desde el Ayuntamiento se seguir\u00e1 apostando por este tipo de eventos, que ofrecen una gran visibilidad tanto al municipio como a la isla.<\/p>\n<p>\u201cEsta cita convertir\u00e1 a Los Llanos de Aridane en el epicentro del p\u00e1del internacional, con la participaci\u00f3n de algunos de los mejores jugadores y jugadoras del circuito, lo que supondr\u00e1 adem\u00e1s un atractivo para visitantes que podr\u00e1n conocer de primera mano las excelentes condiciones que ofrecen tanto Los Llanos como La Palma\u201d, a\u00f1adi\u00f3.<\/p>\n<p>Por su parte, el concejal de Deportes, V\u00edctor Gonz\u00e1lez, se\u00f1al\u00f3 que la celebraci\u00f3n de este tipo de competiciones en el centro del municipio \u201csirve como reclamo para que la ciudadan\u00eda se anime a practicar deporte y a mejorar sus h\u00e1bitos de vida\u201d. Adem\u00e1s, destac\u00f3 que esta nueva edici\u00f3n supone un salto a la categor\u00eda Silver, lo que garantiza la presencia de deportistas de mayor nivel.<\/p>\n<h2><strong>Los detalles<\/strong><\/h2>\n<p>Las fases previas se disputar\u00e1n los d\u00edas 19 y 20 de agosto en el Club de Tenis Valle de Aridane.<\/p>\n<p>A partir del jueves 21 comenzar\u00e1 el cuadro principal, que culminar\u00e1 el s\u00e1bado 23 con las semifinales y la final en la pista central instalada en la plaza Juan Pablo II. El torneo otorga premio econ\u00f3mico a los vencedores y suma de puntos en el r\u00e1nking internacional.<\/p>\n<p>El cuadro oficial, el orden de juego y el seguimiento en directo de los partidos pueden consultarse en <a href=\"https:\/\/www.padelfip.com\/es\/events\/fip-silver-isla-de-la-palma-2025\/?tab=Cuadros\">la siguiente web<\/a>.<\/p>\n<\/div>\n","protected":false},"excerpt":{"rendered":"<p>La pista central se ubicar\u00e1 en la plaza Juan Pablo II<\/p>\n","protected":false},"author":4,"featured_media":4702,"comment_status":"open","ping_status":"open","sticky":false,"template":"","format":"standard","meta":{"footnotes":""},"categories":[1],"tags":[],"class_list":["post-4701","post","type-post","status-publish","format-standard","has-post-thumbnail","hentry","category-sin-categoria"],"yoast_head":"<!-- This site is optimized with the Yoast SEO plugin v22.7 - https:\/\/yoast.com\/wordpress\/plugins\/seo\/ -->\n<title>Los Llanos se convierte en la capital del p\u00e1del con el FIP Silver Isla de La Palma 2025 - Ayuntamiento de Los Llanos de Aridane<\/title>\n<meta name=\"robots\" content=\"index, follow, max-snippet:-1, max-image-preview:large, max-video-preview:-1\" \/>\n<link rel=\"canonical\" href=\"https:\/\/www.aridane.org\/city\/2025\/08\/19\/los-llanos-se-convierte-en-la-capital-del-padel-con-el-fip-silver-isla-de-la-palma-2025\/\" \/>\n<meta property=\"og:locale\" content=\"es_ES\" \/>\n<meta property=\"og:type\" content=\"article\" \/>\n<meta property=\"og:title\" content=\"Los Llanos se convierte en la capital del p\u00e1del con el FIP Silver Isla de La Palma 2025 - Ayuntamiento de Los Llanos de Aridane\" \/>\n<meta property=\"og:description\" content=\"La pista central se ubicar\u00e1 en la plaza Juan Pablo II\" \/>\n<meta property=\"og:url\" content=\"https:\/\/www.aridane.org\/city\/2025\/08\/19\/los-llanos-se-convierte-en-la-capital-del-padel-con-el-fip-silver-isla-de-la-palma-2025\/\" \/>\n<meta property=\"og:site_name\" content=\"Ayuntamiento de Los Llanos de Aridane\" \/>\n<meta property=\"article:published_time\" content=\"2025-08-19T13:33:53+00:00\" \/>\n<meta property=\"og:image\" content=\"https:\/\/www.aridane.org\/city\/wp-content\/uploads\/2025\/08\/FIP-Silver-Isla-de-La-Palma-scaled.jpeg\" \/>\n\t<meta property=\"og:image:width\" content=\"2560\" \/>\n\t<meta property=\"og:image:height\" content=\"1920\" \/>\n\t<meta property=\"og:image:type\" content=\"image\/jpeg\" \/>\n<meta name=\"author\" content=\"Corresponsal\" \/>\n<meta name=\"twitter:card\" content=\"summary_large_image\" \/>\n<meta name=\"twitter:label1\" content=\"Escrito por\" \/>\n\t<meta name=\"twitter:data1\" content=\"Corresponsal\" \/>\n\t<meta name=\"twitter:label2\" content=\"Tiempo de lectura\" \/>\n\t<meta name=\"twitter:data2\" content=\"2 minutos\" \/>\n<script type=\"application\/ld+json\" class=\"yoast-schema-graph\">{\"@context\":\"https:\/\/schema.org\",\"@graph\":[{\"@type\":\"WebPage\",\"@id\":\"https:\/\/www.aridane.org\/city\/2025\/08\/19\/los-llanos-se-convierte-en-la-capital-del-padel-con-el-fip-silver-isla-de-la-palma-2025\/\",\"url\":\"https:\/\/www.aridane.org\/city\/2025\/08\/19\/los-llanos-se-convierte-en-la-capital-del-padel-con-el-fip-silver-isla-de-la-palma-2025\/\",\"name\":\"Los Llanos se convierte en la capital del p\u00e1del con el FIP Silver Isla de La Palma 2025 - Ayuntamiento de Los Llanos de Aridane\",\"isPartOf\":{\"@id\":\"https:\/\/www.aridane.org\/city\/#website\"},\"primaryImageOfPage\":{\"@id\":\"https:\/\/www.aridane.org\/city\/2025\/08\/19\/los-llanos-se-convierte-en-la-capital-del-padel-con-el-fip-silver-isla-de-la-palma-2025\/#primaryimage\"},\"image\":{\"@id\":\"https:\/\/www.aridane.org\/city\/2025\/08\/19\/los-llanos-se-convierte-en-la-capital-del-padel-con-el-fip-silver-isla-de-la-palma-2025\/#primaryimage\"},\"thumbnailUrl\":\"https:\/\/www.aridane.org\/city\/wp-content\/uploads\/2025\/08\/FIP-Silver-Isla-de-La-Palma-scaled.jpeg\",\"datePublished\":\"2025-08-19T13:33:53+00:00\",\"dateModified\":\"2025-08-19T13:33:53+00:00\",\"author\":{\"@id\":\"https:\/\/www.aridane.org\/city\/#\/schema\/person\/89ebd376b223dc94cc1dbcf200c8e6da\"},\"breadcrumb\":{\"@id\":\"https:\/\/www.aridane.org\/city\/2025\/08\/19\/los-llanos-se-convierte-en-la-capital-del-padel-con-el-fip-silver-isla-de-la-palma-2025\/#breadcrumb\"},\"inLanguage\":\"es\",\"potentialAction\":[{\"@type\":\"ReadAction\",\"target\":[\"https:\/\/www.aridane.org\/city\/2025\/08\/19\/los-llanos-se-convierte-en-la-capital-del-padel-con-el-fip-silver-isla-de-la-palma-2025\/\"]}]},{\"@type\":\"ImageObject\",\"inLanguage\":\"es\",\"@id\":\"https:\/\/www.aridane.org\/city\/2025\/08\/19\/los-llanos-se-convierte-en-la-capital-del-padel-con-el-fip-silver-isla-de-la-palma-2025\/#primaryimage\",\"url\":\"https:\/\/www.aridane.org\/city\/wp-content\/uploads\/2025\/08\/FIP-Silver-Isla-de-La-Palma-scaled.jpeg\",\"contentUrl\":\"https:\/\/www.aridane.org\/city\/wp-content\/uploads\/2025\/08\/FIP-Silver-Isla-de-La-Palma-scaled.jpeg\",\"width\":2560,\"height\":1920},{\"@type\":\"BreadcrumbList\",\"@id\":\"https:\/\/www.aridane.org\/city\/2025\/08\/19\/los-llanos-se-convierte-en-la-capital-del-padel-con-el-fip-silver-isla-de-la-palma-2025\/#breadcrumb\",\"itemListElement\":[{\"@type\":\"ListItem\",\"position\":1,\"name\":\"Portada\",\"item\":\"https:\/\/www.aridane.org\/city\/\"},{\"@type\":\"ListItem\",\"position\":2,\"name\":\"Los Llanos se convierte en la capital del p\u00e1del con el FIP Silver Isla de La Palma 2025\"}]},{\"@type\":\"WebSite\",\"@id\":\"https:\/\/www.aridane.org\/city\/#website\",\"url\":\"https:\/\/www.aridane.org\/city\/\",\"name\":\"Ayuntamiento de Los Llanos de Aridane\",\"description\":\"\",\"potentialAction\":[{\"@type\":\"SearchAction\",\"target\":{\"@type\":\"EntryPoint\",\"urlTemplate\":\"https:\/\/www.aridane.org\/city\/?s={search_term_string}\"},\"query-input\":\"required name=search_term_string\"}],\"inLanguage\":\"es\"},{\"@type\":\"Person\",\"@id\":\"https:\/\/www.aridane.org\/city\/#\/schema\/person\/89ebd376b223dc94cc1dbcf200c8e6da\",\"name\":\"Corresponsal\",\"image\":{\"@type\":\"ImageObject\",\"inLanguage\":\"es\",\"@id\":\"https:\/\/www.aridane.org\/city\/#\/schema\/person\/image\/\",\"url\":\"https:\/\/secure.gravatar.com\/avatar\/1c476992411e4ccf153da63b2b2f5ea0bb4cb1c85f3ceab8512f04325ad5579c?s=96&d=mm&r=g\",\"contentUrl\":\"https:\/\/secure.gravatar.com\/avatar\/1c476992411e4ccf153da63b2b2f5ea0bb4cb1c85f3ceab8512f04325ad5579c?s=96&d=mm&r=g\",\"caption\":\"Corresponsal\"},\"url\":\"https:\/\/www.aridane.org\/city\/author\/corresponsal\/\"}]}<\/script>\n<!-- \/ Yoast SEO plugin. -->","yoast_head_json":{"title":"Los Llanos se convierte en la capital del p\u00e1del con el FIP Silver Isla de La Palma 2025 - Ayuntamiento de Los Llanos de Aridane","robots":{"index":"index","follow":"follow","max-snippet":"max-snippet:-1","max-image-preview":"max-image-preview:large","max-video-preview":"max-video-preview:-1"},"canonical":"https:\/\/www.aridane.org\/city\/2025\/08\/19\/los-llanos-se-convierte-en-la-capital-del-padel-con-el-fip-silver-isla-de-la-palma-2025\/","og_locale":"es_ES","og_type":"article","og_title":"Los Llanos se convierte en la capital del p\u00e1del con el FIP Silver Isla de La Palma 2025 - Ayuntamiento de Los Llanos de Aridane","og_description":"La pista central se ubicar\u00e1 en la plaza Juan Pablo II","og_url":"https:\/\/www.aridane.org\/city\/2025\/08\/19\/los-llanos-se-convierte-en-la-capital-del-padel-con-el-fip-silver-isla-de-la-palma-2025\/","og_site_name":"Ayuntamiento de Los Llanos de Aridane","article_published_time":"2025-08-19T13:33:53+00:00","og_image":[{"width":2560,"height":1920,"url":"https:\/\/www.aridane.org\/city\/wp-content\/uploads\/2025\/08\/FIP-Silver-Isla-de-La-Palma-scaled.jpeg","type":"image\/jpeg"}],"author":"Corresponsal","twitter_card":"summary_large_image","twitter_misc":{"Escrito por":"Corresponsal","Tiempo de lectura":"2 minutos"},"schema":{"@context":"https:\/\/schema.org","@graph":[{"@type":"WebPage","@id":"https:\/\/www.aridane.org\/city\/2025\/08\/19\/los-llanos-se-convierte-en-la-capital-del-padel-con-el-fip-silver-isla-de-la-palma-2025\/","url":"https:\/\/www.aridane.org\/city\/2025\/08\/19\/los-llanos-se-convierte-en-la-capital-del-padel-con-el-fip-silver-isla-de-la-palma-2025\/","name":"Los Llanos se convierte en la capital del p\u00e1del con el FIP Silver Isla de La Palma 2025 - Ayuntamiento de Los Llanos de Aridane","isPartOf":{"@id":"https:\/\/www.aridane.org\/city\/#website"},"primaryImageOfPage":{"@id":"https:\/\/www.aridane.org\/city\/2025\/08\/19\/los-llanos-se-convierte-en-la-capital-del-padel-con-el-fip-silver-isla-de-la-palma-2025\/#primaryimage"},"image":{"@id":"https:\/\/www.aridane.org\/city\/2025\/08\/19\/los-llanos-se-convierte-en-la-capital-del-padel-con-el-fip-silver-isla-de-la-palma-2025\/#primaryimage"},"thumbnailUrl":"https:\/\/www.aridane.org\/city\/wp-content\/uploads\/2025\/08\/FIP-Silver-Isla-de-La-Palma-scaled.jpeg","datePublished":"2025-08-19T13:33:53+00:00","dateModified":"2025-08-19T13:33:53+00:00","author":{"@id":"https:\/\/www.aridane.org\/city\/#\/schema\/person\/89ebd376b223dc94cc1dbcf200c8e6da"},"breadcrumb":{"@id":"https:\/\/www.aridane.org\/city\/2025\/08\/19\/los-llanos-se-convierte-en-la-capital-del-padel-con-el-fip-silver-isla-de-la-palma-2025\/#breadcrumb"},"inLanguage":"es","potentialAction":[{"@type":"ReadAction","target":["https:\/\/www.aridane.org\/city\/2025\/08\/19\/los-llanos-se-convierte-en-la-capital-del-padel-con-el-fip-silver-isla-de-la-palma-2025\/"]}]},{"@type":"ImageObject","inLanguage":"es","@id":"https:\/\/www.aridane.org\/city\/2025\/08\/19\/los-llanos-se-convierte-en-la-capital-del-padel-con-el-fip-silver-isla-de-la-palma-2025\/#primaryimage","url":"https:\/\/www.aridane.org\/city\/wp-content\/uploads\/2025\/08\/FIP-Silver-Isla-de-La-Palma-scaled.jpeg","contentUrl":"https:\/\/www.aridane.org\/city\/wp-content\/uploads\/2025\/08\/FIP-Silver-Isla-de-La-Palma-scaled.jpeg","width":2560,"height":1920},{"@type":"BreadcrumbList","@id":"https:\/\/www.aridane.org\/city\/2025\/08\/19\/los-llanos-se-convierte-en-la-capital-del-padel-con-el-fip-silver-isla-de-la-palma-2025\/#breadcrumb","itemListElement":[{"@type":"ListItem","position":1,"name":"Portada","item":"https:\/\/www.aridane.org\/city\/"},{"@type":"ListItem","position":2,"name":"Los Llanos se convierte en la capital del p\u00e1del con el FIP Silver Isla de La Palma 2025"}]},{"@type":"WebSite","@id":"https:\/\/www.aridane.org\/city\/#website","url":"https:\/\/www.aridane.org\/city\/","name":"Ayuntamiento de Los Llanos de Aridane","description":"","potentialAction":[{"@type":"SearchAction","target":{"@type":"EntryPoint","urlTemplate":"https:\/\/www.aridane.org\/city\/?s={search_term_string}"},"query-input":"required name=search_term_string"}],"inLanguage":"es"},{"@type":"Person","@id":"https:\/\/www.aridane.org\/city\/#\/schema\/person\/89ebd376b223dc94cc1dbcf200c8e6da","name":"Corresponsal","image":{"@type":"ImageObject","inLanguage":"es","@id":"https:\/\/www.aridane.org\/city\/#\/schema\/person\/image\/","url":"https:\/\/secure.gravatar.com\/avatar\/1c476992411e4ccf153da63b2b2f5ea0bb4cb1c85f3ceab8512f04325ad5579c?s=96&d=mm&r=g","contentUrl":"https:\/\/secure.gravatar.com\/avatar\/1c476992411e4ccf153da63b2b2f5ea0bb4cb1c85f3ceab8512f04325ad5579c?s=96&d=mm&r=g","caption":"Corresponsal"},"url":"https:\/\/www.aridane.org\/city\/author\/corresponsal\/"}]}},"_links":{"self":[{"href":"https:\/\/www.aridane.org\/city\/wp-json\/wp\/v2\/posts\/4701","targetHints":{"allow":["GET"]}}],"collection":[{"href":"https:\/\/www.aridane.org\/city\/wp-json\/wp\/v2\/posts"}],"about":[{"href":"https:\/\/www.aridane.org\/city\/wp-json\/wp\/v2\/types\/post"}],"author":[{"embeddable":true,"href":"https:\/\/www.aridane.org\/city\/wp-json\/wp\/v2\/users\/4"}],"replies":[{"embeddable":true,"href":"https:\/\/www.aridane.org\/city\/wp-json\/wp\/v2\/comments?post=4701"}],"version-history":[{"count":1,"href":"https:\/\/www.aridane.org\/city\/wp-json\/wp\/v2\/posts\/4701\/revisions"}],"predecessor-version":[{"id":4703,"href":"https:\/\/www.aridane.org\/city\/wp-json\/wp\/v2\/posts\/4701\/revisions\/4703"}],"wp:featuredmedia":[{"embeddable":true,"href":"https:\/\/www.aridane.org\/city\/wp-json\/wp\/v2\/media\/4702"}],"wp:attachment":[{"href":"https:\/\/www.aridane.org\/city\/wp-json\/wp\/v2\/media?parent=4701"}],"wp:term":[{"taxonomy":"category","embeddable":true,"href":"https:\/\/www.aridane.org\/city\/wp-json\/wp\/v2\/categories?post=4701"},{"taxonomy":"post_tag","embeddable":true,"href":"https:\/\/www.aridane.org\/city\/wp-json\/wp\/v2\/tags?post=4701"}],"curies":[{"name":"wp","href":"https:\/\/api.w.org\/{rel}","templated":true}]}}