{"id":4704,"date":"2025-08-18T13:34:12","date_gmt":"2025-08-18T13:34:12","guid":{"rendered":"https:\/\/www.aridane.org\/city\/?p=4704"},"modified":"2025-08-19T13:35:24","modified_gmt":"2025-08-19T13:35:24","slug":"loquillo-sera-el-protagonista-del-proximo-contigo-almediodia-de-los-llanos-de-aridane","status":"publish","type":"post","link":"https:\/\/www.aridane.org\/city\/2025\/08\/18\/loquillo-sera-el-protagonista-del-proximo-contigo-almediodia-de-los-llanos-de-aridane\/","title":{"rendered":"Loquillo ser\u00e1 el protagonista del pr\u00f3ximo Contigo Almediod\u00eda de Los Llanos de Aridane"},"content":{"rendered":"<p><em>Loquillo ofrecer\u00e1 un repertorio que une sus grandes \u00e9xitos con temas emblem\u00e1ticos de su carrera<\/em><!--more--><\/p>\n<div id=\"v1forwardbody1\">\n<p>El Ayuntamiento de Los Llanos de Aridane celebrar\u00e1 la pr\u00f3xima edici\u00f3n de Contigo Almediod\u00eda con el reconocido cantante espa\u00f1ol Loquillo como protagonista. El concierto, que se ofrecer\u00e1 el s\u00e1bado 13 de septiembre a las 13:00 horas en la plaza de Espa\u00f1a, forma parte de su gira\u00a0<em>Corazones Legendarios<\/em>.<\/p>\n<p>El alcalde, Javier Llamas, se\u00f1ala que la presencia de Loquillo \u201csupone un gran atractivo dentro de la programaci\u00f3n cultural del municipio y refuerza nuestra apuesta por acercar propuestas de primer nivel al coraz\u00f3n de Los Llanos de Aridane\u201d.<\/p>\n<p>En este sentido, la concejala de Cultura, Marlene Gonz\u00e1lez, destaca que con cada edici\u00f3n, \u201cContigo Almediod\u00eda se consolida como una cita imprescindible para disfrutar de la m\u00fasica en directo y seguir dinamizando el municipio\u201d. \u201cCon Loquillo, son 151 grupos y artistas los que han sido protagonistas de esta iniciativa cultural\u201d, a\u00f1ade.<\/p>\n<p>Loquillo, considerado la personificaci\u00f3n de la estrella de rock espa\u00f1ola, presentar\u00e1 un repertorio que combina sus grandes \u00e9xitos con otras canciones emblem\u00e1ticas de sus m\u00e1s de cuatro d\u00e9cadas de trayectoria.<\/p>\n<p>Con una carrera marcada por la autenticidad, Loquillo ha sabido mantenerse en la cima gracias a su disciplina, capacidad de renovaci\u00f3n y fidelidad a su estilo.<\/p>\n<\/div>\n","protected":false},"excerpt":{"rendered":"<p>Loquillo ofrecer\u00e1 un repertorio que une sus grandes \u00e9xitos con temas emblem\u00e1ticos de su carrera<\/p>\n","protected":false},"author":4,"featured_media":4705,"comment_status":"open","ping_status":"open","sticky":false,"template":"","format":"standard","meta":{"footnotes":""},"categories":[1],"tags":[],"class_list":["post-4704","post","type-post","status-publish","format-standard","has-post-thumbnail","hentry","category-sin-categoria"],"yoast_head":"<!-- This site is optimized with the Yoast SEO plugin v22.7 - https:\/\/yoast.com\/wordpress\/plugins\/seo\/ -->\n<title>Loquillo ser\u00e1 el protagonista del pr\u00f3ximo Contigo Almediod\u00eda de Los Llanos de Aridane - Ayuntamiento de Los Llanos de Aridane<\/title>\n<meta name=\"robots\" content=\"index, follow, max-snippet:-1, max-image-preview:large, max-video-preview:-1\" \/>\n<link rel=\"canonical\" href=\"https:\/\/www.aridane.org\/city\/2025\/08\/18\/loquillo-sera-el-protagonista-del-proximo-contigo-almediodia-de-los-llanos-de-aridane\/\" \/>\n<meta property=\"og:locale\" content=\"es_ES\" \/>\n<meta property=\"og:type\" content=\"article\" \/>\n<meta property=\"og:title\" content=\"Loquillo ser\u00e1 el protagonista del pr\u00f3ximo Contigo Almediod\u00eda de Los Llanos de Aridane - Ayuntamiento de Los Llanos de Aridane\" \/>\n<meta property=\"og:description\" content=\"Loquillo ofrecer\u00e1 un repertorio que une sus grandes \u00e9xitos con temas emblem\u00e1ticos de su carrera\" \/>\n<meta property=\"og:url\" content=\"https:\/\/www.aridane.org\/city\/2025\/08\/18\/loquillo-sera-el-protagonista-del-proximo-contigo-almediodia-de-los-llanos-de-aridane\/\" \/>\n<meta property=\"og:site_name\" content=\"Ayuntamiento de Los Llanos de Aridane\" \/>\n<meta property=\"article:published_time\" content=\"2025-08-18T13:34:12+00:00\" \/>\n<meta property=\"article:modified_time\" content=\"2025-08-19T13:35:24+00:00\" \/>\n<meta property=\"og:image\" content=\"https:\/\/www.aridane.org\/city\/wp-content\/uploads\/2025\/08\/CA-Loquillo-2025-Cuadrado-OK.jpg\" \/>\n\t<meta property=\"og:image:width\" content=\"2000\" \/>\n\t<meta property=\"og:image:height\" content=\"2000\" \/>\n\t<meta property=\"og:image:type\" content=\"image\/jpeg\" \/>\n<meta name=\"author\" content=\"Corresponsal\" \/>\n<meta name=\"twitter:card\" content=\"summary_large_image\" \/>\n<meta name=\"twitter:label1\" content=\"Escrito por\" \/>\n\t<meta name=\"twitter:data1\" content=\"Corresponsal\" \/>\n\t<meta name=\"twitter:label2\" content=\"Tiempo de lectura\" \/>\n\t<meta name=\"twitter:data2\" content=\"2 minutos\" \/>\n<script type=\"application\/ld+json\" class=\"yoast-schema-graph\">{\"@context\":\"https:\/\/schema.org\",\"@graph\":[{\"@type\":\"WebPage\",\"@id\":\"https:\/\/www.aridane.org\/city\/2025\/08\/18\/loquillo-sera-el-protagonista-del-proximo-contigo-almediodia-de-los-llanos-de-aridane\/\",\"url\":\"https:\/\/www.aridane.org\/city\/2025\/08\/18\/loquillo-sera-el-protagonista-del-proximo-contigo-almediodia-de-los-llanos-de-aridane\/\",\"name\":\"Loquillo ser\u00e1 el protagonista del pr\u00f3ximo Contigo Almediod\u00eda de Los Llanos de Aridane - Ayuntamiento de Los Llanos de Aridane\",\"isPartOf\":{\"@id\":\"https:\/\/www.aridane.org\/city\/#website\"},\"primaryImageOfPage\":{\"@id\":\"https:\/\/www.aridane.org\/city\/2025\/08\/18\/loquillo-sera-el-protagonista-del-proximo-contigo-almediodia-de-los-llanos-de-aridane\/#primaryimage\"},\"image\":{\"@id\":\"https:\/\/www.aridane.org\/city\/2025\/08\/18\/loquillo-sera-el-protagonista-del-proximo-contigo-almediodia-de-los-llanos-de-aridane\/#primaryimage\"},\"thumbnailUrl\":\"https:\/\/www.aridane.org\/city\/wp-content\/uploads\/2025\/08\/CA-Loquillo-2025-Cuadrado-OK.jpg\",\"datePublished\":\"2025-08-18T13:34:12+00:00\",\"dateModified\":\"2025-08-19T13:35:24+00:00\",\"author\":{\"@id\":\"https:\/\/www.aridane.org\/city\/#\/schema\/person\/89ebd376b223dc94cc1dbcf200c8e6da\"},\"breadcrumb\":{\"@id\":\"https:\/\/www.aridane.org\/city\/2025\/08\/18\/loquillo-sera-el-protagonista-del-proximo-contigo-almediodia-de-los-llanos-de-aridane\/#breadcrumb\"},\"inLanguage\":\"es\",\"potentialAction\":[{\"@type\":\"ReadAction\",\"target\":[\"https:\/\/www.aridane.org\/city\/2025\/08\/18\/loquillo-sera-el-protagonista-del-proximo-contigo-almediodia-de-los-llanos-de-aridane\/\"]}]},{\"@type\":\"ImageObject\",\"inLanguage\":\"es\",\"@id\":\"https:\/\/www.aridane.org\/city\/2025\/08\/18\/loquillo-sera-el-protagonista-del-proximo-contigo-almediodia-de-los-llanos-de-aridane\/#primaryimage\",\"url\":\"https:\/\/www.aridane.org\/city\/wp-content\/uploads\/2025\/08\/CA-Loquillo-2025-Cuadrado-OK.jpg\",\"contentUrl\":\"https:\/\/www.aridane.org\/city\/wp-content\/uploads\/2025\/08\/CA-Loquillo-2025-Cuadrado-OK.jpg\",\"width\":2000,\"height\":2000},{\"@type\":\"BreadcrumbList\",\"@id\":\"https:\/\/www.aridane.org\/city\/2025\/08\/18\/loquillo-sera-el-protagonista-del-proximo-contigo-almediodia-de-los-llanos-de-aridane\/#breadcrumb\",\"itemListElement\":[{\"@type\":\"ListItem\",\"position\":1,\"name\":\"Portada\",\"item\":\"https:\/\/www.aridane.org\/city\/\"},{\"@type\":\"ListItem\",\"position\":2,\"name\":\"Loquillo ser\u00e1 el protagonista del pr\u00f3ximo Contigo Almediod\u00eda de Los Llanos de Aridane\"}]},{\"@type\":\"WebSite\",\"@id\":\"https:\/\/www.aridane.org\/city\/#website\",\"url\":\"https:\/\/www.aridane.org\/city\/\",\"name\":\"Ayuntamiento de Los Llanos de Aridane\",\"description\":\"\",\"potentialAction\":[{\"@type\":\"SearchAction\",\"target\":{\"@type\":\"EntryPoint\",\"urlTemplate\":\"https:\/\/www.aridane.org\/city\/?s={search_term_string}\"},\"query-input\":\"required name=search_term_string\"}],\"inLanguage\":\"es\"},{\"@type\":\"Person\",\"@id\":\"https:\/\/www.aridane.org\/city\/#\/schema\/person\/89ebd376b223dc94cc1dbcf200c8e6da\",\"name\":\"Corresponsal\",\"image\":{\"@type\":\"ImageObject\",\"inLanguage\":\"es\",\"@id\":\"https:\/\/www.aridane.org\/city\/#\/schema\/person\/image\/\",\"url\":\"https:\/\/secure.gravatar.com\/avatar\/1c476992411e4ccf153da63b2b2f5ea0bb4cb1c85f3ceab8512f04325ad5579c?s=96&d=mm&r=g\",\"contentUrl\":\"https:\/\/secure.gravatar.com\/avatar\/1c476992411e4ccf153da63b2b2f5ea0bb4cb1c85f3ceab8512f04325ad5579c?s=96&d=mm&r=g\",\"caption\":\"Corresponsal\"},\"url\":\"https:\/\/www.aridane.org\/city\/author\/corresponsal\/\"}]}<\/script>\n<!-- \/ Yoast SEO plugin. -->","yoast_head_json":{"title":"Loquillo ser\u00e1 el protagonista del pr\u00f3ximo Contigo Almediod\u00eda de Los Llanos de Aridane - Ayuntamiento de Los Llanos de Aridane","robots":{"index":"index","follow":"follow","max-snippet":"max-snippet:-1","max-image-preview":"max-image-preview:large","max-video-preview":"max-video-preview:-1"},"canonical":"https:\/\/www.aridane.org\/city\/2025\/08\/18\/loquillo-sera-el-protagonista-del-proximo-contigo-almediodia-de-los-llanos-de-aridane\/","og_locale":"es_ES","og_type":"article","og_title":"Loquillo ser\u00e1 el protagonista del pr\u00f3ximo Contigo Almediod\u00eda de Los Llanos de Aridane - Ayuntamiento de Los Llanos de Aridane","og_description":"Loquillo ofrecer\u00e1 un repertorio que une sus grandes \u00e9xitos con temas emblem\u00e1ticos de su carrera","og_url":"https:\/\/www.aridane.org\/city\/2025\/08\/18\/loquillo-sera-el-protagonista-del-proximo-contigo-almediodia-de-los-llanos-de-aridane\/","og_site_name":"Ayuntamiento de Los Llanos de Aridane","article_published_time":"2025-08-18T13:34:12+00:00","article_modified_time":"2025-08-19T13:35:24+00:00","og_image":[{"width":2000,"height":2000,"url":"https:\/\/www.aridane.org\/city\/wp-content\/uploads\/2025\/08\/CA-Loquillo-2025-Cuadrado-OK.jpg","type":"image\/jpeg"}],"author":"Corresponsal","twitter_card":"summary_large_image","twitter_misc":{"Escrito por":"Corresponsal","Tiempo de lectura":"2 minutos"},"schema":{"@context":"https:\/\/schema.org","@graph":[{"@type":"WebPage","@id":"https:\/\/www.aridane.org\/city\/2025\/08\/18\/loquillo-sera-el-protagonista-del-proximo-contigo-almediodia-de-los-llanos-de-aridane\/","url":"https:\/\/www.aridane.org\/city\/2025\/08\/18\/loquillo-sera-el-protagonista-del-proximo-contigo-almediodia-de-los-llanos-de-aridane\/","name":"Loquillo ser\u00e1 el protagonista del pr\u00f3ximo Contigo Almediod\u00eda de Los Llanos de Aridane - Ayuntamiento de Los Llanos de Aridane","isPartOf":{"@id":"https:\/\/www.aridane.org\/city\/#website"},"primaryImageOfPage":{"@id":"https:\/\/www.aridane.org\/city\/2025\/08\/18\/loquillo-sera-el-protagonista-del-proximo-contigo-almediodia-de-los-llanos-de-aridane\/#primaryimage"},"image":{"@id":"https:\/\/www.aridane.org\/city\/2025\/08\/18\/loquillo-sera-el-protagonista-del-proximo-contigo-almediodia-de-los-llanos-de-aridane\/#primaryimage"},"thumbnailUrl":"https:\/\/www.aridane.org\/city\/wp-content\/uploads\/2025\/08\/CA-Loquillo-2025-Cuadrado-OK.jpg","datePublished":"2025-08-18T13:34:12+00:00","dateModified":"2025-08-19T13:35:24+00:00","author":{"@id":"https:\/\/www.aridane.org\/city\/#\/schema\/person\/89ebd376b223dc94cc1dbcf200c8e6da"},"breadcrumb":{"@id":"https:\/\/www.aridane.org\/city\/2025\/08\/18\/loquillo-sera-el-protagonista-del-proximo-contigo-almediodia-de-los-llanos-de-aridane\/#breadcrumb"},"inLanguage":"es","potentialAction":[{"@type":"ReadAction","target":["https:\/\/www.aridane.org\/city\/2025\/08\/18\/loquillo-sera-el-protagonista-del-proximo-contigo-almediodia-de-los-llanos-de-aridane\/"]}]},{"@type":"ImageObject","inLanguage":"es","@id":"https:\/\/www.aridane.org\/city\/2025\/08\/18\/loquillo-sera-el-protagonista-del-proximo-contigo-almediodia-de-los-llanos-de-aridane\/#primaryimage","url":"https:\/\/www.aridane.org\/city\/wp-content\/uploads\/2025\/08\/CA-Loquillo-2025-Cuadrado-OK.jpg","contentUrl":"https:\/\/www.aridane.org\/city\/wp-content\/uploads\/2025\/08\/CA-Loquillo-2025-Cuadrado-OK.jpg","width":2000,"height":2000},{"@type":"BreadcrumbList","@id":"https:\/\/www.aridane.org\/city\/2025\/08\/18\/loquillo-sera-el-protagonista-del-proximo-contigo-almediodia-de-los-llanos-de-aridane\/#breadcrumb","itemListElement":[{"@type":"ListItem","position":1,"name":"Portada","item":"https:\/\/www.aridane.org\/city\/"},{"@type":"ListItem","position":2,"name":"Loquillo ser\u00e1 el protagonista del pr\u00f3ximo Contigo Almediod\u00eda de Los Llanos de Aridane"}]},{"@type":"WebSite","@id":"https:\/\/www.aridane.org\/city\/#website","url":"https:\/\/www.aridane.org\/city\/","name":"Ayuntamiento de Los Llanos de Aridane","description":"","potentialAction":[{"@type":"SearchAction","target":{"@type":"EntryPoint","urlTemplate":"https:\/\/www.aridane.org\/city\/?s={search_term_string}"},"query-input":"required name=search_term_string"}],"inLanguage":"es"},{"@type":"Person","@id":"https:\/\/www.aridane.org\/city\/#\/schema\/person\/89ebd376b223dc94cc1dbcf200c8e6da","name":"Corresponsal","image":{"@type":"ImageObject","inLanguage":"es","@id":"https:\/\/www.aridane.org\/city\/#\/schema\/person\/image\/","url":"https:\/\/secure.gravatar.com\/avatar\/1c476992411e4ccf153da63b2b2f5ea0bb4cb1c85f3ceab8512f04325ad5579c?s=96&d=mm&r=g","contentUrl":"https:\/\/secure.gravatar.com\/avatar\/1c476992411e4ccf153da63b2b2f5ea0bb4cb1c85f3ceab8512f04325ad5579c?s=96&d=mm&r=g","caption":"Corresponsal"},"url":"https:\/\/www.aridane.org\/city\/author\/corresponsal\/"}]}},"_links":{"self":[{"href":"https:\/\/www.aridane.org\/city\/wp-json\/wp\/v2\/posts\/4704","targetHints":{"allow":["GET"]}}],"collection":[{"href":"https:\/\/www.aridane.org\/city\/wp-json\/wp\/v2\/posts"}],"about":[{"href":"https:\/\/www.aridane.org\/city\/wp-json\/wp\/v2\/types\/post"}],"author":[{"embeddable":true,"href":"https:\/\/www.aridane.org\/city\/wp-json\/wp\/v2\/users\/4"}],"replies":[{"embeddable":true,"href":"https:\/\/www.aridane.org\/city\/wp-json\/wp\/v2\/comments?post=4704"}],"version-history":[{"count":1,"href":"https:\/\/www.aridane.org\/city\/wp-json\/wp\/v2\/posts\/4704\/revisions"}],"predecessor-version":[{"id":4706,"href":"https:\/\/www.aridane.org\/city\/wp-json\/wp\/v2\/posts\/4704\/revisions\/4706"}],"wp:featuredmedia":[{"embeddable":true,"href":"https:\/\/www.aridane.org\/city\/wp-json\/wp\/v2\/media\/4705"}],"wp:attachment":[{"href":"https:\/\/www.aridane.org\/city\/wp-json\/wp\/v2\/media?parent=4704"}],"wp:term":[{"taxonomy":"category","embeddable":true,"href":"https:\/\/www.aridane.org\/city\/wp-json\/wp\/v2\/categories?post=4704"},{"taxonomy":"post_tag","embeddable":true,"href":"https:\/\/www.aridane.org\/city\/wp-json\/wp\/v2\/tags?post=4704"}],"curies":[{"name":"wp","href":"https:\/\/api.w.org\/{rel}","templated":true}]}}