{"id":4710,"date":"2025-08-25T11:45:17","date_gmt":"2025-08-25T11:45:17","guid":{"rendered":"https:\/\/www.aridane.org\/city\/?p=4710"},"modified":"2025-08-25T11:45:17","modified_gmt":"2025-08-25T11:45:17","slug":"el-alcalde-de-los-llanos-de-aridane-urge-a-recuperar-la-comision-mixta-para-la-reconstruccion-de-la-palma","status":"publish","type":"post","link":"https:\/\/www.aridane.org\/city\/2025\/08\/25\/el-alcalde-de-los-llanos-de-aridane-urge-a-recuperar-la-comision-mixta-para-la-reconstruccion-de-la-palma\/","title":{"rendered":"El alcalde de Los Llanos de Aridane urge a recuperar la Comisi\u00f3n Mixta para la reconstrucci\u00f3n de La Palma"},"content":{"rendered":"<p><em>Javier Llamas recuerda que la \u00faltima sesi\u00f3n se celebr\u00f3 el 2 de febrero de 2024, al tiempo que insiste en que la situaci\u00f3n actual exige seguir avanzando sin demoras<\/em><!--more--><\/p>\n<div id=\"v1forwardbody1\">\n<p>El alcalde de Los Llanos de Aridane, Javier Llamas, insiste en la importancia de que se convoque nuevamente la Comisi\u00f3n Mixta para la Reconstrucci\u00f3n, Recuperaci\u00f3n y Apoyo a la isla de La Palma.<\/p>\n<p>\u201cLa \u00faltima sesi\u00f3n oficial tuvo lugar el 2 de febrero de 2024\u201d, recuerda el alcalde. \u201cEl municipio se encuentra en un momento crucial para seguir avanzando y es que existe un riesgo: que se paren las obras, que la reconstrucci\u00f3n, que por fin alcanza velocidad de crucero, empiece a aminorar. Por eso es fundamental que todas las administraciones implicadas volvamos a sentarnos y fijemos una hoja de ruta clara que d\u00e9 certezas a la ciudadan\u00eda\u201d, sostiene.<\/p>\n<p>Asimismo, Llamas apunta que est\u00e1 pendiente la firma del segundo convenio de ayudas con el Gobierno de Espa\u00f1a, a trav\u00e9s del Ministerio de Pol\u00edtica Territorial.<\/p>\n<p>Este acuerdo, valorado en unos 65 millones de euros, fue remitido al Ministerio el pasado 8 de julio y contempla m\u00e1s de 70 actuaciones en caminos, plazas, equipamientos y espacios comunitarios esenciales para la recuperaci\u00f3n del municipio. \u201cEste compromiso econ\u00f3mico es clave para afrontar proyectos estrat\u00e9gicos en vivienda, servicios b\u00e1sicos e infraestructuras\u201d, a\u00f1ade.<\/p>\n<p>La necesidad de recuperar la Comisi\u00f3n Mixta tambi\u00e9n la traslad\u00f3 este viernes, 22 de agosto, a la ministra de Defensa, Margarita Robles, en su visita a La Palma. A Robles tambi\u00e9n le agradeci\u00f3 su actitud y compromiso, garantizando el apoyo psicol\u00f3gico a las personas afectadas por el volc\u00e1n.<\/p>\n<p>\u201cLa colaboraci\u00f3n y el entendimiento entre administraciones son claves para que este proceso de recuperaci\u00f3n siga adelante con paso firme\u201d, concluye Llamas.<\/p>\n<\/div>\n","protected":false},"excerpt":{"rendered":"<p>Javier Llamas recuerda que la \u00faltima sesi\u00f3n se celebr\u00f3 el 2 de febrero de 2024, al tiempo que insiste en que la situaci\u00f3n actual exige seguir avanzando sin demoras<\/p>\n","protected":false},"author":4,"featured_media":4711,"comment_status":"open","ping_status":"open","sticky":false,"template":"","format":"standard","meta":{"footnotes":""},"categories":[1],"tags":[],"class_list":["post-4710","post","type-post","status-publish","format-standard","has-post-thumbnail","hentry","category-sin-categoria"],"yoast_head":"<!-- This site is optimized with the Yoast SEO plugin v22.7 - https:\/\/yoast.com\/wordpress\/plugins\/seo\/ -->\n<title>El alcalde de Los Llanos de Aridane urge a recuperar la Comisi\u00f3n Mixta para la reconstrucci\u00f3n de La Palma - Ayuntamiento de Los Llanos de Aridane<\/title>\n<meta name=\"robots\" content=\"index, follow, max-snippet:-1, max-image-preview:large, max-video-preview:-1\" \/>\n<link rel=\"canonical\" href=\"https:\/\/www.aridane.org\/city\/2025\/08\/25\/el-alcalde-de-los-llanos-de-aridane-urge-a-recuperar-la-comision-mixta-para-la-reconstruccion-de-la-palma\/\" \/>\n<meta property=\"og:locale\" content=\"es_ES\" \/>\n<meta property=\"og:type\" content=\"article\" \/>\n<meta property=\"og:title\" content=\"El alcalde de Los Llanos de Aridane urge a recuperar la Comisi\u00f3n Mixta para la reconstrucci\u00f3n de La Palma - Ayuntamiento de Los Llanos de Aridane\" \/>\n<meta property=\"og:description\" content=\"Javier Llamas recuerda que la \u00faltima sesi\u00f3n se celebr\u00f3 el 2 de febrero de 2024, al tiempo que insiste en que la situaci\u00f3n actual exige seguir avanzando sin demoras\" \/>\n<meta property=\"og:url\" content=\"https:\/\/www.aridane.org\/city\/2025\/08\/25\/el-alcalde-de-los-llanos-de-aridane-urge-a-recuperar-la-comision-mixta-para-la-reconstruccion-de-la-palma\/\" \/>\n<meta property=\"og:site_name\" content=\"Ayuntamiento de Los Llanos de Aridane\" \/>\n<meta property=\"article:published_time\" content=\"2025-08-25T11:45:17+00:00\" \/>\n<meta property=\"og:image\" content=\"https:\/\/www.aridane.org\/city\/wp-content\/uploads\/2025\/08\/Llamas-Ministra-e1756122305507.jpeg\" \/>\n\t<meta property=\"og:image:width\" content=\"1266\" \/>\n\t<meta property=\"og:image:height\" content=\"900\" \/>\n\t<meta property=\"og:image:type\" content=\"image\/jpeg\" \/>\n<meta name=\"author\" content=\"Corresponsal\" \/>\n<meta name=\"twitter:card\" content=\"summary_large_image\" \/>\n<meta name=\"twitter:label1\" content=\"Escrito por\" \/>\n\t<meta name=\"twitter:data1\" content=\"Corresponsal\" \/>\n\t<meta name=\"twitter:label2\" content=\"Tiempo de lectura\" \/>\n\t<meta name=\"twitter:data2\" content=\"2 minutos\" \/>\n<script type=\"application\/ld+json\" class=\"yoast-schema-graph\">{\"@context\":\"https:\/\/schema.org\",\"@graph\":[{\"@type\":\"WebPage\",\"@id\":\"https:\/\/www.aridane.org\/city\/2025\/08\/25\/el-alcalde-de-los-llanos-de-aridane-urge-a-recuperar-la-comision-mixta-para-la-reconstruccion-de-la-palma\/\",\"url\":\"https:\/\/www.aridane.org\/city\/2025\/08\/25\/el-alcalde-de-los-llanos-de-aridane-urge-a-recuperar-la-comision-mixta-para-la-reconstruccion-de-la-palma\/\",\"name\":\"El alcalde de Los Llanos de Aridane urge a recuperar la Comisi\u00f3n Mixta para la reconstrucci\u00f3n de La Palma - Ayuntamiento de Los Llanos de Aridane\",\"isPartOf\":{\"@id\":\"https:\/\/www.aridane.org\/city\/#website\"},\"primaryImageOfPage\":{\"@id\":\"https:\/\/www.aridane.org\/city\/2025\/08\/25\/el-alcalde-de-los-llanos-de-aridane-urge-a-recuperar-la-comision-mixta-para-la-reconstruccion-de-la-palma\/#primaryimage\"},\"image\":{\"@id\":\"https:\/\/www.aridane.org\/city\/2025\/08\/25\/el-alcalde-de-los-llanos-de-aridane-urge-a-recuperar-la-comision-mixta-para-la-reconstruccion-de-la-palma\/#primaryimage\"},\"thumbnailUrl\":\"https:\/\/www.aridane.org\/city\/wp-content\/uploads\/2025\/08\/Llamas-Ministra-e1756122305507.jpeg\",\"datePublished\":\"2025-08-25T11:45:17+00:00\",\"dateModified\":\"2025-08-25T11:45:17+00:00\",\"author\":{\"@id\":\"https:\/\/www.aridane.org\/city\/#\/schema\/person\/89ebd376b223dc94cc1dbcf200c8e6da\"},\"breadcrumb\":{\"@id\":\"https:\/\/www.aridane.org\/city\/2025\/08\/25\/el-alcalde-de-los-llanos-de-aridane-urge-a-recuperar-la-comision-mixta-para-la-reconstruccion-de-la-palma\/#breadcrumb\"},\"inLanguage\":\"es\",\"potentialAction\":[{\"@type\":\"ReadAction\",\"target\":[\"https:\/\/www.aridane.org\/city\/2025\/08\/25\/el-alcalde-de-los-llanos-de-aridane-urge-a-recuperar-la-comision-mixta-para-la-reconstruccion-de-la-palma\/\"]}]},{\"@type\":\"ImageObject\",\"inLanguage\":\"es\",\"@id\":\"https:\/\/www.aridane.org\/city\/2025\/08\/25\/el-alcalde-de-los-llanos-de-aridane-urge-a-recuperar-la-comision-mixta-para-la-reconstruccion-de-la-palma\/#primaryimage\",\"url\":\"https:\/\/www.aridane.org\/city\/wp-content\/uploads\/2025\/08\/Llamas-Ministra-e1756122305507.jpeg\",\"contentUrl\":\"https:\/\/www.aridane.org\/city\/wp-content\/uploads\/2025\/08\/Llamas-Ministra-e1756122305507.jpeg\",\"width\":1266,\"height\":900},{\"@type\":\"BreadcrumbList\",\"@id\":\"https:\/\/www.aridane.org\/city\/2025\/08\/25\/el-alcalde-de-los-llanos-de-aridane-urge-a-recuperar-la-comision-mixta-para-la-reconstruccion-de-la-palma\/#breadcrumb\",\"itemListElement\":[{\"@type\":\"ListItem\",\"position\":1,\"name\":\"Portada\",\"item\":\"https:\/\/www.aridane.org\/city\/\"},{\"@type\":\"ListItem\",\"position\":2,\"name\":\"El alcalde de Los Llanos de Aridane urge a recuperar la Comisi\u00f3n Mixta para la reconstrucci\u00f3n de La Palma\"}]},{\"@type\":\"WebSite\",\"@id\":\"https:\/\/www.aridane.org\/city\/#website\",\"url\":\"https:\/\/www.aridane.org\/city\/\",\"name\":\"Ayuntamiento de Los Llanos de Aridane\",\"description\":\"\",\"potentialAction\":[{\"@type\":\"SearchAction\",\"target\":{\"@type\":\"EntryPoint\",\"urlTemplate\":\"https:\/\/www.aridane.org\/city\/?s={search_term_string}\"},\"query-input\":\"required name=search_term_string\"}],\"inLanguage\":\"es\"},{\"@type\":\"Person\",\"@id\":\"https:\/\/www.aridane.org\/city\/#\/schema\/person\/89ebd376b223dc94cc1dbcf200c8e6da\",\"name\":\"Corresponsal\",\"image\":{\"@type\":\"ImageObject\",\"inLanguage\":\"es\",\"@id\":\"https:\/\/www.aridane.org\/city\/#\/schema\/person\/image\/\",\"url\":\"https:\/\/secure.gravatar.com\/avatar\/1c476992411e4ccf153da63b2b2f5ea0bb4cb1c85f3ceab8512f04325ad5579c?s=96&d=mm&r=g\",\"contentUrl\":\"https:\/\/secure.gravatar.com\/avatar\/1c476992411e4ccf153da63b2b2f5ea0bb4cb1c85f3ceab8512f04325ad5579c?s=96&d=mm&r=g\",\"caption\":\"Corresponsal\"},\"url\":\"https:\/\/www.aridane.org\/city\/author\/corresponsal\/\"}]}<\/script>\n<!-- \/ Yoast SEO plugin. -->","yoast_head_json":{"title":"El alcalde de Los Llanos de Aridane urge a recuperar la Comisi\u00f3n Mixta para la reconstrucci\u00f3n de La Palma - Ayuntamiento de Los Llanos de Aridane","robots":{"index":"index","follow":"follow","max-snippet":"max-snippet:-1","max-image-preview":"max-image-preview:large","max-video-preview":"max-video-preview:-1"},"canonical":"https:\/\/www.aridane.org\/city\/2025\/08\/25\/el-alcalde-de-los-llanos-de-aridane-urge-a-recuperar-la-comision-mixta-para-la-reconstruccion-de-la-palma\/","og_locale":"es_ES","og_type":"article","og_title":"El alcalde de Los Llanos de Aridane urge a recuperar la Comisi\u00f3n Mixta para la reconstrucci\u00f3n de La Palma - Ayuntamiento de Los Llanos de Aridane","og_description":"Javier Llamas recuerda que la \u00faltima sesi\u00f3n se celebr\u00f3 el 2 de febrero de 2024, al tiempo que insiste en que la situaci\u00f3n actual exige seguir avanzando sin demoras","og_url":"https:\/\/www.aridane.org\/city\/2025\/08\/25\/el-alcalde-de-los-llanos-de-aridane-urge-a-recuperar-la-comision-mixta-para-la-reconstruccion-de-la-palma\/","og_site_name":"Ayuntamiento de Los Llanos de Aridane","article_published_time":"2025-08-25T11:45:17+00:00","og_image":[{"width":1266,"height":900,"url":"https:\/\/www.aridane.org\/city\/wp-content\/uploads\/2025\/08\/Llamas-Ministra-e1756122305507.jpeg","type":"image\/jpeg"}],"author":"Corresponsal","twitter_card":"summary_large_image","twitter_misc":{"Escrito por":"Corresponsal","Tiempo de lectura":"2 minutos"},"schema":{"@context":"https:\/\/schema.org","@graph":[{"@type":"WebPage","@id":"https:\/\/www.aridane.org\/city\/2025\/08\/25\/el-alcalde-de-los-llanos-de-aridane-urge-a-recuperar-la-comision-mixta-para-la-reconstruccion-de-la-palma\/","url":"https:\/\/www.aridane.org\/city\/2025\/08\/25\/el-alcalde-de-los-llanos-de-aridane-urge-a-recuperar-la-comision-mixta-para-la-reconstruccion-de-la-palma\/","name":"El alcalde de Los Llanos de Aridane urge a recuperar la Comisi\u00f3n Mixta para la reconstrucci\u00f3n de La Palma - Ayuntamiento de Los Llanos de Aridane","isPartOf":{"@id":"https:\/\/www.aridane.org\/city\/#website"},"primaryImageOfPage":{"@id":"https:\/\/www.aridane.org\/city\/2025\/08\/25\/el-alcalde-de-los-llanos-de-aridane-urge-a-recuperar-la-comision-mixta-para-la-reconstruccion-de-la-palma\/#primaryimage"},"image":{"@id":"https:\/\/www.aridane.org\/city\/2025\/08\/25\/el-alcalde-de-los-llanos-de-aridane-urge-a-recuperar-la-comision-mixta-para-la-reconstruccion-de-la-palma\/#primaryimage"},"thumbnailUrl":"https:\/\/www.aridane.org\/city\/wp-content\/uploads\/2025\/08\/Llamas-Ministra-e1756122305507.jpeg","datePublished":"2025-08-25T11:45:17+00:00","dateModified":"2025-08-25T11:45:17+00:00","author":{"@id":"https:\/\/www.aridane.org\/city\/#\/schema\/person\/89ebd376b223dc94cc1dbcf200c8e6da"},"breadcrumb":{"@id":"https:\/\/www.aridane.org\/city\/2025\/08\/25\/el-alcalde-de-los-llanos-de-aridane-urge-a-recuperar-la-comision-mixta-para-la-reconstruccion-de-la-palma\/#breadcrumb"},"inLanguage":"es","potentialAction":[{"@type":"ReadAction","target":["https:\/\/www.aridane.org\/city\/2025\/08\/25\/el-alcalde-de-los-llanos-de-aridane-urge-a-recuperar-la-comision-mixta-para-la-reconstruccion-de-la-palma\/"]}]},{"@type":"ImageObject","inLanguage":"es","@id":"https:\/\/www.aridane.org\/city\/2025\/08\/25\/el-alcalde-de-los-llanos-de-aridane-urge-a-recuperar-la-comision-mixta-para-la-reconstruccion-de-la-palma\/#primaryimage","url":"https:\/\/www.aridane.org\/city\/wp-content\/uploads\/2025\/08\/Llamas-Ministra-e1756122305507.jpeg","contentUrl":"https:\/\/www.aridane.org\/city\/wp-content\/uploads\/2025\/08\/Llamas-Ministra-e1756122305507.jpeg","width":1266,"height":900},{"@type":"BreadcrumbList","@id":"https:\/\/www.aridane.org\/city\/2025\/08\/25\/el-alcalde-de-los-llanos-de-aridane-urge-a-recuperar-la-comision-mixta-para-la-reconstruccion-de-la-palma\/#breadcrumb","itemListElement":[{"@type":"ListItem","position":1,"name":"Portada","item":"https:\/\/www.aridane.org\/city\/"},{"@type":"ListItem","position":2,"name":"El alcalde de Los Llanos de Aridane urge a recuperar la Comisi\u00f3n Mixta para la reconstrucci\u00f3n de La Palma"}]},{"@type":"WebSite","@id":"https:\/\/www.aridane.org\/city\/#website","url":"https:\/\/www.aridane.org\/city\/","name":"Ayuntamiento de Los Llanos de Aridane","description":"","potentialAction":[{"@type":"SearchAction","target":{"@type":"EntryPoint","urlTemplate":"https:\/\/www.aridane.org\/city\/?s={search_term_string}"},"query-input":"required name=search_term_string"}],"inLanguage":"es"},{"@type":"Person","@id":"https:\/\/www.aridane.org\/city\/#\/schema\/person\/89ebd376b223dc94cc1dbcf200c8e6da","name":"Corresponsal","image":{"@type":"ImageObject","inLanguage":"es","@id":"https:\/\/www.aridane.org\/city\/#\/schema\/person\/image\/","url":"https:\/\/secure.gravatar.com\/avatar\/1c476992411e4ccf153da63b2b2f5ea0bb4cb1c85f3ceab8512f04325ad5579c?s=96&d=mm&r=g","contentUrl":"https:\/\/secure.gravatar.com\/avatar\/1c476992411e4ccf153da63b2b2f5ea0bb4cb1c85f3ceab8512f04325ad5579c?s=96&d=mm&r=g","caption":"Corresponsal"},"url":"https:\/\/www.aridane.org\/city\/author\/corresponsal\/"}]}},"_links":{"self":[{"href":"https:\/\/www.aridane.org\/city\/wp-json\/wp\/v2\/posts\/4710","targetHints":{"allow":["GET"]}}],"collection":[{"href":"https:\/\/www.aridane.org\/city\/wp-json\/wp\/v2\/posts"}],"about":[{"href":"https:\/\/www.aridane.org\/city\/wp-json\/wp\/v2\/types\/post"}],"author":[{"embeddable":true,"href":"https:\/\/www.aridane.org\/city\/wp-json\/wp\/v2\/users\/4"}],"replies":[{"embeddable":true,"href":"https:\/\/www.aridane.org\/city\/wp-json\/wp\/v2\/comments?post=4710"}],"version-history":[{"count":1,"href":"https:\/\/www.aridane.org\/city\/wp-json\/wp\/v2\/posts\/4710\/revisions"}],"predecessor-version":[{"id":4712,"href":"https:\/\/www.aridane.org\/city\/wp-json\/wp\/v2\/posts\/4710\/revisions\/4712"}],"wp:featuredmedia":[{"embeddable":true,"href":"https:\/\/www.aridane.org\/city\/wp-json\/wp\/v2\/media\/4711"}],"wp:attachment":[{"href":"https:\/\/www.aridane.org\/city\/wp-json\/wp\/v2\/media?parent=4710"}],"wp:term":[{"taxonomy":"category","embeddable":true,"href":"https:\/\/www.aridane.org\/city\/wp-json\/wp\/v2\/categories?post=4710"},{"taxonomy":"post_tag","embeddable":true,"href":"https:\/\/www.aridane.org\/city\/wp-json\/wp\/v2\/tags?post=4710"}],"curies":[{"name":"wp","href":"https:\/\/api.w.org\/{rel}","templated":true}]}}