{"id":4713,"date":"2025-08-26T09:58:44","date_gmt":"2025-08-26T09:58:44","guid":{"rendered":"https:\/\/www.aridane.org\/city\/?p=4713"},"modified":"2025-08-26T09:58:44","modified_gmt":"2025-08-26T09:58:44","slug":"el-ayuntamiento-restaura-la-plaza-bonita-de-las-manchas","status":"publish","type":"post","link":"https:\/\/www.aridane.org\/city\/2025\/08\/26\/el-ayuntamiento-restaura-la-plaza-bonita-de-las-manchas\/","title":{"rendered":"El Ayuntamiento restaura la Plaza Bonita de Las Manchas"},"content":{"rendered":"<p><em>El concejal de Parques y Jardines, Carlos de Paz, se\u00f1ala que el objetivo es recuperar el valor patrimonial y est\u00e9tico de \u201cuno de los lugares m\u00e1s emblem\u00e1ticos\u201d del Valle de Aridane<\/em><!--more--><\/p>\n<p>El Ayuntamiento de Los Llanos de Aridane, en su compromiso con el barrio de Las Manchas, impulsa la restauraci\u00f3n de la Plaza Bonita. Los trabajos, coordinados por el artista Francisco Pedrianes, abarcan la recuperaci\u00f3n de esculturas, la renovaci\u00f3n de la pintura, el pavimento y los suelos.<\/p>\n<p>El concejal de Parques y Jardines, Carlos de Paz, explica que desde el Ayuntamiento se busca devolver el valor patrimonial y est\u00e9tico de \u201cuno de los lugares m\u00e1s emblem\u00e1ticos de todo el Valle de Aridane\u201d.<\/p>\n<p>La intervenci\u00f3n incluye la plantaci\u00f3n de nuevas especies de flora canaria procedentes del vivero insular, seleccionadas por su adaptaci\u00f3n al entorno urbano. Al mismo tiempo, se ha retirado la vegetaci\u00f3n deteriorada y se ha reordenado el espacio verde para favorecer un crecimiento equilibrado y saludable.<\/p>\n<p>Estos trabajos se ejecutan siguiendo las nuevas gu\u00edas t\u00e9cnicas de jardiner\u00eda municipal, implementadas en los \u00faltimos meses. Dichos protocolos establecen criterios de poda respetuosos con la estructura natural de cada especie y promueven un modelo de gesti\u00f3n sostenible bajo la filosof\u00eda Fitos 0, basada en el control biol\u00f3gico de plagas y en la mejora del suelo.<\/p>\n<p>El concejal sostiene que, con estas actuaciones, la Plaza Bonita se reafirma como un espacio de encuentro y convivencia en el coraz\u00f3n de Las Manchas, y agradece al personal municipal y a Francisco Pedrianes \u201csu dedicaci\u00f3n para garantizar la calidad t\u00e9cnica y la coherencia est\u00e9tica en todas las fases del proyecto\u201d.<\/p>\n","protected":false},"excerpt":{"rendered":"<p>El concejal de Parques y Jardines, Carlos de Paz, se\u00f1ala que el objetivo es recuperar el valor patrimonial y est\u00e9tico de \u201cuno de los lugares m\u00e1s emblem\u00e1ticos\u201d del Valle de Aridane<\/p>\n","protected":false},"author":4,"featured_media":4715,"comment_status":"open","ping_status":"open","sticky":false,"template":"","format":"standard","meta":{"footnotes":""},"categories":[1],"tags":[],"class_list":["post-4713","post","type-post","status-publish","format-standard","has-post-thumbnail","hentry","category-sin-categoria"],"yoast_head":"<!-- This site is optimized with the Yoast SEO plugin v22.7 - https:\/\/yoast.com\/wordpress\/plugins\/seo\/ -->\n<title>El Ayuntamiento restaura la Plaza Bonita de Las Manchas - Ayuntamiento de Los Llanos de Aridane<\/title>\n<meta name=\"robots\" content=\"index, follow, max-snippet:-1, max-image-preview:large, max-video-preview:-1\" \/>\n<link rel=\"canonical\" href=\"https:\/\/www.aridane.org\/city\/2025\/08\/26\/el-ayuntamiento-restaura-la-plaza-bonita-de-las-manchas\/\" \/>\n<meta property=\"og:locale\" content=\"es_ES\" \/>\n<meta property=\"og:type\" content=\"article\" \/>\n<meta property=\"og:title\" content=\"El Ayuntamiento restaura la Plaza Bonita de Las Manchas - Ayuntamiento de Los Llanos de Aridane\" \/>\n<meta property=\"og:description\" content=\"El concejal de Parques y Jardines, Carlos de Paz, se\u00f1ala que el objetivo es recuperar el valor patrimonial y est\u00e9tico de \u201cuno de los lugares m\u00e1s emblem\u00e1ticos\u201d del Valle de Aridane\" \/>\n<meta property=\"og:url\" content=\"https:\/\/www.aridane.org\/city\/2025\/08\/26\/el-ayuntamiento-restaura-la-plaza-bonita-de-las-manchas\/\" \/>\n<meta property=\"og:site_name\" content=\"Ayuntamiento de Los Llanos de Aridane\" \/>\n<meta property=\"article:published_time\" content=\"2025-08-26T09:58:44+00:00\" \/>\n<meta property=\"og:image\" content=\"https:\/\/www.aridane.org\/city\/wp-content\/uploads\/2025\/08\/Restauracion-Plaza-Bonita.jpeg\" \/>\n\t<meta property=\"og:image:width\" content=\"2000\" \/>\n\t<meta property=\"og:image:height\" content=\"1500\" \/>\n\t<meta property=\"og:image:type\" content=\"image\/jpeg\" \/>\n<meta name=\"author\" content=\"Corresponsal\" \/>\n<meta name=\"twitter:card\" content=\"summary_large_image\" \/>\n<meta name=\"twitter:label1\" content=\"Escrito por\" \/>\n\t<meta name=\"twitter:data1\" content=\"Corresponsal\" \/>\n\t<meta name=\"twitter:label2\" content=\"Tiempo de lectura\" \/>\n\t<meta name=\"twitter:data2\" content=\"2 minutos\" \/>\n<script type=\"application\/ld+json\" class=\"yoast-schema-graph\">{\"@context\":\"https:\/\/schema.org\",\"@graph\":[{\"@type\":\"WebPage\",\"@id\":\"https:\/\/www.aridane.org\/city\/2025\/08\/26\/el-ayuntamiento-restaura-la-plaza-bonita-de-las-manchas\/\",\"url\":\"https:\/\/www.aridane.org\/city\/2025\/08\/26\/el-ayuntamiento-restaura-la-plaza-bonita-de-las-manchas\/\",\"name\":\"El Ayuntamiento restaura la Plaza Bonita de Las Manchas - Ayuntamiento de Los Llanos de Aridane\",\"isPartOf\":{\"@id\":\"https:\/\/www.aridane.org\/city\/#website\"},\"primaryImageOfPage\":{\"@id\":\"https:\/\/www.aridane.org\/city\/2025\/08\/26\/el-ayuntamiento-restaura-la-plaza-bonita-de-las-manchas\/#primaryimage\"},\"image\":{\"@id\":\"https:\/\/www.aridane.org\/city\/2025\/08\/26\/el-ayuntamiento-restaura-la-plaza-bonita-de-las-manchas\/#primaryimage\"},\"thumbnailUrl\":\"https:\/\/www.aridane.org\/city\/wp-content\/uploads\/2025\/08\/Restauracion-Plaza-Bonita.jpeg\",\"datePublished\":\"2025-08-26T09:58:44+00:00\",\"dateModified\":\"2025-08-26T09:58:44+00:00\",\"author\":{\"@id\":\"https:\/\/www.aridane.org\/city\/#\/schema\/person\/89ebd376b223dc94cc1dbcf200c8e6da\"},\"breadcrumb\":{\"@id\":\"https:\/\/www.aridane.org\/city\/2025\/08\/26\/el-ayuntamiento-restaura-la-plaza-bonita-de-las-manchas\/#breadcrumb\"},\"inLanguage\":\"es\",\"potentialAction\":[{\"@type\":\"ReadAction\",\"target\":[\"https:\/\/www.aridane.org\/city\/2025\/08\/26\/el-ayuntamiento-restaura-la-plaza-bonita-de-las-manchas\/\"]}]},{\"@type\":\"ImageObject\",\"inLanguage\":\"es\",\"@id\":\"https:\/\/www.aridane.org\/city\/2025\/08\/26\/el-ayuntamiento-restaura-la-plaza-bonita-de-las-manchas\/#primaryimage\",\"url\":\"https:\/\/www.aridane.org\/city\/wp-content\/uploads\/2025\/08\/Restauracion-Plaza-Bonita.jpeg\",\"contentUrl\":\"https:\/\/www.aridane.org\/city\/wp-content\/uploads\/2025\/08\/Restauracion-Plaza-Bonita.jpeg\",\"width\":2000,\"height\":1500},{\"@type\":\"BreadcrumbList\",\"@id\":\"https:\/\/www.aridane.org\/city\/2025\/08\/26\/el-ayuntamiento-restaura-la-plaza-bonita-de-las-manchas\/#breadcrumb\",\"itemListElement\":[{\"@type\":\"ListItem\",\"position\":1,\"name\":\"Portada\",\"item\":\"https:\/\/www.aridane.org\/city\/\"},{\"@type\":\"ListItem\",\"position\":2,\"name\":\"El Ayuntamiento restaura la Plaza Bonita de Las Manchas\"}]},{\"@type\":\"WebSite\",\"@id\":\"https:\/\/www.aridane.org\/city\/#website\",\"url\":\"https:\/\/www.aridane.org\/city\/\",\"name\":\"Ayuntamiento de Los Llanos de Aridane\",\"description\":\"\",\"potentialAction\":[{\"@type\":\"SearchAction\",\"target\":{\"@type\":\"EntryPoint\",\"urlTemplate\":\"https:\/\/www.aridane.org\/city\/?s={search_term_string}\"},\"query-input\":\"required name=search_term_string\"}],\"inLanguage\":\"es\"},{\"@type\":\"Person\",\"@id\":\"https:\/\/www.aridane.org\/city\/#\/schema\/person\/89ebd376b223dc94cc1dbcf200c8e6da\",\"name\":\"Corresponsal\",\"image\":{\"@type\":\"ImageObject\",\"inLanguage\":\"es\",\"@id\":\"https:\/\/www.aridane.org\/city\/#\/schema\/person\/image\/\",\"url\":\"https:\/\/secure.gravatar.com\/avatar\/1c476992411e4ccf153da63b2b2f5ea0bb4cb1c85f3ceab8512f04325ad5579c?s=96&d=mm&r=g\",\"contentUrl\":\"https:\/\/secure.gravatar.com\/avatar\/1c476992411e4ccf153da63b2b2f5ea0bb4cb1c85f3ceab8512f04325ad5579c?s=96&d=mm&r=g\",\"caption\":\"Corresponsal\"},\"url\":\"https:\/\/www.aridane.org\/city\/author\/corresponsal\/\"}]}<\/script>\n<!-- \/ Yoast SEO plugin. -->","yoast_head_json":{"title":"El Ayuntamiento restaura la Plaza Bonita de Las Manchas - Ayuntamiento de Los Llanos de Aridane","robots":{"index":"index","follow":"follow","max-snippet":"max-snippet:-1","max-image-preview":"max-image-preview:large","max-video-preview":"max-video-preview:-1"},"canonical":"https:\/\/www.aridane.org\/city\/2025\/08\/26\/el-ayuntamiento-restaura-la-plaza-bonita-de-las-manchas\/","og_locale":"es_ES","og_type":"article","og_title":"El Ayuntamiento restaura la Plaza Bonita de Las Manchas - Ayuntamiento de Los Llanos de Aridane","og_description":"El concejal de Parques y Jardines, Carlos de Paz, se\u00f1ala que el objetivo es recuperar el valor patrimonial y est\u00e9tico de \u201cuno de los lugares m\u00e1s emblem\u00e1ticos\u201d del Valle de Aridane","og_url":"https:\/\/www.aridane.org\/city\/2025\/08\/26\/el-ayuntamiento-restaura-la-plaza-bonita-de-las-manchas\/","og_site_name":"Ayuntamiento de Los Llanos de Aridane","article_published_time":"2025-08-26T09:58:44+00:00","og_image":[{"width":2000,"height":1500,"url":"https:\/\/www.aridane.org\/city\/wp-content\/uploads\/2025\/08\/Restauracion-Plaza-Bonita.jpeg","type":"image\/jpeg"}],"author":"Corresponsal","twitter_card":"summary_large_image","twitter_misc":{"Escrito por":"Corresponsal","Tiempo de lectura":"2 minutos"},"schema":{"@context":"https:\/\/schema.org","@graph":[{"@type":"WebPage","@id":"https:\/\/www.aridane.org\/city\/2025\/08\/26\/el-ayuntamiento-restaura-la-plaza-bonita-de-las-manchas\/","url":"https:\/\/www.aridane.org\/city\/2025\/08\/26\/el-ayuntamiento-restaura-la-plaza-bonita-de-las-manchas\/","name":"El Ayuntamiento restaura la Plaza Bonita de Las Manchas - Ayuntamiento de Los Llanos de Aridane","isPartOf":{"@id":"https:\/\/www.aridane.org\/city\/#website"},"primaryImageOfPage":{"@id":"https:\/\/www.aridane.org\/city\/2025\/08\/26\/el-ayuntamiento-restaura-la-plaza-bonita-de-las-manchas\/#primaryimage"},"image":{"@id":"https:\/\/www.aridane.org\/city\/2025\/08\/26\/el-ayuntamiento-restaura-la-plaza-bonita-de-las-manchas\/#primaryimage"},"thumbnailUrl":"https:\/\/www.aridane.org\/city\/wp-content\/uploads\/2025\/08\/Restauracion-Plaza-Bonita.jpeg","datePublished":"2025-08-26T09:58:44+00:00","dateModified":"2025-08-26T09:58:44+00:00","author":{"@id":"https:\/\/www.aridane.org\/city\/#\/schema\/person\/89ebd376b223dc94cc1dbcf200c8e6da"},"breadcrumb":{"@id":"https:\/\/www.aridane.org\/city\/2025\/08\/26\/el-ayuntamiento-restaura-la-plaza-bonita-de-las-manchas\/#breadcrumb"},"inLanguage":"es","potentialAction":[{"@type":"ReadAction","target":["https:\/\/www.aridane.org\/city\/2025\/08\/26\/el-ayuntamiento-restaura-la-plaza-bonita-de-las-manchas\/"]}]},{"@type":"ImageObject","inLanguage":"es","@id":"https:\/\/www.aridane.org\/city\/2025\/08\/26\/el-ayuntamiento-restaura-la-plaza-bonita-de-las-manchas\/#primaryimage","url":"https:\/\/www.aridane.org\/city\/wp-content\/uploads\/2025\/08\/Restauracion-Plaza-Bonita.jpeg","contentUrl":"https:\/\/www.aridane.org\/city\/wp-content\/uploads\/2025\/08\/Restauracion-Plaza-Bonita.jpeg","width":2000,"height":1500},{"@type":"BreadcrumbList","@id":"https:\/\/www.aridane.org\/city\/2025\/08\/26\/el-ayuntamiento-restaura-la-plaza-bonita-de-las-manchas\/#breadcrumb","itemListElement":[{"@type":"ListItem","position":1,"name":"Portada","item":"https:\/\/www.aridane.org\/city\/"},{"@type":"ListItem","position":2,"name":"El Ayuntamiento restaura la Plaza Bonita de Las Manchas"}]},{"@type":"WebSite","@id":"https:\/\/www.aridane.org\/city\/#website","url":"https:\/\/www.aridane.org\/city\/","name":"Ayuntamiento de Los Llanos de Aridane","description":"","potentialAction":[{"@type":"SearchAction","target":{"@type":"EntryPoint","urlTemplate":"https:\/\/www.aridane.org\/city\/?s={search_term_string}"},"query-input":"required name=search_term_string"}],"inLanguage":"es"},{"@type":"Person","@id":"https:\/\/www.aridane.org\/city\/#\/schema\/person\/89ebd376b223dc94cc1dbcf200c8e6da","name":"Corresponsal","image":{"@type":"ImageObject","inLanguage":"es","@id":"https:\/\/www.aridane.org\/city\/#\/schema\/person\/image\/","url":"https:\/\/secure.gravatar.com\/avatar\/1c476992411e4ccf153da63b2b2f5ea0bb4cb1c85f3ceab8512f04325ad5579c?s=96&d=mm&r=g","contentUrl":"https:\/\/secure.gravatar.com\/avatar\/1c476992411e4ccf153da63b2b2f5ea0bb4cb1c85f3ceab8512f04325ad5579c?s=96&d=mm&r=g","caption":"Corresponsal"},"url":"https:\/\/www.aridane.org\/city\/author\/corresponsal\/"}]}},"_links":{"self":[{"href":"https:\/\/www.aridane.org\/city\/wp-json\/wp\/v2\/posts\/4713","targetHints":{"allow":["GET"]}}],"collection":[{"href":"https:\/\/www.aridane.org\/city\/wp-json\/wp\/v2\/posts"}],"about":[{"href":"https:\/\/www.aridane.org\/city\/wp-json\/wp\/v2\/types\/post"}],"author":[{"embeddable":true,"href":"https:\/\/www.aridane.org\/city\/wp-json\/wp\/v2\/users\/4"}],"replies":[{"embeddable":true,"href":"https:\/\/www.aridane.org\/city\/wp-json\/wp\/v2\/comments?post=4713"}],"version-history":[{"count":1,"href":"https:\/\/www.aridane.org\/city\/wp-json\/wp\/v2\/posts\/4713\/revisions"}],"predecessor-version":[{"id":4716,"href":"https:\/\/www.aridane.org\/city\/wp-json\/wp\/v2\/posts\/4713\/revisions\/4716"}],"wp:featuredmedia":[{"embeddable":true,"href":"https:\/\/www.aridane.org\/city\/wp-json\/wp\/v2\/media\/4715"}],"wp:attachment":[{"href":"https:\/\/www.aridane.org\/city\/wp-json\/wp\/v2\/media?parent=4713"}],"wp:term":[{"taxonomy":"category","embeddable":true,"href":"https:\/\/www.aridane.org\/city\/wp-json\/wp\/v2\/categories?post=4713"},{"taxonomy":"post_tag","embeddable":true,"href":"https:\/\/www.aridane.org\/city\/wp-json\/wp\/v2\/tags?post=4713"}],"curies":[{"name":"wp","href":"https:\/\/api.w.org\/{rel}","templated":true}]}}