{"id":4717,"date":"2025-08-26T11:15:00","date_gmt":"2025-08-26T11:15:00","guid":{"rendered":"https:\/\/www.aridane.org\/city\/?p=4717"},"modified":"2025-08-26T11:15:00","modified_gmt":"2025-08-26T11:15:00","slug":"diego-fernandez-gonzalez-colume-dona-uno-de-sus-cuadros-a-los-llanos-de-aridane","status":"publish","type":"post","link":"https:\/\/www.aridane.org\/city\/2025\/08\/26\/diego-fernandez-gonzalez-colume-dona-uno-de-sus-cuadros-a-los-llanos-de-aridane\/","title":{"rendered":"Diego Fern\u00e1ndez Gonz\u00e1lez Colum\u00e9 dona uno de sus cuadros a Los Llanos de Aridane"},"content":{"rendered":"<p><em>La obra captura a la perfecci\u00f3n la esencia de la vida cotidiana aridanense, integrando elementos tan emblem\u00e1ticos como los laureles, la torre del reloj y sus murales<\/em><!--more--><\/p>\n<p>El Ayuntamiento de Los Llanos de Aridane, en presencia del alcalde, Javier Llamas, y del concejal de Seguridad, Francisco Acosta, recibe la donaci\u00f3n de una obra del reconocido pintor onubense Diego Fern\u00e1ndez Gonz\u00e1lez Colum\u00e9, que representa la plaza y el centro del municipio.<\/p>\n<p>La pieza, titulada\u00a0<em>Calle Real<\/em>, fue realizada en pintura r\u00e1pida sobre tabla preparada y creada en directo el pasado s\u00e1bado, 9 de agosto, ante la mirada de decenas de vecinos y visitantes.<\/p>\n<p>Fern\u00e1ndez Gonz\u00e1lez Colum\u00e9, especialista en pintura al aire libre y con m\u00e1s de un millar de premios en cert\u00e1menes nacionales e internacionales, ya hab\u00eda donado en 2020 un cuadro inspirado en la zona del kiosco como homenaje a entidades y colectivos del municipio.<\/p>\n<p>El alcalde agradece el gesto y el cari\u00f1o que Diego vuelve a mostrar hacia Los Llanos de Aridane. \u201cLos Llanos de Aridane es, en su definici\u00f3n, un municipio pintoresco, y a la vista est\u00e1: un escenario \u00fanico que inspira y acoge expresiones art\u00edsticas como esta. Iniciativas as\u00ed enriquecen nuestro patrimonio, acercan el arte a la ciudadan\u00eda y fortalecen la identidad y el orgullo de pertenencia de quienes vivimos aqu\u00ed\u201d, afirma Javier Llamas.<\/p>\n<p>La obra captura la esencia de la vida cotidiana aridanense, integrando elementos tan emblem\u00e1ticos como los laureles, la torre del reloj y uno de los murales que forman parte del CEMFAC-Ciudad en el Museo, Centro de Arte Contempor\u00e1neo.<\/p>\n<p>El artista -que particip\u00f3 en el IV Encuentro Hispanoamericano de Acuarelistas \u2018Antonio Gonz\u00e1lez Su\u00e1rez\u2019 celebrado en El Paso- altern\u00f3 la ejecuci\u00f3n del cuadro con un taller infantil desarrollado frente a la galer\u00eda del Casino Real Sociedad Aridane, en el que participaron decenas de ni\u00f1os y ni\u00f1as.<\/p>\n","protected":false},"excerpt":{"rendered":"<p>La obra captura a la perfecci\u00f3n la esencia de la vida cotidiana aridanense, integrando elementos tan emblem\u00e1ticos como los laureles, la torre del reloj y sus murales<\/p>\n","protected":false},"author":4,"featured_media":4718,"comment_status":"open","ping_status":"open","sticky":false,"template":"","format":"standard","meta":{"footnotes":""},"categories":[1],"tags":[],"class_list":["post-4717","post","type-post","status-publish","format-standard","has-post-thumbnail","hentry","category-sin-categoria"],"yoast_head":"<!-- This site is optimized with the Yoast SEO plugin v22.7 - https:\/\/yoast.com\/wordpress\/plugins\/seo\/ -->\n<title>Diego Fern\u00e1ndez Gonz\u00e1lez Colum\u00e9 dona uno de sus cuadros a Los Llanos de Aridane - Ayuntamiento de Los Llanos de Aridane<\/title>\n<meta name=\"robots\" content=\"index, follow, max-snippet:-1, max-image-preview:large, max-video-preview:-1\" \/>\n<link rel=\"canonical\" href=\"https:\/\/www.aridane.org\/city\/2025\/08\/26\/diego-fernandez-gonzalez-colume-dona-uno-de-sus-cuadros-a-los-llanos-de-aridane\/\" \/>\n<meta property=\"og:locale\" content=\"es_ES\" \/>\n<meta property=\"og:type\" content=\"article\" \/>\n<meta property=\"og:title\" content=\"Diego Fern\u00e1ndez Gonz\u00e1lez Colum\u00e9 dona uno de sus cuadros a Los Llanos de Aridane - Ayuntamiento de Los Llanos de Aridane\" \/>\n<meta property=\"og:description\" content=\"La obra captura a la perfecci\u00f3n la esencia de la vida cotidiana aridanense, integrando elementos tan emblem\u00e1ticos como los laureles, la torre del reloj y sus murales\" \/>\n<meta property=\"og:url\" content=\"https:\/\/www.aridane.org\/city\/2025\/08\/26\/diego-fernandez-gonzalez-colume-dona-uno-de-sus-cuadros-a-los-llanos-de-aridane\/\" \/>\n<meta property=\"og:site_name\" content=\"Ayuntamiento de Los Llanos de Aridane\" \/>\n<meta property=\"article:published_time\" content=\"2025-08-26T11:15:00+00:00\" \/>\n<meta property=\"og:image\" content=\"https:\/\/www.aridane.org\/city\/wp-content\/uploads\/2025\/08\/Donacion-cuadro.jpeg\" \/>\n\t<meta property=\"og:image:width\" content=\"1500\" \/>\n\t<meta property=\"og:image:height\" content=\"1125\" \/>\n\t<meta property=\"og:image:type\" content=\"image\/jpeg\" \/>\n<meta name=\"author\" content=\"Corresponsal\" \/>\n<meta name=\"twitter:card\" content=\"summary_large_image\" \/>\n<meta name=\"twitter:label1\" content=\"Escrito por\" \/>\n\t<meta name=\"twitter:data1\" content=\"Corresponsal\" \/>\n\t<meta name=\"twitter:label2\" content=\"Tiempo de lectura\" \/>\n\t<meta name=\"twitter:data2\" content=\"2 minutos\" \/>\n<script type=\"application\/ld+json\" class=\"yoast-schema-graph\">{\"@context\":\"https:\/\/schema.org\",\"@graph\":[{\"@type\":\"WebPage\",\"@id\":\"https:\/\/www.aridane.org\/city\/2025\/08\/26\/diego-fernandez-gonzalez-colume-dona-uno-de-sus-cuadros-a-los-llanos-de-aridane\/\",\"url\":\"https:\/\/www.aridane.org\/city\/2025\/08\/26\/diego-fernandez-gonzalez-colume-dona-uno-de-sus-cuadros-a-los-llanos-de-aridane\/\",\"name\":\"Diego Fern\u00e1ndez Gonz\u00e1lez Colum\u00e9 dona uno de sus cuadros a Los Llanos de Aridane - Ayuntamiento de Los Llanos de Aridane\",\"isPartOf\":{\"@id\":\"https:\/\/www.aridane.org\/city\/#website\"},\"primaryImageOfPage\":{\"@id\":\"https:\/\/www.aridane.org\/city\/2025\/08\/26\/diego-fernandez-gonzalez-colume-dona-uno-de-sus-cuadros-a-los-llanos-de-aridane\/#primaryimage\"},\"image\":{\"@id\":\"https:\/\/www.aridane.org\/city\/2025\/08\/26\/diego-fernandez-gonzalez-colume-dona-uno-de-sus-cuadros-a-los-llanos-de-aridane\/#primaryimage\"},\"thumbnailUrl\":\"https:\/\/www.aridane.org\/city\/wp-content\/uploads\/2025\/08\/Donacion-cuadro.jpeg\",\"datePublished\":\"2025-08-26T11:15:00+00:00\",\"dateModified\":\"2025-08-26T11:15:00+00:00\",\"author\":{\"@id\":\"https:\/\/www.aridane.org\/city\/#\/schema\/person\/89ebd376b223dc94cc1dbcf200c8e6da\"},\"breadcrumb\":{\"@id\":\"https:\/\/www.aridane.org\/city\/2025\/08\/26\/diego-fernandez-gonzalez-colume-dona-uno-de-sus-cuadros-a-los-llanos-de-aridane\/#breadcrumb\"},\"inLanguage\":\"es\",\"potentialAction\":[{\"@type\":\"ReadAction\",\"target\":[\"https:\/\/www.aridane.org\/city\/2025\/08\/26\/diego-fernandez-gonzalez-colume-dona-uno-de-sus-cuadros-a-los-llanos-de-aridane\/\"]}]},{\"@type\":\"ImageObject\",\"inLanguage\":\"es\",\"@id\":\"https:\/\/www.aridane.org\/city\/2025\/08\/26\/diego-fernandez-gonzalez-colume-dona-uno-de-sus-cuadros-a-los-llanos-de-aridane\/#primaryimage\",\"url\":\"https:\/\/www.aridane.org\/city\/wp-content\/uploads\/2025\/08\/Donacion-cuadro.jpeg\",\"contentUrl\":\"https:\/\/www.aridane.org\/city\/wp-content\/uploads\/2025\/08\/Donacion-cuadro.jpeg\",\"width\":1500,\"height\":1125},{\"@type\":\"BreadcrumbList\",\"@id\":\"https:\/\/www.aridane.org\/city\/2025\/08\/26\/diego-fernandez-gonzalez-colume-dona-uno-de-sus-cuadros-a-los-llanos-de-aridane\/#breadcrumb\",\"itemListElement\":[{\"@type\":\"ListItem\",\"position\":1,\"name\":\"Portada\",\"item\":\"https:\/\/www.aridane.org\/city\/\"},{\"@type\":\"ListItem\",\"position\":2,\"name\":\"Diego Fern\u00e1ndez Gonz\u00e1lez Colum\u00e9 dona uno de sus cuadros a Los Llanos de Aridane\"}]},{\"@type\":\"WebSite\",\"@id\":\"https:\/\/www.aridane.org\/city\/#website\",\"url\":\"https:\/\/www.aridane.org\/city\/\",\"name\":\"Ayuntamiento de Los Llanos de Aridane\",\"description\":\"\",\"potentialAction\":[{\"@type\":\"SearchAction\",\"target\":{\"@type\":\"EntryPoint\",\"urlTemplate\":\"https:\/\/www.aridane.org\/city\/?s={search_term_string}\"},\"query-input\":\"required name=search_term_string\"}],\"inLanguage\":\"es\"},{\"@type\":\"Person\",\"@id\":\"https:\/\/www.aridane.org\/city\/#\/schema\/person\/89ebd376b223dc94cc1dbcf200c8e6da\",\"name\":\"Corresponsal\",\"image\":{\"@type\":\"ImageObject\",\"inLanguage\":\"es\",\"@id\":\"https:\/\/www.aridane.org\/city\/#\/schema\/person\/image\/\",\"url\":\"https:\/\/secure.gravatar.com\/avatar\/1c476992411e4ccf153da63b2b2f5ea0bb4cb1c85f3ceab8512f04325ad5579c?s=96&d=mm&r=g\",\"contentUrl\":\"https:\/\/secure.gravatar.com\/avatar\/1c476992411e4ccf153da63b2b2f5ea0bb4cb1c85f3ceab8512f04325ad5579c?s=96&d=mm&r=g\",\"caption\":\"Corresponsal\"},\"url\":\"https:\/\/www.aridane.org\/city\/author\/corresponsal\/\"}]}<\/script>\n<!-- \/ Yoast SEO plugin. -->","yoast_head_json":{"title":"Diego Fern\u00e1ndez Gonz\u00e1lez Colum\u00e9 dona uno de sus cuadros a Los Llanos de Aridane - Ayuntamiento de Los Llanos de Aridane","robots":{"index":"index","follow":"follow","max-snippet":"max-snippet:-1","max-image-preview":"max-image-preview:large","max-video-preview":"max-video-preview:-1"},"canonical":"https:\/\/www.aridane.org\/city\/2025\/08\/26\/diego-fernandez-gonzalez-colume-dona-uno-de-sus-cuadros-a-los-llanos-de-aridane\/","og_locale":"es_ES","og_type":"article","og_title":"Diego Fern\u00e1ndez Gonz\u00e1lez Colum\u00e9 dona uno de sus cuadros a Los Llanos de Aridane - Ayuntamiento de Los Llanos de Aridane","og_description":"La obra captura a la perfecci\u00f3n la esencia de la vida cotidiana aridanense, integrando elementos tan emblem\u00e1ticos como los laureles, la torre del reloj y sus murales","og_url":"https:\/\/www.aridane.org\/city\/2025\/08\/26\/diego-fernandez-gonzalez-colume-dona-uno-de-sus-cuadros-a-los-llanos-de-aridane\/","og_site_name":"Ayuntamiento de Los Llanos de Aridane","article_published_time":"2025-08-26T11:15:00+00:00","og_image":[{"width":1500,"height":1125,"url":"https:\/\/www.aridane.org\/city\/wp-content\/uploads\/2025\/08\/Donacion-cuadro.jpeg","type":"image\/jpeg"}],"author":"Corresponsal","twitter_card":"summary_large_image","twitter_misc":{"Escrito por":"Corresponsal","Tiempo de lectura":"2 minutos"},"schema":{"@context":"https:\/\/schema.org","@graph":[{"@type":"WebPage","@id":"https:\/\/www.aridane.org\/city\/2025\/08\/26\/diego-fernandez-gonzalez-colume-dona-uno-de-sus-cuadros-a-los-llanos-de-aridane\/","url":"https:\/\/www.aridane.org\/city\/2025\/08\/26\/diego-fernandez-gonzalez-colume-dona-uno-de-sus-cuadros-a-los-llanos-de-aridane\/","name":"Diego Fern\u00e1ndez Gonz\u00e1lez Colum\u00e9 dona uno de sus cuadros a Los Llanos de Aridane - Ayuntamiento de Los Llanos de Aridane","isPartOf":{"@id":"https:\/\/www.aridane.org\/city\/#website"},"primaryImageOfPage":{"@id":"https:\/\/www.aridane.org\/city\/2025\/08\/26\/diego-fernandez-gonzalez-colume-dona-uno-de-sus-cuadros-a-los-llanos-de-aridane\/#primaryimage"},"image":{"@id":"https:\/\/www.aridane.org\/city\/2025\/08\/26\/diego-fernandez-gonzalez-colume-dona-uno-de-sus-cuadros-a-los-llanos-de-aridane\/#primaryimage"},"thumbnailUrl":"https:\/\/www.aridane.org\/city\/wp-content\/uploads\/2025\/08\/Donacion-cuadro.jpeg","datePublished":"2025-08-26T11:15:00+00:00","dateModified":"2025-08-26T11:15:00+00:00","author":{"@id":"https:\/\/www.aridane.org\/city\/#\/schema\/person\/89ebd376b223dc94cc1dbcf200c8e6da"},"breadcrumb":{"@id":"https:\/\/www.aridane.org\/city\/2025\/08\/26\/diego-fernandez-gonzalez-colume-dona-uno-de-sus-cuadros-a-los-llanos-de-aridane\/#breadcrumb"},"inLanguage":"es","potentialAction":[{"@type":"ReadAction","target":["https:\/\/www.aridane.org\/city\/2025\/08\/26\/diego-fernandez-gonzalez-colume-dona-uno-de-sus-cuadros-a-los-llanos-de-aridane\/"]}]},{"@type":"ImageObject","inLanguage":"es","@id":"https:\/\/www.aridane.org\/city\/2025\/08\/26\/diego-fernandez-gonzalez-colume-dona-uno-de-sus-cuadros-a-los-llanos-de-aridane\/#primaryimage","url":"https:\/\/www.aridane.org\/city\/wp-content\/uploads\/2025\/08\/Donacion-cuadro.jpeg","contentUrl":"https:\/\/www.aridane.org\/city\/wp-content\/uploads\/2025\/08\/Donacion-cuadro.jpeg","width":1500,"height":1125},{"@type":"BreadcrumbList","@id":"https:\/\/www.aridane.org\/city\/2025\/08\/26\/diego-fernandez-gonzalez-colume-dona-uno-de-sus-cuadros-a-los-llanos-de-aridane\/#breadcrumb","itemListElement":[{"@type":"ListItem","position":1,"name":"Portada","item":"https:\/\/www.aridane.org\/city\/"},{"@type":"ListItem","position":2,"name":"Diego Fern\u00e1ndez Gonz\u00e1lez Colum\u00e9 dona uno de sus cuadros a Los Llanos de Aridane"}]},{"@type":"WebSite","@id":"https:\/\/www.aridane.org\/city\/#website","url":"https:\/\/www.aridane.org\/city\/","name":"Ayuntamiento de Los Llanos de Aridane","description":"","potentialAction":[{"@type":"SearchAction","target":{"@type":"EntryPoint","urlTemplate":"https:\/\/www.aridane.org\/city\/?s={search_term_string}"},"query-input":"required name=search_term_string"}],"inLanguage":"es"},{"@type":"Person","@id":"https:\/\/www.aridane.org\/city\/#\/schema\/person\/89ebd376b223dc94cc1dbcf200c8e6da","name":"Corresponsal","image":{"@type":"ImageObject","inLanguage":"es","@id":"https:\/\/www.aridane.org\/city\/#\/schema\/person\/image\/","url":"https:\/\/secure.gravatar.com\/avatar\/1c476992411e4ccf153da63b2b2f5ea0bb4cb1c85f3ceab8512f04325ad5579c?s=96&d=mm&r=g","contentUrl":"https:\/\/secure.gravatar.com\/avatar\/1c476992411e4ccf153da63b2b2f5ea0bb4cb1c85f3ceab8512f04325ad5579c?s=96&d=mm&r=g","caption":"Corresponsal"},"url":"https:\/\/www.aridane.org\/city\/author\/corresponsal\/"}]}},"_links":{"self":[{"href":"https:\/\/www.aridane.org\/city\/wp-json\/wp\/v2\/posts\/4717","targetHints":{"allow":["GET"]}}],"collection":[{"href":"https:\/\/www.aridane.org\/city\/wp-json\/wp\/v2\/posts"}],"about":[{"href":"https:\/\/www.aridane.org\/city\/wp-json\/wp\/v2\/types\/post"}],"author":[{"embeddable":true,"href":"https:\/\/www.aridane.org\/city\/wp-json\/wp\/v2\/users\/4"}],"replies":[{"embeddable":true,"href":"https:\/\/www.aridane.org\/city\/wp-json\/wp\/v2\/comments?post=4717"}],"version-history":[{"count":1,"href":"https:\/\/www.aridane.org\/city\/wp-json\/wp\/v2\/posts\/4717\/revisions"}],"predecessor-version":[{"id":4719,"href":"https:\/\/www.aridane.org\/city\/wp-json\/wp\/v2\/posts\/4717\/revisions\/4719"}],"wp:featuredmedia":[{"embeddable":true,"href":"https:\/\/www.aridane.org\/city\/wp-json\/wp\/v2\/media\/4718"}],"wp:attachment":[{"href":"https:\/\/www.aridane.org\/city\/wp-json\/wp\/v2\/media?parent=4717"}],"wp:term":[{"taxonomy":"category","embeddable":true,"href":"https:\/\/www.aridane.org\/city\/wp-json\/wp\/v2\/categories?post=4717"},{"taxonomy":"post_tag","embeddable":true,"href":"https:\/\/www.aridane.org\/city\/wp-json\/wp\/v2\/tags?post=4717"}],"curies":[{"name":"wp","href":"https:\/\/api.w.org\/{rel}","templated":true}]}}