{"id":4720,"date":"2025-08-28T09:19:18","date_gmt":"2025-08-28T09:19:18","guid":{"rendered":"https:\/\/www.aridane.org\/city\/?p=4720"},"modified":"2025-08-28T09:19:18","modified_gmt":"2025-08-28T09:19:18","slug":"los-llanos-de-aridane-impulsa-el-sector-comercial-en-la-vuelta-al-cole","status":"publish","type":"post","link":"https:\/\/www.aridane.org\/city\/2025\/08\/28\/los-llanos-de-aridane-impulsa-el-sector-comercial-en-la-vuelta-al-cole\/","title":{"rendered":"Los Llanos de Aridane impulsa el sector comercial en la vuelta al cole"},"content":{"rendered":"<p><em>El pr\u00f3ximo s\u00e1bado, 30 de agosto habr\u00e1 varias actividades de dinamizaci\u00f3n dirigidas a los m\u00e1s peque\u00f1os en la plaza de Espa\u00f1a\u00a0<\/em><!--more--><\/p>\n<p>El Ayuntamiento de Los Llanos de Aridane colabora con la Asociaci\u00f3n de Comerciantes Zona Abierta (ACZA) en la organizaci\u00f3n de la campa\u00f1a comercial con motivo de la vuelta al cole. El s\u00e1bado, 30 de agosto, desde las 10:30 hasta las 13:30 horas, la plaza de Espa\u00f1a se llenar\u00e1 con distintos juegos y actividades para los m\u00e1s peque\u00f1os y con posibilidad de conseguir premios y recompensas.<\/p>\n<p>La concejala de Comercio, Ver\u00f3nica Gonz\u00e1lez, afirma que esta campa\u00f1a \u201csupone un gran incentivo para las familias que realizan las compras del material escolar para sus hijos e hijas, mientras se divierten con todos los juegos y actividades previstas\u201d.<\/p>\n<p>En este sentido, Gonz\u00e1lez valora la importancia de seguir impulsando estas campa\u00f1as para dinamizar el tejido comercial del municipio. \u201cComo Ayuntamiento debemos velar por el buen funcionamiento del sector comercial, y no cabe duda de que estas iniciativas potencian notablemente sus ventas\u201d.<\/p>\n<p>Esta campa\u00f1a incluir\u00e1 como novedad la celebraci\u00f3n de una gincana en la que se podr\u00e1n obtener distintas recompensas, tales como vales de descuento en los establecimientos asociados a ACZA y entradas de cine, entre otras sorpresas. Junto a ello, los ni\u00f1os y ni\u00f1as podr\u00e1n disfrutar de grandes juegos tales como la oca, el parch\u00eds y m\u00e1s; y una ruleta de premios, presente en otras campa\u00f1as.<\/p>\n<p>Para poder participar y optar a estas recompensas es necesaria la inscripci\u00f3n previa, la cual se podr\u00e1 realizar rellenando el formulario ubicado en el siguiente enlace:\u00a0<a href=\"https:\/\/aczalosllanosdearidane.com\/vuelta-al-Cole\/\" target=\"_blank\" rel=\"noopener noreferrer\">https:\/\/aczalosllanosdearidane.com\/vuelta-al-Cole\/<\/a><\/p>\n","protected":false},"excerpt":{"rendered":"<p>El pr\u00f3ximo s\u00e1bado, 30 de agosto habr\u00e1 varias actividades de dinamizaci\u00f3n dirigidas a los m\u00e1s peque\u00f1os en la plaza de Espa\u00f1a\u00a0<\/p>\n","protected":false},"author":4,"featured_media":4721,"comment_status":"open","ping_status":"open","sticky":false,"template":"","format":"standard","meta":{"footnotes":""},"categories":[1],"tags":[],"class_list":["post-4720","post","type-post","status-publish","format-standard","has-post-thumbnail","hentry","category-sin-categoria"],"yoast_head":"<!-- This site is optimized with the Yoast SEO plugin v22.7 - https:\/\/yoast.com\/wordpress\/plugins\/seo\/ -->\n<title>Los Llanos de Aridane impulsa el sector comercial en la vuelta al cole - Ayuntamiento de Los Llanos de Aridane<\/title>\n<meta name=\"robots\" content=\"index, follow, max-snippet:-1, max-image-preview:large, max-video-preview:-1\" \/>\n<link rel=\"canonical\" href=\"https:\/\/www.aridane.org\/city\/2025\/08\/28\/los-llanos-de-aridane-impulsa-el-sector-comercial-en-la-vuelta-al-cole\/\" \/>\n<meta property=\"og:locale\" content=\"es_ES\" \/>\n<meta property=\"og:type\" content=\"article\" \/>\n<meta property=\"og:title\" content=\"Los Llanos de Aridane impulsa el sector comercial en la vuelta al cole - Ayuntamiento de Los Llanos de Aridane\" \/>\n<meta property=\"og:description\" content=\"El pr\u00f3ximo s\u00e1bado, 30 de agosto habr\u00e1 varias actividades de dinamizaci\u00f3n dirigidas a los m\u00e1s peque\u00f1os en la plaza de Espa\u00f1a\u00a0\" \/>\n<meta property=\"og:url\" content=\"https:\/\/www.aridane.org\/city\/2025\/08\/28\/los-llanos-de-aridane-impulsa-el-sector-comercial-en-la-vuelta-al-cole\/\" \/>\n<meta property=\"og:site_name\" content=\"Ayuntamiento de Los Llanos de Aridane\" \/>\n<meta property=\"article:published_time\" content=\"2025-08-28T09:19:18+00:00\" \/>\n<meta property=\"og:image\" content=\"https:\/\/www.aridane.org\/city\/wp-content\/uploads\/2025\/08\/Vuelta-al-cole-scaled.jpeg\" \/>\n\t<meta property=\"og:image:width\" content=\"2560\" \/>\n\t<meta property=\"og:image:height\" content=\"1920\" \/>\n\t<meta property=\"og:image:type\" content=\"image\/jpeg\" \/>\n<meta name=\"author\" content=\"Corresponsal\" \/>\n<meta name=\"twitter:card\" content=\"summary_large_image\" \/>\n<meta name=\"twitter:label1\" content=\"Escrito por\" \/>\n\t<meta name=\"twitter:data1\" content=\"Corresponsal\" \/>\n\t<meta name=\"twitter:label2\" content=\"Tiempo de lectura\" \/>\n\t<meta name=\"twitter:data2\" content=\"2 minutos\" \/>\n<script type=\"application\/ld+json\" class=\"yoast-schema-graph\">{\"@context\":\"https:\/\/schema.org\",\"@graph\":[{\"@type\":\"WebPage\",\"@id\":\"https:\/\/www.aridane.org\/city\/2025\/08\/28\/los-llanos-de-aridane-impulsa-el-sector-comercial-en-la-vuelta-al-cole\/\",\"url\":\"https:\/\/www.aridane.org\/city\/2025\/08\/28\/los-llanos-de-aridane-impulsa-el-sector-comercial-en-la-vuelta-al-cole\/\",\"name\":\"Los Llanos de Aridane impulsa el sector comercial en la vuelta al cole - Ayuntamiento de Los Llanos de Aridane\",\"isPartOf\":{\"@id\":\"https:\/\/www.aridane.org\/city\/#website\"},\"primaryImageOfPage\":{\"@id\":\"https:\/\/www.aridane.org\/city\/2025\/08\/28\/los-llanos-de-aridane-impulsa-el-sector-comercial-en-la-vuelta-al-cole\/#primaryimage\"},\"image\":{\"@id\":\"https:\/\/www.aridane.org\/city\/2025\/08\/28\/los-llanos-de-aridane-impulsa-el-sector-comercial-en-la-vuelta-al-cole\/#primaryimage\"},\"thumbnailUrl\":\"https:\/\/www.aridane.org\/city\/wp-content\/uploads\/2025\/08\/Vuelta-al-cole-scaled.jpeg\",\"datePublished\":\"2025-08-28T09:19:18+00:00\",\"dateModified\":\"2025-08-28T09:19:18+00:00\",\"author\":{\"@id\":\"https:\/\/www.aridane.org\/city\/#\/schema\/person\/89ebd376b223dc94cc1dbcf200c8e6da\"},\"breadcrumb\":{\"@id\":\"https:\/\/www.aridane.org\/city\/2025\/08\/28\/los-llanos-de-aridane-impulsa-el-sector-comercial-en-la-vuelta-al-cole\/#breadcrumb\"},\"inLanguage\":\"es\",\"potentialAction\":[{\"@type\":\"ReadAction\",\"target\":[\"https:\/\/www.aridane.org\/city\/2025\/08\/28\/los-llanos-de-aridane-impulsa-el-sector-comercial-en-la-vuelta-al-cole\/\"]}]},{\"@type\":\"ImageObject\",\"inLanguage\":\"es\",\"@id\":\"https:\/\/www.aridane.org\/city\/2025\/08\/28\/los-llanos-de-aridane-impulsa-el-sector-comercial-en-la-vuelta-al-cole\/#primaryimage\",\"url\":\"https:\/\/www.aridane.org\/city\/wp-content\/uploads\/2025\/08\/Vuelta-al-cole-scaled.jpeg\",\"contentUrl\":\"https:\/\/www.aridane.org\/city\/wp-content\/uploads\/2025\/08\/Vuelta-al-cole-scaled.jpeg\",\"width\":2560,\"height\":1920},{\"@type\":\"BreadcrumbList\",\"@id\":\"https:\/\/www.aridane.org\/city\/2025\/08\/28\/los-llanos-de-aridane-impulsa-el-sector-comercial-en-la-vuelta-al-cole\/#breadcrumb\",\"itemListElement\":[{\"@type\":\"ListItem\",\"position\":1,\"name\":\"Portada\",\"item\":\"https:\/\/www.aridane.org\/city\/\"},{\"@type\":\"ListItem\",\"position\":2,\"name\":\"Los Llanos de Aridane impulsa el sector comercial en la vuelta al cole\"}]},{\"@type\":\"WebSite\",\"@id\":\"https:\/\/www.aridane.org\/city\/#website\",\"url\":\"https:\/\/www.aridane.org\/city\/\",\"name\":\"Ayuntamiento de Los Llanos de Aridane\",\"description\":\"\",\"potentialAction\":[{\"@type\":\"SearchAction\",\"target\":{\"@type\":\"EntryPoint\",\"urlTemplate\":\"https:\/\/www.aridane.org\/city\/?s={search_term_string}\"},\"query-input\":\"required name=search_term_string\"}],\"inLanguage\":\"es\"},{\"@type\":\"Person\",\"@id\":\"https:\/\/www.aridane.org\/city\/#\/schema\/person\/89ebd376b223dc94cc1dbcf200c8e6da\",\"name\":\"Corresponsal\",\"image\":{\"@type\":\"ImageObject\",\"inLanguage\":\"es\",\"@id\":\"https:\/\/www.aridane.org\/city\/#\/schema\/person\/image\/\",\"url\":\"https:\/\/secure.gravatar.com\/avatar\/1c476992411e4ccf153da63b2b2f5ea0bb4cb1c85f3ceab8512f04325ad5579c?s=96&d=mm&r=g\",\"contentUrl\":\"https:\/\/secure.gravatar.com\/avatar\/1c476992411e4ccf153da63b2b2f5ea0bb4cb1c85f3ceab8512f04325ad5579c?s=96&d=mm&r=g\",\"caption\":\"Corresponsal\"},\"url\":\"https:\/\/www.aridane.org\/city\/author\/corresponsal\/\"}]}<\/script>\n<!-- \/ Yoast SEO plugin. -->","yoast_head_json":{"title":"Los Llanos de Aridane impulsa el sector comercial en la vuelta al cole - Ayuntamiento de Los Llanos de Aridane","robots":{"index":"index","follow":"follow","max-snippet":"max-snippet:-1","max-image-preview":"max-image-preview:large","max-video-preview":"max-video-preview:-1"},"canonical":"https:\/\/www.aridane.org\/city\/2025\/08\/28\/los-llanos-de-aridane-impulsa-el-sector-comercial-en-la-vuelta-al-cole\/","og_locale":"es_ES","og_type":"article","og_title":"Los Llanos de Aridane impulsa el sector comercial en la vuelta al cole - Ayuntamiento de Los Llanos de Aridane","og_description":"El pr\u00f3ximo s\u00e1bado, 30 de agosto habr\u00e1 varias actividades de dinamizaci\u00f3n dirigidas a los m\u00e1s peque\u00f1os en la plaza de Espa\u00f1a\u00a0","og_url":"https:\/\/www.aridane.org\/city\/2025\/08\/28\/los-llanos-de-aridane-impulsa-el-sector-comercial-en-la-vuelta-al-cole\/","og_site_name":"Ayuntamiento de Los Llanos de Aridane","article_published_time":"2025-08-28T09:19:18+00:00","og_image":[{"width":2560,"height":1920,"url":"https:\/\/www.aridane.org\/city\/wp-content\/uploads\/2025\/08\/Vuelta-al-cole-scaled.jpeg","type":"image\/jpeg"}],"author":"Corresponsal","twitter_card":"summary_large_image","twitter_misc":{"Escrito por":"Corresponsal","Tiempo de lectura":"2 minutos"},"schema":{"@context":"https:\/\/schema.org","@graph":[{"@type":"WebPage","@id":"https:\/\/www.aridane.org\/city\/2025\/08\/28\/los-llanos-de-aridane-impulsa-el-sector-comercial-en-la-vuelta-al-cole\/","url":"https:\/\/www.aridane.org\/city\/2025\/08\/28\/los-llanos-de-aridane-impulsa-el-sector-comercial-en-la-vuelta-al-cole\/","name":"Los Llanos de Aridane impulsa el sector comercial en la vuelta al cole - Ayuntamiento de Los Llanos de Aridane","isPartOf":{"@id":"https:\/\/www.aridane.org\/city\/#website"},"primaryImageOfPage":{"@id":"https:\/\/www.aridane.org\/city\/2025\/08\/28\/los-llanos-de-aridane-impulsa-el-sector-comercial-en-la-vuelta-al-cole\/#primaryimage"},"image":{"@id":"https:\/\/www.aridane.org\/city\/2025\/08\/28\/los-llanos-de-aridane-impulsa-el-sector-comercial-en-la-vuelta-al-cole\/#primaryimage"},"thumbnailUrl":"https:\/\/www.aridane.org\/city\/wp-content\/uploads\/2025\/08\/Vuelta-al-cole-scaled.jpeg","datePublished":"2025-08-28T09:19:18+00:00","dateModified":"2025-08-28T09:19:18+00:00","author":{"@id":"https:\/\/www.aridane.org\/city\/#\/schema\/person\/89ebd376b223dc94cc1dbcf200c8e6da"},"breadcrumb":{"@id":"https:\/\/www.aridane.org\/city\/2025\/08\/28\/los-llanos-de-aridane-impulsa-el-sector-comercial-en-la-vuelta-al-cole\/#breadcrumb"},"inLanguage":"es","potentialAction":[{"@type":"ReadAction","target":["https:\/\/www.aridane.org\/city\/2025\/08\/28\/los-llanos-de-aridane-impulsa-el-sector-comercial-en-la-vuelta-al-cole\/"]}]},{"@type":"ImageObject","inLanguage":"es","@id":"https:\/\/www.aridane.org\/city\/2025\/08\/28\/los-llanos-de-aridane-impulsa-el-sector-comercial-en-la-vuelta-al-cole\/#primaryimage","url":"https:\/\/www.aridane.org\/city\/wp-content\/uploads\/2025\/08\/Vuelta-al-cole-scaled.jpeg","contentUrl":"https:\/\/www.aridane.org\/city\/wp-content\/uploads\/2025\/08\/Vuelta-al-cole-scaled.jpeg","width":2560,"height":1920},{"@type":"BreadcrumbList","@id":"https:\/\/www.aridane.org\/city\/2025\/08\/28\/los-llanos-de-aridane-impulsa-el-sector-comercial-en-la-vuelta-al-cole\/#breadcrumb","itemListElement":[{"@type":"ListItem","position":1,"name":"Portada","item":"https:\/\/www.aridane.org\/city\/"},{"@type":"ListItem","position":2,"name":"Los Llanos de Aridane impulsa el sector comercial en la vuelta al cole"}]},{"@type":"WebSite","@id":"https:\/\/www.aridane.org\/city\/#website","url":"https:\/\/www.aridane.org\/city\/","name":"Ayuntamiento de Los Llanos de Aridane","description":"","potentialAction":[{"@type":"SearchAction","target":{"@type":"EntryPoint","urlTemplate":"https:\/\/www.aridane.org\/city\/?s={search_term_string}"},"query-input":"required name=search_term_string"}],"inLanguage":"es"},{"@type":"Person","@id":"https:\/\/www.aridane.org\/city\/#\/schema\/person\/89ebd376b223dc94cc1dbcf200c8e6da","name":"Corresponsal","image":{"@type":"ImageObject","inLanguage":"es","@id":"https:\/\/www.aridane.org\/city\/#\/schema\/person\/image\/","url":"https:\/\/secure.gravatar.com\/avatar\/1c476992411e4ccf153da63b2b2f5ea0bb4cb1c85f3ceab8512f04325ad5579c?s=96&d=mm&r=g","contentUrl":"https:\/\/secure.gravatar.com\/avatar\/1c476992411e4ccf153da63b2b2f5ea0bb4cb1c85f3ceab8512f04325ad5579c?s=96&d=mm&r=g","caption":"Corresponsal"},"url":"https:\/\/www.aridane.org\/city\/author\/corresponsal\/"}]}},"_links":{"self":[{"href":"https:\/\/www.aridane.org\/city\/wp-json\/wp\/v2\/posts\/4720","targetHints":{"allow":["GET"]}}],"collection":[{"href":"https:\/\/www.aridane.org\/city\/wp-json\/wp\/v2\/posts"}],"about":[{"href":"https:\/\/www.aridane.org\/city\/wp-json\/wp\/v2\/types\/post"}],"author":[{"embeddable":true,"href":"https:\/\/www.aridane.org\/city\/wp-json\/wp\/v2\/users\/4"}],"replies":[{"embeddable":true,"href":"https:\/\/www.aridane.org\/city\/wp-json\/wp\/v2\/comments?post=4720"}],"version-history":[{"count":1,"href":"https:\/\/www.aridane.org\/city\/wp-json\/wp\/v2\/posts\/4720\/revisions"}],"predecessor-version":[{"id":4722,"href":"https:\/\/www.aridane.org\/city\/wp-json\/wp\/v2\/posts\/4720\/revisions\/4722"}],"wp:featuredmedia":[{"embeddable":true,"href":"https:\/\/www.aridane.org\/city\/wp-json\/wp\/v2\/media\/4721"}],"wp:attachment":[{"href":"https:\/\/www.aridane.org\/city\/wp-json\/wp\/v2\/media?parent=4720"}],"wp:term":[{"taxonomy":"category","embeddable":true,"href":"https:\/\/www.aridane.org\/city\/wp-json\/wp\/v2\/categories?post=4720"},{"taxonomy":"post_tag","embeddable":true,"href":"https:\/\/www.aridane.org\/city\/wp-json\/wp\/v2\/tags?post=4720"}],"curies":[{"name":"wp","href":"https:\/\/api.w.org\/{rel}","templated":true}]}}