{"id":4723,"date":"2025-08-28T09:20:22","date_gmt":"2025-08-28T09:20:22","guid":{"rendered":"https:\/\/www.aridane.org\/city\/?p=4723"},"modified":"2025-08-28T09:20:22","modified_gmt":"2025-08-28T09:20:22","slug":"el-ayuntamiento-refuerza-la-seguridad-de-la-lajita-en-el-remo","status":"publish","type":"post","link":"https:\/\/www.aridane.org\/city\/2025\/08\/28\/el-ayuntamiento-refuerza-la-seguridad-de-la-lajita-en-el-remo\/","title":{"rendered":"El Ayuntamiento refuerza la seguridad de La Lajita, en El Remo"},"content":{"rendered":"<p><em>Se han colocado se\u00f1ales de advertencia en la zona de ba\u00f1o y un sistema de barras abatibles para mejorar la movilidad<\/em><!--more--><\/p>\n<div id=\"v1forwardbody1\">\n<p>El Ayuntamiento de Los Llanos de Aridane atiende una demanda vecinal en la zona de La Lajita, en la costa del barrio de El Remo, con la instalaci\u00f3n de nueva se\u00f1al\u00e9tica y elementos de acceso que refuerzan la seguridad de los ba\u00f1istas y facilitan la entrada de veh\u00edculos autorizados.<\/p>\n<p>En concreto, se ha colocado una se\u00f1al de advertencia en la zona de ba\u00f1o para prevenir posibles accidentes.<\/p>\n<p>Adem\u00e1s, en el acceso a la playa se han sustituido los antiguos pivotes por un sistema de barras abatibles que permite la entrada de veh\u00edculos de emergencia, ambulancias y gr\u00faas en caso de necesidad, as\u00ed como la realizaci\u00f3n de peque\u00f1os embarques de forma controlada.<\/p>\n<p>El concejal de Seguridad, Francisco Acosta, asegura que con estas medidas se busca concienciar y reforzar la seguridad en un espacio muy frecuentado durante los meses de verano.<\/p>\n<p>En este sentido, el concejal reafirma \u201cel compromiso del Ayuntamiento con la mejora de los espacios p\u00fablicos del litoral y con la atenci\u00f3n a las necesidades planteadas por los vecinos y vecinas del municipio\u201d.<\/p>\n<\/div>\n","protected":false},"excerpt":{"rendered":"<p>Se han colocado se\u00f1ales de advertencia en la zona de ba\u00f1o y un sistema de barras abatibles para mejorar la movilidad<\/p>\n","protected":false},"author":4,"featured_media":4724,"comment_status":"open","ping_status":"open","sticky":false,"template":"","format":"standard","meta":{"footnotes":""},"categories":[1],"tags":[],"class_list":["post-4723","post","type-post","status-publish","format-standard","has-post-thumbnail","hentry","category-sin-categoria"],"yoast_head":"<!-- This site is optimized with the Yoast SEO plugin v22.7 - https:\/\/yoast.com\/wordpress\/plugins\/seo\/ -->\n<title>El Ayuntamiento refuerza la seguridad de La Lajita, en El Remo - Ayuntamiento de Los Llanos de Aridane<\/title>\n<meta name=\"robots\" content=\"index, follow, max-snippet:-1, max-image-preview:large, max-video-preview:-1\" \/>\n<link rel=\"canonical\" href=\"https:\/\/www.aridane.org\/city\/2025\/08\/28\/el-ayuntamiento-refuerza-la-seguridad-de-la-lajita-en-el-remo\/\" \/>\n<meta property=\"og:locale\" content=\"es_ES\" \/>\n<meta property=\"og:type\" content=\"article\" \/>\n<meta property=\"og:title\" content=\"El Ayuntamiento refuerza la seguridad de La Lajita, en El Remo - Ayuntamiento de Los Llanos de Aridane\" \/>\n<meta property=\"og:description\" content=\"Se han colocado se\u00f1ales de advertencia en la zona de ba\u00f1o y un sistema de barras abatibles para mejorar la movilidad\" \/>\n<meta property=\"og:url\" content=\"https:\/\/www.aridane.org\/city\/2025\/08\/28\/el-ayuntamiento-refuerza-la-seguridad-de-la-lajita-en-el-remo\/\" \/>\n<meta property=\"og:site_name\" content=\"Ayuntamiento de Los Llanos de Aridane\" \/>\n<meta property=\"article:published_time\" content=\"2025-08-28T09:20:22+00:00\" \/>\n<meta property=\"og:image\" content=\"https:\/\/www.aridane.org\/city\/wp-content\/uploads\/2025\/08\/La-Lajita.jpeg\" \/>\n\t<meta property=\"og:image:width\" content=\"1216\" \/>\n\t<meta property=\"og:image:height\" content=\"739\" \/>\n\t<meta property=\"og:image:type\" content=\"image\/jpeg\" \/>\n<meta name=\"author\" content=\"Corresponsal\" \/>\n<meta name=\"twitter:card\" content=\"summary_large_image\" \/>\n<meta name=\"twitter:label1\" content=\"Escrito por\" \/>\n\t<meta name=\"twitter:data1\" content=\"Corresponsal\" \/>\n\t<meta name=\"twitter:label2\" content=\"Tiempo de lectura\" \/>\n\t<meta name=\"twitter:data2\" content=\"2 minutos\" \/>\n<script type=\"application\/ld+json\" class=\"yoast-schema-graph\">{\"@context\":\"https:\/\/schema.org\",\"@graph\":[{\"@type\":\"WebPage\",\"@id\":\"https:\/\/www.aridane.org\/city\/2025\/08\/28\/el-ayuntamiento-refuerza-la-seguridad-de-la-lajita-en-el-remo\/\",\"url\":\"https:\/\/www.aridane.org\/city\/2025\/08\/28\/el-ayuntamiento-refuerza-la-seguridad-de-la-lajita-en-el-remo\/\",\"name\":\"El Ayuntamiento refuerza la seguridad de La Lajita, en El Remo - Ayuntamiento de Los Llanos de Aridane\",\"isPartOf\":{\"@id\":\"https:\/\/www.aridane.org\/city\/#website\"},\"primaryImageOfPage\":{\"@id\":\"https:\/\/www.aridane.org\/city\/2025\/08\/28\/el-ayuntamiento-refuerza-la-seguridad-de-la-lajita-en-el-remo\/#primaryimage\"},\"image\":{\"@id\":\"https:\/\/www.aridane.org\/city\/2025\/08\/28\/el-ayuntamiento-refuerza-la-seguridad-de-la-lajita-en-el-remo\/#primaryimage\"},\"thumbnailUrl\":\"https:\/\/www.aridane.org\/city\/wp-content\/uploads\/2025\/08\/La-Lajita.jpeg\",\"datePublished\":\"2025-08-28T09:20:22+00:00\",\"dateModified\":\"2025-08-28T09:20:22+00:00\",\"author\":{\"@id\":\"https:\/\/www.aridane.org\/city\/#\/schema\/person\/89ebd376b223dc94cc1dbcf200c8e6da\"},\"breadcrumb\":{\"@id\":\"https:\/\/www.aridane.org\/city\/2025\/08\/28\/el-ayuntamiento-refuerza-la-seguridad-de-la-lajita-en-el-remo\/#breadcrumb\"},\"inLanguage\":\"es\",\"potentialAction\":[{\"@type\":\"ReadAction\",\"target\":[\"https:\/\/www.aridane.org\/city\/2025\/08\/28\/el-ayuntamiento-refuerza-la-seguridad-de-la-lajita-en-el-remo\/\"]}]},{\"@type\":\"ImageObject\",\"inLanguage\":\"es\",\"@id\":\"https:\/\/www.aridane.org\/city\/2025\/08\/28\/el-ayuntamiento-refuerza-la-seguridad-de-la-lajita-en-el-remo\/#primaryimage\",\"url\":\"https:\/\/www.aridane.org\/city\/wp-content\/uploads\/2025\/08\/La-Lajita.jpeg\",\"contentUrl\":\"https:\/\/www.aridane.org\/city\/wp-content\/uploads\/2025\/08\/La-Lajita.jpeg\",\"width\":1216,\"height\":739},{\"@type\":\"BreadcrumbList\",\"@id\":\"https:\/\/www.aridane.org\/city\/2025\/08\/28\/el-ayuntamiento-refuerza-la-seguridad-de-la-lajita-en-el-remo\/#breadcrumb\",\"itemListElement\":[{\"@type\":\"ListItem\",\"position\":1,\"name\":\"Portada\",\"item\":\"https:\/\/www.aridane.org\/city\/\"},{\"@type\":\"ListItem\",\"position\":2,\"name\":\"El Ayuntamiento refuerza la seguridad de La Lajita, en El Remo\"}]},{\"@type\":\"WebSite\",\"@id\":\"https:\/\/www.aridane.org\/city\/#website\",\"url\":\"https:\/\/www.aridane.org\/city\/\",\"name\":\"Ayuntamiento de Los Llanos de Aridane\",\"description\":\"\",\"potentialAction\":[{\"@type\":\"SearchAction\",\"target\":{\"@type\":\"EntryPoint\",\"urlTemplate\":\"https:\/\/www.aridane.org\/city\/?s={search_term_string}\"},\"query-input\":\"required name=search_term_string\"}],\"inLanguage\":\"es\"},{\"@type\":\"Person\",\"@id\":\"https:\/\/www.aridane.org\/city\/#\/schema\/person\/89ebd376b223dc94cc1dbcf200c8e6da\",\"name\":\"Corresponsal\",\"image\":{\"@type\":\"ImageObject\",\"inLanguage\":\"es\",\"@id\":\"https:\/\/www.aridane.org\/city\/#\/schema\/person\/image\/\",\"url\":\"https:\/\/secure.gravatar.com\/avatar\/1c476992411e4ccf153da63b2b2f5ea0bb4cb1c85f3ceab8512f04325ad5579c?s=96&d=mm&r=g\",\"contentUrl\":\"https:\/\/secure.gravatar.com\/avatar\/1c476992411e4ccf153da63b2b2f5ea0bb4cb1c85f3ceab8512f04325ad5579c?s=96&d=mm&r=g\",\"caption\":\"Corresponsal\"},\"url\":\"https:\/\/www.aridane.org\/city\/author\/corresponsal\/\"}]}<\/script>\n<!-- \/ Yoast SEO plugin. -->","yoast_head_json":{"title":"El Ayuntamiento refuerza la seguridad de La Lajita, en El Remo - Ayuntamiento de Los Llanos de Aridane","robots":{"index":"index","follow":"follow","max-snippet":"max-snippet:-1","max-image-preview":"max-image-preview:large","max-video-preview":"max-video-preview:-1"},"canonical":"https:\/\/www.aridane.org\/city\/2025\/08\/28\/el-ayuntamiento-refuerza-la-seguridad-de-la-lajita-en-el-remo\/","og_locale":"es_ES","og_type":"article","og_title":"El Ayuntamiento refuerza la seguridad de La Lajita, en El Remo - Ayuntamiento de Los Llanos de Aridane","og_description":"Se han colocado se\u00f1ales de advertencia en la zona de ba\u00f1o y un sistema de barras abatibles para mejorar la movilidad","og_url":"https:\/\/www.aridane.org\/city\/2025\/08\/28\/el-ayuntamiento-refuerza-la-seguridad-de-la-lajita-en-el-remo\/","og_site_name":"Ayuntamiento de Los Llanos de Aridane","article_published_time":"2025-08-28T09:20:22+00:00","og_image":[{"width":1216,"height":739,"url":"https:\/\/www.aridane.org\/city\/wp-content\/uploads\/2025\/08\/La-Lajita.jpeg","type":"image\/jpeg"}],"author":"Corresponsal","twitter_card":"summary_large_image","twitter_misc":{"Escrito por":"Corresponsal","Tiempo de lectura":"2 minutos"},"schema":{"@context":"https:\/\/schema.org","@graph":[{"@type":"WebPage","@id":"https:\/\/www.aridane.org\/city\/2025\/08\/28\/el-ayuntamiento-refuerza-la-seguridad-de-la-lajita-en-el-remo\/","url":"https:\/\/www.aridane.org\/city\/2025\/08\/28\/el-ayuntamiento-refuerza-la-seguridad-de-la-lajita-en-el-remo\/","name":"El Ayuntamiento refuerza la seguridad de La Lajita, en El Remo - Ayuntamiento de Los Llanos de Aridane","isPartOf":{"@id":"https:\/\/www.aridane.org\/city\/#website"},"primaryImageOfPage":{"@id":"https:\/\/www.aridane.org\/city\/2025\/08\/28\/el-ayuntamiento-refuerza-la-seguridad-de-la-lajita-en-el-remo\/#primaryimage"},"image":{"@id":"https:\/\/www.aridane.org\/city\/2025\/08\/28\/el-ayuntamiento-refuerza-la-seguridad-de-la-lajita-en-el-remo\/#primaryimage"},"thumbnailUrl":"https:\/\/www.aridane.org\/city\/wp-content\/uploads\/2025\/08\/La-Lajita.jpeg","datePublished":"2025-08-28T09:20:22+00:00","dateModified":"2025-08-28T09:20:22+00:00","author":{"@id":"https:\/\/www.aridane.org\/city\/#\/schema\/person\/89ebd376b223dc94cc1dbcf200c8e6da"},"breadcrumb":{"@id":"https:\/\/www.aridane.org\/city\/2025\/08\/28\/el-ayuntamiento-refuerza-la-seguridad-de-la-lajita-en-el-remo\/#breadcrumb"},"inLanguage":"es","potentialAction":[{"@type":"ReadAction","target":["https:\/\/www.aridane.org\/city\/2025\/08\/28\/el-ayuntamiento-refuerza-la-seguridad-de-la-lajita-en-el-remo\/"]}]},{"@type":"ImageObject","inLanguage":"es","@id":"https:\/\/www.aridane.org\/city\/2025\/08\/28\/el-ayuntamiento-refuerza-la-seguridad-de-la-lajita-en-el-remo\/#primaryimage","url":"https:\/\/www.aridane.org\/city\/wp-content\/uploads\/2025\/08\/La-Lajita.jpeg","contentUrl":"https:\/\/www.aridane.org\/city\/wp-content\/uploads\/2025\/08\/La-Lajita.jpeg","width":1216,"height":739},{"@type":"BreadcrumbList","@id":"https:\/\/www.aridane.org\/city\/2025\/08\/28\/el-ayuntamiento-refuerza-la-seguridad-de-la-lajita-en-el-remo\/#breadcrumb","itemListElement":[{"@type":"ListItem","position":1,"name":"Portada","item":"https:\/\/www.aridane.org\/city\/"},{"@type":"ListItem","position":2,"name":"El Ayuntamiento refuerza la seguridad de La Lajita, en El Remo"}]},{"@type":"WebSite","@id":"https:\/\/www.aridane.org\/city\/#website","url":"https:\/\/www.aridane.org\/city\/","name":"Ayuntamiento de Los Llanos de Aridane","description":"","potentialAction":[{"@type":"SearchAction","target":{"@type":"EntryPoint","urlTemplate":"https:\/\/www.aridane.org\/city\/?s={search_term_string}"},"query-input":"required name=search_term_string"}],"inLanguage":"es"},{"@type":"Person","@id":"https:\/\/www.aridane.org\/city\/#\/schema\/person\/89ebd376b223dc94cc1dbcf200c8e6da","name":"Corresponsal","image":{"@type":"ImageObject","inLanguage":"es","@id":"https:\/\/www.aridane.org\/city\/#\/schema\/person\/image\/","url":"https:\/\/secure.gravatar.com\/avatar\/1c476992411e4ccf153da63b2b2f5ea0bb4cb1c85f3ceab8512f04325ad5579c?s=96&d=mm&r=g","contentUrl":"https:\/\/secure.gravatar.com\/avatar\/1c476992411e4ccf153da63b2b2f5ea0bb4cb1c85f3ceab8512f04325ad5579c?s=96&d=mm&r=g","caption":"Corresponsal"},"url":"https:\/\/www.aridane.org\/city\/author\/corresponsal\/"}]}},"_links":{"self":[{"href":"https:\/\/www.aridane.org\/city\/wp-json\/wp\/v2\/posts\/4723","targetHints":{"allow":["GET"]}}],"collection":[{"href":"https:\/\/www.aridane.org\/city\/wp-json\/wp\/v2\/posts"}],"about":[{"href":"https:\/\/www.aridane.org\/city\/wp-json\/wp\/v2\/types\/post"}],"author":[{"embeddable":true,"href":"https:\/\/www.aridane.org\/city\/wp-json\/wp\/v2\/users\/4"}],"replies":[{"embeddable":true,"href":"https:\/\/www.aridane.org\/city\/wp-json\/wp\/v2\/comments?post=4723"}],"version-history":[{"count":1,"href":"https:\/\/www.aridane.org\/city\/wp-json\/wp\/v2\/posts\/4723\/revisions"}],"predecessor-version":[{"id":4725,"href":"https:\/\/www.aridane.org\/city\/wp-json\/wp\/v2\/posts\/4723\/revisions\/4725"}],"wp:featuredmedia":[{"embeddable":true,"href":"https:\/\/www.aridane.org\/city\/wp-json\/wp\/v2\/media\/4724"}],"wp:attachment":[{"href":"https:\/\/www.aridane.org\/city\/wp-json\/wp\/v2\/media?parent=4723"}],"wp:term":[{"taxonomy":"category","embeddable":true,"href":"https:\/\/www.aridane.org\/city\/wp-json\/wp\/v2\/categories?post=4723"},{"taxonomy":"post_tag","embeddable":true,"href":"https:\/\/www.aridane.org\/city\/wp-json\/wp\/v2\/tags?post=4723"}],"curies":[{"name":"wp","href":"https:\/\/api.w.org\/{rel}","templated":true}]}}