{"id":4729,"date":"2025-09-03T13:49:39","date_gmt":"2025-09-03T13:49:39","guid":{"rendered":"https:\/\/www.aridane.org\/city\/?p=4729"},"modified":"2025-09-19T13:50:09","modified_gmt":"2025-09-19T13:50:09","slug":"ivan-massague-inaugura-el-paseo-del-talento-en-puerto-naos","status":"publish","type":"post","link":"https:\/\/www.aridane.org\/city\/2025\/09\/03\/ivan-massague-inaugura-el-paseo-del-talento-en-puerto-naos\/","title":{"rendered":"Iv\u00e1n Massagu\u00e9 inaugura el Paseo del Talento en Puerto Naos"},"content":{"rendered":"<p><em>El acto se enmarca dentro de de la primera edici\u00f3n del Cortonaos Film Festival<\/em><!--more--><\/p>\n<p>El Ayuntamiento de Los Llanos de Aridane inaugur\u00f3 el pasado fin de semana el paseo del Talento en el barrio costero de Puerto Naos con un invitado de lujo, el reconocido actor espa\u00f1ol Iv\u00e1n Massagu\u00e9. Este emotivo acto, enmarcado dentro de la primera edici\u00f3n del Cortonaos Film Festival, reconoce la trayectoria de un referente en el cine espa\u00f1ol, con m\u00e1s de 25 a\u00f1os de carrera profesional.<\/p>\n<p>La concejala de Cultura, Marlene Gonz\u00e1lez, valora esta nueva iniciativa como \u201cuna oportunidad para homenajear a grandes personalidades de la cultura a nivel nacional e internacional en un espacio \u00fanico\u201d.<\/p>\n<p>En este sentido, Gonz\u00e1lez reconoci\u00f3 la labor de todo el personal implicado en el festival, afirmando que \u201cllega para quedarse como un evento referente en el calendario cultural de Los Llanos de Aridane y la isla de La Palma\u201d.<\/p>\n<p>Por su parte, la creadora y directora del festival, Beatriz G\u00f3mez, agradeci\u00f3 al Ayuntamiento su colaboraci\u00f3n y apoyo durante el transcurso del evento.\u00a0\u201cEsto no hubiera sido posible sin el apoyo incondicional del Ayuntamiento de Los Llanos de Aridane y su Concejal\u00eda de Cultura, encabezada por Marlene Gonz\u00e1lez a la cual le agradezco enormemente la oportunidad de poner este sello personal en mi municipio\u201d, a\u00f1adi\u00f3.<\/p>\n<p>Durante el acto, el actor Iv\u00e1n Massagu\u00e9 descubri\u00f3 una placa conmemorativa con su nombre y el caracter\u00edstico bucio canario, elemento principal del logo del festival. Esta primera estrella marca el inicio de este nuevo espacio en la avenida mar\u00edtima de Puerto Naos.<\/p>\n<p>Posteriormente, se celebr\u00f3 la gala de clausura con la reproducci\u00f3n de todos los cortometrajes participantes y la entrega de premios y agradecimientos a todas las entidades colaboradoras.<\/p>\n<p>Esta iniciativa ha sido impulsada por el Ayuntamiento de Los Llanos de Aridane, a trav\u00e9s de la Concejal\u00eda de Cultura, y la Consejer\u00eda de Cultura del Cabildo Insular de La Palma.<\/p>\n<p>Tambi\u00e9n cont\u00f3 con el apoyo de Sodepal, la Film Commission de La Palma y el Gobierno de Canarias a trav\u00e9s de Canary Islands Film, as\u00ed como otras \u00e1reas del Ayuntamiento de Los Llanos de Aridane y el Cabildo Insular, y dem\u00e1s empresas patrocinadoras y colaboradoras de la isla.<\/p>\n","protected":false},"excerpt":{"rendered":"<p>El acto se enmarca dentro de de la primera edici\u00f3n del Cortonaos Film Festival<\/p>\n","protected":false},"author":4,"featured_media":4730,"comment_status":"open","ping_status":"open","sticky":false,"template":"","format":"standard","meta":{"footnotes":""},"categories":[1],"tags":[],"class_list":["post-4729","post","type-post","status-publish","format-standard","has-post-thumbnail","hentry","category-sin-categoria"],"yoast_head":"<!-- This site is optimized with the Yoast SEO plugin v22.7 - https:\/\/yoast.com\/wordpress\/plugins\/seo\/ -->\n<title>Iv\u00e1n Massagu\u00e9 inaugura el Paseo del Talento en Puerto Naos - Ayuntamiento de Los Llanos de Aridane<\/title>\n<meta name=\"robots\" content=\"index, follow, max-snippet:-1, max-image-preview:large, max-video-preview:-1\" \/>\n<link rel=\"canonical\" href=\"https:\/\/www.aridane.org\/city\/2025\/09\/03\/ivan-massague-inaugura-el-paseo-del-talento-en-puerto-naos\/\" \/>\n<meta property=\"og:locale\" content=\"es_ES\" \/>\n<meta property=\"og:type\" content=\"article\" \/>\n<meta property=\"og:title\" content=\"Iv\u00e1n Massagu\u00e9 inaugura el Paseo del Talento en Puerto Naos - Ayuntamiento de Los Llanos de Aridane\" \/>\n<meta property=\"og:description\" content=\"El acto se enmarca dentro de de la primera edici\u00f3n del Cortonaos Film Festival\" \/>\n<meta property=\"og:url\" content=\"https:\/\/www.aridane.org\/city\/2025\/09\/03\/ivan-massague-inaugura-el-paseo-del-talento-en-puerto-naos\/\" \/>\n<meta property=\"og:site_name\" content=\"Ayuntamiento de Los Llanos de Aridane\" \/>\n<meta property=\"article:published_time\" content=\"2025-09-03T13:49:39+00:00\" \/>\n<meta property=\"article:modified_time\" content=\"2025-09-19T13:50:09+00:00\" \/>\n<meta property=\"og:image\" content=\"https:\/\/www.aridane.org\/city\/wp-content\/uploads\/2025\/09\/NP-paseo-del-talento-2-1.jpeg\" \/>\n\t<meta property=\"og:image:width\" content=\"929\" \/>\n\t<meta property=\"og:image:height\" content=\"853\" \/>\n\t<meta property=\"og:image:type\" content=\"image\/jpeg\" \/>\n<meta name=\"author\" content=\"Corresponsal\" \/>\n<meta name=\"twitter:card\" content=\"summary_large_image\" \/>\n<meta name=\"twitter:label1\" content=\"Escrito por\" \/>\n\t<meta name=\"twitter:data1\" content=\"Corresponsal\" \/>\n\t<meta name=\"twitter:label2\" content=\"Tiempo de lectura\" \/>\n\t<meta name=\"twitter:data2\" content=\"2 minutos\" \/>\n<script type=\"application\/ld+json\" class=\"yoast-schema-graph\">{\"@context\":\"https:\/\/schema.org\",\"@graph\":[{\"@type\":\"WebPage\",\"@id\":\"https:\/\/www.aridane.org\/city\/2025\/09\/03\/ivan-massague-inaugura-el-paseo-del-talento-en-puerto-naos\/\",\"url\":\"https:\/\/www.aridane.org\/city\/2025\/09\/03\/ivan-massague-inaugura-el-paseo-del-talento-en-puerto-naos\/\",\"name\":\"Iv\u00e1n Massagu\u00e9 inaugura el Paseo del Talento en Puerto Naos - Ayuntamiento de Los Llanos de Aridane\",\"isPartOf\":{\"@id\":\"https:\/\/www.aridane.org\/city\/#website\"},\"primaryImageOfPage\":{\"@id\":\"https:\/\/www.aridane.org\/city\/2025\/09\/03\/ivan-massague-inaugura-el-paseo-del-talento-en-puerto-naos\/#primaryimage\"},\"image\":{\"@id\":\"https:\/\/www.aridane.org\/city\/2025\/09\/03\/ivan-massague-inaugura-el-paseo-del-talento-en-puerto-naos\/#primaryimage\"},\"thumbnailUrl\":\"https:\/\/www.aridane.org\/city\/wp-content\/uploads\/2025\/09\/NP-paseo-del-talento-2-1.jpeg\",\"datePublished\":\"2025-09-03T13:49:39+00:00\",\"dateModified\":\"2025-09-19T13:50:09+00:00\",\"author\":{\"@id\":\"https:\/\/www.aridane.org\/city\/#\/schema\/person\/89ebd376b223dc94cc1dbcf200c8e6da\"},\"breadcrumb\":{\"@id\":\"https:\/\/www.aridane.org\/city\/2025\/09\/03\/ivan-massague-inaugura-el-paseo-del-talento-en-puerto-naos\/#breadcrumb\"},\"inLanguage\":\"es\",\"potentialAction\":[{\"@type\":\"ReadAction\",\"target\":[\"https:\/\/www.aridane.org\/city\/2025\/09\/03\/ivan-massague-inaugura-el-paseo-del-talento-en-puerto-naos\/\"]}]},{\"@type\":\"ImageObject\",\"inLanguage\":\"es\",\"@id\":\"https:\/\/www.aridane.org\/city\/2025\/09\/03\/ivan-massague-inaugura-el-paseo-del-talento-en-puerto-naos\/#primaryimage\",\"url\":\"https:\/\/www.aridane.org\/city\/wp-content\/uploads\/2025\/09\/NP-paseo-del-talento-2-1.jpeg\",\"contentUrl\":\"https:\/\/www.aridane.org\/city\/wp-content\/uploads\/2025\/09\/NP-paseo-del-talento-2-1.jpeg\",\"width\":929,\"height\":853},{\"@type\":\"BreadcrumbList\",\"@id\":\"https:\/\/www.aridane.org\/city\/2025\/09\/03\/ivan-massague-inaugura-el-paseo-del-talento-en-puerto-naos\/#breadcrumb\",\"itemListElement\":[{\"@type\":\"ListItem\",\"position\":1,\"name\":\"Portada\",\"item\":\"https:\/\/www.aridane.org\/city\/\"},{\"@type\":\"ListItem\",\"position\":2,\"name\":\"Iv\u00e1n Massagu\u00e9 inaugura el Paseo del Talento en Puerto Naos\"}]},{\"@type\":\"WebSite\",\"@id\":\"https:\/\/www.aridane.org\/city\/#website\",\"url\":\"https:\/\/www.aridane.org\/city\/\",\"name\":\"Ayuntamiento de Los Llanos de Aridane\",\"description\":\"\",\"potentialAction\":[{\"@type\":\"SearchAction\",\"target\":{\"@type\":\"EntryPoint\",\"urlTemplate\":\"https:\/\/www.aridane.org\/city\/?s={search_term_string}\"},\"query-input\":\"required name=search_term_string\"}],\"inLanguage\":\"es\"},{\"@type\":\"Person\",\"@id\":\"https:\/\/www.aridane.org\/city\/#\/schema\/person\/89ebd376b223dc94cc1dbcf200c8e6da\",\"name\":\"Corresponsal\",\"image\":{\"@type\":\"ImageObject\",\"inLanguage\":\"es\",\"@id\":\"https:\/\/www.aridane.org\/city\/#\/schema\/person\/image\/\",\"url\":\"https:\/\/secure.gravatar.com\/avatar\/1c476992411e4ccf153da63b2b2f5ea0bb4cb1c85f3ceab8512f04325ad5579c?s=96&d=mm&r=g\",\"contentUrl\":\"https:\/\/secure.gravatar.com\/avatar\/1c476992411e4ccf153da63b2b2f5ea0bb4cb1c85f3ceab8512f04325ad5579c?s=96&d=mm&r=g\",\"caption\":\"Corresponsal\"},\"url\":\"https:\/\/www.aridane.org\/city\/author\/corresponsal\/\"}]}<\/script>\n<!-- \/ Yoast SEO plugin. -->","yoast_head_json":{"title":"Iv\u00e1n Massagu\u00e9 inaugura el Paseo del Talento en Puerto Naos - Ayuntamiento de Los Llanos de Aridane","robots":{"index":"index","follow":"follow","max-snippet":"max-snippet:-1","max-image-preview":"max-image-preview:large","max-video-preview":"max-video-preview:-1"},"canonical":"https:\/\/www.aridane.org\/city\/2025\/09\/03\/ivan-massague-inaugura-el-paseo-del-talento-en-puerto-naos\/","og_locale":"es_ES","og_type":"article","og_title":"Iv\u00e1n Massagu\u00e9 inaugura el Paseo del Talento en Puerto Naos - Ayuntamiento de Los Llanos de Aridane","og_description":"El acto se enmarca dentro de de la primera edici\u00f3n del Cortonaos Film Festival","og_url":"https:\/\/www.aridane.org\/city\/2025\/09\/03\/ivan-massague-inaugura-el-paseo-del-talento-en-puerto-naos\/","og_site_name":"Ayuntamiento de Los Llanos de Aridane","article_published_time":"2025-09-03T13:49:39+00:00","article_modified_time":"2025-09-19T13:50:09+00:00","og_image":[{"width":929,"height":853,"url":"https:\/\/www.aridane.org\/city\/wp-content\/uploads\/2025\/09\/NP-paseo-del-talento-2-1.jpeg","type":"image\/jpeg"}],"author":"Corresponsal","twitter_card":"summary_large_image","twitter_misc":{"Escrito por":"Corresponsal","Tiempo de lectura":"2 minutos"},"schema":{"@context":"https:\/\/schema.org","@graph":[{"@type":"WebPage","@id":"https:\/\/www.aridane.org\/city\/2025\/09\/03\/ivan-massague-inaugura-el-paseo-del-talento-en-puerto-naos\/","url":"https:\/\/www.aridane.org\/city\/2025\/09\/03\/ivan-massague-inaugura-el-paseo-del-talento-en-puerto-naos\/","name":"Iv\u00e1n Massagu\u00e9 inaugura el Paseo del Talento en Puerto Naos - Ayuntamiento de Los Llanos de Aridane","isPartOf":{"@id":"https:\/\/www.aridane.org\/city\/#website"},"primaryImageOfPage":{"@id":"https:\/\/www.aridane.org\/city\/2025\/09\/03\/ivan-massague-inaugura-el-paseo-del-talento-en-puerto-naos\/#primaryimage"},"image":{"@id":"https:\/\/www.aridane.org\/city\/2025\/09\/03\/ivan-massague-inaugura-el-paseo-del-talento-en-puerto-naos\/#primaryimage"},"thumbnailUrl":"https:\/\/www.aridane.org\/city\/wp-content\/uploads\/2025\/09\/NP-paseo-del-talento-2-1.jpeg","datePublished":"2025-09-03T13:49:39+00:00","dateModified":"2025-09-19T13:50:09+00:00","author":{"@id":"https:\/\/www.aridane.org\/city\/#\/schema\/person\/89ebd376b223dc94cc1dbcf200c8e6da"},"breadcrumb":{"@id":"https:\/\/www.aridane.org\/city\/2025\/09\/03\/ivan-massague-inaugura-el-paseo-del-talento-en-puerto-naos\/#breadcrumb"},"inLanguage":"es","potentialAction":[{"@type":"ReadAction","target":["https:\/\/www.aridane.org\/city\/2025\/09\/03\/ivan-massague-inaugura-el-paseo-del-talento-en-puerto-naos\/"]}]},{"@type":"ImageObject","inLanguage":"es","@id":"https:\/\/www.aridane.org\/city\/2025\/09\/03\/ivan-massague-inaugura-el-paseo-del-talento-en-puerto-naos\/#primaryimage","url":"https:\/\/www.aridane.org\/city\/wp-content\/uploads\/2025\/09\/NP-paseo-del-talento-2-1.jpeg","contentUrl":"https:\/\/www.aridane.org\/city\/wp-content\/uploads\/2025\/09\/NP-paseo-del-talento-2-1.jpeg","width":929,"height":853},{"@type":"BreadcrumbList","@id":"https:\/\/www.aridane.org\/city\/2025\/09\/03\/ivan-massague-inaugura-el-paseo-del-talento-en-puerto-naos\/#breadcrumb","itemListElement":[{"@type":"ListItem","position":1,"name":"Portada","item":"https:\/\/www.aridane.org\/city\/"},{"@type":"ListItem","position":2,"name":"Iv\u00e1n Massagu\u00e9 inaugura el Paseo del Talento en Puerto Naos"}]},{"@type":"WebSite","@id":"https:\/\/www.aridane.org\/city\/#website","url":"https:\/\/www.aridane.org\/city\/","name":"Ayuntamiento de Los Llanos de Aridane","description":"","potentialAction":[{"@type":"SearchAction","target":{"@type":"EntryPoint","urlTemplate":"https:\/\/www.aridane.org\/city\/?s={search_term_string}"},"query-input":"required name=search_term_string"}],"inLanguage":"es"},{"@type":"Person","@id":"https:\/\/www.aridane.org\/city\/#\/schema\/person\/89ebd376b223dc94cc1dbcf200c8e6da","name":"Corresponsal","image":{"@type":"ImageObject","inLanguage":"es","@id":"https:\/\/www.aridane.org\/city\/#\/schema\/person\/image\/","url":"https:\/\/secure.gravatar.com\/avatar\/1c476992411e4ccf153da63b2b2f5ea0bb4cb1c85f3ceab8512f04325ad5579c?s=96&d=mm&r=g","contentUrl":"https:\/\/secure.gravatar.com\/avatar\/1c476992411e4ccf153da63b2b2f5ea0bb4cb1c85f3ceab8512f04325ad5579c?s=96&d=mm&r=g","caption":"Corresponsal"},"url":"https:\/\/www.aridane.org\/city\/author\/corresponsal\/"}]}},"_links":{"self":[{"href":"https:\/\/www.aridane.org\/city\/wp-json\/wp\/v2\/posts\/4729","targetHints":{"allow":["GET"]}}],"collection":[{"href":"https:\/\/www.aridane.org\/city\/wp-json\/wp\/v2\/posts"}],"about":[{"href":"https:\/\/www.aridane.org\/city\/wp-json\/wp\/v2\/types\/post"}],"author":[{"embeddable":true,"href":"https:\/\/www.aridane.org\/city\/wp-json\/wp\/v2\/users\/4"}],"replies":[{"embeddable":true,"href":"https:\/\/www.aridane.org\/city\/wp-json\/wp\/v2\/comments?post=4729"}],"version-history":[{"count":1,"href":"https:\/\/www.aridane.org\/city\/wp-json\/wp\/v2\/posts\/4729\/revisions"}],"predecessor-version":[{"id":4731,"href":"https:\/\/www.aridane.org\/city\/wp-json\/wp\/v2\/posts\/4729\/revisions\/4731"}],"wp:featuredmedia":[{"embeddable":true,"href":"https:\/\/www.aridane.org\/city\/wp-json\/wp\/v2\/media\/4730"}],"wp:attachment":[{"href":"https:\/\/www.aridane.org\/city\/wp-json\/wp\/v2\/media?parent=4729"}],"wp:term":[{"taxonomy":"category","embeddable":true,"href":"https:\/\/www.aridane.org\/city\/wp-json\/wp\/v2\/categories?post=4729"},{"taxonomy":"post_tag","embeddable":true,"href":"https:\/\/www.aridane.org\/city\/wp-json\/wp\/v2\/tags?post=4729"}],"curies":[{"name":"wp","href":"https:\/\/api.w.org\/{rel}","templated":true}]}}