{"id":4732,"date":"2025-09-03T13:51:54","date_gmt":"2025-09-03T13:51:54","guid":{"rendered":"https:\/\/www.aridane.org\/city\/?p=4732"},"modified":"2025-09-19T13:52:07","modified_gmt":"2025-09-19T13:52:07","slug":"los-llanos-de-aridane-inicia-la-fase-de-saneamiento-de-sus-laureles-de-indias","status":"publish","type":"post","link":"https:\/\/www.aridane.org\/city\/2025\/09\/03\/los-llanos-de-aridane-inicia-la-fase-de-saneamiento-de-sus-laureles-de-indias\/","title":{"rendered":"Los Llanos de Aridane inicia la fase de saneamiento de sus laureles de Indias"},"content":{"rendered":"<p><em>El tratamiento se ha realizado con el objetivo de alargar la vida de estos ejemplares<\/em><!--more--><\/p>\n<p>El Ayuntamiento de Los Llanos de Aridane comenz\u00f3 el pasado domingo, 31 de agosto, la fase de saneamiento, limpieza y aclarado de los laureles de Indias. Estos ejemplares, remitidos desde Cuba y sembrados en 1863, forman parte del entorno de la Plaza de Espa\u00f1a y Acera Ancha del municipio.<\/p>\n<p>El concejal de Jardines y Parques, Carlos de Paz, afirma que \u201cel compromiso del Ayuntamiento no reside \u00fanicamente en mantener los espacios naturales en las mejores condiciones, sino en su af\u00e1n de tener un municipio sostenible y respetuoso con el medioambiente\u201d.<\/p>\n<p>La intervenci\u00f3n llevada a cabo por los especialistas en arboricultura, Carlos Zarza y Mar\u00e1n L\u00e1zaro, actuar\u00e1 en esta primera fase sobre 19 de los \u00e1rboles plantados, siguiendo el protocolo t\u00e9cnico de poda elaborado por el especialista en gesti\u00f3n del arbolado urbano, Luis Hiernaux, de la empresa INFFE.<\/p>\n<p>El objetivo del Consistorio es proteger el conjunto natural del municipio y, en concreto, los laureles de Los Llanos de Aridane que son un s\u00edmbolo del mismo que a lo largo de su historia han servido de inspiraci\u00f3n a fot\u00f3grafos, pintores y escritores en sus obras, como el caso del poeta y escritor Pedro Garc\u00eda Cabrera, quien describi\u00f3 los laureles como \u201cun tapiz de esmeralda\u201d.<\/p>\n<p>Esta acci\u00f3n se enmarca dentro de los trabajos que realiza el Ayuntamiento a trav\u00e9s del \u00e1rea de Jardines y Parques para mantener y conservar los espacios verdes, as\u00ed como para contribuir a la calidad de vida de residentes y visitantes.<\/p>\n","protected":false},"excerpt":{"rendered":"<p>El tratamiento se ha realizado con el objetivo de alargar la vida de estos ejemplares<\/p>\n","protected":false},"author":4,"featured_media":4733,"comment_status":"open","ping_status":"open","sticky":false,"template":"","format":"standard","meta":{"footnotes":""},"categories":[1],"tags":[],"class_list":["post-4732","post","type-post","status-publish","format-standard","has-post-thumbnail","hentry","category-sin-categoria"],"yoast_head":"<!-- This site is optimized with the Yoast SEO plugin v22.7 - https:\/\/yoast.com\/wordpress\/plugins\/seo\/ -->\n<title>Los Llanos de Aridane inicia la fase de saneamiento de sus laureles de Indias - Ayuntamiento de Los Llanos de Aridane<\/title>\n<meta name=\"robots\" content=\"index, follow, max-snippet:-1, max-image-preview:large, max-video-preview:-1\" \/>\n<link rel=\"canonical\" href=\"https:\/\/www.aridane.org\/city\/2025\/09\/03\/los-llanos-de-aridane-inicia-la-fase-de-saneamiento-de-sus-laureles-de-indias\/\" \/>\n<meta property=\"og:locale\" content=\"es_ES\" \/>\n<meta property=\"og:type\" content=\"article\" \/>\n<meta property=\"og:title\" content=\"Los Llanos de Aridane inicia la fase de saneamiento de sus laureles de Indias - Ayuntamiento de Los Llanos de Aridane\" \/>\n<meta property=\"og:description\" content=\"El tratamiento se ha realizado con el objetivo de alargar la vida de estos ejemplares\" \/>\n<meta property=\"og:url\" content=\"https:\/\/www.aridane.org\/city\/2025\/09\/03\/los-llanos-de-aridane-inicia-la-fase-de-saneamiento-de-sus-laureles-de-indias\/\" \/>\n<meta property=\"og:site_name\" content=\"Ayuntamiento de Los Llanos de Aridane\" \/>\n<meta property=\"article:published_time\" content=\"2025-09-03T13:51:54+00:00\" \/>\n<meta property=\"article:modified_time\" content=\"2025-09-19T13:52:07+00:00\" \/>\n<meta property=\"og:image\" content=\"https:\/\/www.aridane.org\/city\/wp-content\/uploads\/2025\/09\/NP-mantenimiento-laureles-1-scaled.jpeg\" \/>\n\t<meta property=\"og:image:width\" content=\"2560\" \/>\n\t<meta property=\"og:image:height\" content=\"1920\" \/>\n\t<meta property=\"og:image:type\" content=\"image\/jpeg\" \/>\n<meta name=\"author\" content=\"Corresponsal\" \/>\n<meta name=\"twitter:card\" content=\"summary_large_image\" \/>\n<meta name=\"twitter:label1\" content=\"Escrito por\" \/>\n\t<meta name=\"twitter:data1\" content=\"Corresponsal\" \/>\n\t<meta name=\"twitter:label2\" content=\"Tiempo de lectura\" \/>\n\t<meta name=\"twitter:data2\" content=\"2 minutos\" \/>\n<script type=\"application\/ld+json\" class=\"yoast-schema-graph\">{\"@context\":\"https:\/\/schema.org\",\"@graph\":[{\"@type\":\"WebPage\",\"@id\":\"https:\/\/www.aridane.org\/city\/2025\/09\/03\/los-llanos-de-aridane-inicia-la-fase-de-saneamiento-de-sus-laureles-de-indias\/\",\"url\":\"https:\/\/www.aridane.org\/city\/2025\/09\/03\/los-llanos-de-aridane-inicia-la-fase-de-saneamiento-de-sus-laureles-de-indias\/\",\"name\":\"Los Llanos de Aridane inicia la fase de saneamiento de sus laureles de Indias - Ayuntamiento de Los Llanos de Aridane\",\"isPartOf\":{\"@id\":\"https:\/\/www.aridane.org\/city\/#website\"},\"primaryImageOfPage\":{\"@id\":\"https:\/\/www.aridane.org\/city\/2025\/09\/03\/los-llanos-de-aridane-inicia-la-fase-de-saneamiento-de-sus-laureles-de-indias\/#primaryimage\"},\"image\":{\"@id\":\"https:\/\/www.aridane.org\/city\/2025\/09\/03\/los-llanos-de-aridane-inicia-la-fase-de-saneamiento-de-sus-laureles-de-indias\/#primaryimage\"},\"thumbnailUrl\":\"https:\/\/www.aridane.org\/city\/wp-content\/uploads\/2025\/09\/NP-mantenimiento-laureles-1-scaled.jpeg\",\"datePublished\":\"2025-09-03T13:51:54+00:00\",\"dateModified\":\"2025-09-19T13:52:07+00:00\",\"author\":{\"@id\":\"https:\/\/www.aridane.org\/city\/#\/schema\/person\/89ebd376b223dc94cc1dbcf200c8e6da\"},\"breadcrumb\":{\"@id\":\"https:\/\/www.aridane.org\/city\/2025\/09\/03\/los-llanos-de-aridane-inicia-la-fase-de-saneamiento-de-sus-laureles-de-indias\/#breadcrumb\"},\"inLanguage\":\"es\",\"potentialAction\":[{\"@type\":\"ReadAction\",\"target\":[\"https:\/\/www.aridane.org\/city\/2025\/09\/03\/los-llanos-de-aridane-inicia-la-fase-de-saneamiento-de-sus-laureles-de-indias\/\"]}]},{\"@type\":\"ImageObject\",\"inLanguage\":\"es\",\"@id\":\"https:\/\/www.aridane.org\/city\/2025\/09\/03\/los-llanos-de-aridane-inicia-la-fase-de-saneamiento-de-sus-laureles-de-indias\/#primaryimage\",\"url\":\"https:\/\/www.aridane.org\/city\/wp-content\/uploads\/2025\/09\/NP-mantenimiento-laureles-1-scaled.jpeg\",\"contentUrl\":\"https:\/\/www.aridane.org\/city\/wp-content\/uploads\/2025\/09\/NP-mantenimiento-laureles-1-scaled.jpeg\",\"width\":2560,\"height\":1920},{\"@type\":\"BreadcrumbList\",\"@id\":\"https:\/\/www.aridane.org\/city\/2025\/09\/03\/los-llanos-de-aridane-inicia-la-fase-de-saneamiento-de-sus-laureles-de-indias\/#breadcrumb\",\"itemListElement\":[{\"@type\":\"ListItem\",\"position\":1,\"name\":\"Portada\",\"item\":\"https:\/\/www.aridane.org\/city\/\"},{\"@type\":\"ListItem\",\"position\":2,\"name\":\"Los Llanos de Aridane inicia la fase de saneamiento de sus laureles de Indias\"}]},{\"@type\":\"WebSite\",\"@id\":\"https:\/\/www.aridane.org\/city\/#website\",\"url\":\"https:\/\/www.aridane.org\/city\/\",\"name\":\"Ayuntamiento de Los Llanos de Aridane\",\"description\":\"\",\"potentialAction\":[{\"@type\":\"SearchAction\",\"target\":{\"@type\":\"EntryPoint\",\"urlTemplate\":\"https:\/\/www.aridane.org\/city\/?s={search_term_string}\"},\"query-input\":\"required name=search_term_string\"}],\"inLanguage\":\"es\"},{\"@type\":\"Person\",\"@id\":\"https:\/\/www.aridane.org\/city\/#\/schema\/person\/89ebd376b223dc94cc1dbcf200c8e6da\",\"name\":\"Corresponsal\",\"image\":{\"@type\":\"ImageObject\",\"inLanguage\":\"es\",\"@id\":\"https:\/\/www.aridane.org\/city\/#\/schema\/person\/image\/\",\"url\":\"https:\/\/secure.gravatar.com\/avatar\/1c476992411e4ccf153da63b2b2f5ea0bb4cb1c85f3ceab8512f04325ad5579c?s=96&d=mm&r=g\",\"contentUrl\":\"https:\/\/secure.gravatar.com\/avatar\/1c476992411e4ccf153da63b2b2f5ea0bb4cb1c85f3ceab8512f04325ad5579c?s=96&d=mm&r=g\",\"caption\":\"Corresponsal\"},\"url\":\"https:\/\/www.aridane.org\/city\/author\/corresponsal\/\"}]}<\/script>\n<!-- \/ Yoast SEO plugin. -->","yoast_head_json":{"title":"Los Llanos de Aridane inicia la fase de saneamiento de sus laureles de Indias - Ayuntamiento de Los Llanos de Aridane","robots":{"index":"index","follow":"follow","max-snippet":"max-snippet:-1","max-image-preview":"max-image-preview:large","max-video-preview":"max-video-preview:-1"},"canonical":"https:\/\/www.aridane.org\/city\/2025\/09\/03\/los-llanos-de-aridane-inicia-la-fase-de-saneamiento-de-sus-laureles-de-indias\/","og_locale":"es_ES","og_type":"article","og_title":"Los Llanos de Aridane inicia la fase de saneamiento de sus laureles de Indias - Ayuntamiento de Los Llanos de Aridane","og_description":"El tratamiento se ha realizado con el objetivo de alargar la vida de estos ejemplares","og_url":"https:\/\/www.aridane.org\/city\/2025\/09\/03\/los-llanos-de-aridane-inicia-la-fase-de-saneamiento-de-sus-laureles-de-indias\/","og_site_name":"Ayuntamiento de Los Llanos de Aridane","article_published_time":"2025-09-03T13:51:54+00:00","article_modified_time":"2025-09-19T13:52:07+00:00","og_image":[{"width":2560,"height":1920,"url":"https:\/\/www.aridane.org\/city\/wp-content\/uploads\/2025\/09\/NP-mantenimiento-laureles-1-scaled.jpeg","type":"image\/jpeg"}],"author":"Corresponsal","twitter_card":"summary_large_image","twitter_misc":{"Escrito por":"Corresponsal","Tiempo de lectura":"2 minutos"},"schema":{"@context":"https:\/\/schema.org","@graph":[{"@type":"WebPage","@id":"https:\/\/www.aridane.org\/city\/2025\/09\/03\/los-llanos-de-aridane-inicia-la-fase-de-saneamiento-de-sus-laureles-de-indias\/","url":"https:\/\/www.aridane.org\/city\/2025\/09\/03\/los-llanos-de-aridane-inicia-la-fase-de-saneamiento-de-sus-laureles-de-indias\/","name":"Los Llanos de Aridane inicia la fase de saneamiento de sus laureles de Indias - Ayuntamiento de Los Llanos de Aridane","isPartOf":{"@id":"https:\/\/www.aridane.org\/city\/#website"},"primaryImageOfPage":{"@id":"https:\/\/www.aridane.org\/city\/2025\/09\/03\/los-llanos-de-aridane-inicia-la-fase-de-saneamiento-de-sus-laureles-de-indias\/#primaryimage"},"image":{"@id":"https:\/\/www.aridane.org\/city\/2025\/09\/03\/los-llanos-de-aridane-inicia-la-fase-de-saneamiento-de-sus-laureles-de-indias\/#primaryimage"},"thumbnailUrl":"https:\/\/www.aridane.org\/city\/wp-content\/uploads\/2025\/09\/NP-mantenimiento-laureles-1-scaled.jpeg","datePublished":"2025-09-03T13:51:54+00:00","dateModified":"2025-09-19T13:52:07+00:00","author":{"@id":"https:\/\/www.aridane.org\/city\/#\/schema\/person\/89ebd376b223dc94cc1dbcf200c8e6da"},"breadcrumb":{"@id":"https:\/\/www.aridane.org\/city\/2025\/09\/03\/los-llanos-de-aridane-inicia-la-fase-de-saneamiento-de-sus-laureles-de-indias\/#breadcrumb"},"inLanguage":"es","potentialAction":[{"@type":"ReadAction","target":["https:\/\/www.aridane.org\/city\/2025\/09\/03\/los-llanos-de-aridane-inicia-la-fase-de-saneamiento-de-sus-laureles-de-indias\/"]}]},{"@type":"ImageObject","inLanguage":"es","@id":"https:\/\/www.aridane.org\/city\/2025\/09\/03\/los-llanos-de-aridane-inicia-la-fase-de-saneamiento-de-sus-laureles-de-indias\/#primaryimage","url":"https:\/\/www.aridane.org\/city\/wp-content\/uploads\/2025\/09\/NP-mantenimiento-laureles-1-scaled.jpeg","contentUrl":"https:\/\/www.aridane.org\/city\/wp-content\/uploads\/2025\/09\/NP-mantenimiento-laureles-1-scaled.jpeg","width":2560,"height":1920},{"@type":"BreadcrumbList","@id":"https:\/\/www.aridane.org\/city\/2025\/09\/03\/los-llanos-de-aridane-inicia-la-fase-de-saneamiento-de-sus-laureles-de-indias\/#breadcrumb","itemListElement":[{"@type":"ListItem","position":1,"name":"Portada","item":"https:\/\/www.aridane.org\/city\/"},{"@type":"ListItem","position":2,"name":"Los Llanos de Aridane inicia la fase de saneamiento de sus laureles de Indias"}]},{"@type":"WebSite","@id":"https:\/\/www.aridane.org\/city\/#website","url":"https:\/\/www.aridane.org\/city\/","name":"Ayuntamiento de Los Llanos de Aridane","description":"","potentialAction":[{"@type":"SearchAction","target":{"@type":"EntryPoint","urlTemplate":"https:\/\/www.aridane.org\/city\/?s={search_term_string}"},"query-input":"required name=search_term_string"}],"inLanguage":"es"},{"@type":"Person","@id":"https:\/\/www.aridane.org\/city\/#\/schema\/person\/89ebd376b223dc94cc1dbcf200c8e6da","name":"Corresponsal","image":{"@type":"ImageObject","inLanguage":"es","@id":"https:\/\/www.aridane.org\/city\/#\/schema\/person\/image\/","url":"https:\/\/secure.gravatar.com\/avatar\/1c476992411e4ccf153da63b2b2f5ea0bb4cb1c85f3ceab8512f04325ad5579c?s=96&d=mm&r=g","contentUrl":"https:\/\/secure.gravatar.com\/avatar\/1c476992411e4ccf153da63b2b2f5ea0bb4cb1c85f3ceab8512f04325ad5579c?s=96&d=mm&r=g","caption":"Corresponsal"},"url":"https:\/\/www.aridane.org\/city\/author\/corresponsal\/"}]}},"_links":{"self":[{"href":"https:\/\/www.aridane.org\/city\/wp-json\/wp\/v2\/posts\/4732","targetHints":{"allow":["GET"]}}],"collection":[{"href":"https:\/\/www.aridane.org\/city\/wp-json\/wp\/v2\/posts"}],"about":[{"href":"https:\/\/www.aridane.org\/city\/wp-json\/wp\/v2\/types\/post"}],"author":[{"embeddable":true,"href":"https:\/\/www.aridane.org\/city\/wp-json\/wp\/v2\/users\/4"}],"replies":[{"embeddable":true,"href":"https:\/\/www.aridane.org\/city\/wp-json\/wp\/v2\/comments?post=4732"}],"version-history":[{"count":1,"href":"https:\/\/www.aridane.org\/city\/wp-json\/wp\/v2\/posts\/4732\/revisions"}],"predecessor-version":[{"id":4734,"href":"https:\/\/www.aridane.org\/city\/wp-json\/wp\/v2\/posts\/4732\/revisions\/4734"}],"wp:featuredmedia":[{"embeddable":true,"href":"https:\/\/www.aridane.org\/city\/wp-json\/wp\/v2\/media\/4733"}],"wp:attachment":[{"href":"https:\/\/www.aridane.org\/city\/wp-json\/wp\/v2\/media?parent=4732"}],"wp:term":[{"taxonomy":"category","embeddable":true,"href":"https:\/\/www.aridane.org\/city\/wp-json\/wp\/v2\/categories?post=4732"},{"taxonomy":"post_tag","embeddable":true,"href":"https:\/\/www.aridane.org\/city\/wp-json\/wp\/v2\/tags?post=4732"}],"curies":[{"name":"wp","href":"https:\/\/api.w.org\/{rel}","templated":true}]}}