{"id":4735,"date":"2025-09-04T13:53:57","date_gmt":"2025-09-04T13:53:57","guid":{"rendered":"https:\/\/www.aridane.org\/city\/?p=4735"},"modified":"2025-09-19T13:54:30","modified_gmt":"2025-09-19T13:54:30","slug":"los-llanos-de-aridane-reconoce-la-trayectoria-del-director-alfred-hitchcock-con-un-ciclo-de-cine","status":"publish","type":"post","link":"https:\/\/www.aridane.org\/city\/2025\/09\/04\/los-llanos-de-aridane-reconoce-la-trayectoria-del-director-alfred-hitchcock-con-un-ciclo-de-cine\/","title":{"rendered":"Los Llanos de Aridane reconoce la trayectoria del director Alfred Hitchcock con un ciclo de cine"},"content":{"rendered":"<p><em>Bajo el nombre de \u2018Alfred Hitchcock en 5 d\u00e9cadas\u2019 este evento tendr\u00e1 lugar en la Casa de la Cultura del 4 al 6 de septiembre<\/em><!--more--><\/p>\n<p>El Ayuntamiento de Los Llanos de Aridane, a trav\u00e9s de la Concejal\u00eda de Cultura, reconoce la trayectoria del reconocido cineasta Alfred Hitchcock, cuando se cumplen 45 a\u00f1os de su muerte. Organizado por Adri\u00e1n Gonz\u00e1lez Vi\u00f1a y bajo el nombre de \u2018Alfred Hitchcock en 5 d\u00e9cadas\u2019, el ciclo de cine tendr\u00e1 lugar en el sal\u00f3n de actos de la Casa de la Cultura, del 4 al 6 de septiembre, proyectando algunas de las mejores cintas de la carrera del director.<\/p>\n<p>La concejala de Cultura, Marlene Gonz\u00e1lez, valora esta iniciativa como \u201cuna alternativa de ocio y entretenimiento de gran valor cultural, que se realiza con el objetivo de brindar a la ciudadan\u00eda una oferta atractiva para pasar su tiempo libre\u201d<\/p>\n<p>En este sentido, Gonz\u00e1lez invita a toda la ciudadan\u00eda a disfrutar de una velada con el cine cl\u00e1sico como protagonista. \u201cUna experiencia para todos los p\u00fablicos, en el que podremos disfrutar de algunas de las mejores obras del maestro del suspense\u201d, a\u00f1ade.<\/p>\n<p>El evento se divide en tres sesiones, siendo la primera este jueves, 4 de septiembre, con la presentaci\u00f3n del ciclo de cine y seguidamente, la proyecci\u00f3n de la primera de las pel\u00edculas, \u2018Alarma en el expreso\u2019 (1938), a las 18:00 horas. A continuaci\u00f3n, en torno a las 20:00 horas, ser\u00e1 el turno para la proyecci\u00f3n de \u2018La Soga\u2019 (1948).<\/p>\n<p>El ciclo regresar\u00e1 el viernes, 5 de septiembre, con dos nuevas pel\u00edculas, siendo la primera a las 18:00 horas, \u2018V\u00e9rtigo\u2019 (1958), y \u2018Psicosis\u2019 (1960), uno de los metrajes con mayor reconocimiento de la historia de la industria, a las 20:00 horas.<\/p>\n<p>Por \u00faltimo, el s\u00e1bado, 6 de septiembre, el ciclo de cine finalizar\u00e1 con la proyecci\u00f3n de \u2018Frenes\u00ed\u2019 (1972), a las 18:00 horas, para posteriormente iniciar un coloquio en el\u00a0que se tratar\u00e1n las 5 cintas proyectadas durante el evento y un repaso por la carrera de Alfred Hitchcock. Finalmente, se despedir\u00e1 la velada con el documental \u2018Hitchcock\/Traffault\u2019 (2015), en el que varios directores de la generaci\u00f3n actual analizan la trayectoria de este genio de la industria cinematogr\u00e1fica.<\/p>\n","protected":false},"excerpt":{"rendered":"<p>Bajo el nombre de \u2018Alfred Hitchcock en 5 d\u00e9cadas\u2019 este evento tendr\u00e1 lugar en la Casa de la Cultura del 4 al 6 de septiembre<\/p>\n","protected":false},"author":4,"featured_media":4736,"comment_status":"open","ping_status":"open","sticky":false,"template":"","format":"standard","meta":{"footnotes":""},"categories":[1],"tags":[],"class_list":["post-4735","post","type-post","status-publish","format-standard","has-post-thumbnail","hentry","category-sin-categoria"],"yoast_head":"<!-- This site is optimized with the Yoast SEO plugin v22.7 - https:\/\/yoast.com\/wordpress\/plugins\/seo\/ -->\n<title>Los Llanos de Aridane reconoce la trayectoria del director Alfred Hitchcock con un ciclo de cine - Ayuntamiento de Los Llanos de Aridane<\/title>\n<meta name=\"robots\" content=\"index, follow, max-snippet:-1, max-image-preview:large, max-video-preview:-1\" \/>\n<link rel=\"canonical\" href=\"https:\/\/www.aridane.org\/city\/2025\/09\/04\/los-llanos-de-aridane-reconoce-la-trayectoria-del-director-alfred-hitchcock-con-un-ciclo-de-cine\/\" \/>\n<meta property=\"og:locale\" content=\"es_ES\" \/>\n<meta property=\"og:type\" content=\"article\" \/>\n<meta property=\"og:title\" content=\"Los Llanos de Aridane reconoce la trayectoria del director Alfred Hitchcock con un ciclo de cine - Ayuntamiento de Los Llanos de Aridane\" \/>\n<meta property=\"og:description\" content=\"Bajo el nombre de \u2018Alfred Hitchcock en 5 d\u00e9cadas\u2019 este evento tendr\u00e1 lugar en la Casa de la Cultura del 4 al 6 de septiembre\" \/>\n<meta property=\"og:url\" content=\"https:\/\/www.aridane.org\/city\/2025\/09\/04\/los-llanos-de-aridane-reconoce-la-trayectoria-del-director-alfred-hitchcock-con-un-ciclo-de-cine\/\" \/>\n<meta property=\"og:site_name\" content=\"Ayuntamiento de Los Llanos de Aridane\" \/>\n<meta property=\"article:published_time\" content=\"2025-09-04T13:53:57+00:00\" \/>\n<meta property=\"article:modified_time\" content=\"2025-09-19T13:54:30+00:00\" \/>\n<meta property=\"og:image\" content=\"https:\/\/www.aridane.org\/city\/wp-content\/uploads\/2025\/09\/NP-Ciclo-de-cine-Hitchcock-scaled.jpeg\" \/>\n\t<meta property=\"og:image:width\" content=\"2560\" \/>\n\t<meta property=\"og:image:height\" content=\"1920\" \/>\n\t<meta property=\"og:image:type\" content=\"image\/jpeg\" \/>\n<meta name=\"author\" content=\"Corresponsal\" \/>\n<meta name=\"twitter:card\" content=\"summary_large_image\" \/>\n<meta name=\"twitter:label1\" content=\"Escrito por\" \/>\n\t<meta name=\"twitter:data1\" content=\"Corresponsal\" \/>\n\t<meta name=\"twitter:label2\" content=\"Tiempo de lectura\" \/>\n\t<meta name=\"twitter:data2\" content=\"2 minutos\" \/>\n<script type=\"application\/ld+json\" class=\"yoast-schema-graph\">{\"@context\":\"https:\/\/schema.org\",\"@graph\":[{\"@type\":\"WebPage\",\"@id\":\"https:\/\/www.aridane.org\/city\/2025\/09\/04\/los-llanos-de-aridane-reconoce-la-trayectoria-del-director-alfred-hitchcock-con-un-ciclo-de-cine\/\",\"url\":\"https:\/\/www.aridane.org\/city\/2025\/09\/04\/los-llanos-de-aridane-reconoce-la-trayectoria-del-director-alfred-hitchcock-con-un-ciclo-de-cine\/\",\"name\":\"Los Llanos de Aridane reconoce la trayectoria del director Alfred Hitchcock con un ciclo de cine - Ayuntamiento de Los Llanos de Aridane\",\"isPartOf\":{\"@id\":\"https:\/\/www.aridane.org\/city\/#website\"},\"primaryImageOfPage\":{\"@id\":\"https:\/\/www.aridane.org\/city\/2025\/09\/04\/los-llanos-de-aridane-reconoce-la-trayectoria-del-director-alfred-hitchcock-con-un-ciclo-de-cine\/#primaryimage\"},\"image\":{\"@id\":\"https:\/\/www.aridane.org\/city\/2025\/09\/04\/los-llanos-de-aridane-reconoce-la-trayectoria-del-director-alfred-hitchcock-con-un-ciclo-de-cine\/#primaryimage\"},\"thumbnailUrl\":\"https:\/\/www.aridane.org\/city\/wp-content\/uploads\/2025\/09\/NP-Ciclo-de-cine-Hitchcock-scaled.jpeg\",\"datePublished\":\"2025-09-04T13:53:57+00:00\",\"dateModified\":\"2025-09-19T13:54:30+00:00\",\"author\":{\"@id\":\"https:\/\/www.aridane.org\/city\/#\/schema\/person\/89ebd376b223dc94cc1dbcf200c8e6da\"},\"breadcrumb\":{\"@id\":\"https:\/\/www.aridane.org\/city\/2025\/09\/04\/los-llanos-de-aridane-reconoce-la-trayectoria-del-director-alfred-hitchcock-con-un-ciclo-de-cine\/#breadcrumb\"},\"inLanguage\":\"es\",\"potentialAction\":[{\"@type\":\"ReadAction\",\"target\":[\"https:\/\/www.aridane.org\/city\/2025\/09\/04\/los-llanos-de-aridane-reconoce-la-trayectoria-del-director-alfred-hitchcock-con-un-ciclo-de-cine\/\"]}]},{\"@type\":\"ImageObject\",\"inLanguage\":\"es\",\"@id\":\"https:\/\/www.aridane.org\/city\/2025\/09\/04\/los-llanos-de-aridane-reconoce-la-trayectoria-del-director-alfred-hitchcock-con-un-ciclo-de-cine\/#primaryimage\",\"url\":\"https:\/\/www.aridane.org\/city\/wp-content\/uploads\/2025\/09\/NP-Ciclo-de-cine-Hitchcock-scaled.jpeg\",\"contentUrl\":\"https:\/\/www.aridane.org\/city\/wp-content\/uploads\/2025\/09\/NP-Ciclo-de-cine-Hitchcock-scaled.jpeg\",\"width\":2560,\"height\":1920},{\"@type\":\"BreadcrumbList\",\"@id\":\"https:\/\/www.aridane.org\/city\/2025\/09\/04\/los-llanos-de-aridane-reconoce-la-trayectoria-del-director-alfred-hitchcock-con-un-ciclo-de-cine\/#breadcrumb\",\"itemListElement\":[{\"@type\":\"ListItem\",\"position\":1,\"name\":\"Portada\",\"item\":\"https:\/\/www.aridane.org\/city\/\"},{\"@type\":\"ListItem\",\"position\":2,\"name\":\"Los Llanos de Aridane reconoce la trayectoria del director Alfred Hitchcock con un ciclo de cine\"}]},{\"@type\":\"WebSite\",\"@id\":\"https:\/\/www.aridane.org\/city\/#website\",\"url\":\"https:\/\/www.aridane.org\/city\/\",\"name\":\"Ayuntamiento de Los Llanos de Aridane\",\"description\":\"\",\"potentialAction\":[{\"@type\":\"SearchAction\",\"target\":{\"@type\":\"EntryPoint\",\"urlTemplate\":\"https:\/\/www.aridane.org\/city\/?s={search_term_string}\"},\"query-input\":\"required name=search_term_string\"}],\"inLanguage\":\"es\"},{\"@type\":\"Person\",\"@id\":\"https:\/\/www.aridane.org\/city\/#\/schema\/person\/89ebd376b223dc94cc1dbcf200c8e6da\",\"name\":\"Corresponsal\",\"image\":{\"@type\":\"ImageObject\",\"inLanguage\":\"es\",\"@id\":\"https:\/\/www.aridane.org\/city\/#\/schema\/person\/image\/\",\"url\":\"https:\/\/secure.gravatar.com\/avatar\/1c476992411e4ccf153da63b2b2f5ea0bb4cb1c85f3ceab8512f04325ad5579c?s=96&d=mm&r=g\",\"contentUrl\":\"https:\/\/secure.gravatar.com\/avatar\/1c476992411e4ccf153da63b2b2f5ea0bb4cb1c85f3ceab8512f04325ad5579c?s=96&d=mm&r=g\",\"caption\":\"Corresponsal\"},\"url\":\"https:\/\/www.aridane.org\/city\/author\/corresponsal\/\"}]}<\/script>\n<!-- \/ Yoast SEO plugin. -->","yoast_head_json":{"title":"Los Llanos de Aridane reconoce la trayectoria del director Alfred Hitchcock con un ciclo de cine - Ayuntamiento de Los Llanos de Aridane","robots":{"index":"index","follow":"follow","max-snippet":"max-snippet:-1","max-image-preview":"max-image-preview:large","max-video-preview":"max-video-preview:-1"},"canonical":"https:\/\/www.aridane.org\/city\/2025\/09\/04\/los-llanos-de-aridane-reconoce-la-trayectoria-del-director-alfred-hitchcock-con-un-ciclo-de-cine\/","og_locale":"es_ES","og_type":"article","og_title":"Los Llanos de Aridane reconoce la trayectoria del director Alfred Hitchcock con un ciclo de cine - Ayuntamiento de Los Llanos de Aridane","og_description":"Bajo el nombre de \u2018Alfred Hitchcock en 5 d\u00e9cadas\u2019 este evento tendr\u00e1 lugar en la Casa de la Cultura del 4 al 6 de septiembre","og_url":"https:\/\/www.aridane.org\/city\/2025\/09\/04\/los-llanos-de-aridane-reconoce-la-trayectoria-del-director-alfred-hitchcock-con-un-ciclo-de-cine\/","og_site_name":"Ayuntamiento de Los Llanos de Aridane","article_published_time":"2025-09-04T13:53:57+00:00","article_modified_time":"2025-09-19T13:54:30+00:00","og_image":[{"width":2560,"height":1920,"url":"https:\/\/www.aridane.org\/city\/wp-content\/uploads\/2025\/09\/NP-Ciclo-de-cine-Hitchcock-scaled.jpeg","type":"image\/jpeg"}],"author":"Corresponsal","twitter_card":"summary_large_image","twitter_misc":{"Escrito por":"Corresponsal","Tiempo de lectura":"2 minutos"},"schema":{"@context":"https:\/\/schema.org","@graph":[{"@type":"WebPage","@id":"https:\/\/www.aridane.org\/city\/2025\/09\/04\/los-llanos-de-aridane-reconoce-la-trayectoria-del-director-alfred-hitchcock-con-un-ciclo-de-cine\/","url":"https:\/\/www.aridane.org\/city\/2025\/09\/04\/los-llanos-de-aridane-reconoce-la-trayectoria-del-director-alfred-hitchcock-con-un-ciclo-de-cine\/","name":"Los Llanos de Aridane reconoce la trayectoria del director Alfred Hitchcock con un ciclo de cine - Ayuntamiento de Los Llanos de Aridane","isPartOf":{"@id":"https:\/\/www.aridane.org\/city\/#website"},"primaryImageOfPage":{"@id":"https:\/\/www.aridane.org\/city\/2025\/09\/04\/los-llanos-de-aridane-reconoce-la-trayectoria-del-director-alfred-hitchcock-con-un-ciclo-de-cine\/#primaryimage"},"image":{"@id":"https:\/\/www.aridane.org\/city\/2025\/09\/04\/los-llanos-de-aridane-reconoce-la-trayectoria-del-director-alfred-hitchcock-con-un-ciclo-de-cine\/#primaryimage"},"thumbnailUrl":"https:\/\/www.aridane.org\/city\/wp-content\/uploads\/2025\/09\/NP-Ciclo-de-cine-Hitchcock-scaled.jpeg","datePublished":"2025-09-04T13:53:57+00:00","dateModified":"2025-09-19T13:54:30+00:00","author":{"@id":"https:\/\/www.aridane.org\/city\/#\/schema\/person\/89ebd376b223dc94cc1dbcf200c8e6da"},"breadcrumb":{"@id":"https:\/\/www.aridane.org\/city\/2025\/09\/04\/los-llanos-de-aridane-reconoce-la-trayectoria-del-director-alfred-hitchcock-con-un-ciclo-de-cine\/#breadcrumb"},"inLanguage":"es","potentialAction":[{"@type":"ReadAction","target":["https:\/\/www.aridane.org\/city\/2025\/09\/04\/los-llanos-de-aridane-reconoce-la-trayectoria-del-director-alfred-hitchcock-con-un-ciclo-de-cine\/"]}]},{"@type":"ImageObject","inLanguage":"es","@id":"https:\/\/www.aridane.org\/city\/2025\/09\/04\/los-llanos-de-aridane-reconoce-la-trayectoria-del-director-alfred-hitchcock-con-un-ciclo-de-cine\/#primaryimage","url":"https:\/\/www.aridane.org\/city\/wp-content\/uploads\/2025\/09\/NP-Ciclo-de-cine-Hitchcock-scaled.jpeg","contentUrl":"https:\/\/www.aridane.org\/city\/wp-content\/uploads\/2025\/09\/NP-Ciclo-de-cine-Hitchcock-scaled.jpeg","width":2560,"height":1920},{"@type":"BreadcrumbList","@id":"https:\/\/www.aridane.org\/city\/2025\/09\/04\/los-llanos-de-aridane-reconoce-la-trayectoria-del-director-alfred-hitchcock-con-un-ciclo-de-cine\/#breadcrumb","itemListElement":[{"@type":"ListItem","position":1,"name":"Portada","item":"https:\/\/www.aridane.org\/city\/"},{"@type":"ListItem","position":2,"name":"Los Llanos de Aridane reconoce la trayectoria del director Alfred Hitchcock con un ciclo de cine"}]},{"@type":"WebSite","@id":"https:\/\/www.aridane.org\/city\/#website","url":"https:\/\/www.aridane.org\/city\/","name":"Ayuntamiento de Los Llanos de Aridane","description":"","potentialAction":[{"@type":"SearchAction","target":{"@type":"EntryPoint","urlTemplate":"https:\/\/www.aridane.org\/city\/?s={search_term_string}"},"query-input":"required name=search_term_string"}],"inLanguage":"es"},{"@type":"Person","@id":"https:\/\/www.aridane.org\/city\/#\/schema\/person\/89ebd376b223dc94cc1dbcf200c8e6da","name":"Corresponsal","image":{"@type":"ImageObject","inLanguage":"es","@id":"https:\/\/www.aridane.org\/city\/#\/schema\/person\/image\/","url":"https:\/\/secure.gravatar.com\/avatar\/1c476992411e4ccf153da63b2b2f5ea0bb4cb1c85f3ceab8512f04325ad5579c?s=96&d=mm&r=g","contentUrl":"https:\/\/secure.gravatar.com\/avatar\/1c476992411e4ccf153da63b2b2f5ea0bb4cb1c85f3ceab8512f04325ad5579c?s=96&d=mm&r=g","caption":"Corresponsal"},"url":"https:\/\/www.aridane.org\/city\/author\/corresponsal\/"}]}},"_links":{"self":[{"href":"https:\/\/www.aridane.org\/city\/wp-json\/wp\/v2\/posts\/4735","targetHints":{"allow":["GET"]}}],"collection":[{"href":"https:\/\/www.aridane.org\/city\/wp-json\/wp\/v2\/posts"}],"about":[{"href":"https:\/\/www.aridane.org\/city\/wp-json\/wp\/v2\/types\/post"}],"author":[{"embeddable":true,"href":"https:\/\/www.aridane.org\/city\/wp-json\/wp\/v2\/users\/4"}],"replies":[{"embeddable":true,"href":"https:\/\/www.aridane.org\/city\/wp-json\/wp\/v2\/comments?post=4735"}],"version-history":[{"count":1,"href":"https:\/\/www.aridane.org\/city\/wp-json\/wp\/v2\/posts\/4735\/revisions"}],"predecessor-version":[{"id":4737,"href":"https:\/\/www.aridane.org\/city\/wp-json\/wp\/v2\/posts\/4735\/revisions\/4737"}],"wp:featuredmedia":[{"embeddable":true,"href":"https:\/\/www.aridane.org\/city\/wp-json\/wp\/v2\/media\/4736"}],"wp:attachment":[{"href":"https:\/\/www.aridane.org\/city\/wp-json\/wp\/v2\/media?parent=4735"}],"wp:term":[{"taxonomy":"category","embeddable":true,"href":"https:\/\/www.aridane.org\/city\/wp-json\/wp\/v2\/categories?post=4735"},{"taxonomy":"post_tag","embeddable":true,"href":"https:\/\/www.aridane.org\/city\/wp-json\/wp\/v2\/tags?post=4735"}],"curies":[{"name":"wp","href":"https:\/\/api.w.org\/{rel}","templated":true}]}}