{"id":4739,"date":"2025-09-08T13:56:30","date_gmt":"2025-09-08T13:56:30","guid":{"rendered":"https:\/\/www.aridane.org\/city\/?p=4739"},"modified":"2025-09-19T13:56:55","modified_gmt":"2025-09-19T13:56:55","slug":"los-llanos-de-aridane-continua-con-la-recuperacion-del-cementerio-de-los-angeles","status":"publish","type":"post","link":"https:\/\/www.aridane.org\/city\/2025\/09\/08\/los-llanos-de-aridane-continua-con-la-recuperacion-del-cementerio-de-los-angeles\/","title":{"rendered":"Los Llanos de Aridane contin\u00faa con la recuperaci\u00f3n del Cementerio de Los \u00c1ngeles"},"content":{"rendered":"<p><em>Comienza una nueva fase que comprender\u00e1 la retirada de lava en la parte superior del espacio<\/em><!--more--><\/p>\n<p>El Ayuntamiento de Los Llanos de Aridane contin\u00faa con las obras de recuperaci\u00f3n del Cementerio de Los \u00c1ngeles, en el barrio de Las Manchas. La obra est\u00e1 comprendida dentro de un plan de actuaci\u00f3n con varias acciones paralelas, que tienen como objetivo la recuperaci\u00f3n de la totalidad del espacio.<\/p>\n<p>Esta nueva fase, que comprende la retirada de lava en la parte superior del espacio hasta llegar al crematorio, se lleva a cabo con vistas a evaluar la situaci\u00f3n del Cementerio Mancomunado, que fue totalmente arrasado por las coladas del volc\u00e1n Tajogaite.<\/p>\n<p>El alcalde de la localidad, Javier Llamas, comenta que el objetivo de estas actuaciones \u201cpasa por recuperar la mayor cantidad de nichos posibles, para que las familias puedan seguir teniendo ese espacio simb\u00f3lico donde se ubicaban sus seres queridos\u201d.<\/p>\n<p>\u201cDesde la Concejal\u00eda de Cementerios se est\u00e1 trabajando a destajo para poder recuperar el mayor espacio posible, siempre con extrema precauci\u00f3n y siguiendo las medidas de seguridad indicadas para evitar el colapso de la infraestructura\u201d, asegura Llamas.<\/p>\n<p>Por su parte, el presidente del Cabildo de La Palma, Sergio Rodr\u00edguez, explica lo que supone para la ciudadan\u00eda la recuperaci\u00f3n de este espacio en el \u00e1mbito social. \u201cSon muchas las familias que han perdido la oportunidad de visitar a sus seres queridos tras el paso de las coladas del volc\u00e1n. Es por ello que la rehabilitaci\u00f3n del cementerio supondr\u00eda un paso crucial en la reconstrucci\u00f3n del valle\u201d, comenta el presidente.<\/p>\n<p>Esta obra est\u00e1 enmarcada en un proyecto con varias l\u00edneas paralelas de actuaci\u00f3n, ya que, al mismo tiempo, se trabaja en una ampliaci\u00f3n del cementerio con vistas a crear un nuevo espacio que complementar\u00eda a las zonas que se han conseguido rehabilitar.<\/p>\n<p>Adem\u00e1s, se han iniciado los trabajos de restauraci\u00f3n y adecuaci\u00f3n de la fachada en las zonas donde ya se ha logrado retirar la lava, actuaci\u00f3n que desde hace varios meses se encuentra en marcha. Por otro lado, el personal del ayuntamiento trabaja para recuperar los servicios de alumbrado, red de abastecimiento y red de riego.<\/p>\n<p>Este proyecto de recuperaci\u00f3n del Cementerio de Los \u00c1ngeles es una de las actuaciones clave dentro de la reconstrucci\u00f3n del Valle de Aridane, dando un paso m\u00e1s hacia la normalizaci\u00f3n y adaptaci\u00f3n de la isla a la nueva realidad post-erupci\u00f3n.<\/p>\n","protected":false},"excerpt":{"rendered":"<p>Comienza una nueva fase que comprender\u00e1 la retirada de lava en la parte superior del espacio<\/p>\n","protected":false},"author":4,"featured_media":4740,"comment_status":"open","ping_status":"open","sticky":false,"template":"","format":"standard","meta":{"footnotes":""},"categories":[1],"tags":[],"class_list":["post-4739","post","type-post","status-publish","format-standard","has-post-thumbnail","hentry","category-sin-categoria"],"yoast_head":"<!-- This site is optimized with the Yoast SEO plugin v22.7 - https:\/\/yoast.com\/wordpress\/plugins\/seo\/ -->\n<title>Los Llanos de Aridane contin\u00faa con la recuperaci\u00f3n del Cementerio de Los \u00c1ngeles - Ayuntamiento de Los Llanos de Aridane<\/title>\n<meta name=\"robots\" content=\"index, follow, max-snippet:-1, max-image-preview:large, max-video-preview:-1\" \/>\n<link rel=\"canonical\" href=\"https:\/\/www.aridane.org\/city\/2025\/09\/08\/los-llanos-de-aridane-continua-con-la-recuperacion-del-cementerio-de-los-angeles\/\" \/>\n<meta property=\"og:locale\" content=\"es_ES\" \/>\n<meta property=\"og:type\" content=\"article\" \/>\n<meta property=\"og:title\" content=\"Los Llanos de Aridane contin\u00faa con la recuperaci\u00f3n del Cementerio de Los \u00c1ngeles - Ayuntamiento de Los Llanos de Aridane\" \/>\n<meta property=\"og:description\" content=\"Comienza una nueva fase que comprender\u00e1 la retirada de lava en la parte superior del espacio\" \/>\n<meta property=\"og:url\" content=\"https:\/\/www.aridane.org\/city\/2025\/09\/08\/los-llanos-de-aridane-continua-con-la-recuperacion-del-cementerio-de-los-angeles\/\" \/>\n<meta property=\"og:site_name\" content=\"Ayuntamiento de Los Llanos de Aridane\" \/>\n<meta property=\"article:published_time\" content=\"2025-09-08T13:56:30+00:00\" \/>\n<meta property=\"article:modified_time\" content=\"2025-09-19T13:56:55+00:00\" \/>\n<meta property=\"og:image\" content=\"https:\/\/www.aridane.org\/city\/wp-content\/uploads\/2025\/09\/NP-Obras-cementerio-1-scaled.jpeg\" \/>\n\t<meta property=\"og:image:width\" content=\"2560\" \/>\n\t<meta property=\"og:image:height\" content=\"1920\" \/>\n\t<meta property=\"og:image:type\" content=\"image\/jpeg\" \/>\n<meta name=\"author\" content=\"Corresponsal\" \/>\n<meta name=\"twitter:card\" content=\"summary_large_image\" \/>\n<meta name=\"twitter:label1\" content=\"Escrito por\" \/>\n\t<meta name=\"twitter:data1\" content=\"Corresponsal\" \/>\n\t<meta name=\"twitter:label2\" content=\"Tiempo de lectura\" \/>\n\t<meta name=\"twitter:data2\" content=\"2 minutos\" \/>\n<script type=\"application\/ld+json\" class=\"yoast-schema-graph\">{\"@context\":\"https:\/\/schema.org\",\"@graph\":[{\"@type\":\"WebPage\",\"@id\":\"https:\/\/www.aridane.org\/city\/2025\/09\/08\/los-llanos-de-aridane-continua-con-la-recuperacion-del-cementerio-de-los-angeles\/\",\"url\":\"https:\/\/www.aridane.org\/city\/2025\/09\/08\/los-llanos-de-aridane-continua-con-la-recuperacion-del-cementerio-de-los-angeles\/\",\"name\":\"Los Llanos de Aridane contin\u00faa con la recuperaci\u00f3n del Cementerio de Los \u00c1ngeles - Ayuntamiento de Los Llanos de Aridane\",\"isPartOf\":{\"@id\":\"https:\/\/www.aridane.org\/city\/#website\"},\"primaryImageOfPage\":{\"@id\":\"https:\/\/www.aridane.org\/city\/2025\/09\/08\/los-llanos-de-aridane-continua-con-la-recuperacion-del-cementerio-de-los-angeles\/#primaryimage\"},\"image\":{\"@id\":\"https:\/\/www.aridane.org\/city\/2025\/09\/08\/los-llanos-de-aridane-continua-con-la-recuperacion-del-cementerio-de-los-angeles\/#primaryimage\"},\"thumbnailUrl\":\"https:\/\/www.aridane.org\/city\/wp-content\/uploads\/2025\/09\/NP-Obras-cementerio-1-scaled.jpeg\",\"datePublished\":\"2025-09-08T13:56:30+00:00\",\"dateModified\":\"2025-09-19T13:56:55+00:00\",\"author\":{\"@id\":\"https:\/\/www.aridane.org\/city\/#\/schema\/person\/89ebd376b223dc94cc1dbcf200c8e6da\"},\"breadcrumb\":{\"@id\":\"https:\/\/www.aridane.org\/city\/2025\/09\/08\/los-llanos-de-aridane-continua-con-la-recuperacion-del-cementerio-de-los-angeles\/#breadcrumb\"},\"inLanguage\":\"es\",\"potentialAction\":[{\"@type\":\"ReadAction\",\"target\":[\"https:\/\/www.aridane.org\/city\/2025\/09\/08\/los-llanos-de-aridane-continua-con-la-recuperacion-del-cementerio-de-los-angeles\/\"]}]},{\"@type\":\"ImageObject\",\"inLanguage\":\"es\",\"@id\":\"https:\/\/www.aridane.org\/city\/2025\/09\/08\/los-llanos-de-aridane-continua-con-la-recuperacion-del-cementerio-de-los-angeles\/#primaryimage\",\"url\":\"https:\/\/www.aridane.org\/city\/wp-content\/uploads\/2025\/09\/NP-Obras-cementerio-1-scaled.jpeg\",\"contentUrl\":\"https:\/\/www.aridane.org\/city\/wp-content\/uploads\/2025\/09\/NP-Obras-cementerio-1-scaled.jpeg\",\"width\":2560,\"height\":1920},{\"@type\":\"BreadcrumbList\",\"@id\":\"https:\/\/www.aridane.org\/city\/2025\/09\/08\/los-llanos-de-aridane-continua-con-la-recuperacion-del-cementerio-de-los-angeles\/#breadcrumb\",\"itemListElement\":[{\"@type\":\"ListItem\",\"position\":1,\"name\":\"Portada\",\"item\":\"https:\/\/www.aridane.org\/city\/\"},{\"@type\":\"ListItem\",\"position\":2,\"name\":\"Los Llanos de Aridane contin\u00faa con la recuperaci\u00f3n del Cementerio de Los \u00c1ngeles\"}]},{\"@type\":\"WebSite\",\"@id\":\"https:\/\/www.aridane.org\/city\/#website\",\"url\":\"https:\/\/www.aridane.org\/city\/\",\"name\":\"Ayuntamiento de Los Llanos de Aridane\",\"description\":\"\",\"potentialAction\":[{\"@type\":\"SearchAction\",\"target\":{\"@type\":\"EntryPoint\",\"urlTemplate\":\"https:\/\/www.aridane.org\/city\/?s={search_term_string}\"},\"query-input\":\"required name=search_term_string\"}],\"inLanguage\":\"es\"},{\"@type\":\"Person\",\"@id\":\"https:\/\/www.aridane.org\/city\/#\/schema\/person\/89ebd376b223dc94cc1dbcf200c8e6da\",\"name\":\"Corresponsal\",\"image\":{\"@type\":\"ImageObject\",\"inLanguage\":\"es\",\"@id\":\"https:\/\/www.aridane.org\/city\/#\/schema\/person\/image\/\",\"url\":\"https:\/\/secure.gravatar.com\/avatar\/1c476992411e4ccf153da63b2b2f5ea0bb4cb1c85f3ceab8512f04325ad5579c?s=96&d=mm&r=g\",\"contentUrl\":\"https:\/\/secure.gravatar.com\/avatar\/1c476992411e4ccf153da63b2b2f5ea0bb4cb1c85f3ceab8512f04325ad5579c?s=96&d=mm&r=g\",\"caption\":\"Corresponsal\"},\"url\":\"https:\/\/www.aridane.org\/city\/author\/corresponsal\/\"}]}<\/script>\n<!-- \/ Yoast SEO plugin. -->","yoast_head_json":{"title":"Los Llanos de Aridane contin\u00faa con la recuperaci\u00f3n del Cementerio de Los \u00c1ngeles - Ayuntamiento de Los Llanos de Aridane","robots":{"index":"index","follow":"follow","max-snippet":"max-snippet:-1","max-image-preview":"max-image-preview:large","max-video-preview":"max-video-preview:-1"},"canonical":"https:\/\/www.aridane.org\/city\/2025\/09\/08\/los-llanos-de-aridane-continua-con-la-recuperacion-del-cementerio-de-los-angeles\/","og_locale":"es_ES","og_type":"article","og_title":"Los Llanos de Aridane contin\u00faa con la recuperaci\u00f3n del Cementerio de Los \u00c1ngeles - Ayuntamiento de Los Llanos de Aridane","og_description":"Comienza una nueva fase que comprender\u00e1 la retirada de lava en la parte superior del espacio","og_url":"https:\/\/www.aridane.org\/city\/2025\/09\/08\/los-llanos-de-aridane-continua-con-la-recuperacion-del-cementerio-de-los-angeles\/","og_site_name":"Ayuntamiento de Los Llanos de Aridane","article_published_time":"2025-09-08T13:56:30+00:00","article_modified_time":"2025-09-19T13:56:55+00:00","og_image":[{"width":2560,"height":1920,"url":"https:\/\/www.aridane.org\/city\/wp-content\/uploads\/2025\/09\/NP-Obras-cementerio-1-scaled.jpeg","type":"image\/jpeg"}],"author":"Corresponsal","twitter_card":"summary_large_image","twitter_misc":{"Escrito por":"Corresponsal","Tiempo de lectura":"2 minutos"},"schema":{"@context":"https:\/\/schema.org","@graph":[{"@type":"WebPage","@id":"https:\/\/www.aridane.org\/city\/2025\/09\/08\/los-llanos-de-aridane-continua-con-la-recuperacion-del-cementerio-de-los-angeles\/","url":"https:\/\/www.aridane.org\/city\/2025\/09\/08\/los-llanos-de-aridane-continua-con-la-recuperacion-del-cementerio-de-los-angeles\/","name":"Los Llanos de Aridane contin\u00faa con la recuperaci\u00f3n del Cementerio de Los \u00c1ngeles - Ayuntamiento de Los Llanos de Aridane","isPartOf":{"@id":"https:\/\/www.aridane.org\/city\/#website"},"primaryImageOfPage":{"@id":"https:\/\/www.aridane.org\/city\/2025\/09\/08\/los-llanos-de-aridane-continua-con-la-recuperacion-del-cementerio-de-los-angeles\/#primaryimage"},"image":{"@id":"https:\/\/www.aridane.org\/city\/2025\/09\/08\/los-llanos-de-aridane-continua-con-la-recuperacion-del-cementerio-de-los-angeles\/#primaryimage"},"thumbnailUrl":"https:\/\/www.aridane.org\/city\/wp-content\/uploads\/2025\/09\/NP-Obras-cementerio-1-scaled.jpeg","datePublished":"2025-09-08T13:56:30+00:00","dateModified":"2025-09-19T13:56:55+00:00","author":{"@id":"https:\/\/www.aridane.org\/city\/#\/schema\/person\/89ebd376b223dc94cc1dbcf200c8e6da"},"breadcrumb":{"@id":"https:\/\/www.aridane.org\/city\/2025\/09\/08\/los-llanos-de-aridane-continua-con-la-recuperacion-del-cementerio-de-los-angeles\/#breadcrumb"},"inLanguage":"es","potentialAction":[{"@type":"ReadAction","target":["https:\/\/www.aridane.org\/city\/2025\/09\/08\/los-llanos-de-aridane-continua-con-la-recuperacion-del-cementerio-de-los-angeles\/"]}]},{"@type":"ImageObject","inLanguage":"es","@id":"https:\/\/www.aridane.org\/city\/2025\/09\/08\/los-llanos-de-aridane-continua-con-la-recuperacion-del-cementerio-de-los-angeles\/#primaryimage","url":"https:\/\/www.aridane.org\/city\/wp-content\/uploads\/2025\/09\/NP-Obras-cementerio-1-scaled.jpeg","contentUrl":"https:\/\/www.aridane.org\/city\/wp-content\/uploads\/2025\/09\/NP-Obras-cementerio-1-scaled.jpeg","width":2560,"height":1920},{"@type":"BreadcrumbList","@id":"https:\/\/www.aridane.org\/city\/2025\/09\/08\/los-llanos-de-aridane-continua-con-la-recuperacion-del-cementerio-de-los-angeles\/#breadcrumb","itemListElement":[{"@type":"ListItem","position":1,"name":"Portada","item":"https:\/\/www.aridane.org\/city\/"},{"@type":"ListItem","position":2,"name":"Los Llanos de Aridane contin\u00faa con la recuperaci\u00f3n del Cementerio de Los \u00c1ngeles"}]},{"@type":"WebSite","@id":"https:\/\/www.aridane.org\/city\/#website","url":"https:\/\/www.aridane.org\/city\/","name":"Ayuntamiento de Los Llanos de Aridane","description":"","potentialAction":[{"@type":"SearchAction","target":{"@type":"EntryPoint","urlTemplate":"https:\/\/www.aridane.org\/city\/?s={search_term_string}"},"query-input":"required name=search_term_string"}],"inLanguage":"es"},{"@type":"Person","@id":"https:\/\/www.aridane.org\/city\/#\/schema\/person\/89ebd376b223dc94cc1dbcf200c8e6da","name":"Corresponsal","image":{"@type":"ImageObject","inLanguage":"es","@id":"https:\/\/www.aridane.org\/city\/#\/schema\/person\/image\/","url":"https:\/\/secure.gravatar.com\/avatar\/1c476992411e4ccf153da63b2b2f5ea0bb4cb1c85f3ceab8512f04325ad5579c?s=96&d=mm&r=g","contentUrl":"https:\/\/secure.gravatar.com\/avatar\/1c476992411e4ccf153da63b2b2f5ea0bb4cb1c85f3ceab8512f04325ad5579c?s=96&d=mm&r=g","caption":"Corresponsal"},"url":"https:\/\/www.aridane.org\/city\/author\/corresponsal\/"}]}},"_links":{"self":[{"href":"https:\/\/www.aridane.org\/city\/wp-json\/wp\/v2\/posts\/4739","targetHints":{"allow":["GET"]}}],"collection":[{"href":"https:\/\/www.aridane.org\/city\/wp-json\/wp\/v2\/posts"}],"about":[{"href":"https:\/\/www.aridane.org\/city\/wp-json\/wp\/v2\/types\/post"}],"author":[{"embeddable":true,"href":"https:\/\/www.aridane.org\/city\/wp-json\/wp\/v2\/users\/4"}],"replies":[{"embeddable":true,"href":"https:\/\/www.aridane.org\/city\/wp-json\/wp\/v2\/comments?post=4739"}],"version-history":[{"count":1,"href":"https:\/\/www.aridane.org\/city\/wp-json\/wp\/v2\/posts\/4739\/revisions"}],"predecessor-version":[{"id":4741,"href":"https:\/\/www.aridane.org\/city\/wp-json\/wp\/v2\/posts\/4739\/revisions\/4741"}],"wp:featuredmedia":[{"embeddable":true,"href":"https:\/\/www.aridane.org\/city\/wp-json\/wp\/v2\/media\/4740"}],"wp:attachment":[{"href":"https:\/\/www.aridane.org\/city\/wp-json\/wp\/v2\/media?parent=4739"}],"wp:term":[{"taxonomy":"category","embeddable":true,"href":"https:\/\/www.aridane.org\/city\/wp-json\/wp\/v2\/categories?post=4739"},{"taxonomy":"post_tag","embeddable":true,"href":"https:\/\/www.aridane.org\/city\/wp-json\/wp\/v2\/tags?post=4739"}],"curies":[{"name":"wp","href":"https:\/\/api.w.org\/{rel}","templated":true}]}}