{"id":4745,"date":"2025-09-10T14:01:48","date_gmt":"2025-09-10T14:01:48","guid":{"rendered":"https:\/\/www.aridane.org\/city\/?p=4745"},"modified":"2025-09-19T14:02:02","modified_gmt":"2025-09-19T14:02:02","slug":"batucada-fest-reunira-en-los-llanos-de-aridane-a-mas-de-760-percusionistas","status":"publish","type":"post","link":"https:\/\/www.aridane.org\/city\/2025\/09\/10\/batucada-fest-reunira-en-los-llanos-de-aridane-a-mas-de-760-percusionistas\/","title":{"rendered":"Batucada Fest reunir\u00e1 en Los Llanos de Aridane a m\u00e1s de 760 percusionistas"},"content":{"rendered":"<p><em>En torno a 19 batucadas se dar\u00e1n cita en el municipio el pr\u00f3ximo viernes 12 y s\u00e1bado 13<\/em><!--more--><\/p>\n<p>La novena edici\u00f3n de Batucada Fest llega a Los Llanos de Aridane los d\u00edas 12 y 13 de septiembre, con un nutrido programa de actividades llenas de ritmo y pasi\u00f3n por la m\u00fasica. En torno a 19 batucadas y m\u00e1s de 760 percusionistas se dar\u00e1n cita en el municipio durante el fin de semana.<\/p>\n<p>El concejal de Juventud, Eduardo P\u00e9rez, invita a la ciudadan\u00eda a participar de este festival \u201cque a\u00f1o tras a\u00f1o se sigue superando y creando un ambiente festivo en el municipio\u201d.<\/p>\n<p>\u201cDesde el Ayuntamiento tratamos de dar voz y aportar nuestro granito de arena para que este tipo de iniciativas puedan salir adelante\u201d, a\u00f1ade el concejal.<\/p>\n<p>En este sentido, el consejero de Juventud del Cabildo Insular de La Palma, Yurguen Hern\u00e1ndez, resalta el compromiso de las instituciones con este evento a\u00f1o tras a\u00f1o, adem\u00e1s de resaltar la labor del director y promotor del evento, Marcos P\u00e9rez. \u201cEl empe\u00f1o y dedicaci\u00f3n que pone cada a\u00f1o en la celebraci\u00f3n de Batucada Fest es encomiable, hasta el punto de convertirse en el evento referente de este \u00e1mbito en las islas\u201d, comenta Hern\u00e1ndez.<\/p>\n<p>Por su parte, Marcos P\u00e9rez pone de manifiesto que esta edici\u00f3n de BatucadaFest \u201cmarcar\u00e1 un antes y un despu\u00e9s en este festival, tanto por la cantidad de profesionales de la percusi\u00f3n que participan como por las actuaciones en directo de grandes artistas del panorama regional\u201d.<\/p>\n<p>Batucada Fest arranca el viernes 12 con talleres de percusi\u00f3n y capoeira para el alumnado de los colegios del municipio, para continuar por la tarde con un duelo musical entre dos batucadas que estar\u00e1n por primera vez en la isla de La Palma. La primera jornada finalizar\u00e1 con el concierto del grupo grancanario Makana Connection.<\/p>\n<p>La jornada del s\u00e1bado 13 comenzar\u00e1 con nuevos talleres impartidos por aut\u00e9nticos maestros internacionales en percusi\u00f3n, para continuar en sesi\u00f3n de tarde con la gran tamborada, con la presencia de los 760 percusionistas tocando a la vez, y cerrando con el espect\u00e1culo de comparsas, grupos de baile y la sesi\u00f3n final de DJ Visac.<\/p>\n","protected":false},"excerpt":{"rendered":"<p>En torno a 19 batucadas se dar\u00e1n cita en el municipio el pr\u00f3ximo viernes 12 y s\u00e1bado 13<\/p>\n","protected":false},"author":4,"featured_media":4746,"comment_status":"open","ping_status":"open","sticky":false,"template":"","format":"standard","meta":{"footnotes":""},"categories":[1],"tags":[],"class_list":["post-4745","post","type-post","status-publish","format-standard","has-post-thumbnail","hentry","category-sin-categoria"],"yoast_head":"<!-- This site is optimized with the Yoast SEO plugin v22.7 - https:\/\/yoast.com\/wordpress\/plugins\/seo\/ -->\n<title>Batucada Fest reunir\u00e1 en Los Llanos de Aridane a m\u00e1s de 760 percusionistas - Ayuntamiento de Los Llanos de Aridane<\/title>\n<meta name=\"robots\" content=\"index, follow, max-snippet:-1, max-image-preview:large, max-video-preview:-1\" \/>\n<link rel=\"canonical\" href=\"https:\/\/www.aridane.org\/city\/2025\/09\/10\/batucada-fest-reunira-en-los-llanos-de-aridane-a-mas-de-760-percusionistas\/\" \/>\n<meta property=\"og:locale\" content=\"es_ES\" \/>\n<meta property=\"og:type\" content=\"article\" \/>\n<meta property=\"og:title\" content=\"Batucada Fest reunir\u00e1 en Los Llanos de Aridane a m\u00e1s de 760 percusionistas - Ayuntamiento de Los Llanos de Aridane\" \/>\n<meta property=\"og:description\" content=\"En torno a 19 batucadas se dar\u00e1n cita en el municipio el pr\u00f3ximo viernes 12 y s\u00e1bado 13\" \/>\n<meta property=\"og:url\" content=\"https:\/\/www.aridane.org\/city\/2025\/09\/10\/batucada-fest-reunira-en-los-llanos-de-aridane-a-mas-de-760-percusionistas\/\" \/>\n<meta property=\"og:site_name\" content=\"Ayuntamiento de Los Llanos de Aridane\" \/>\n<meta property=\"article:published_time\" content=\"2025-09-10T14:01:48+00:00\" \/>\n<meta property=\"article:modified_time\" content=\"2025-09-19T14:02:02+00:00\" \/>\n<meta property=\"og:image\" content=\"https:\/\/www.aridane.org\/city\/wp-content\/uploads\/2025\/09\/NP-Batucada-Fest-La-Palma-2-1-scaled.jpeg\" \/>\n\t<meta property=\"og:image:width\" content=\"2560\" \/>\n\t<meta property=\"og:image:height\" content=\"1920\" \/>\n\t<meta property=\"og:image:type\" content=\"image\/jpeg\" \/>\n<meta name=\"author\" content=\"Corresponsal\" \/>\n<meta name=\"twitter:card\" content=\"summary_large_image\" \/>\n<meta name=\"twitter:label1\" content=\"Escrito por\" \/>\n\t<meta name=\"twitter:data1\" content=\"Corresponsal\" \/>\n\t<meta name=\"twitter:label2\" content=\"Tiempo de lectura\" \/>\n\t<meta name=\"twitter:data2\" content=\"2 minutos\" \/>\n<script type=\"application\/ld+json\" class=\"yoast-schema-graph\">{\"@context\":\"https:\/\/schema.org\",\"@graph\":[{\"@type\":\"WebPage\",\"@id\":\"https:\/\/www.aridane.org\/city\/2025\/09\/10\/batucada-fest-reunira-en-los-llanos-de-aridane-a-mas-de-760-percusionistas\/\",\"url\":\"https:\/\/www.aridane.org\/city\/2025\/09\/10\/batucada-fest-reunira-en-los-llanos-de-aridane-a-mas-de-760-percusionistas\/\",\"name\":\"Batucada Fest reunir\u00e1 en Los Llanos de Aridane a m\u00e1s de 760 percusionistas - Ayuntamiento de Los Llanos de Aridane\",\"isPartOf\":{\"@id\":\"https:\/\/www.aridane.org\/city\/#website\"},\"primaryImageOfPage\":{\"@id\":\"https:\/\/www.aridane.org\/city\/2025\/09\/10\/batucada-fest-reunira-en-los-llanos-de-aridane-a-mas-de-760-percusionistas\/#primaryimage\"},\"image\":{\"@id\":\"https:\/\/www.aridane.org\/city\/2025\/09\/10\/batucada-fest-reunira-en-los-llanos-de-aridane-a-mas-de-760-percusionistas\/#primaryimage\"},\"thumbnailUrl\":\"https:\/\/www.aridane.org\/city\/wp-content\/uploads\/2025\/09\/NP-Batucada-Fest-La-Palma-2-1-scaled.jpeg\",\"datePublished\":\"2025-09-10T14:01:48+00:00\",\"dateModified\":\"2025-09-19T14:02:02+00:00\",\"author\":{\"@id\":\"https:\/\/www.aridane.org\/city\/#\/schema\/person\/89ebd376b223dc94cc1dbcf200c8e6da\"},\"breadcrumb\":{\"@id\":\"https:\/\/www.aridane.org\/city\/2025\/09\/10\/batucada-fest-reunira-en-los-llanos-de-aridane-a-mas-de-760-percusionistas\/#breadcrumb\"},\"inLanguage\":\"es\",\"potentialAction\":[{\"@type\":\"ReadAction\",\"target\":[\"https:\/\/www.aridane.org\/city\/2025\/09\/10\/batucada-fest-reunira-en-los-llanos-de-aridane-a-mas-de-760-percusionistas\/\"]}]},{\"@type\":\"ImageObject\",\"inLanguage\":\"es\",\"@id\":\"https:\/\/www.aridane.org\/city\/2025\/09\/10\/batucada-fest-reunira-en-los-llanos-de-aridane-a-mas-de-760-percusionistas\/#primaryimage\",\"url\":\"https:\/\/www.aridane.org\/city\/wp-content\/uploads\/2025\/09\/NP-Batucada-Fest-La-Palma-2-1-scaled.jpeg\",\"contentUrl\":\"https:\/\/www.aridane.org\/city\/wp-content\/uploads\/2025\/09\/NP-Batucada-Fest-La-Palma-2-1-scaled.jpeg\",\"width\":2560,\"height\":1920},{\"@type\":\"BreadcrumbList\",\"@id\":\"https:\/\/www.aridane.org\/city\/2025\/09\/10\/batucada-fest-reunira-en-los-llanos-de-aridane-a-mas-de-760-percusionistas\/#breadcrumb\",\"itemListElement\":[{\"@type\":\"ListItem\",\"position\":1,\"name\":\"Portada\",\"item\":\"https:\/\/www.aridane.org\/city\/\"},{\"@type\":\"ListItem\",\"position\":2,\"name\":\"Batucada Fest reunir\u00e1 en Los Llanos de Aridane a m\u00e1s de 760 percusionistas\"}]},{\"@type\":\"WebSite\",\"@id\":\"https:\/\/www.aridane.org\/city\/#website\",\"url\":\"https:\/\/www.aridane.org\/city\/\",\"name\":\"Ayuntamiento de Los Llanos de Aridane\",\"description\":\"\",\"potentialAction\":[{\"@type\":\"SearchAction\",\"target\":{\"@type\":\"EntryPoint\",\"urlTemplate\":\"https:\/\/www.aridane.org\/city\/?s={search_term_string}\"},\"query-input\":\"required name=search_term_string\"}],\"inLanguage\":\"es\"},{\"@type\":\"Person\",\"@id\":\"https:\/\/www.aridane.org\/city\/#\/schema\/person\/89ebd376b223dc94cc1dbcf200c8e6da\",\"name\":\"Corresponsal\",\"image\":{\"@type\":\"ImageObject\",\"inLanguage\":\"es\",\"@id\":\"https:\/\/www.aridane.org\/city\/#\/schema\/person\/image\/\",\"url\":\"https:\/\/secure.gravatar.com\/avatar\/1c476992411e4ccf153da63b2b2f5ea0bb4cb1c85f3ceab8512f04325ad5579c?s=96&d=mm&r=g\",\"contentUrl\":\"https:\/\/secure.gravatar.com\/avatar\/1c476992411e4ccf153da63b2b2f5ea0bb4cb1c85f3ceab8512f04325ad5579c?s=96&d=mm&r=g\",\"caption\":\"Corresponsal\"},\"url\":\"https:\/\/www.aridane.org\/city\/author\/corresponsal\/\"}]}<\/script>\n<!-- \/ Yoast SEO plugin. -->","yoast_head_json":{"title":"Batucada Fest reunir\u00e1 en Los Llanos de Aridane a m\u00e1s de 760 percusionistas - Ayuntamiento de Los Llanos de Aridane","robots":{"index":"index","follow":"follow","max-snippet":"max-snippet:-1","max-image-preview":"max-image-preview:large","max-video-preview":"max-video-preview:-1"},"canonical":"https:\/\/www.aridane.org\/city\/2025\/09\/10\/batucada-fest-reunira-en-los-llanos-de-aridane-a-mas-de-760-percusionistas\/","og_locale":"es_ES","og_type":"article","og_title":"Batucada Fest reunir\u00e1 en Los Llanos de Aridane a m\u00e1s de 760 percusionistas - Ayuntamiento de Los Llanos de Aridane","og_description":"En torno a 19 batucadas se dar\u00e1n cita en el municipio el pr\u00f3ximo viernes 12 y s\u00e1bado 13","og_url":"https:\/\/www.aridane.org\/city\/2025\/09\/10\/batucada-fest-reunira-en-los-llanos-de-aridane-a-mas-de-760-percusionistas\/","og_site_name":"Ayuntamiento de Los Llanos de Aridane","article_published_time":"2025-09-10T14:01:48+00:00","article_modified_time":"2025-09-19T14:02:02+00:00","og_image":[{"width":2560,"height":1920,"url":"https:\/\/www.aridane.org\/city\/wp-content\/uploads\/2025\/09\/NP-Batucada-Fest-La-Palma-2-1-scaled.jpeg","type":"image\/jpeg"}],"author":"Corresponsal","twitter_card":"summary_large_image","twitter_misc":{"Escrito por":"Corresponsal","Tiempo de lectura":"2 minutos"},"schema":{"@context":"https:\/\/schema.org","@graph":[{"@type":"WebPage","@id":"https:\/\/www.aridane.org\/city\/2025\/09\/10\/batucada-fest-reunira-en-los-llanos-de-aridane-a-mas-de-760-percusionistas\/","url":"https:\/\/www.aridane.org\/city\/2025\/09\/10\/batucada-fest-reunira-en-los-llanos-de-aridane-a-mas-de-760-percusionistas\/","name":"Batucada Fest reunir\u00e1 en Los Llanos de Aridane a m\u00e1s de 760 percusionistas - Ayuntamiento de Los Llanos de Aridane","isPartOf":{"@id":"https:\/\/www.aridane.org\/city\/#website"},"primaryImageOfPage":{"@id":"https:\/\/www.aridane.org\/city\/2025\/09\/10\/batucada-fest-reunira-en-los-llanos-de-aridane-a-mas-de-760-percusionistas\/#primaryimage"},"image":{"@id":"https:\/\/www.aridane.org\/city\/2025\/09\/10\/batucada-fest-reunira-en-los-llanos-de-aridane-a-mas-de-760-percusionistas\/#primaryimage"},"thumbnailUrl":"https:\/\/www.aridane.org\/city\/wp-content\/uploads\/2025\/09\/NP-Batucada-Fest-La-Palma-2-1-scaled.jpeg","datePublished":"2025-09-10T14:01:48+00:00","dateModified":"2025-09-19T14:02:02+00:00","author":{"@id":"https:\/\/www.aridane.org\/city\/#\/schema\/person\/89ebd376b223dc94cc1dbcf200c8e6da"},"breadcrumb":{"@id":"https:\/\/www.aridane.org\/city\/2025\/09\/10\/batucada-fest-reunira-en-los-llanos-de-aridane-a-mas-de-760-percusionistas\/#breadcrumb"},"inLanguage":"es","potentialAction":[{"@type":"ReadAction","target":["https:\/\/www.aridane.org\/city\/2025\/09\/10\/batucada-fest-reunira-en-los-llanos-de-aridane-a-mas-de-760-percusionistas\/"]}]},{"@type":"ImageObject","inLanguage":"es","@id":"https:\/\/www.aridane.org\/city\/2025\/09\/10\/batucada-fest-reunira-en-los-llanos-de-aridane-a-mas-de-760-percusionistas\/#primaryimage","url":"https:\/\/www.aridane.org\/city\/wp-content\/uploads\/2025\/09\/NP-Batucada-Fest-La-Palma-2-1-scaled.jpeg","contentUrl":"https:\/\/www.aridane.org\/city\/wp-content\/uploads\/2025\/09\/NP-Batucada-Fest-La-Palma-2-1-scaled.jpeg","width":2560,"height":1920},{"@type":"BreadcrumbList","@id":"https:\/\/www.aridane.org\/city\/2025\/09\/10\/batucada-fest-reunira-en-los-llanos-de-aridane-a-mas-de-760-percusionistas\/#breadcrumb","itemListElement":[{"@type":"ListItem","position":1,"name":"Portada","item":"https:\/\/www.aridane.org\/city\/"},{"@type":"ListItem","position":2,"name":"Batucada Fest reunir\u00e1 en Los Llanos de Aridane a m\u00e1s de 760 percusionistas"}]},{"@type":"WebSite","@id":"https:\/\/www.aridane.org\/city\/#website","url":"https:\/\/www.aridane.org\/city\/","name":"Ayuntamiento de Los Llanos de Aridane","description":"","potentialAction":[{"@type":"SearchAction","target":{"@type":"EntryPoint","urlTemplate":"https:\/\/www.aridane.org\/city\/?s={search_term_string}"},"query-input":"required name=search_term_string"}],"inLanguage":"es"},{"@type":"Person","@id":"https:\/\/www.aridane.org\/city\/#\/schema\/person\/89ebd376b223dc94cc1dbcf200c8e6da","name":"Corresponsal","image":{"@type":"ImageObject","inLanguage":"es","@id":"https:\/\/www.aridane.org\/city\/#\/schema\/person\/image\/","url":"https:\/\/secure.gravatar.com\/avatar\/1c476992411e4ccf153da63b2b2f5ea0bb4cb1c85f3ceab8512f04325ad5579c?s=96&d=mm&r=g","contentUrl":"https:\/\/secure.gravatar.com\/avatar\/1c476992411e4ccf153da63b2b2f5ea0bb4cb1c85f3ceab8512f04325ad5579c?s=96&d=mm&r=g","caption":"Corresponsal"},"url":"https:\/\/www.aridane.org\/city\/author\/corresponsal\/"}]}},"_links":{"self":[{"href":"https:\/\/www.aridane.org\/city\/wp-json\/wp\/v2\/posts\/4745","targetHints":{"allow":["GET"]}}],"collection":[{"href":"https:\/\/www.aridane.org\/city\/wp-json\/wp\/v2\/posts"}],"about":[{"href":"https:\/\/www.aridane.org\/city\/wp-json\/wp\/v2\/types\/post"}],"author":[{"embeddable":true,"href":"https:\/\/www.aridane.org\/city\/wp-json\/wp\/v2\/users\/4"}],"replies":[{"embeddable":true,"href":"https:\/\/www.aridane.org\/city\/wp-json\/wp\/v2\/comments?post=4745"}],"version-history":[{"count":1,"href":"https:\/\/www.aridane.org\/city\/wp-json\/wp\/v2\/posts\/4745\/revisions"}],"predecessor-version":[{"id":4747,"href":"https:\/\/www.aridane.org\/city\/wp-json\/wp\/v2\/posts\/4745\/revisions\/4747"}],"wp:featuredmedia":[{"embeddable":true,"href":"https:\/\/www.aridane.org\/city\/wp-json\/wp\/v2\/media\/4746"}],"wp:attachment":[{"href":"https:\/\/www.aridane.org\/city\/wp-json\/wp\/v2\/media?parent=4745"}],"wp:term":[{"taxonomy":"category","embeddable":true,"href":"https:\/\/www.aridane.org\/city\/wp-json\/wp\/v2\/categories?post=4745"},{"taxonomy":"post_tag","embeddable":true,"href":"https:\/\/www.aridane.org\/city\/wp-json\/wp\/v2\/tags?post=4745"}],"curies":[{"name":"wp","href":"https:\/\/api.w.org\/{rel}","templated":true}]}}