{"id":4749,"date":"2025-09-19T14:03:39","date_gmt":"2025-09-19T14:03:39","guid":{"rendered":"https:\/\/www.aridane.org\/city\/?p=4749"},"modified":"2025-09-19T14:03:39","modified_gmt":"2025-09-19T14:03:39","slug":"los-llanos-de-aridane-organiza-una-nueva-jornada-de-voluntariado-para-la-limpieza-su-litoral","status":"publish","type":"post","link":"https:\/\/www.aridane.org\/city\/2025\/09\/19\/los-llanos-de-aridane-organiza-una-nueva-jornada-de-voluntariado-para-la-limpieza-su-litoral\/","title":{"rendered":"Los Llanos de Aridane organiza una nueva jornada de voluntariado para la limpieza su litoral"},"content":{"rendered":"<p><em>El domingo 28 de septiembre se actuar\u00e1 en El Remo, La Bombilla, Puerto Naos y Charco Verde<\/em><!--more--><\/p>\n<p>El Ayuntamiento de Los Llanos de Aridane, a trav\u00e9s de las concejal\u00edas de Medio Ambiente, Servicios Municipales y Playas, contin\u00faa con el proyecto ambiental \u2018X un litoral + limpio\u2019. Organizado por la entidad de asesoramiento medioambiental Asteyma, esta iniciativa invita a la ciudadan\u00eda a participar de manera voluntaria en la limpieza y el cuidado de los espacios costeros municipales, promoviendo as\u00ed el desarrollo sostenible y la preservaci\u00f3n del medio ambiente.<\/p>\n<p>El concejal de Servicios Municipales, Rubens D\u00edaz, valora la gran respuesta que tuvo la actividad el pasado mes de abril. \u201cEl regreso de esta iniciativa hace algunos meses fue muy exitosa; espero que\u00a0 se siga concienciando a la ciudadan\u00eda de la importancia de este tipo de acciones\u201d, comenta el concejal.<\/p>\n<p>En esta l\u00ednea, el concejal de Medioambiente, Ar\u00f3n Le\u00f3n, recuerda que \u201cse trata de una acci\u00f3n voluntaria, en un entorno fraternal que busca mantener nuestros espacios naturales sanos y limpios, especialmente en estas fechas, debido al aumento de la actividad en estas zonas durante el periodo estival\u201d.<\/p>\n<p>Adem\u00e1s, el concejal de Playas, V\u00edctor Gonz\u00e1lez, destaca la importancia del\u00a0 mantenimiento y la limpieza de las costas, afirmando que \u201cnuestras playas son espacios especialmente sensibles a la acumulaci\u00f3n de residuos que arrastran las corrientes marinas y, al mismo tiempo, constituyen uno de los principales atractivos tur\u00edsticos de nuestro municipio, por lo que debemos extremar su cuidado y preservar su buena imagen\u201d.<\/p>\n<p>El s\u00e1bado 28 de septiembre, en horario de 8:00 a 12:00 horas, tendr\u00e1 lugar la primera jornada de limpieza. Se actuar\u00e1 en los barrios de El Remo, Puerto Naos y La Bombilla y en la playa de Charco Verde. Para poder participar se necesita inscripci\u00f3n previa, con plazo l\u00edmite el s\u00e1bado 25 de septiembre. La inscripci\u00f3n podr\u00e1 formalizarse v\u00eda WhatsApp en el n\u00famero de tel\u00e9fono 600 22 54 81, indicando el nombre completo y documento de identidad, adem\u00e1s de la talla de camiseta y playas en las que se vaya a participar.<\/p>\n","protected":false},"excerpt":{"rendered":"<p>El domingo 28 de septiembre se actuar\u00e1 en El Remo, La Bombilla, Puerto Naos y Charco Verde<\/p>\n","protected":false},"author":4,"featured_media":4750,"comment_status":"open","ping_status":"open","sticky":false,"template":"","format":"standard","meta":{"footnotes":""},"categories":[1],"tags":[],"class_list":["post-4749","post","type-post","status-publish","format-standard","has-post-thumbnail","hentry","category-sin-categoria"],"yoast_head":"<!-- This site is optimized with the Yoast SEO plugin v22.7 - https:\/\/yoast.com\/wordpress\/plugins\/seo\/ -->\n<title>Los Llanos de Aridane organiza una nueva jornada de voluntariado para la limpieza su litoral - Ayuntamiento de Los Llanos de Aridane<\/title>\n<meta name=\"robots\" content=\"index, follow, max-snippet:-1, max-image-preview:large, max-video-preview:-1\" \/>\n<link rel=\"canonical\" href=\"https:\/\/www.aridane.org\/city\/2025\/09\/19\/los-llanos-de-aridane-organiza-una-nueva-jornada-de-voluntariado-para-la-limpieza-su-litoral\/\" \/>\n<meta property=\"og:locale\" content=\"es_ES\" \/>\n<meta property=\"og:type\" content=\"article\" \/>\n<meta property=\"og:title\" content=\"Los Llanos de Aridane organiza una nueva jornada de voluntariado para la limpieza su litoral - Ayuntamiento de Los Llanos de Aridane\" \/>\n<meta property=\"og:description\" content=\"El domingo 28 de septiembre se actuar\u00e1 en El Remo, La Bombilla, Puerto Naos y Charco Verde\" \/>\n<meta property=\"og:url\" content=\"https:\/\/www.aridane.org\/city\/2025\/09\/19\/los-llanos-de-aridane-organiza-una-nueva-jornada-de-voluntariado-para-la-limpieza-su-litoral\/\" \/>\n<meta property=\"og:site_name\" content=\"Ayuntamiento de Los Llanos de Aridane\" \/>\n<meta property=\"article:published_time\" content=\"2025-09-19T14:03:39+00:00\" \/>\n<meta property=\"og:image\" content=\"https:\/\/www.aridane.org\/city\/wp-content\/uploads\/2025\/09\/NP-X-un-litoral-limpio-2-1.jpeg\" \/>\n\t<meta property=\"og:image:width\" content=\"1153\" \/>\n\t<meta property=\"og:image:height\" content=\"1600\" \/>\n\t<meta property=\"og:image:type\" content=\"image\/jpeg\" \/>\n<meta name=\"author\" content=\"Corresponsal\" \/>\n<meta name=\"twitter:card\" content=\"summary_large_image\" \/>\n<meta name=\"twitter:label1\" content=\"Escrito por\" \/>\n\t<meta name=\"twitter:data1\" content=\"Corresponsal\" \/>\n\t<meta name=\"twitter:label2\" content=\"Tiempo de lectura\" \/>\n\t<meta name=\"twitter:data2\" content=\"2 minutos\" \/>\n<script type=\"application\/ld+json\" class=\"yoast-schema-graph\">{\"@context\":\"https:\/\/schema.org\",\"@graph\":[{\"@type\":\"WebPage\",\"@id\":\"https:\/\/www.aridane.org\/city\/2025\/09\/19\/los-llanos-de-aridane-organiza-una-nueva-jornada-de-voluntariado-para-la-limpieza-su-litoral\/\",\"url\":\"https:\/\/www.aridane.org\/city\/2025\/09\/19\/los-llanos-de-aridane-organiza-una-nueva-jornada-de-voluntariado-para-la-limpieza-su-litoral\/\",\"name\":\"Los Llanos de Aridane organiza una nueva jornada de voluntariado para la limpieza su litoral - Ayuntamiento de Los Llanos de Aridane\",\"isPartOf\":{\"@id\":\"https:\/\/www.aridane.org\/city\/#website\"},\"primaryImageOfPage\":{\"@id\":\"https:\/\/www.aridane.org\/city\/2025\/09\/19\/los-llanos-de-aridane-organiza-una-nueva-jornada-de-voluntariado-para-la-limpieza-su-litoral\/#primaryimage\"},\"image\":{\"@id\":\"https:\/\/www.aridane.org\/city\/2025\/09\/19\/los-llanos-de-aridane-organiza-una-nueva-jornada-de-voluntariado-para-la-limpieza-su-litoral\/#primaryimage\"},\"thumbnailUrl\":\"https:\/\/www.aridane.org\/city\/wp-content\/uploads\/2025\/09\/NP-X-un-litoral-limpio-2-1.jpeg\",\"datePublished\":\"2025-09-19T14:03:39+00:00\",\"dateModified\":\"2025-09-19T14:03:39+00:00\",\"author\":{\"@id\":\"https:\/\/www.aridane.org\/city\/#\/schema\/person\/89ebd376b223dc94cc1dbcf200c8e6da\"},\"breadcrumb\":{\"@id\":\"https:\/\/www.aridane.org\/city\/2025\/09\/19\/los-llanos-de-aridane-organiza-una-nueva-jornada-de-voluntariado-para-la-limpieza-su-litoral\/#breadcrumb\"},\"inLanguage\":\"es\",\"potentialAction\":[{\"@type\":\"ReadAction\",\"target\":[\"https:\/\/www.aridane.org\/city\/2025\/09\/19\/los-llanos-de-aridane-organiza-una-nueva-jornada-de-voluntariado-para-la-limpieza-su-litoral\/\"]}]},{\"@type\":\"ImageObject\",\"inLanguage\":\"es\",\"@id\":\"https:\/\/www.aridane.org\/city\/2025\/09\/19\/los-llanos-de-aridane-organiza-una-nueva-jornada-de-voluntariado-para-la-limpieza-su-litoral\/#primaryimage\",\"url\":\"https:\/\/www.aridane.org\/city\/wp-content\/uploads\/2025\/09\/NP-X-un-litoral-limpio-2-1.jpeg\",\"contentUrl\":\"https:\/\/www.aridane.org\/city\/wp-content\/uploads\/2025\/09\/NP-X-un-litoral-limpio-2-1.jpeg\",\"width\":1153,\"height\":1600},{\"@type\":\"BreadcrumbList\",\"@id\":\"https:\/\/www.aridane.org\/city\/2025\/09\/19\/los-llanos-de-aridane-organiza-una-nueva-jornada-de-voluntariado-para-la-limpieza-su-litoral\/#breadcrumb\",\"itemListElement\":[{\"@type\":\"ListItem\",\"position\":1,\"name\":\"Portada\",\"item\":\"https:\/\/www.aridane.org\/city\/\"},{\"@type\":\"ListItem\",\"position\":2,\"name\":\"Los Llanos de Aridane organiza una nueva jornada de voluntariado para la limpieza su litoral\"}]},{\"@type\":\"WebSite\",\"@id\":\"https:\/\/www.aridane.org\/city\/#website\",\"url\":\"https:\/\/www.aridane.org\/city\/\",\"name\":\"Ayuntamiento de Los Llanos de Aridane\",\"description\":\"\",\"potentialAction\":[{\"@type\":\"SearchAction\",\"target\":{\"@type\":\"EntryPoint\",\"urlTemplate\":\"https:\/\/www.aridane.org\/city\/?s={search_term_string}\"},\"query-input\":\"required name=search_term_string\"}],\"inLanguage\":\"es\"},{\"@type\":\"Person\",\"@id\":\"https:\/\/www.aridane.org\/city\/#\/schema\/person\/89ebd376b223dc94cc1dbcf200c8e6da\",\"name\":\"Corresponsal\",\"image\":{\"@type\":\"ImageObject\",\"inLanguage\":\"es\",\"@id\":\"https:\/\/www.aridane.org\/city\/#\/schema\/person\/image\/\",\"url\":\"https:\/\/secure.gravatar.com\/avatar\/1c476992411e4ccf153da63b2b2f5ea0bb4cb1c85f3ceab8512f04325ad5579c?s=96&d=mm&r=g\",\"contentUrl\":\"https:\/\/secure.gravatar.com\/avatar\/1c476992411e4ccf153da63b2b2f5ea0bb4cb1c85f3ceab8512f04325ad5579c?s=96&d=mm&r=g\",\"caption\":\"Corresponsal\"},\"url\":\"https:\/\/www.aridane.org\/city\/author\/corresponsal\/\"}]}<\/script>\n<!-- \/ Yoast SEO plugin. -->","yoast_head_json":{"title":"Los Llanos de Aridane organiza una nueva jornada de voluntariado para la limpieza su litoral - Ayuntamiento de Los Llanos de Aridane","robots":{"index":"index","follow":"follow","max-snippet":"max-snippet:-1","max-image-preview":"max-image-preview:large","max-video-preview":"max-video-preview:-1"},"canonical":"https:\/\/www.aridane.org\/city\/2025\/09\/19\/los-llanos-de-aridane-organiza-una-nueva-jornada-de-voluntariado-para-la-limpieza-su-litoral\/","og_locale":"es_ES","og_type":"article","og_title":"Los Llanos de Aridane organiza una nueva jornada de voluntariado para la limpieza su litoral - Ayuntamiento de Los Llanos de Aridane","og_description":"El domingo 28 de septiembre se actuar\u00e1 en El Remo, La Bombilla, Puerto Naos y Charco Verde","og_url":"https:\/\/www.aridane.org\/city\/2025\/09\/19\/los-llanos-de-aridane-organiza-una-nueva-jornada-de-voluntariado-para-la-limpieza-su-litoral\/","og_site_name":"Ayuntamiento de Los Llanos de Aridane","article_published_time":"2025-09-19T14:03:39+00:00","og_image":[{"width":1153,"height":1600,"url":"https:\/\/www.aridane.org\/city\/wp-content\/uploads\/2025\/09\/NP-X-un-litoral-limpio-2-1.jpeg","type":"image\/jpeg"}],"author":"Corresponsal","twitter_card":"summary_large_image","twitter_misc":{"Escrito por":"Corresponsal","Tiempo de lectura":"2 minutos"},"schema":{"@context":"https:\/\/schema.org","@graph":[{"@type":"WebPage","@id":"https:\/\/www.aridane.org\/city\/2025\/09\/19\/los-llanos-de-aridane-organiza-una-nueva-jornada-de-voluntariado-para-la-limpieza-su-litoral\/","url":"https:\/\/www.aridane.org\/city\/2025\/09\/19\/los-llanos-de-aridane-organiza-una-nueva-jornada-de-voluntariado-para-la-limpieza-su-litoral\/","name":"Los Llanos de Aridane organiza una nueva jornada de voluntariado para la limpieza su litoral - Ayuntamiento de Los Llanos de Aridane","isPartOf":{"@id":"https:\/\/www.aridane.org\/city\/#website"},"primaryImageOfPage":{"@id":"https:\/\/www.aridane.org\/city\/2025\/09\/19\/los-llanos-de-aridane-organiza-una-nueva-jornada-de-voluntariado-para-la-limpieza-su-litoral\/#primaryimage"},"image":{"@id":"https:\/\/www.aridane.org\/city\/2025\/09\/19\/los-llanos-de-aridane-organiza-una-nueva-jornada-de-voluntariado-para-la-limpieza-su-litoral\/#primaryimage"},"thumbnailUrl":"https:\/\/www.aridane.org\/city\/wp-content\/uploads\/2025\/09\/NP-X-un-litoral-limpio-2-1.jpeg","datePublished":"2025-09-19T14:03:39+00:00","dateModified":"2025-09-19T14:03:39+00:00","author":{"@id":"https:\/\/www.aridane.org\/city\/#\/schema\/person\/89ebd376b223dc94cc1dbcf200c8e6da"},"breadcrumb":{"@id":"https:\/\/www.aridane.org\/city\/2025\/09\/19\/los-llanos-de-aridane-organiza-una-nueva-jornada-de-voluntariado-para-la-limpieza-su-litoral\/#breadcrumb"},"inLanguage":"es","potentialAction":[{"@type":"ReadAction","target":["https:\/\/www.aridane.org\/city\/2025\/09\/19\/los-llanos-de-aridane-organiza-una-nueva-jornada-de-voluntariado-para-la-limpieza-su-litoral\/"]}]},{"@type":"ImageObject","inLanguage":"es","@id":"https:\/\/www.aridane.org\/city\/2025\/09\/19\/los-llanos-de-aridane-organiza-una-nueva-jornada-de-voluntariado-para-la-limpieza-su-litoral\/#primaryimage","url":"https:\/\/www.aridane.org\/city\/wp-content\/uploads\/2025\/09\/NP-X-un-litoral-limpio-2-1.jpeg","contentUrl":"https:\/\/www.aridane.org\/city\/wp-content\/uploads\/2025\/09\/NP-X-un-litoral-limpio-2-1.jpeg","width":1153,"height":1600},{"@type":"BreadcrumbList","@id":"https:\/\/www.aridane.org\/city\/2025\/09\/19\/los-llanos-de-aridane-organiza-una-nueva-jornada-de-voluntariado-para-la-limpieza-su-litoral\/#breadcrumb","itemListElement":[{"@type":"ListItem","position":1,"name":"Portada","item":"https:\/\/www.aridane.org\/city\/"},{"@type":"ListItem","position":2,"name":"Los Llanos de Aridane organiza una nueva jornada de voluntariado para la limpieza su litoral"}]},{"@type":"WebSite","@id":"https:\/\/www.aridane.org\/city\/#website","url":"https:\/\/www.aridane.org\/city\/","name":"Ayuntamiento de Los Llanos de Aridane","description":"","potentialAction":[{"@type":"SearchAction","target":{"@type":"EntryPoint","urlTemplate":"https:\/\/www.aridane.org\/city\/?s={search_term_string}"},"query-input":"required name=search_term_string"}],"inLanguage":"es"},{"@type":"Person","@id":"https:\/\/www.aridane.org\/city\/#\/schema\/person\/89ebd376b223dc94cc1dbcf200c8e6da","name":"Corresponsal","image":{"@type":"ImageObject","inLanguage":"es","@id":"https:\/\/www.aridane.org\/city\/#\/schema\/person\/image\/","url":"https:\/\/secure.gravatar.com\/avatar\/1c476992411e4ccf153da63b2b2f5ea0bb4cb1c85f3ceab8512f04325ad5579c?s=96&d=mm&r=g","contentUrl":"https:\/\/secure.gravatar.com\/avatar\/1c476992411e4ccf153da63b2b2f5ea0bb4cb1c85f3ceab8512f04325ad5579c?s=96&d=mm&r=g","caption":"Corresponsal"},"url":"https:\/\/www.aridane.org\/city\/author\/corresponsal\/"}]}},"_links":{"self":[{"href":"https:\/\/www.aridane.org\/city\/wp-json\/wp\/v2\/posts\/4749","targetHints":{"allow":["GET"]}}],"collection":[{"href":"https:\/\/www.aridane.org\/city\/wp-json\/wp\/v2\/posts"}],"about":[{"href":"https:\/\/www.aridane.org\/city\/wp-json\/wp\/v2\/types\/post"}],"author":[{"embeddable":true,"href":"https:\/\/www.aridane.org\/city\/wp-json\/wp\/v2\/users\/4"}],"replies":[{"embeddable":true,"href":"https:\/\/www.aridane.org\/city\/wp-json\/wp\/v2\/comments?post=4749"}],"version-history":[{"count":1,"href":"https:\/\/www.aridane.org\/city\/wp-json\/wp\/v2\/posts\/4749\/revisions"}],"predecessor-version":[{"id":4751,"href":"https:\/\/www.aridane.org\/city\/wp-json\/wp\/v2\/posts\/4749\/revisions\/4751"}],"wp:featuredmedia":[{"embeddable":true,"href":"https:\/\/www.aridane.org\/city\/wp-json\/wp\/v2\/media\/4750"}],"wp:attachment":[{"href":"https:\/\/www.aridane.org\/city\/wp-json\/wp\/v2\/media?parent=4749"}],"wp:term":[{"taxonomy":"category","embeddable":true,"href":"https:\/\/www.aridane.org\/city\/wp-json\/wp\/v2\/categories?post=4749"},{"taxonomy":"post_tag","embeddable":true,"href":"https:\/\/www.aridane.org\/city\/wp-json\/wp\/v2\/tags?post=4749"}],"curies":[{"name":"wp","href":"https:\/\/api.w.org\/{rel}","templated":true}]}}