{"id":4752,"date":"2025-09-19T14:04:30","date_gmt":"2025-09-19T14:04:30","guid":{"rendered":"https:\/\/www.aridane.org\/city\/?p=4752"},"modified":"2025-09-19T14:04:30","modified_gmt":"2025-09-19T14:04:30","slug":"los-llanos-de-aridane-invierte-en-la-mejora-de-las-instalaciones-de-sus-centros-educativos","status":"publish","type":"post","link":"https:\/\/www.aridane.org\/city\/2025\/09\/19\/los-llanos-de-aridane-invierte-en-la-mejora-de-las-instalaciones-de-sus-centros-educativos\/","title":{"rendered":"Los Llanos de Aridane invierte en la mejora de las instalaciones de sus centros educativos"},"content":{"rendered":"<p><em>Se han llevado a cabo obras de reforma, acondicionamiento y mejora de instalaciones en nueve colegios del municipio<\/em><!--more--><\/p>\n<p>El Ayuntamiento de Los Llanos de Aridane invierte en la reforma, acondicionamiento y mejora de las instalaciones de sus centros educativos de primaria. Se ha actuado en un total de nueve centros, con especial atenci\u00f3n en el CEIP Mar\u00eda Milagros Acosta de Puerto Naos, en el que se realiz\u00f3 una mayor inversi\u00f3n con vistas al regreso del alumnado a las instalaciones cuatro a\u00f1os despu\u00e9s.<\/p>\n<p>El alcalde, Javier Llamas, valora el compromiso del Consistorio de tener unas infraestructuras \u00f3ptimas para que el \u00e1mbito de la educaci\u00f3n se desarrolle de la mejor manera posible.<\/p>\n<p>Adem\u00e1s, Llamas destaca la importancia de la colaboraci\u00f3n entre Administraciones \u201cpara que proyectos como la rehabilitaci\u00f3n del colegio de Puerto Naos salgan adelante, m\u00e1s si cabe en un colectivo como la educaci\u00f3n, que supone el futuro de nuestro municipio y nuestra isla\u201d.<\/p>\n<p>Por su parte, el concejal de Educaci\u00f3n, Eduardo P\u00e9rez, explica que se han implementado mejoras espec\u00edficas \u201cpara que los centros sean m\u00e1s seguros y accesibles para el alumnado\u201d. \u201cSeguiremos a disposici\u00f3n de la comunidad educativa para resolver cualquier situaci\u00f3n que soliciten\u201d, a\u00f1ade P\u00e9rez.<\/p>\n<p>Se ha actuado en nueve centros de educaci\u00f3n infantil y primaria: Los CEIP Mayantigo, El Roque, Mariela C\u00e1ceres, Las Manchas y Sagrada Familia Nazaret.<\/p>\n<p>Adem\u00e1s, se han acondicionado las infraestructuras de los colegios desplazados temporalmente a otros espacios como los CEIP Todoque, Los Campitos y La Laguna.<\/p>\n<p>Estas obras comprenden diversas actuaciones de mejora y mantenimiento, que incluyen trabajos de pintura en interiores, exteriores, canchas y escaleras, as\u00ed como impermeabilizaci\u00f3n de techos y reparaci\u00f3n de humedades. Tambi\u00e9n se realizaron arreglos de carpinter\u00eda, mobiliario, riegos y sistemas el\u00e9ctricos, instalaci\u00f3n de nuevas ventanas, puertas y elementos de cerramiento, colocaci\u00f3n de termos, grifer\u00eda y porteros autom\u00e1ticos, adem\u00e1s de mejoras en patios, jardines y zonas deportivas, con renovaci\u00f3n de vallados, canastas y porter\u00edas.<\/p>\n<p>Por otro lado, se ha puesto especial atenci\u00f3n en la rehabilitaci\u00f3n del CEIP Mar\u00eda Milagros Acosta de Puerto Naos, que cuatro a\u00f1os despu\u00e9s ha recuperado su actividad lectiva. Esto se posibilita gracias a la colaboraci\u00f3n del Cabildo Insular de La Palma y al Gobierno de Canarias, a trav\u00e9s de su Consejer\u00eda de Educaci\u00f3n.<\/p>\n","protected":false},"excerpt":{"rendered":"<p>Se han llevado a cabo obras de reforma, acondicionamiento y mejora de instalaciones en nueve colegios del municipio<\/p>\n","protected":false},"author":4,"featured_media":4753,"comment_status":"open","ping_status":"open","sticky":false,"template":"","format":"standard","meta":{"footnotes":""},"categories":[1],"tags":[],"class_list":["post-4752","post","type-post","status-publish","format-standard","has-post-thumbnail","hentry","category-sin-categoria"],"yoast_head":"<!-- This site is optimized with the Yoast SEO plugin v22.7 - https:\/\/yoast.com\/wordpress\/plugins\/seo\/ -->\n<title>Los Llanos de Aridane invierte en la mejora de las instalaciones de sus centros educativos - Ayuntamiento de Los Llanos de Aridane<\/title>\n<meta name=\"robots\" content=\"index, follow, max-snippet:-1, max-image-preview:large, max-video-preview:-1\" \/>\n<link rel=\"canonical\" href=\"https:\/\/www.aridane.org\/city\/2025\/09\/19\/los-llanos-de-aridane-invierte-en-la-mejora-de-las-instalaciones-de-sus-centros-educativos\/\" \/>\n<meta property=\"og:locale\" content=\"es_ES\" \/>\n<meta property=\"og:type\" content=\"article\" \/>\n<meta property=\"og:title\" content=\"Los Llanos de Aridane invierte en la mejora de las instalaciones de sus centros educativos - Ayuntamiento de Los Llanos de Aridane\" \/>\n<meta property=\"og:description\" content=\"Se han llevado a cabo obras de reforma, acondicionamiento y mejora de instalaciones en nueve colegios del municipio\" \/>\n<meta property=\"og:url\" content=\"https:\/\/www.aridane.org\/city\/2025\/09\/19\/los-llanos-de-aridane-invierte-en-la-mejora-de-las-instalaciones-de-sus-centros-educativos\/\" \/>\n<meta property=\"og:site_name\" content=\"Ayuntamiento de Los Llanos de Aridane\" \/>\n<meta property=\"article:published_time\" content=\"2025-09-19T14:04:30+00:00\" \/>\n<meta property=\"og:image\" content=\"https:\/\/www.aridane.org\/city\/wp-content\/uploads\/2025\/09\/NP-Obras-RAM.jpg\" \/>\n\t<meta property=\"og:image:width\" content=\"1435\" \/>\n\t<meta property=\"og:image:height\" content=\"819\" \/>\n\t<meta property=\"og:image:type\" content=\"image\/jpeg\" \/>\n<meta name=\"author\" content=\"Corresponsal\" \/>\n<meta name=\"twitter:card\" content=\"summary_large_image\" \/>\n<meta name=\"twitter:label1\" content=\"Escrito por\" \/>\n\t<meta name=\"twitter:data1\" content=\"Corresponsal\" \/>\n\t<meta name=\"twitter:label2\" content=\"Tiempo de lectura\" \/>\n\t<meta name=\"twitter:data2\" content=\"2 minutos\" \/>\n<script type=\"application\/ld+json\" class=\"yoast-schema-graph\">{\"@context\":\"https:\/\/schema.org\",\"@graph\":[{\"@type\":\"WebPage\",\"@id\":\"https:\/\/www.aridane.org\/city\/2025\/09\/19\/los-llanos-de-aridane-invierte-en-la-mejora-de-las-instalaciones-de-sus-centros-educativos\/\",\"url\":\"https:\/\/www.aridane.org\/city\/2025\/09\/19\/los-llanos-de-aridane-invierte-en-la-mejora-de-las-instalaciones-de-sus-centros-educativos\/\",\"name\":\"Los Llanos de Aridane invierte en la mejora de las instalaciones de sus centros educativos - Ayuntamiento de Los Llanos de Aridane\",\"isPartOf\":{\"@id\":\"https:\/\/www.aridane.org\/city\/#website\"},\"primaryImageOfPage\":{\"@id\":\"https:\/\/www.aridane.org\/city\/2025\/09\/19\/los-llanos-de-aridane-invierte-en-la-mejora-de-las-instalaciones-de-sus-centros-educativos\/#primaryimage\"},\"image\":{\"@id\":\"https:\/\/www.aridane.org\/city\/2025\/09\/19\/los-llanos-de-aridane-invierte-en-la-mejora-de-las-instalaciones-de-sus-centros-educativos\/#primaryimage\"},\"thumbnailUrl\":\"https:\/\/www.aridane.org\/city\/wp-content\/uploads\/2025\/09\/NP-Obras-RAM.jpg\",\"datePublished\":\"2025-09-19T14:04:30+00:00\",\"dateModified\":\"2025-09-19T14:04:30+00:00\",\"author\":{\"@id\":\"https:\/\/www.aridane.org\/city\/#\/schema\/person\/89ebd376b223dc94cc1dbcf200c8e6da\"},\"breadcrumb\":{\"@id\":\"https:\/\/www.aridane.org\/city\/2025\/09\/19\/los-llanos-de-aridane-invierte-en-la-mejora-de-las-instalaciones-de-sus-centros-educativos\/#breadcrumb\"},\"inLanguage\":\"es\",\"potentialAction\":[{\"@type\":\"ReadAction\",\"target\":[\"https:\/\/www.aridane.org\/city\/2025\/09\/19\/los-llanos-de-aridane-invierte-en-la-mejora-de-las-instalaciones-de-sus-centros-educativos\/\"]}]},{\"@type\":\"ImageObject\",\"inLanguage\":\"es\",\"@id\":\"https:\/\/www.aridane.org\/city\/2025\/09\/19\/los-llanos-de-aridane-invierte-en-la-mejora-de-las-instalaciones-de-sus-centros-educativos\/#primaryimage\",\"url\":\"https:\/\/www.aridane.org\/city\/wp-content\/uploads\/2025\/09\/NP-Obras-RAM.jpg\",\"contentUrl\":\"https:\/\/www.aridane.org\/city\/wp-content\/uploads\/2025\/09\/NP-Obras-RAM.jpg\",\"width\":1435,\"height\":819},{\"@type\":\"BreadcrumbList\",\"@id\":\"https:\/\/www.aridane.org\/city\/2025\/09\/19\/los-llanos-de-aridane-invierte-en-la-mejora-de-las-instalaciones-de-sus-centros-educativos\/#breadcrumb\",\"itemListElement\":[{\"@type\":\"ListItem\",\"position\":1,\"name\":\"Portada\",\"item\":\"https:\/\/www.aridane.org\/city\/\"},{\"@type\":\"ListItem\",\"position\":2,\"name\":\"Los Llanos de Aridane invierte en la mejora de las instalaciones de sus centros educativos\"}]},{\"@type\":\"WebSite\",\"@id\":\"https:\/\/www.aridane.org\/city\/#website\",\"url\":\"https:\/\/www.aridane.org\/city\/\",\"name\":\"Ayuntamiento de Los Llanos de Aridane\",\"description\":\"\",\"potentialAction\":[{\"@type\":\"SearchAction\",\"target\":{\"@type\":\"EntryPoint\",\"urlTemplate\":\"https:\/\/www.aridane.org\/city\/?s={search_term_string}\"},\"query-input\":\"required name=search_term_string\"}],\"inLanguage\":\"es\"},{\"@type\":\"Person\",\"@id\":\"https:\/\/www.aridane.org\/city\/#\/schema\/person\/89ebd376b223dc94cc1dbcf200c8e6da\",\"name\":\"Corresponsal\",\"image\":{\"@type\":\"ImageObject\",\"inLanguage\":\"es\",\"@id\":\"https:\/\/www.aridane.org\/city\/#\/schema\/person\/image\/\",\"url\":\"https:\/\/secure.gravatar.com\/avatar\/1c476992411e4ccf153da63b2b2f5ea0bb4cb1c85f3ceab8512f04325ad5579c?s=96&d=mm&r=g\",\"contentUrl\":\"https:\/\/secure.gravatar.com\/avatar\/1c476992411e4ccf153da63b2b2f5ea0bb4cb1c85f3ceab8512f04325ad5579c?s=96&d=mm&r=g\",\"caption\":\"Corresponsal\"},\"url\":\"https:\/\/www.aridane.org\/city\/author\/corresponsal\/\"}]}<\/script>\n<!-- \/ Yoast SEO plugin. -->","yoast_head_json":{"title":"Los Llanos de Aridane invierte en la mejora de las instalaciones de sus centros educativos - Ayuntamiento de Los Llanos de Aridane","robots":{"index":"index","follow":"follow","max-snippet":"max-snippet:-1","max-image-preview":"max-image-preview:large","max-video-preview":"max-video-preview:-1"},"canonical":"https:\/\/www.aridane.org\/city\/2025\/09\/19\/los-llanos-de-aridane-invierte-en-la-mejora-de-las-instalaciones-de-sus-centros-educativos\/","og_locale":"es_ES","og_type":"article","og_title":"Los Llanos de Aridane invierte en la mejora de las instalaciones de sus centros educativos - Ayuntamiento de Los Llanos de Aridane","og_description":"Se han llevado a cabo obras de reforma, acondicionamiento y mejora de instalaciones en nueve colegios del municipio","og_url":"https:\/\/www.aridane.org\/city\/2025\/09\/19\/los-llanos-de-aridane-invierte-en-la-mejora-de-las-instalaciones-de-sus-centros-educativos\/","og_site_name":"Ayuntamiento de Los Llanos de Aridane","article_published_time":"2025-09-19T14:04:30+00:00","og_image":[{"width":1435,"height":819,"url":"https:\/\/www.aridane.org\/city\/wp-content\/uploads\/2025\/09\/NP-Obras-RAM.jpg","type":"image\/jpeg"}],"author":"Corresponsal","twitter_card":"summary_large_image","twitter_misc":{"Escrito por":"Corresponsal","Tiempo de lectura":"2 minutos"},"schema":{"@context":"https:\/\/schema.org","@graph":[{"@type":"WebPage","@id":"https:\/\/www.aridane.org\/city\/2025\/09\/19\/los-llanos-de-aridane-invierte-en-la-mejora-de-las-instalaciones-de-sus-centros-educativos\/","url":"https:\/\/www.aridane.org\/city\/2025\/09\/19\/los-llanos-de-aridane-invierte-en-la-mejora-de-las-instalaciones-de-sus-centros-educativos\/","name":"Los Llanos de Aridane invierte en la mejora de las instalaciones de sus centros educativos - Ayuntamiento de Los Llanos de Aridane","isPartOf":{"@id":"https:\/\/www.aridane.org\/city\/#website"},"primaryImageOfPage":{"@id":"https:\/\/www.aridane.org\/city\/2025\/09\/19\/los-llanos-de-aridane-invierte-en-la-mejora-de-las-instalaciones-de-sus-centros-educativos\/#primaryimage"},"image":{"@id":"https:\/\/www.aridane.org\/city\/2025\/09\/19\/los-llanos-de-aridane-invierte-en-la-mejora-de-las-instalaciones-de-sus-centros-educativos\/#primaryimage"},"thumbnailUrl":"https:\/\/www.aridane.org\/city\/wp-content\/uploads\/2025\/09\/NP-Obras-RAM.jpg","datePublished":"2025-09-19T14:04:30+00:00","dateModified":"2025-09-19T14:04:30+00:00","author":{"@id":"https:\/\/www.aridane.org\/city\/#\/schema\/person\/89ebd376b223dc94cc1dbcf200c8e6da"},"breadcrumb":{"@id":"https:\/\/www.aridane.org\/city\/2025\/09\/19\/los-llanos-de-aridane-invierte-en-la-mejora-de-las-instalaciones-de-sus-centros-educativos\/#breadcrumb"},"inLanguage":"es","potentialAction":[{"@type":"ReadAction","target":["https:\/\/www.aridane.org\/city\/2025\/09\/19\/los-llanos-de-aridane-invierte-en-la-mejora-de-las-instalaciones-de-sus-centros-educativos\/"]}]},{"@type":"ImageObject","inLanguage":"es","@id":"https:\/\/www.aridane.org\/city\/2025\/09\/19\/los-llanos-de-aridane-invierte-en-la-mejora-de-las-instalaciones-de-sus-centros-educativos\/#primaryimage","url":"https:\/\/www.aridane.org\/city\/wp-content\/uploads\/2025\/09\/NP-Obras-RAM.jpg","contentUrl":"https:\/\/www.aridane.org\/city\/wp-content\/uploads\/2025\/09\/NP-Obras-RAM.jpg","width":1435,"height":819},{"@type":"BreadcrumbList","@id":"https:\/\/www.aridane.org\/city\/2025\/09\/19\/los-llanos-de-aridane-invierte-en-la-mejora-de-las-instalaciones-de-sus-centros-educativos\/#breadcrumb","itemListElement":[{"@type":"ListItem","position":1,"name":"Portada","item":"https:\/\/www.aridane.org\/city\/"},{"@type":"ListItem","position":2,"name":"Los Llanos de Aridane invierte en la mejora de las instalaciones de sus centros educativos"}]},{"@type":"WebSite","@id":"https:\/\/www.aridane.org\/city\/#website","url":"https:\/\/www.aridane.org\/city\/","name":"Ayuntamiento de Los Llanos de Aridane","description":"","potentialAction":[{"@type":"SearchAction","target":{"@type":"EntryPoint","urlTemplate":"https:\/\/www.aridane.org\/city\/?s={search_term_string}"},"query-input":"required name=search_term_string"}],"inLanguage":"es"},{"@type":"Person","@id":"https:\/\/www.aridane.org\/city\/#\/schema\/person\/89ebd376b223dc94cc1dbcf200c8e6da","name":"Corresponsal","image":{"@type":"ImageObject","inLanguage":"es","@id":"https:\/\/www.aridane.org\/city\/#\/schema\/person\/image\/","url":"https:\/\/secure.gravatar.com\/avatar\/1c476992411e4ccf153da63b2b2f5ea0bb4cb1c85f3ceab8512f04325ad5579c?s=96&d=mm&r=g","contentUrl":"https:\/\/secure.gravatar.com\/avatar\/1c476992411e4ccf153da63b2b2f5ea0bb4cb1c85f3ceab8512f04325ad5579c?s=96&d=mm&r=g","caption":"Corresponsal"},"url":"https:\/\/www.aridane.org\/city\/author\/corresponsal\/"}]}},"_links":{"self":[{"href":"https:\/\/www.aridane.org\/city\/wp-json\/wp\/v2\/posts\/4752","targetHints":{"allow":["GET"]}}],"collection":[{"href":"https:\/\/www.aridane.org\/city\/wp-json\/wp\/v2\/posts"}],"about":[{"href":"https:\/\/www.aridane.org\/city\/wp-json\/wp\/v2\/types\/post"}],"author":[{"embeddable":true,"href":"https:\/\/www.aridane.org\/city\/wp-json\/wp\/v2\/users\/4"}],"replies":[{"embeddable":true,"href":"https:\/\/www.aridane.org\/city\/wp-json\/wp\/v2\/comments?post=4752"}],"version-history":[{"count":1,"href":"https:\/\/www.aridane.org\/city\/wp-json\/wp\/v2\/posts\/4752\/revisions"}],"predecessor-version":[{"id":4754,"href":"https:\/\/www.aridane.org\/city\/wp-json\/wp\/v2\/posts\/4752\/revisions\/4754"}],"wp:featuredmedia":[{"embeddable":true,"href":"https:\/\/www.aridane.org\/city\/wp-json\/wp\/v2\/media\/4753"}],"wp:attachment":[{"href":"https:\/\/www.aridane.org\/city\/wp-json\/wp\/v2\/media?parent=4752"}],"wp:term":[{"taxonomy":"category","embeddable":true,"href":"https:\/\/www.aridane.org\/city\/wp-json\/wp\/v2\/categories?post=4752"},{"taxonomy":"post_tag","embeddable":true,"href":"https:\/\/www.aridane.org\/city\/wp-json\/wp\/v2\/tags?post=4752"}],"curies":[{"name":"wp","href":"https:\/\/api.w.org\/{rel}","templated":true}]}}