{"id":4759,"date":"2025-09-30T14:19:31","date_gmt":"2025-09-30T14:19:31","guid":{"rendered":"https:\/\/www.aridane.org\/city\/?p=4759"},"modified":"2025-10-02T14:20:31","modified_gmt":"2025-10-02T14:20:31","slug":"los-llanos-de-aridane-abre-la-novena-convocatoria-de-los-huertos-municipales","status":"publish","type":"post","link":"https:\/\/www.aridane.org\/city\/2025\/09\/30\/los-llanos-de-aridane-abre-la-novena-convocatoria-de-los-huertos-municipales\/","title":{"rendered":"Los Llanos de Aridane abre la novena convocatoria de los huertos municipales"},"content":{"rendered":"<p><em>El concejal Ar\u00f3n Le\u00f3n destaca el valor \u201csocial, educativo y medioambiental\u201d del proyecto<\/em><!--more--><\/p>\n<div id=\"v1forwardbody1\">\n<p>El Ayuntamiento de Los Llanos de Aridane abre el plazo de presentaci\u00f3n de solicitudes para la novena convocatoria de los huertos municipales, que se desarrollar\u00e1 hasta el 17 de octubre de 2025.<\/p>\n<p>El concejal de Sector Primario, Ar\u00f3n Le\u00f3n, destaca que \u201clos huertos municipales se han consolidado como un proyecto de gran valor social, educativo y medioambiental, en el que se fomenta la agricultura sostenible, el consumo responsable y la convivencia vecinal\u201d.<\/p>\n<p>Asimismo, Le\u00f3n subraya que \u201ccada convocatoria refleja el inter\u00e9s creciente de la ciudadan\u00eda por participar en este programa, que ofrece a las familias la posibilidad de cultivar sus propios alimentos y fortalecer el v\u00ednculo con la tierra\u201d.<\/p>\n<p>La inscripci\u00f3n debe realizarse por registro de entrada en el Ayuntamiento, y toda la informaci\u00f3n sobre el procedimiento est\u00e1 disponible en el tabl\u00f3n de anuncios de la corporaci\u00f3n y en la Oficina de Desarrollo Local.<\/p>\n<p>El Ayuntamiento anima a todas las personas interesadas a presentar su solicitud dentro del plazo establecido y recuerda que este proyecto contribuye a dinamizar el municipio, reforzando los valores de sostenibilidad y participaci\u00f3n ciudadana.<\/p>\n<\/div>\n","protected":false},"excerpt":{"rendered":"<p>El concejal Ar\u00f3n Le\u00f3n destaca el valor \u201csocial, educativo y medioambiental\u201d del proyecto<\/p>\n","protected":false},"author":4,"featured_media":4760,"comment_status":"open","ping_status":"open","sticky":false,"template":"","format":"standard","meta":{"footnotes":""},"categories":[1],"tags":[],"class_list":["post-4759","post","type-post","status-publish","format-standard","has-post-thumbnail","hentry","category-sin-categoria"],"yoast_head":"<!-- This site is optimized with the Yoast SEO plugin v22.7 - https:\/\/yoast.com\/wordpress\/plugins\/seo\/ -->\n<title>Los Llanos de Aridane abre la novena convocatoria de los huertos municipales - Ayuntamiento de Los Llanos de Aridane<\/title>\n<meta name=\"robots\" content=\"index, follow, max-snippet:-1, max-image-preview:large, max-video-preview:-1\" \/>\n<link rel=\"canonical\" href=\"https:\/\/www.aridane.org\/city\/2025\/09\/30\/los-llanos-de-aridane-abre-la-novena-convocatoria-de-los-huertos-municipales\/\" \/>\n<meta property=\"og:locale\" content=\"es_ES\" \/>\n<meta property=\"og:type\" content=\"article\" \/>\n<meta property=\"og:title\" content=\"Los Llanos de Aridane abre la novena convocatoria de los huertos municipales - Ayuntamiento de Los Llanos de Aridane\" \/>\n<meta property=\"og:description\" content=\"El concejal Ar\u00f3n Le\u00f3n destaca el valor \u201csocial, educativo y medioambiental\u201d del proyecto\" \/>\n<meta property=\"og:url\" content=\"https:\/\/www.aridane.org\/city\/2025\/09\/30\/los-llanos-de-aridane-abre-la-novena-convocatoria-de-los-huertos-municipales\/\" \/>\n<meta property=\"og:site_name\" content=\"Ayuntamiento de Los Llanos de Aridane\" \/>\n<meta property=\"article:published_time\" content=\"2025-09-30T14:19:31+00:00\" \/>\n<meta property=\"article:modified_time\" content=\"2025-10-02T14:20:31+00:00\" \/>\n<meta property=\"og:image\" content=\"https:\/\/www.aridane.org\/city\/wp-content\/uploads\/2025\/10\/Huerto-Municipales-1.jpeg\" \/>\n\t<meta property=\"og:image:width\" content=\"1414\" \/>\n\t<meta property=\"og:image:height\" content=\"2000\" \/>\n\t<meta property=\"og:image:type\" content=\"image\/jpeg\" \/>\n<meta name=\"author\" content=\"Corresponsal\" \/>\n<meta name=\"twitter:card\" content=\"summary_large_image\" \/>\n<meta name=\"twitter:label1\" content=\"Escrito por\" \/>\n\t<meta name=\"twitter:data1\" content=\"Corresponsal\" \/>\n\t<meta name=\"twitter:label2\" content=\"Tiempo de lectura\" \/>\n\t<meta name=\"twitter:data2\" content=\"2 minutos\" \/>\n<script type=\"application\/ld+json\" class=\"yoast-schema-graph\">{\"@context\":\"https:\/\/schema.org\",\"@graph\":[{\"@type\":\"WebPage\",\"@id\":\"https:\/\/www.aridane.org\/city\/2025\/09\/30\/los-llanos-de-aridane-abre-la-novena-convocatoria-de-los-huertos-municipales\/\",\"url\":\"https:\/\/www.aridane.org\/city\/2025\/09\/30\/los-llanos-de-aridane-abre-la-novena-convocatoria-de-los-huertos-municipales\/\",\"name\":\"Los Llanos de Aridane abre la novena convocatoria de los huertos municipales - Ayuntamiento de Los Llanos de Aridane\",\"isPartOf\":{\"@id\":\"https:\/\/www.aridane.org\/city\/#website\"},\"primaryImageOfPage\":{\"@id\":\"https:\/\/www.aridane.org\/city\/2025\/09\/30\/los-llanos-de-aridane-abre-la-novena-convocatoria-de-los-huertos-municipales\/#primaryimage\"},\"image\":{\"@id\":\"https:\/\/www.aridane.org\/city\/2025\/09\/30\/los-llanos-de-aridane-abre-la-novena-convocatoria-de-los-huertos-municipales\/#primaryimage\"},\"thumbnailUrl\":\"https:\/\/www.aridane.org\/city\/wp-content\/uploads\/2025\/10\/Huerto-Municipales-1.jpeg\",\"datePublished\":\"2025-09-30T14:19:31+00:00\",\"dateModified\":\"2025-10-02T14:20:31+00:00\",\"author\":{\"@id\":\"https:\/\/www.aridane.org\/city\/#\/schema\/person\/89ebd376b223dc94cc1dbcf200c8e6da\"},\"breadcrumb\":{\"@id\":\"https:\/\/www.aridane.org\/city\/2025\/09\/30\/los-llanos-de-aridane-abre-la-novena-convocatoria-de-los-huertos-municipales\/#breadcrumb\"},\"inLanguage\":\"es\",\"potentialAction\":[{\"@type\":\"ReadAction\",\"target\":[\"https:\/\/www.aridane.org\/city\/2025\/09\/30\/los-llanos-de-aridane-abre-la-novena-convocatoria-de-los-huertos-municipales\/\"]}]},{\"@type\":\"ImageObject\",\"inLanguage\":\"es\",\"@id\":\"https:\/\/www.aridane.org\/city\/2025\/09\/30\/los-llanos-de-aridane-abre-la-novena-convocatoria-de-los-huertos-municipales\/#primaryimage\",\"url\":\"https:\/\/www.aridane.org\/city\/wp-content\/uploads\/2025\/10\/Huerto-Municipales-1.jpeg\",\"contentUrl\":\"https:\/\/www.aridane.org\/city\/wp-content\/uploads\/2025\/10\/Huerto-Municipales-1.jpeg\",\"width\":1414,\"height\":2000},{\"@type\":\"BreadcrumbList\",\"@id\":\"https:\/\/www.aridane.org\/city\/2025\/09\/30\/los-llanos-de-aridane-abre-la-novena-convocatoria-de-los-huertos-municipales\/#breadcrumb\",\"itemListElement\":[{\"@type\":\"ListItem\",\"position\":1,\"name\":\"Portada\",\"item\":\"https:\/\/www.aridane.org\/city\/\"},{\"@type\":\"ListItem\",\"position\":2,\"name\":\"Los Llanos de Aridane abre la novena convocatoria de los huertos municipales\"}]},{\"@type\":\"WebSite\",\"@id\":\"https:\/\/www.aridane.org\/city\/#website\",\"url\":\"https:\/\/www.aridane.org\/city\/\",\"name\":\"Ayuntamiento de Los Llanos de Aridane\",\"description\":\"\",\"potentialAction\":[{\"@type\":\"SearchAction\",\"target\":{\"@type\":\"EntryPoint\",\"urlTemplate\":\"https:\/\/www.aridane.org\/city\/?s={search_term_string}\"},\"query-input\":\"required name=search_term_string\"}],\"inLanguage\":\"es\"},{\"@type\":\"Person\",\"@id\":\"https:\/\/www.aridane.org\/city\/#\/schema\/person\/89ebd376b223dc94cc1dbcf200c8e6da\",\"name\":\"Corresponsal\",\"image\":{\"@type\":\"ImageObject\",\"inLanguage\":\"es\",\"@id\":\"https:\/\/www.aridane.org\/city\/#\/schema\/person\/image\/\",\"url\":\"https:\/\/secure.gravatar.com\/avatar\/1c476992411e4ccf153da63b2b2f5ea0bb4cb1c85f3ceab8512f04325ad5579c?s=96&d=mm&r=g\",\"contentUrl\":\"https:\/\/secure.gravatar.com\/avatar\/1c476992411e4ccf153da63b2b2f5ea0bb4cb1c85f3ceab8512f04325ad5579c?s=96&d=mm&r=g\",\"caption\":\"Corresponsal\"},\"url\":\"https:\/\/www.aridane.org\/city\/author\/corresponsal\/\"}]}<\/script>\n<!-- \/ Yoast SEO plugin. -->","yoast_head_json":{"title":"Los Llanos de Aridane abre la novena convocatoria de los huertos municipales - Ayuntamiento de Los Llanos de Aridane","robots":{"index":"index","follow":"follow","max-snippet":"max-snippet:-1","max-image-preview":"max-image-preview:large","max-video-preview":"max-video-preview:-1"},"canonical":"https:\/\/www.aridane.org\/city\/2025\/09\/30\/los-llanos-de-aridane-abre-la-novena-convocatoria-de-los-huertos-municipales\/","og_locale":"es_ES","og_type":"article","og_title":"Los Llanos de Aridane abre la novena convocatoria de los huertos municipales - Ayuntamiento de Los Llanos de Aridane","og_description":"El concejal Ar\u00f3n Le\u00f3n destaca el valor \u201csocial, educativo y medioambiental\u201d del proyecto","og_url":"https:\/\/www.aridane.org\/city\/2025\/09\/30\/los-llanos-de-aridane-abre-la-novena-convocatoria-de-los-huertos-municipales\/","og_site_name":"Ayuntamiento de Los Llanos de Aridane","article_published_time":"2025-09-30T14:19:31+00:00","article_modified_time":"2025-10-02T14:20:31+00:00","og_image":[{"width":1414,"height":2000,"url":"https:\/\/www.aridane.org\/city\/wp-content\/uploads\/2025\/10\/Huerto-Municipales-1.jpeg","type":"image\/jpeg"}],"author":"Corresponsal","twitter_card":"summary_large_image","twitter_misc":{"Escrito por":"Corresponsal","Tiempo de lectura":"2 minutos"},"schema":{"@context":"https:\/\/schema.org","@graph":[{"@type":"WebPage","@id":"https:\/\/www.aridane.org\/city\/2025\/09\/30\/los-llanos-de-aridane-abre-la-novena-convocatoria-de-los-huertos-municipales\/","url":"https:\/\/www.aridane.org\/city\/2025\/09\/30\/los-llanos-de-aridane-abre-la-novena-convocatoria-de-los-huertos-municipales\/","name":"Los Llanos de Aridane abre la novena convocatoria de los huertos municipales - Ayuntamiento de Los Llanos de Aridane","isPartOf":{"@id":"https:\/\/www.aridane.org\/city\/#website"},"primaryImageOfPage":{"@id":"https:\/\/www.aridane.org\/city\/2025\/09\/30\/los-llanos-de-aridane-abre-la-novena-convocatoria-de-los-huertos-municipales\/#primaryimage"},"image":{"@id":"https:\/\/www.aridane.org\/city\/2025\/09\/30\/los-llanos-de-aridane-abre-la-novena-convocatoria-de-los-huertos-municipales\/#primaryimage"},"thumbnailUrl":"https:\/\/www.aridane.org\/city\/wp-content\/uploads\/2025\/10\/Huerto-Municipales-1.jpeg","datePublished":"2025-09-30T14:19:31+00:00","dateModified":"2025-10-02T14:20:31+00:00","author":{"@id":"https:\/\/www.aridane.org\/city\/#\/schema\/person\/89ebd376b223dc94cc1dbcf200c8e6da"},"breadcrumb":{"@id":"https:\/\/www.aridane.org\/city\/2025\/09\/30\/los-llanos-de-aridane-abre-la-novena-convocatoria-de-los-huertos-municipales\/#breadcrumb"},"inLanguage":"es","potentialAction":[{"@type":"ReadAction","target":["https:\/\/www.aridane.org\/city\/2025\/09\/30\/los-llanos-de-aridane-abre-la-novena-convocatoria-de-los-huertos-municipales\/"]}]},{"@type":"ImageObject","inLanguage":"es","@id":"https:\/\/www.aridane.org\/city\/2025\/09\/30\/los-llanos-de-aridane-abre-la-novena-convocatoria-de-los-huertos-municipales\/#primaryimage","url":"https:\/\/www.aridane.org\/city\/wp-content\/uploads\/2025\/10\/Huerto-Municipales-1.jpeg","contentUrl":"https:\/\/www.aridane.org\/city\/wp-content\/uploads\/2025\/10\/Huerto-Municipales-1.jpeg","width":1414,"height":2000},{"@type":"BreadcrumbList","@id":"https:\/\/www.aridane.org\/city\/2025\/09\/30\/los-llanos-de-aridane-abre-la-novena-convocatoria-de-los-huertos-municipales\/#breadcrumb","itemListElement":[{"@type":"ListItem","position":1,"name":"Portada","item":"https:\/\/www.aridane.org\/city\/"},{"@type":"ListItem","position":2,"name":"Los Llanos de Aridane abre la novena convocatoria de los huertos municipales"}]},{"@type":"WebSite","@id":"https:\/\/www.aridane.org\/city\/#website","url":"https:\/\/www.aridane.org\/city\/","name":"Ayuntamiento de Los Llanos de Aridane","description":"","potentialAction":[{"@type":"SearchAction","target":{"@type":"EntryPoint","urlTemplate":"https:\/\/www.aridane.org\/city\/?s={search_term_string}"},"query-input":"required name=search_term_string"}],"inLanguage":"es"},{"@type":"Person","@id":"https:\/\/www.aridane.org\/city\/#\/schema\/person\/89ebd376b223dc94cc1dbcf200c8e6da","name":"Corresponsal","image":{"@type":"ImageObject","inLanguage":"es","@id":"https:\/\/www.aridane.org\/city\/#\/schema\/person\/image\/","url":"https:\/\/secure.gravatar.com\/avatar\/1c476992411e4ccf153da63b2b2f5ea0bb4cb1c85f3ceab8512f04325ad5579c?s=96&d=mm&r=g","contentUrl":"https:\/\/secure.gravatar.com\/avatar\/1c476992411e4ccf153da63b2b2f5ea0bb4cb1c85f3ceab8512f04325ad5579c?s=96&d=mm&r=g","caption":"Corresponsal"},"url":"https:\/\/www.aridane.org\/city\/author\/corresponsal\/"}]}},"_links":{"self":[{"href":"https:\/\/www.aridane.org\/city\/wp-json\/wp\/v2\/posts\/4759","targetHints":{"allow":["GET"]}}],"collection":[{"href":"https:\/\/www.aridane.org\/city\/wp-json\/wp\/v2\/posts"}],"about":[{"href":"https:\/\/www.aridane.org\/city\/wp-json\/wp\/v2\/types\/post"}],"author":[{"embeddable":true,"href":"https:\/\/www.aridane.org\/city\/wp-json\/wp\/v2\/users\/4"}],"replies":[{"embeddable":true,"href":"https:\/\/www.aridane.org\/city\/wp-json\/wp\/v2\/comments?post=4759"}],"version-history":[{"count":1,"href":"https:\/\/www.aridane.org\/city\/wp-json\/wp\/v2\/posts\/4759\/revisions"}],"predecessor-version":[{"id":4761,"href":"https:\/\/www.aridane.org\/city\/wp-json\/wp\/v2\/posts\/4759\/revisions\/4761"}],"wp:featuredmedia":[{"embeddable":true,"href":"https:\/\/www.aridane.org\/city\/wp-json\/wp\/v2\/media\/4760"}],"wp:attachment":[{"href":"https:\/\/www.aridane.org\/city\/wp-json\/wp\/v2\/media?parent=4759"}],"wp:term":[{"taxonomy":"category","embeddable":true,"href":"https:\/\/www.aridane.org\/city\/wp-json\/wp\/v2\/categories?post=4759"},{"taxonomy":"post_tag","embeddable":true,"href":"https:\/\/www.aridane.org\/city\/wp-json\/wp\/v2\/tags?post=4759"}],"curies":[{"name":"wp","href":"https:\/\/api.w.org\/{rel}","templated":true}]}}