{"id":4762,"date":"2025-09-29T14:20:35","date_gmt":"2025-09-29T14:20:35","guid":{"rendered":"https:\/\/www.aridane.org\/city\/?p=4762"},"modified":"2025-10-02T14:21:24","modified_gmt":"2025-10-02T14:21:24","slug":"los-llanos-de-aridane-planifica-el-futuro-del-mercado-municipal-con-femeca","status":"publish","type":"post","link":"https:\/\/www.aridane.org\/city\/2025\/09\/29\/los-llanos-de-aridane-planifica-el-futuro-del-mercado-municipal-con-femeca\/","title":{"rendered":"Los Llanos de Aridane planifica el futuro del Mercado Municipal con Femeca"},"content":{"rendered":"<p><em>El Ayuntamiento cuenta con una estrategia a largo plazo para que el mercado sea un espacio central en el d\u00eda a d\u00eda del municipio<\/em><!--more--><\/p>\n<div id=\"v1forwardbody1\">\n<p>El Ayuntamiento de Los Llanos de Aridane recibi\u00f3 este lunes, 29 de septiembre, a representantes de la Federaci\u00f3n de Mercados de Canarias (Femeca) en el marco de los trabajos de reforma y planificaci\u00f3n del futuro del Mercado Municipal. El encuentro permiti\u00f3 intercambiar experiencias con los principales referentes del Archipi\u00e9lago y reforzar la hoja de ruta para convertir este espacio en un punto de referencia comercial, cultural y gastron\u00f3mico.<\/p>\n<p>La delegaci\u00f3n de Femeca estuvo encabezada por Luis Caballero, presidente del Mercado de Vegueta; Estefan\u00eda Hern\u00e1ndez, presidenta del Mercado Nuestra Se\u00f1ora de \u00c1frica; y Miguel Ruiz, gerente de este \u00faltimo espacio, quienes fueron recibidos en la Casa Consistorial por el alcalde, Javier Llamas, y la concejala de Comercio y Desarrollo Local, Ver\u00f3nica Gonz\u00e1lez.<\/p>\n<p>El alcalde destaca que el Mercado Municipal es una de nuestras prioridades. \u201cQueremos que sea un espacio moderno, din\u00e1mico y referente en Canarias, y por eso es fundamental contar con la experiencia de FEMECA y con los mejores profesionales del sector. De la mano de ellos, seguiremos planificando el futuro y potenciando un mercado que combine tradici\u00f3n e innovaci\u00f3n, que respalde al sector primario y que fortalezca nuestra econom\u00eda local\u201d, se\u00f1ala.<\/p>\n<p>En este sentido, Javier Llamas se\u00f1ala que la actual reforma del Mercado Municipal se acompa\u00f1a de \u201cuna estrategia a largo plazo para situarlo en el centro de la vida econ\u00f3mica y cultural de Los Llanos de Aridane, con un modelo de gesti\u00f3n alineado con la sostenibilidad, la innovaci\u00f3n y la dinamizaci\u00f3n del comercio de proximidad\u201d.<\/p>\n<p>Por su parte, la concejala de Comercio y Desarrollo Local, Ver\u00f3nica Gonz\u00e1lez, explica que esta visita permite compartir experiencias y buenas pr\u00e1cticas con mercados que ya se han consolidado como referentes en el Archipi\u00e9lago. \u201cEl objetivo es que el Mercado Municipal de Los Llanos de Aridane se convierta en un motor econ\u00f3mico y social, un espacio de encuentro vivo para vecinos, visitantes y productores locales\u201d, apunta.<\/p>\n<p>Cabe recordar que proyecto del Mercado contempla mejoras en la accesibilidad, la reordenaci\u00f3n del tr\u00e1fico y del estacionamiento en la calle Juan XXIII, as\u00ed como una primera fase de obra centrada en la modernizaci\u00f3n del entorno. En fases posteriores se prev\u00e9 la construcci\u00f3n de un aparcamiento subterr\u00e1neo y la rehabilitaci\u00f3n integral del edificio comercial. La actuaci\u00f3n cuenta con un presupuesto de 2 millones de euros, financiados conjuntamente por el Ayuntamiento, el Cabildo de La Palma y el Gobierno de Canarias.<\/p>\n<\/div>\n","protected":false},"excerpt":{"rendered":"<p>El Ayuntamiento cuenta con una estrategia a largo plazo para que el mercado sea un espacio central en el d\u00eda a d\u00eda del municipio<\/p>\n","protected":false},"author":4,"featured_media":4763,"comment_status":"open","ping_status":"open","sticky":false,"template":"","format":"standard","meta":{"footnotes":""},"categories":[1],"tags":[],"class_list":["post-4762","post","type-post","status-publish","format-standard","has-post-thumbnail","hentry","category-sin-categoria"],"yoast_head":"<!-- This site is optimized with the Yoast SEO plugin v22.7 - https:\/\/yoast.com\/wordpress\/plugins\/seo\/ -->\n<title>Los Llanos de Aridane planifica el futuro del Mercado Municipal con Femeca - Ayuntamiento de Los Llanos de Aridane<\/title>\n<meta name=\"robots\" content=\"index, follow, max-snippet:-1, max-image-preview:large, max-video-preview:-1\" \/>\n<link rel=\"canonical\" href=\"https:\/\/www.aridane.org\/city\/2025\/09\/29\/los-llanos-de-aridane-planifica-el-futuro-del-mercado-municipal-con-femeca\/\" \/>\n<meta property=\"og:locale\" content=\"es_ES\" \/>\n<meta property=\"og:type\" content=\"article\" \/>\n<meta property=\"og:title\" content=\"Los Llanos de Aridane planifica el futuro del Mercado Municipal con Femeca - Ayuntamiento de Los Llanos de Aridane\" \/>\n<meta property=\"og:description\" content=\"El Ayuntamiento cuenta con una estrategia a largo plazo para que el mercado sea un espacio central en el d\u00eda a d\u00eda del municipio\" \/>\n<meta property=\"og:url\" content=\"https:\/\/www.aridane.org\/city\/2025\/09\/29\/los-llanos-de-aridane-planifica-el-futuro-del-mercado-municipal-con-femeca\/\" \/>\n<meta property=\"og:site_name\" content=\"Ayuntamiento de Los Llanos de Aridane\" \/>\n<meta property=\"article:published_time\" content=\"2025-09-29T14:20:35+00:00\" \/>\n<meta property=\"article:modified_time\" content=\"2025-10-02T14:21:24+00:00\" \/>\n<meta property=\"og:image\" content=\"https:\/\/www.aridane.org\/city\/wp-content\/uploads\/2025\/10\/Femeca1.jpeg\" \/>\n\t<meta property=\"og:image:width\" content=\"1178\" \/>\n\t<meta property=\"og:image:height\" content=\"1165\" \/>\n\t<meta property=\"og:image:type\" content=\"image\/jpeg\" \/>\n<meta name=\"author\" content=\"Corresponsal\" \/>\n<meta name=\"twitter:card\" content=\"summary_large_image\" \/>\n<meta name=\"twitter:label1\" content=\"Escrito por\" \/>\n\t<meta name=\"twitter:data1\" content=\"Corresponsal\" \/>\n\t<meta name=\"twitter:label2\" content=\"Tiempo de lectura\" \/>\n\t<meta name=\"twitter:data2\" content=\"3 minutos\" \/>\n<script type=\"application\/ld+json\" class=\"yoast-schema-graph\">{\"@context\":\"https:\/\/schema.org\",\"@graph\":[{\"@type\":\"WebPage\",\"@id\":\"https:\/\/www.aridane.org\/city\/2025\/09\/29\/los-llanos-de-aridane-planifica-el-futuro-del-mercado-municipal-con-femeca\/\",\"url\":\"https:\/\/www.aridane.org\/city\/2025\/09\/29\/los-llanos-de-aridane-planifica-el-futuro-del-mercado-municipal-con-femeca\/\",\"name\":\"Los Llanos de Aridane planifica el futuro del Mercado Municipal con Femeca - Ayuntamiento de Los Llanos de Aridane\",\"isPartOf\":{\"@id\":\"https:\/\/www.aridane.org\/city\/#website\"},\"primaryImageOfPage\":{\"@id\":\"https:\/\/www.aridane.org\/city\/2025\/09\/29\/los-llanos-de-aridane-planifica-el-futuro-del-mercado-municipal-con-femeca\/#primaryimage\"},\"image\":{\"@id\":\"https:\/\/www.aridane.org\/city\/2025\/09\/29\/los-llanos-de-aridane-planifica-el-futuro-del-mercado-municipal-con-femeca\/#primaryimage\"},\"thumbnailUrl\":\"https:\/\/www.aridane.org\/city\/wp-content\/uploads\/2025\/10\/Femeca1.jpeg\",\"datePublished\":\"2025-09-29T14:20:35+00:00\",\"dateModified\":\"2025-10-02T14:21:24+00:00\",\"author\":{\"@id\":\"https:\/\/www.aridane.org\/city\/#\/schema\/person\/89ebd376b223dc94cc1dbcf200c8e6da\"},\"breadcrumb\":{\"@id\":\"https:\/\/www.aridane.org\/city\/2025\/09\/29\/los-llanos-de-aridane-planifica-el-futuro-del-mercado-municipal-con-femeca\/#breadcrumb\"},\"inLanguage\":\"es\",\"potentialAction\":[{\"@type\":\"ReadAction\",\"target\":[\"https:\/\/www.aridane.org\/city\/2025\/09\/29\/los-llanos-de-aridane-planifica-el-futuro-del-mercado-municipal-con-femeca\/\"]}]},{\"@type\":\"ImageObject\",\"inLanguage\":\"es\",\"@id\":\"https:\/\/www.aridane.org\/city\/2025\/09\/29\/los-llanos-de-aridane-planifica-el-futuro-del-mercado-municipal-con-femeca\/#primaryimage\",\"url\":\"https:\/\/www.aridane.org\/city\/wp-content\/uploads\/2025\/10\/Femeca1.jpeg\",\"contentUrl\":\"https:\/\/www.aridane.org\/city\/wp-content\/uploads\/2025\/10\/Femeca1.jpeg\",\"width\":1178,\"height\":1165},{\"@type\":\"BreadcrumbList\",\"@id\":\"https:\/\/www.aridane.org\/city\/2025\/09\/29\/los-llanos-de-aridane-planifica-el-futuro-del-mercado-municipal-con-femeca\/#breadcrumb\",\"itemListElement\":[{\"@type\":\"ListItem\",\"position\":1,\"name\":\"Portada\",\"item\":\"https:\/\/www.aridane.org\/city\/\"},{\"@type\":\"ListItem\",\"position\":2,\"name\":\"Los Llanos de Aridane planifica el futuro del Mercado Municipal con Femeca\"}]},{\"@type\":\"WebSite\",\"@id\":\"https:\/\/www.aridane.org\/city\/#website\",\"url\":\"https:\/\/www.aridane.org\/city\/\",\"name\":\"Ayuntamiento de Los Llanos de Aridane\",\"description\":\"\",\"potentialAction\":[{\"@type\":\"SearchAction\",\"target\":{\"@type\":\"EntryPoint\",\"urlTemplate\":\"https:\/\/www.aridane.org\/city\/?s={search_term_string}\"},\"query-input\":\"required name=search_term_string\"}],\"inLanguage\":\"es\"},{\"@type\":\"Person\",\"@id\":\"https:\/\/www.aridane.org\/city\/#\/schema\/person\/89ebd376b223dc94cc1dbcf200c8e6da\",\"name\":\"Corresponsal\",\"image\":{\"@type\":\"ImageObject\",\"inLanguage\":\"es\",\"@id\":\"https:\/\/www.aridane.org\/city\/#\/schema\/person\/image\/\",\"url\":\"https:\/\/secure.gravatar.com\/avatar\/1c476992411e4ccf153da63b2b2f5ea0bb4cb1c85f3ceab8512f04325ad5579c?s=96&d=mm&r=g\",\"contentUrl\":\"https:\/\/secure.gravatar.com\/avatar\/1c476992411e4ccf153da63b2b2f5ea0bb4cb1c85f3ceab8512f04325ad5579c?s=96&d=mm&r=g\",\"caption\":\"Corresponsal\"},\"url\":\"https:\/\/www.aridane.org\/city\/author\/corresponsal\/\"}]}<\/script>\n<!-- \/ Yoast SEO plugin. -->","yoast_head_json":{"title":"Los Llanos de Aridane planifica el futuro del Mercado Municipal con Femeca - Ayuntamiento de Los Llanos de Aridane","robots":{"index":"index","follow":"follow","max-snippet":"max-snippet:-1","max-image-preview":"max-image-preview:large","max-video-preview":"max-video-preview:-1"},"canonical":"https:\/\/www.aridane.org\/city\/2025\/09\/29\/los-llanos-de-aridane-planifica-el-futuro-del-mercado-municipal-con-femeca\/","og_locale":"es_ES","og_type":"article","og_title":"Los Llanos de Aridane planifica el futuro del Mercado Municipal con Femeca - Ayuntamiento de Los Llanos de Aridane","og_description":"El Ayuntamiento cuenta con una estrategia a largo plazo para que el mercado sea un espacio central en el d\u00eda a d\u00eda del municipio","og_url":"https:\/\/www.aridane.org\/city\/2025\/09\/29\/los-llanos-de-aridane-planifica-el-futuro-del-mercado-municipal-con-femeca\/","og_site_name":"Ayuntamiento de Los Llanos de Aridane","article_published_time":"2025-09-29T14:20:35+00:00","article_modified_time":"2025-10-02T14:21:24+00:00","og_image":[{"width":1178,"height":1165,"url":"https:\/\/www.aridane.org\/city\/wp-content\/uploads\/2025\/10\/Femeca1.jpeg","type":"image\/jpeg"}],"author":"Corresponsal","twitter_card":"summary_large_image","twitter_misc":{"Escrito por":"Corresponsal","Tiempo de lectura":"3 minutos"},"schema":{"@context":"https:\/\/schema.org","@graph":[{"@type":"WebPage","@id":"https:\/\/www.aridane.org\/city\/2025\/09\/29\/los-llanos-de-aridane-planifica-el-futuro-del-mercado-municipal-con-femeca\/","url":"https:\/\/www.aridane.org\/city\/2025\/09\/29\/los-llanos-de-aridane-planifica-el-futuro-del-mercado-municipal-con-femeca\/","name":"Los Llanos de Aridane planifica el futuro del Mercado Municipal con Femeca - Ayuntamiento de Los Llanos de Aridane","isPartOf":{"@id":"https:\/\/www.aridane.org\/city\/#website"},"primaryImageOfPage":{"@id":"https:\/\/www.aridane.org\/city\/2025\/09\/29\/los-llanos-de-aridane-planifica-el-futuro-del-mercado-municipal-con-femeca\/#primaryimage"},"image":{"@id":"https:\/\/www.aridane.org\/city\/2025\/09\/29\/los-llanos-de-aridane-planifica-el-futuro-del-mercado-municipal-con-femeca\/#primaryimage"},"thumbnailUrl":"https:\/\/www.aridane.org\/city\/wp-content\/uploads\/2025\/10\/Femeca1.jpeg","datePublished":"2025-09-29T14:20:35+00:00","dateModified":"2025-10-02T14:21:24+00:00","author":{"@id":"https:\/\/www.aridane.org\/city\/#\/schema\/person\/89ebd376b223dc94cc1dbcf200c8e6da"},"breadcrumb":{"@id":"https:\/\/www.aridane.org\/city\/2025\/09\/29\/los-llanos-de-aridane-planifica-el-futuro-del-mercado-municipal-con-femeca\/#breadcrumb"},"inLanguage":"es","potentialAction":[{"@type":"ReadAction","target":["https:\/\/www.aridane.org\/city\/2025\/09\/29\/los-llanos-de-aridane-planifica-el-futuro-del-mercado-municipal-con-femeca\/"]}]},{"@type":"ImageObject","inLanguage":"es","@id":"https:\/\/www.aridane.org\/city\/2025\/09\/29\/los-llanos-de-aridane-planifica-el-futuro-del-mercado-municipal-con-femeca\/#primaryimage","url":"https:\/\/www.aridane.org\/city\/wp-content\/uploads\/2025\/10\/Femeca1.jpeg","contentUrl":"https:\/\/www.aridane.org\/city\/wp-content\/uploads\/2025\/10\/Femeca1.jpeg","width":1178,"height":1165},{"@type":"BreadcrumbList","@id":"https:\/\/www.aridane.org\/city\/2025\/09\/29\/los-llanos-de-aridane-planifica-el-futuro-del-mercado-municipal-con-femeca\/#breadcrumb","itemListElement":[{"@type":"ListItem","position":1,"name":"Portada","item":"https:\/\/www.aridane.org\/city\/"},{"@type":"ListItem","position":2,"name":"Los Llanos de Aridane planifica el futuro del Mercado Municipal con Femeca"}]},{"@type":"WebSite","@id":"https:\/\/www.aridane.org\/city\/#website","url":"https:\/\/www.aridane.org\/city\/","name":"Ayuntamiento de Los Llanos de Aridane","description":"","potentialAction":[{"@type":"SearchAction","target":{"@type":"EntryPoint","urlTemplate":"https:\/\/www.aridane.org\/city\/?s={search_term_string}"},"query-input":"required name=search_term_string"}],"inLanguage":"es"},{"@type":"Person","@id":"https:\/\/www.aridane.org\/city\/#\/schema\/person\/89ebd376b223dc94cc1dbcf200c8e6da","name":"Corresponsal","image":{"@type":"ImageObject","inLanguage":"es","@id":"https:\/\/www.aridane.org\/city\/#\/schema\/person\/image\/","url":"https:\/\/secure.gravatar.com\/avatar\/1c476992411e4ccf153da63b2b2f5ea0bb4cb1c85f3ceab8512f04325ad5579c?s=96&d=mm&r=g","contentUrl":"https:\/\/secure.gravatar.com\/avatar\/1c476992411e4ccf153da63b2b2f5ea0bb4cb1c85f3ceab8512f04325ad5579c?s=96&d=mm&r=g","caption":"Corresponsal"},"url":"https:\/\/www.aridane.org\/city\/author\/corresponsal\/"}]}},"_links":{"self":[{"href":"https:\/\/www.aridane.org\/city\/wp-json\/wp\/v2\/posts\/4762","targetHints":{"allow":["GET"]}}],"collection":[{"href":"https:\/\/www.aridane.org\/city\/wp-json\/wp\/v2\/posts"}],"about":[{"href":"https:\/\/www.aridane.org\/city\/wp-json\/wp\/v2\/types\/post"}],"author":[{"embeddable":true,"href":"https:\/\/www.aridane.org\/city\/wp-json\/wp\/v2\/users\/4"}],"replies":[{"embeddable":true,"href":"https:\/\/www.aridane.org\/city\/wp-json\/wp\/v2\/comments?post=4762"}],"version-history":[{"count":1,"href":"https:\/\/www.aridane.org\/city\/wp-json\/wp\/v2\/posts\/4762\/revisions"}],"predecessor-version":[{"id":4764,"href":"https:\/\/www.aridane.org\/city\/wp-json\/wp\/v2\/posts\/4762\/revisions\/4764"}],"wp:featuredmedia":[{"embeddable":true,"href":"https:\/\/www.aridane.org\/city\/wp-json\/wp\/v2\/media\/4763"}],"wp:attachment":[{"href":"https:\/\/www.aridane.org\/city\/wp-json\/wp\/v2\/media?parent=4762"}],"wp:term":[{"taxonomy":"category","embeddable":true,"href":"https:\/\/www.aridane.org\/city\/wp-json\/wp\/v2\/categories?post=4762"},{"taxonomy":"post_tag","embeddable":true,"href":"https:\/\/www.aridane.org\/city\/wp-json\/wp\/v2\/tags?post=4762"}],"curies":[{"name":"wp","href":"https:\/\/api.w.org\/{rel}","templated":true}]}}