{"id":4765,"date":"2025-09-26T14:21:35","date_gmt":"2025-09-26T14:21:35","guid":{"rendered":"https:\/\/www.aridane.org\/city\/?p=4765"},"modified":"2025-10-02T14:23:08","modified_gmt":"2025-10-02T14:23:08","slug":"el-ayuntamiento-abre-convocatoria-de-subvenciones-para-apoyar-a-deportistas-de-los-llanos-de-aridane","status":"publish","type":"post","link":"https:\/\/www.aridane.org\/city\/2025\/09\/26\/el-ayuntamiento-abre-convocatoria-de-subvenciones-para-apoyar-a-deportistas-de-los-llanos-de-aridane\/","title":{"rendered":"El Ayuntamiento abre convocatoria de subvenciones para apoyar a deportistas de Los Llanos de Aridane"},"content":{"rendered":"<p><em>Las solicitudes podr\u00e1n presentarse desde el lunes, 29 de septiembre, hasta el viernes, 24 de octubre<\/em><!--more--><\/p>\n<div id=\"v1forwardbody1\">\n<p>El Ayuntamiento de Los Llanos de Aridane anuncia la apertura de la convocatoria de subvenciones en r\u00e9gimen de concurrencia competitiva destinadas a reconocer los logros deportivos de las y los atletas empadronados en el municipio.<\/p>\n<p>La cuant\u00eda total destinada asciende a 25.000 euros, con el objetivo de fomentar la alta competici\u00f3n y respaldar el esfuerzo de quienes han alcanzado resultados relevantes entre el 1 de octubre de 2024 y el 30 de septiembre de 2025.<\/p>\n<p>El alcalde, Javier Llamas, destaca que esta convocatoria \u201csupone un reconocimiento al talento y sacrificio de nuestros deportistas, que llevan el nombre de Los Llanos de Aridane m\u00e1s all\u00e1 de nuestras fronteras\u201d.<\/p>\n<p>Por su parte, el concejal de Deportes, V\u00edctor Gonz\u00e1lez, subraya que \u201cestas ayudas no solo son un respaldo econ\u00f3mico, sino tambi\u00e9n una muestra del compromiso del Ayuntamiento con el deporte de base y de \u00e9lite, acompa\u00f1ando a los y las atletas en su camino hacia nuevas metas\u201d.<\/p>\n<p>Las ayudas est\u00e1n dirigidas a deportistas que cuenten con licencia federativa en vigor y que acrediten resultados oficiales obtenidos en competiciones individuales o en pareja. La asignaci\u00f3n econ\u00f3mica se calcular\u00e1 en funci\u00f3n de la puntuaci\u00f3n conseguida seg\u00fan los criterios establecidos en las bases, garantizando un reparto justo y proporcional.<\/p>\n<p>Las solicitudes podr\u00e1n presentarse durante un plazo de 20 d\u00edas h\u00e1biles a partir del d\u00eda siguiente a la publicaci\u00f3n, es decir, desde el lunes 29 de septiembre hasta el viernes 24 de octubre.<\/p>\n<p>Entre la documentaci\u00f3n requerida figuran el certificado de empadronamiento, la licencia federativa, la memoria de resultados deportivos y la certificaci\u00f3n de la federaci\u00f3n correspondiente.<\/p>\n<p>La resoluci\u00f3n provisional con la relaci\u00f3n de personas beneficiarias se publicar\u00e1 en la sede electr\u00f3nica y tabl\u00f3n municipal, abri\u00e9ndose un periodo de alegaciones de diez d\u00edas antes de la aprobaci\u00f3n definitiva.<\/p>\n<\/div>\n","protected":false},"excerpt":{"rendered":"<p>Las solicitudes podr\u00e1n presentarse desde el lunes, 29 de septiembre, hasta el viernes, 24 de octubre<\/p>\n","protected":false},"author":4,"featured_media":4766,"comment_status":"open","ping_status":"open","sticky":false,"template":"","format":"standard","meta":{"footnotes":""},"categories":[1],"tags":[],"class_list":["post-4765","post","type-post","status-publish","format-standard","has-post-thumbnail","hentry","category-sin-categoria"],"yoast_head":"<!-- This site is optimized with the Yoast SEO plugin v22.7 - https:\/\/yoast.com\/wordpress\/plugins\/seo\/ -->\n<title>El Ayuntamiento abre convocatoria de subvenciones para apoyar a deportistas de Los Llanos de Aridane - Ayuntamiento de Los Llanos de Aridane<\/title>\n<meta name=\"robots\" content=\"index, follow, max-snippet:-1, max-image-preview:large, max-video-preview:-1\" \/>\n<link rel=\"canonical\" href=\"https:\/\/www.aridane.org\/city\/2025\/09\/26\/el-ayuntamiento-abre-convocatoria-de-subvenciones-para-apoyar-a-deportistas-de-los-llanos-de-aridane\/\" \/>\n<meta property=\"og:locale\" content=\"es_ES\" \/>\n<meta property=\"og:type\" content=\"article\" \/>\n<meta property=\"og:title\" content=\"El Ayuntamiento abre convocatoria de subvenciones para apoyar a deportistas de Los Llanos de Aridane - Ayuntamiento de Los Llanos de Aridane\" \/>\n<meta property=\"og:description\" content=\"Las solicitudes podr\u00e1n presentarse desde el lunes, 29 de septiembre, hasta el viernes, 24 de octubre\" \/>\n<meta property=\"og:url\" content=\"https:\/\/www.aridane.org\/city\/2025\/09\/26\/el-ayuntamiento-abre-convocatoria-de-subvenciones-para-apoyar-a-deportistas-de-los-llanos-de-aridane\/\" \/>\n<meta property=\"og:site_name\" content=\"Ayuntamiento de Los Llanos de Aridane\" \/>\n<meta property=\"article:published_time\" content=\"2025-09-26T14:21:35+00:00\" \/>\n<meta property=\"article:modified_time\" content=\"2025-10-02T14:23:08+00:00\" \/>\n<meta property=\"og:image\" content=\"https:\/\/www.aridane.org\/city\/wp-content\/uploads\/2025\/10\/Javier-Llamas-y-Victor-Gonzalez.jpeg\" \/>\n\t<meta property=\"og:image:width\" content=\"1152\" \/>\n\t<meta property=\"og:image:height\" content=\"922\" \/>\n\t<meta property=\"og:image:type\" content=\"image\/jpeg\" \/>\n<meta name=\"author\" content=\"Corresponsal\" \/>\n<meta name=\"twitter:card\" content=\"summary_large_image\" \/>\n<meta name=\"twitter:label1\" content=\"Escrito por\" \/>\n\t<meta name=\"twitter:data1\" content=\"Corresponsal\" \/>\n\t<meta name=\"twitter:label2\" content=\"Tiempo de lectura\" \/>\n\t<meta name=\"twitter:data2\" content=\"2 minutos\" \/>\n<script type=\"application\/ld+json\" class=\"yoast-schema-graph\">{\"@context\":\"https:\/\/schema.org\",\"@graph\":[{\"@type\":\"WebPage\",\"@id\":\"https:\/\/www.aridane.org\/city\/2025\/09\/26\/el-ayuntamiento-abre-convocatoria-de-subvenciones-para-apoyar-a-deportistas-de-los-llanos-de-aridane\/\",\"url\":\"https:\/\/www.aridane.org\/city\/2025\/09\/26\/el-ayuntamiento-abre-convocatoria-de-subvenciones-para-apoyar-a-deportistas-de-los-llanos-de-aridane\/\",\"name\":\"El Ayuntamiento abre convocatoria de subvenciones para apoyar a deportistas de Los Llanos de Aridane - Ayuntamiento de Los Llanos de Aridane\",\"isPartOf\":{\"@id\":\"https:\/\/www.aridane.org\/city\/#website\"},\"primaryImageOfPage\":{\"@id\":\"https:\/\/www.aridane.org\/city\/2025\/09\/26\/el-ayuntamiento-abre-convocatoria-de-subvenciones-para-apoyar-a-deportistas-de-los-llanos-de-aridane\/#primaryimage\"},\"image\":{\"@id\":\"https:\/\/www.aridane.org\/city\/2025\/09\/26\/el-ayuntamiento-abre-convocatoria-de-subvenciones-para-apoyar-a-deportistas-de-los-llanos-de-aridane\/#primaryimage\"},\"thumbnailUrl\":\"https:\/\/www.aridane.org\/city\/wp-content\/uploads\/2025\/10\/Javier-Llamas-y-Victor-Gonzalez.jpeg\",\"datePublished\":\"2025-09-26T14:21:35+00:00\",\"dateModified\":\"2025-10-02T14:23:08+00:00\",\"author\":{\"@id\":\"https:\/\/www.aridane.org\/city\/#\/schema\/person\/89ebd376b223dc94cc1dbcf200c8e6da\"},\"breadcrumb\":{\"@id\":\"https:\/\/www.aridane.org\/city\/2025\/09\/26\/el-ayuntamiento-abre-convocatoria-de-subvenciones-para-apoyar-a-deportistas-de-los-llanos-de-aridane\/#breadcrumb\"},\"inLanguage\":\"es\",\"potentialAction\":[{\"@type\":\"ReadAction\",\"target\":[\"https:\/\/www.aridane.org\/city\/2025\/09\/26\/el-ayuntamiento-abre-convocatoria-de-subvenciones-para-apoyar-a-deportistas-de-los-llanos-de-aridane\/\"]}]},{\"@type\":\"ImageObject\",\"inLanguage\":\"es\",\"@id\":\"https:\/\/www.aridane.org\/city\/2025\/09\/26\/el-ayuntamiento-abre-convocatoria-de-subvenciones-para-apoyar-a-deportistas-de-los-llanos-de-aridane\/#primaryimage\",\"url\":\"https:\/\/www.aridane.org\/city\/wp-content\/uploads\/2025\/10\/Javier-Llamas-y-Victor-Gonzalez.jpeg\",\"contentUrl\":\"https:\/\/www.aridane.org\/city\/wp-content\/uploads\/2025\/10\/Javier-Llamas-y-Victor-Gonzalez.jpeg\",\"width\":1152,\"height\":922},{\"@type\":\"BreadcrumbList\",\"@id\":\"https:\/\/www.aridane.org\/city\/2025\/09\/26\/el-ayuntamiento-abre-convocatoria-de-subvenciones-para-apoyar-a-deportistas-de-los-llanos-de-aridane\/#breadcrumb\",\"itemListElement\":[{\"@type\":\"ListItem\",\"position\":1,\"name\":\"Portada\",\"item\":\"https:\/\/www.aridane.org\/city\/\"},{\"@type\":\"ListItem\",\"position\":2,\"name\":\"El Ayuntamiento abre convocatoria de subvenciones para apoyar a deportistas de Los Llanos de Aridane\"}]},{\"@type\":\"WebSite\",\"@id\":\"https:\/\/www.aridane.org\/city\/#website\",\"url\":\"https:\/\/www.aridane.org\/city\/\",\"name\":\"Ayuntamiento de Los Llanos de Aridane\",\"description\":\"\",\"potentialAction\":[{\"@type\":\"SearchAction\",\"target\":{\"@type\":\"EntryPoint\",\"urlTemplate\":\"https:\/\/www.aridane.org\/city\/?s={search_term_string}\"},\"query-input\":\"required name=search_term_string\"}],\"inLanguage\":\"es\"},{\"@type\":\"Person\",\"@id\":\"https:\/\/www.aridane.org\/city\/#\/schema\/person\/89ebd376b223dc94cc1dbcf200c8e6da\",\"name\":\"Corresponsal\",\"image\":{\"@type\":\"ImageObject\",\"inLanguage\":\"es\",\"@id\":\"https:\/\/www.aridane.org\/city\/#\/schema\/person\/image\/\",\"url\":\"https:\/\/secure.gravatar.com\/avatar\/1c476992411e4ccf153da63b2b2f5ea0bb4cb1c85f3ceab8512f04325ad5579c?s=96&d=mm&r=g\",\"contentUrl\":\"https:\/\/secure.gravatar.com\/avatar\/1c476992411e4ccf153da63b2b2f5ea0bb4cb1c85f3ceab8512f04325ad5579c?s=96&d=mm&r=g\",\"caption\":\"Corresponsal\"},\"url\":\"https:\/\/www.aridane.org\/city\/author\/corresponsal\/\"}]}<\/script>\n<!-- \/ Yoast SEO plugin. -->","yoast_head_json":{"title":"El Ayuntamiento abre convocatoria de subvenciones para apoyar a deportistas de Los Llanos de Aridane - Ayuntamiento de Los Llanos de Aridane","robots":{"index":"index","follow":"follow","max-snippet":"max-snippet:-1","max-image-preview":"max-image-preview:large","max-video-preview":"max-video-preview:-1"},"canonical":"https:\/\/www.aridane.org\/city\/2025\/09\/26\/el-ayuntamiento-abre-convocatoria-de-subvenciones-para-apoyar-a-deportistas-de-los-llanos-de-aridane\/","og_locale":"es_ES","og_type":"article","og_title":"El Ayuntamiento abre convocatoria de subvenciones para apoyar a deportistas de Los Llanos de Aridane - Ayuntamiento de Los Llanos de Aridane","og_description":"Las solicitudes podr\u00e1n presentarse desde el lunes, 29 de septiembre, hasta el viernes, 24 de octubre","og_url":"https:\/\/www.aridane.org\/city\/2025\/09\/26\/el-ayuntamiento-abre-convocatoria-de-subvenciones-para-apoyar-a-deportistas-de-los-llanos-de-aridane\/","og_site_name":"Ayuntamiento de Los Llanos de Aridane","article_published_time":"2025-09-26T14:21:35+00:00","article_modified_time":"2025-10-02T14:23:08+00:00","og_image":[{"width":1152,"height":922,"url":"https:\/\/www.aridane.org\/city\/wp-content\/uploads\/2025\/10\/Javier-Llamas-y-Victor-Gonzalez.jpeg","type":"image\/jpeg"}],"author":"Corresponsal","twitter_card":"summary_large_image","twitter_misc":{"Escrito por":"Corresponsal","Tiempo de lectura":"2 minutos"},"schema":{"@context":"https:\/\/schema.org","@graph":[{"@type":"WebPage","@id":"https:\/\/www.aridane.org\/city\/2025\/09\/26\/el-ayuntamiento-abre-convocatoria-de-subvenciones-para-apoyar-a-deportistas-de-los-llanos-de-aridane\/","url":"https:\/\/www.aridane.org\/city\/2025\/09\/26\/el-ayuntamiento-abre-convocatoria-de-subvenciones-para-apoyar-a-deportistas-de-los-llanos-de-aridane\/","name":"El Ayuntamiento abre convocatoria de subvenciones para apoyar a deportistas de Los Llanos de Aridane - Ayuntamiento de Los Llanos de Aridane","isPartOf":{"@id":"https:\/\/www.aridane.org\/city\/#website"},"primaryImageOfPage":{"@id":"https:\/\/www.aridane.org\/city\/2025\/09\/26\/el-ayuntamiento-abre-convocatoria-de-subvenciones-para-apoyar-a-deportistas-de-los-llanos-de-aridane\/#primaryimage"},"image":{"@id":"https:\/\/www.aridane.org\/city\/2025\/09\/26\/el-ayuntamiento-abre-convocatoria-de-subvenciones-para-apoyar-a-deportistas-de-los-llanos-de-aridane\/#primaryimage"},"thumbnailUrl":"https:\/\/www.aridane.org\/city\/wp-content\/uploads\/2025\/10\/Javier-Llamas-y-Victor-Gonzalez.jpeg","datePublished":"2025-09-26T14:21:35+00:00","dateModified":"2025-10-02T14:23:08+00:00","author":{"@id":"https:\/\/www.aridane.org\/city\/#\/schema\/person\/89ebd376b223dc94cc1dbcf200c8e6da"},"breadcrumb":{"@id":"https:\/\/www.aridane.org\/city\/2025\/09\/26\/el-ayuntamiento-abre-convocatoria-de-subvenciones-para-apoyar-a-deportistas-de-los-llanos-de-aridane\/#breadcrumb"},"inLanguage":"es","potentialAction":[{"@type":"ReadAction","target":["https:\/\/www.aridane.org\/city\/2025\/09\/26\/el-ayuntamiento-abre-convocatoria-de-subvenciones-para-apoyar-a-deportistas-de-los-llanos-de-aridane\/"]}]},{"@type":"ImageObject","inLanguage":"es","@id":"https:\/\/www.aridane.org\/city\/2025\/09\/26\/el-ayuntamiento-abre-convocatoria-de-subvenciones-para-apoyar-a-deportistas-de-los-llanos-de-aridane\/#primaryimage","url":"https:\/\/www.aridane.org\/city\/wp-content\/uploads\/2025\/10\/Javier-Llamas-y-Victor-Gonzalez.jpeg","contentUrl":"https:\/\/www.aridane.org\/city\/wp-content\/uploads\/2025\/10\/Javier-Llamas-y-Victor-Gonzalez.jpeg","width":1152,"height":922},{"@type":"BreadcrumbList","@id":"https:\/\/www.aridane.org\/city\/2025\/09\/26\/el-ayuntamiento-abre-convocatoria-de-subvenciones-para-apoyar-a-deportistas-de-los-llanos-de-aridane\/#breadcrumb","itemListElement":[{"@type":"ListItem","position":1,"name":"Portada","item":"https:\/\/www.aridane.org\/city\/"},{"@type":"ListItem","position":2,"name":"El Ayuntamiento abre convocatoria de subvenciones para apoyar a deportistas de Los Llanos de Aridane"}]},{"@type":"WebSite","@id":"https:\/\/www.aridane.org\/city\/#website","url":"https:\/\/www.aridane.org\/city\/","name":"Ayuntamiento de Los Llanos de Aridane","description":"","potentialAction":[{"@type":"SearchAction","target":{"@type":"EntryPoint","urlTemplate":"https:\/\/www.aridane.org\/city\/?s={search_term_string}"},"query-input":"required name=search_term_string"}],"inLanguage":"es"},{"@type":"Person","@id":"https:\/\/www.aridane.org\/city\/#\/schema\/person\/89ebd376b223dc94cc1dbcf200c8e6da","name":"Corresponsal","image":{"@type":"ImageObject","inLanguage":"es","@id":"https:\/\/www.aridane.org\/city\/#\/schema\/person\/image\/","url":"https:\/\/secure.gravatar.com\/avatar\/1c476992411e4ccf153da63b2b2f5ea0bb4cb1c85f3ceab8512f04325ad5579c?s=96&d=mm&r=g","contentUrl":"https:\/\/secure.gravatar.com\/avatar\/1c476992411e4ccf153da63b2b2f5ea0bb4cb1c85f3ceab8512f04325ad5579c?s=96&d=mm&r=g","caption":"Corresponsal"},"url":"https:\/\/www.aridane.org\/city\/author\/corresponsal\/"}]}},"_links":{"self":[{"href":"https:\/\/www.aridane.org\/city\/wp-json\/wp\/v2\/posts\/4765","targetHints":{"allow":["GET"]}}],"collection":[{"href":"https:\/\/www.aridane.org\/city\/wp-json\/wp\/v2\/posts"}],"about":[{"href":"https:\/\/www.aridane.org\/city\/wp-json\/wp\/v2\/types\/post"}],"author":[{"embeddable":true,"href":"https:\/\/www.aridane.org\/city\/wp-json\/wp\/v2\/users\/4"}],"replies":[{"embeddable":true,"href":"https:\/\/www.aridane.org\/city\/wp-json\/wp\/v2\/comments?post=4765"}],"version-history":[{"count":1,"href":"https:\/\/www.aridane.org\/city\/wp-json\/wp\/v2\/posts\/4765\/revisions"}],"predecessor-version":[{"id":4767,"href":"https:\/\/www.aridane.org\/city\/wp-json\/wp\/v2\/posts\/4765\/revisions\/4767"}],"wp:featuredmedia":[{"embeddable":true,"href":"https:\/\/www.aridane.org\/city\/wp-json\/wp\/v2\/media\/4766"}],"wp:attachment":[{"href":"https:\/\/www.aridane.org\/city\/wp-json\/wp\/v2\/media?parent=4765"}],"wp:term":[{"taxonomy":"category","embeddable":true,"href":"https:\/\/www.aridane.org\/city\/wp-json\/wp\/v2\/categories?post=4765"},{"taxonomy":"post_tag","embeddable":true,"href":"https:\/\/www.aridane.org\/city\/wp-json\/wp\/v2\/tags?post=4765"}],"curies":[{"name":"wp","href":"https:\/\/api.w.org\/{rel}","templated":true}]}}